{"id":3674,"date":"2016-11-08T00:08:07","date_gmt":"2016-11-08T05:08:07","guid":{"rendered":"http:\/\/www.dev.nitu.mx\/?p=3674"},"modified":"2016-11-08T00:54:46","modified_gmt":"2016-11-08T05:54:46","slug":"volaris-incremento-en-octubre-y-acumulados-del-ano-2016-un-16-8","status":"publish","type":"post","link":"https:\/\/nitu.mx\/index.php\/2016\/11\/08\/volaris-incremento-en-octubre-y-acumulados-del-ano-2016-un-16-8\/","title":{"rendered":"Volaris increment\u00f3 en octubre y acumulados del a\u00f1o 2016 un 16.8 por ciento"},"content":{"rendered":"<p><span style=\"color: #000000; font-family: Calibri;\">Durante octubre de 2016, Volaris increment\u00f3 su capacidad total medida, en t\u00e9rminos de asientos-milla disponibles (ASMs por sus siglas en ingl\u00e9s) \u00a0un 16.8 por ciento, comparado con el mismo periodo del a\u00f1o anterior, debido a la fuerte demanda en los mercados nacionales e internacionales, revela la empresa. <\/span><\/p>\n<p><span style=\"color: #000000; font-family: Calibri;\">La demanda total en octubre de 2016, medida en pasajeros-milla reservados (RPMs por sus siglas en ingl\u00e9s), aument\u00f3 21.8\u00a0por ciento, comparado contra el mismo periodo del a\u00f1o anterior, alcanzando mil 134 millones. <\/span><\/p>\n<p><span style=\"color: #000000; font-family: Calibri;\">Volaris transport\u00f3 un total de 1.2 millones de pasajeros durante octubre, un incremento de 23.6 por ciento comparado contra el mismo per\u00edodo de 2015. Durante los primeros diez meses del a\u00f1o, la l\u00ednea a\u00e9rea ha transportado m\u00e1s de 12.2 millones de pasajeros, lo que representa un incremento de 26.2 por ciento, respecto\u00a0el mismo periodo del a\u00f1o anterior. <\/span><\/p>\n<p><span style=\"color: #000000; font-family: Calibri;\">En octubre de 2016, la aerol\u00ednea increment\u00f3 los ASMs nacionales e internacionales en 17.2 y 16.1 por ciento, respectivamente. El factor de ocupaci\u00f3n para octubre alcanz\u00f3 83.4 por ciento, un incremento de 3.3 puntos porcentuales comparados contra el mismo periodo de 2015.<\/span><\/p>\n<p><span style=\"color: #000000; font-family: Calibri;\">Durante octubre 2016, Volaris lanz\u00f3 una ruta internacional (Ciudad de M\u00e9xico \u2013 San Francisco), adem\u00e1s anunci\u00f3 el lanzamiento de cuatro rutas m\u00e1s a los Estados Unidos, que iniciar\u00e1n operaciones en febrero pr\u00f3ximo, como lo dimos a conocer en <em><strong>NITU.mx\u00a0<\/strong><\/em><\/span>(<a href=\"http:\/\/www.dev.nitu.mx\/index.php\/2016\/10\/12\/a-partir-de-febrero-volaris-tendra-nuevas-rutas-hacia-eu-a-99-dolares\/\" target=\"_blank\">A partir de febrero Volaris tendr\u00e1 nuevas rutas hacia EU a 99 d\u00f3lares<\/a>)<\/p>\n","protected":false},"excerpt":{"rendered":"<p>Durante octubre de 2016, Volaris increment\u00f3 su capacidad total medida, en t\u00e9rminos de asientos-milla disponibles (ASMs por sus siglas en ingl\u00e9s) \u00a0un 16.8 por ciento, comparado con el mismo periodo del a\u00f1o anterior, debido a la fuerte demanda en los mercados nacionales e internacionales, revela la empresa. La demanda total en octubre de 2016, medida [&hellip;]<\/p>\n","protected":false},"author":17,"featured_media":3711,"comment_status":"open","ping_status":"open","sticky":false,"template":"","format":"standard","meta":{"footnotes":""},"categories":[29,6],"tags":[125,1524,131],"yoast_head":"<!-- This site is optimized with the Yoast SEO plugin v22.2 - https:\/\/yoast.com\/wordpress\/plugins\/seo\/ -->\n<title>Volaris increment\u00f3 en octubre y acumulados del a\u00f1o 2016 un 16.8 por ciento - Nitu - Noticias de la Industria Turistica<\/title>\n<meta name=\"description\" content=\"Volaris increment\u00f3 su capacidad total medida, en t\u00e9rminos de asientos-milla disponibles (ASMs por sus siglas en ingl\u00e9s) un 16.8 por ciento.\" \/>\n<meta name=\"robots\" content=\"index, follow, max-snippet:-1, max-image-preview:large, max-video-preview:-1\" \/>\n<link rel=\"canonical\" href=\"https:\/\/nitu.mx\/index.php\/2016\/11\/08\/volaris-incremento-en-octubre-y-acumulados-del-ano-2016-un-16-8\/\" \/>\n<meta name=\"twitter:card\" content=\"summary_large_image\" \/>\n<meta name=\"twitter:title\" content=\"Volaris increment\u00f3 en octubre y acumulados del a\u00f1o 2016 un 16.8 por ciento - Nitu - Noticias de la Industria Turistica\" \/>\n<meta name=\"twitter:description\" content=\"Volaris increment\u00f3 su capacidad total medida, en t\u00e9rminos de asientos-milla disponibles (ASMs por sus siglas en ingl\u00e9s) un 16.8 por ciento.\" \/>\n<meta name=\"twitter:image\" content=\"https:\/\/nitu.mx\/wp-content\/uploads\/2016\/11\/VOLARIS-CRECIMIENTO.png\" \/>\n<meta name=\"twitter:creator\" content=\"@NITUmx\" \/>\n<meta name=\"twitter:site\" content=\"@Arturo_Medina_G\" \/>\n<meta name=\"twitter:label1\" content=\"Escrito por\" \/>\n\t<meta name=\"twitter:data1\" content=\"Redacci\u00f3n\" \/>\n\t<meta name=\"twitter:label2\" content=\"Tiempo de lectura\" \/>\n\t<meta name=\"twitter:data2\" content=\"1 minuto\" \/>\n<script type=\"application\/ld+json\" class=\"yoast-schema-graph\">{\"@context\":\"https:\/\/schema.org\",\"@graph\":[{\"@type\":\"Article\",\"@id\":\"https:\/\/nitu.mx\/index.php\/2016\/11\/08\/volaris-incremento-en-octubre-y-acumulados-del-ano-2016-un-16-8\/#article\",\"isPartOf\":{\"@id\":\"https:\/\/nitu.mx\/index.php\/2016\/11\/08\/volaris-incremento-en-octubre-y-acumulados-del-ano-2016-un-16-8\/\"},\"author\":{\"name\":\"Redacci\u00f3n\",\"@id\":\"https:\/\/nitu.mx\/#\/schema\/person\/4a28fe9bd65924f7c90623773daf1b0b\"},\"headline\":\"Volaris increment\u00f3 en octubre y acumulados del a\u00f1o 2016 un 16.8 por ciento\",\"datePublished\":\"2016-11-08T05:08:07+00:00\",\"dateModified\":\"2016-11-08T05:54:46+00:00\",\"mainEntityOfPage\":{\"@id\":\"https:\/\/nitu.mx\/index.php\/2016\/11\/08\/volaris-incremento-en-octubre-y-acumulados-del-ano-2016-un-16-8\/\"},\"wordCount\":245,\"commentCount\":0,\"publisher\":{\"@id\":\"https:\/\/nitu.mx\/#\/schema\/person\/ae7a53426417292d3dd07b45a33e01bc\"},\"image\":{\"@id\":\"https:\/\/nitu.mx\/index.php\/2016\/11\/08\/volaris-incremento-en-octubre-y-acumulados-del-ano-2016-un-16-8\/#primaryimage\"},\"thumbnailUrl\":\"https:\/\/nitu.mx\/wp-content\/uploads\/2016\/11\/VOLARIS-CRECIMIENTO.png\",\"keywords\":[\"Ciudad de M\u00e9xico\",\"San Francisco\",\"Volaris\"],\"articleSection\":[\"Aerol\u00edneas\",\"M\u00e9xico\"],\"inLanguage\":\"es-MX\",\"potentialAction\":[{\"@type\":\"CommentAction\",\"name\":\"Comment\",\"target\":[\"https:\/\/nitu.mx\/index.php\/2016\/11\/08\/volaris-incremento-en-octubre-y-acumulados-del-ano-2016-un-16-8\/#respond\"]}]},{\"@type\":\"WebPage\",\"@id\":\"https:\/\/nitu.mx\/index.php\/2016\/11\/08\/volaris-incremento-en-octubre-y-acumulados-del-ano-2016-un-16-8\/\",\"url\":\"https:\/\/nitu.mx\/index.php\/2016\/11\/08\/volaris-incremento-en-octubre-y-acumulados-del-ano-2016-un-16-8\/\",\"name\":\"Volaris increment\u00f3 en octubre y acumulados del a\u00f1o 2016 un 16.8 por ciento - Nitu - Noticias de la Industria Turistica\",\"isPartOf\":{\"@id\":\"https:\/\/nitu.mx\/#website\"},\"primaryImageOfPage\":{\"@id\":\"https:\/\/nitu.mx\/index.php\/2016\/11\/08\/volaris-incremento-en-octubre-y-acumulados-del-ano-2016-un-16-8\/#primaryimage\"},\"image\":{\"@id\":\"https:\/\/nitu.mx\/index.php\/2016\/11\/08\/volaris-incremento-en-octubre-y-acumulados-del-ano-2016-un-16-8\/#primaryimage\"},\"thumbnailUrl\":\"https:\/\/nitu.mx\/wp-content\/uploads\/2016\/11\/VOLARIS-CRECIMIENTO.png\",\"datePublished\":\"2016-11-08T05:08:07+00:00\",\"dateModified\":\"2016-11-08T05:54:46+00:00\",\"description\":\"Volaris increment\u00f3 su capacidad total medida, en t\u00e9rminos de asientos-milla disponibles (ASMs por sus siglas en ingl\u00e9s) un 16.8 por ciento.\",\"breadcrumb\":{\"@id\":\"https:\/\/nitu.mx\/index.php\/2016\/11\/08\/volaris-incremento-en-octubre-y-acumulados-del-ano-2016-un-16-8\/#breadcrumb\"},\"inLanguage\":\"es-MX\",\"potentialAction\":[{\"@type\":\"ReadAction\",\"target\":[\"https:\/\/nitu.mx\/index.php\/2016\/11\/08\/volaris-incremento-en-octubre-y-acumulados-del-ano-2016-un-16-8\/\"]}]},{\"@type\":\"ImageObject\",\"inLanguage\":\"es-MX\",\"@id\":\"https:\/\/nitu.mx\/index.php\/2016\/11\/08\/volaris-incremento-en-octubre-y-acumulados-del-ano-2016-un-16-8\/#primaryimage\",\"url\":\"https:\/\/nitu.mx\/wp-content\/uploads\/2016\/11\/VOLARIS-CRECIMIENTO.png\",\"contentUrl\":\"https:\/\/nitu.mx\/wp-content\/uploads\/2016\/11\/VOLARIS-CRECIMIENTO.png\",\"width\":972,\"height\":599,\"caption\":\"volaris crecimiento\"},{\"@type\":\"BreadcrumbList\",\"@id\":\"https:\/\/nitu.mx\/index.php\/2016\/11\/08\/volaris-incremento-en-octubre-y-acumulados-del-ano-2016-un-16-8\/#breadcrumb\",\"itemListElement\":[{\"@type\":\"ListItem\",\"position\":1,\"name\":\"Inicio\",\"item\":\"https:\/\/nitu.mx\/\"},{\"@type\":\"ListItem\",\"position\":2,\"name\":\"Volaris increment\u00f3 en octubre y acumulados del a\u00f1o 2016 un 16.8 por ciento\"}]},{\"@type\":\"WebSite\",\"@id\":\"https:\/\/nitu.mx\/#website\",\"url\":\"https:\/\/nitu.mx\/\",\"name\":\"Nitu - Noticias de la Industria Turistica\",\"description\":\"Noticias de la Industria Turistica\",\"publisher\":{\"@id\":\"https:\/\/nitu.mx\/#\/schema\/person\/ae7a53426417292d3dd07b45a33e01bc\"},\"alternateName\":\"Noticias de la Industria Turistica\",\"potentialAction\":[{\"@type\":\"SearchAction\",\"target\":{\"@type\":\"EntryPoint\",\"urlTemplate\":\"https:\/\/nitu.mx\/?s={search_term_string}\"},\"query-input\":\"required name=search_term_string\"}],\"inLanguage\":\"es-MX\"},{\"@type\":[\"Person\",\"Organization\"],\"@id\":\"https:\/\/nitu.mx\/#\/schema\/person\/ae7a53426417292d3dd07b45a33e01bc\",\"name\":\"Arturo Medina\",\"image\":{\"@type\":\"ImageObject\",\"inLanguage\":\"es-MX\",\"@id\":\"https:\/\/nitu.mx\/#\/schema\/person\/image\/\",\"url\":\"https:\/\/nitu.mx\/wp-content\/uploads\/2024\/04\/4A315622-1904-4D5C-B022-878CDC840E04-90x90-1.jpeg\",\"contentUrl\":\"https:\/\/nitu.mx\/wp-content\/uploads\/2024\/04\/4A315622-1904-4D5C-B022-878CDC840E04-90x90-1.jpeg\",\"width\":90,\"height\":90,\"caption\":\"Arturo Medina\"},\"logo\":{\"@id\":\"https:\/\/nitu.mx\/#\/schema\/person\/image\/\"},\"description\":\"Director NITU.mx, Egresado de la Escuela de Periodismo Carlos Septi\u00e9n Garc\u00eda. Periodista y analista especializado en turismo desde hace 35 a\u00f1os, radicado en Canc\u00fan Q.Roo. arturo@nitu.mx\",\"sameAs\":[\"https:\/\/nitu.mx\",\"https:\/\/www.facebook.com\/NITUmx\/\",\"medinacancun\",\"https:\/\/twitter.com\/@Arturo_Medina_G\"]},{\"@type\":\"Person\",\"@id\":\"https:\/\/nitu.mx\/#\/schema\/person\/4a28fe9bd65924f7c90623773daf1b0b\",\"name\":\"Redacci\u00f3n\",\"image\":{\"@type\":\"ImageObject\",\"inLanguage\":\"es-MX\",\"@id\":\"https:\/\/nitu.mx\/#\/schema\/person\/image\/\",\"url\":\"https:\/\/secure.gravatar.com\/avatar\/5dd011c8ccfc5cd7e4c81e42252aab38?s=96&d=mm&r=g\",\"contentUrl\":\"https:\/\/secure.gravatar.com\/avatar\/5dd011c8ccfc5cd7e4c81e42252aab38?s=96&d=mm&r=g\",\"caption\":\"Redacci\u00f3n\"},\"url\":\"https:\/\/nitu.mx\/index.php\/author\/redaccion\/\"}]}<\/script>\n<!-- \/ Yoast SEO plugin. -->","yoast_head_json":{"title":"Volaris increment\u00f3 en octubre y acumulados del a\u00f1o 2016 un 16.8 por ciento - Nitu - Noticias de la Industria Turistica","description":"Volaris increment\u00f3 su capacidad total medida, en t\u00e9rminos de asientos-milla disponibles (ASMs por sus siglas en ingl\u00e9s) un 16.8 por ciento.","robots":{"index":"index","follow":"follow","max-snippet":"max-snippet:-1","max-image-preview":"max-image-preview:large","max-video-preview":"max-video-preview:-1"},"canonical":"https:\/\/nitu.mx\/index.php\/2016\/11\/08\/volaris-incremento-en-octubre-y-acumulados-del-ano-2016-un-16-8\/","twitter_card":"summary_large_image","twitter_title":"Volaris increment\u00f3 en octubre y acumulados del a\u00f1o 2016 un 16.8 por ciento - Nitu - Noticias de la Industria Turistica","twitter_description":"Volaris increment\u00f3 su capacidad total medida, en t\u00e9rminos de asientos-milla disponibles (ASMs por sus siglas en ingl\u00e9s) un 16.8 por ciento.","twitter_image":"https:\/\/nitu.mx\/wp-content\/uploads\/2016\/11\/VOLARIS-CRECIMIENTO.png","twitter_creator":"@NITUmx","twitter_site":"@Arturo_Medina_G","twitter_misc":{"Escrito por":"Redacci\u00f3n","Tiempo de lectura":"1 minuto"},"schema":{"@context":"https:\/\/schema.org","@graph":[{"@type":"Article","@id":"https:\/\/nitu.mx\/index.php\/2016\/11\/08\/volaris-incremento-en-octubre-y-acumulados-del-ano-2016-un-16-8\/#article","isPartOf":{"@id":"https:\/\/nitu.mx\/index.php\/2016\/11\/08\/volaris-incremento-en-octubre-y-acumulados-del-ano-2016-un-16-8\/"},"author":{"name":"Redacci\u00f3n","@id":"https:\/\/nitu.mx\/#\/schema\/person\/4a28fe9bd65924f7c90623773daf1b0b"},"headline":"Volaris increment\u00f3 en octubre y acumulados del a\u00f1o 2016 un 16.8 por ciento","datePublished":"2016-11-08T05:08:07+00:00","dateModified":"2016-11-08T05:54:46+00:00","mainEntityOfPage":{"@id":"https:\/\/nitu.mx\/index.php\/2016\/11\/08\/volaris-incremento-en-octubre-y-acumulados-del-ano-2016-un-16-8\/"},"wordCount":245,"commentCount":0,"publisher":{"@id":"https:\/\/nitu.mx\/#\/schema\/person\/ae7a53426417292d3dd07b45a33e01bc"},"image":{"@id":"https:\/\/nitu.mx\/index.php\/2016\/11\/08\/volaris-incremento-en-octubre-y-acumulados-del-ano-2016-un-16-8\/#primaryimage"},"thumbnailUrl":"https:\/\/nitu.mx\/wp-content\/uploads\/2016\/11\/VOLARIS-CRECIMIENTO.png","keywords":["Ciudad de M\u00e9xico","San Francisco","Volaris"],"articleSection":["Aerol\u00edneas","M\u00e9xico"],"inLanguage":"es-MX","potentialAction":[{"@type":"CommentAction","name":"Comment","target":["https:\/\/nitu.mx\/index.php\/2016\/11\/08\/volaris-incremento-en-octubre-y-acumulados-del-ano-2016-un-16-8\/#respond"]}]},{"@type":"WebPage","@id":"https:\/\/nitu.mx\/index.php\/2016\/11\/08\/volaris-incremento-en-octubre-y-acumulados-del-ano-2016-un-16-8\/","url":"https:\/\/nitu.mx\/index.php\/2016\/11\/08\/volaris-incremento-en-octubre-y-acumulados-del-ano-2016-un-16-8\/","name":"Volaris increment\u00f3 en octubre y acumulados del a\u00f1o 2016 un 16.8 por ciento - Nitu - Noticias de la Industria Turistica","isPartOf":{"@id":"https:\/\/nitu.mx\/#website"},"primaryImageOfPage":{"@id":"https:\/\/nitu.mx\/index.php\/2016\/11\/08\/volaris-incremento-en-octubre-y-acumulados-del-ano-2016-un-16-8\/#primaryimage"},"image":{"@id":"https:\/\/nitu.mx\/index.php\/2016\/11\/08\/volaris-incremento-en-octubre-y-acumulados-del-ano-2016-un-16-8\/#primaryimage"},"thumbnailUrl":"https:\/\/nitu.mx\/wp-content\/uploads\/2016\/11\/VOLARIS-CRECIMIENTO.png","datePublished":"2016-11-08T05:08:07+00:00","dateModified":"2016-11-08T05:54:46+00:00","description":"Volaris increment\u00f3 su capacidad total medida, en t\u00e9rminos de asientos-milla disponibles (ASMs por sus siglas en ingl\u00e9s) un 16.8 por ciento.","breadcrumb":{"@id":"https:\/\/nitu.mx\/index.php\/2016\/11\/08\/volaris-incremento-en-octubre-y-acumulados-del-ano-2016-un-16-8\/#breadcrumb"},"inLanguage":"es-MX","potentialAction":[{"@type":"ReadAction","target":["https:\/\/nitu.mx\/index.php\/2016\/11\/08\/volaris-incremento-en-octubre-y-acumulados-del-ano-2016-un-16-8\/"]}]},{"@type":"ImageObject","inLanguage":"es-MX","@id":"https:\/\/nitu.mx\/index.php\/2016\/11\/08\/volaris-incremento-en-octubre-y-acumulados-del-ano-2016-un-16-8\/#primaryimage","url":"https:\/\/nitu.mx\/wp-content\/uploads\/2016\/11\/VOLARIS-CRECIMIENTO.png","contentUrl":"https:\/\/nitu.mx\/wp-content\/uploads\/2016\/11\/VOLARIS-CRECIMIENTO.png","width":972,"height":599,"caption":"volaris crecimiento"},{"@type":"BreadcrumbList","@id":"https:\/\/nitu.mx\/index.php\/2016\/11\/08\/volaris-incremento-en-octubre-y-acumulados-del-ano-2016-un-16-8\/#breadcrumb","itemListElement":[{"@type":"ListItem","position":1,"name":"Inicio","item":"https:\/\/nitu.mx\/"},{"@type":"ListItem","position":2,"name":"Volaris increment\u00f3 en octubre y acumulados del a\u00f1o 2016 un 16.8 por ciento"}]},{"@type":"WebSite","@id":"https:\/\/nitu.mx\/#website","url":"https:\/\/nitu.mx\/","name":"Nitu - Noticias de la Industria Turistica","description":"Noticias de la Industria Turistica","publisher":{"@id":"https:\/\/nitu.mx\/#\/schema\/person\/ae7a53426417292d3dd07b45a33e01bc"},"alternateName":"Noticias de la Industria Turistica","potentialAction":[{"@type":"SearchAction","target":{"@type":"EntryPoint","urlTemplate":"https:\/\/nitu.mx\/?s={search_term_string}"},"query-input":"required name=search_term_string"}],"inLanguage":"es-MX"},{"@type":["Person","Organization"],"@id":"https:\/\/nitu.mx\/#\/schema\/person\/ae7a53426417292d3dd07b45a33e01bc","name":"Arturo Medina","image":{"@type":"ImageObject","inLanguage":"es-MX","@id":"https:\/\/nitu.mx\/#\/schema\/person\/image\/","url":"https:\/\/nitu.mx\/wp-content\/uploads\/2024\/04\/4A315622-1904-4D5C-B022-878CDC840E04-90x90-1.jpeg","contentUrl":"https:\/\/nitu.mx\/wp-content\/uploads\/2024\/04\/4A315622-1904-4D5C-B022-878CDC840E04-90x90-1.jpeg","width":90,"height":90,"caption":"Arturo Medina"},"logo":{"@id":"https:\/\/nitu.mx\/#\/schema\/person\/image\/"},"description":"Director NITU.mx, Egresado de la Escuela de Periodismo Carlos Septi\u00e9n Garc\u00eda. Periodista y analista especializado en turismo desde hace 35 a\u00f1os, radicado en Canc\u00fan Q.Roo. arturo@nitu.mx","sameAs":["https:\/\/nitu.mx","https:\/\/www.facebook.com\/NITUmx\/","medinacancun","https:\/\/twitter.com\/@Arturo_Medina_G"]},{"@type":"Person","@id":"https:\/\/nitu.mx\/#\/schema\/person\/4a28fe9bd65924f7c90623773daf1b0b","name":"Redacci\u00f3n","image":{"@type":"ImageObject","inLanguage":"es-MX","@id":"https:\/\/nitu.mx\/#\/schema\/person\/image\/","url":"https:\/\/secure.gravatar.com\/avatar\/5dd011c8ccfc5cd7e4c81e42252aab38?s=96&d=mm&r=g","contentUrl":"https:\/\/secure.gravatar.com\/avatar\/5dd011c8ccfc5cd7e4c81e42252aab38?s=96&d=mm&r=g","caption":"Redacci\u00f3n"},"url":"https:\/\/nitu.mx\/index.php\/author\/redaccion\/"}]}},"views":454,"_links":{"self":[{"href":"https:\/\/nitu.mx\/index.php\/wp-json\/wp\/v2\/posts\/3674"}],"collection":[{"href":"https:\/\/nitu.mx\/index.php\/wp-json\/wp\/v2\/posts"}],"about":[{"href":"https:\/\/nitu.mx\/index.php\/wp-json\/wp\/v2\/types\/post"}],"author":[{"embeddable":true,"href":"https:\/\/nitu.mx\/index.php\/wp-json\/wp\/v2\/users\/17"}],"replies":[{"embeddable":true,"href":"https:\/\/nitu.mx\/index.php\/wp-json\/wp\/v2\/comments?post=3674"}],"version-history":[{"count":3,"href":"https:\/\/nitu.mx\/index.php\/wp-json\/wp\/v2\/posts\/3674\/revisions"}],"predecessor-version":[{"id":3691,"href":"https:\/\/nitu.mx\/index.php\/wp-json\/wp\/v2\/posts\/3674\/revisions\/3691"}],"wp:featuredmedia":[{"embeddable":true,"href":"https:\/\/nitu.mx\/index.php\/wp-json\/wp\/v2\/media\/3711"}],"wp:attachment":[{"href":"https:\/\/nitu.mx\/index.php\/wp-json\/wp\/v2\/media?parent=3674"}],"wp:term":[{"taxonomy":"category","embeddable":true,"href":"https:\/\/nitu.mx\/index.php\/wp-json\/wp\/v2\/categories?post=3674"},{"taxonomy":"post_tag","embeddable":true,"href":"https:\/\/nitu.mx\/index.php\/wp-json\/wp\/v2\/tags?post=3674"}],"curies":[{"name":"wp","href":"https:\/\/api.w.org\/{rel}","templated":true}]}}