{"id":36628,"date":"2019-10-17T23:07:28","date_gmt":"2019-10-18T04:07:28","guid":{"rendered":"https:\/\/www.dev.nitu.mx\/?p=36628"},"modified":"2019-10-18T00:36:04","modified_gmt":"2019-10-18T05:36:04","slug":"viva-aerobus-se-viste-de-rosa","status":"publish","type":"post","link":"https:\/\/nitu.mx\/index.php\/2019\/10\/17\/viva-aerobus-se-viste-de-rosa\/","title":{"rendered":"Viva Aerobus se viste de rosa"},"content":{"rendered":"<p>&nbsp;<\/p>\n<p>Para conmemorar el D\u00eda Internacional de la Lucha contra el C\u00e1ncer de Mama, Viva Aerobus, lanz\u00f3 una campa\u00f1a de sensibilizaci\u00f3n a trav\u00e9s de acciones que generan un impacto visual, con el fin de concientizar a la sociedad y crear una cultura de prevenci\u00f3n sobre esta enfermedad.<\/p>\n<p>\u201cRevestimos las alas de uno de nuestros Airbus A320 de color rosa, convirtiendo a este avi\u00f3n con matr\u00edcula XA-VAK en un embajador de la lucha contra el c\u00e1ncer de mama. A lo largo de octubre, esta aeronave habr\u00e1 recorrido m\u00e1s de 225 mil kms, en m\u00e1s de 200 vuelos, visitando destinos nacionales e incluso internacionales como Las Vegas, Nueva York, Los \u00c1ngeles y Houston, transmite la importancia de realizar los estudios necesarios para detectar a tiempo este padecimiento\u201d, destac\u00f3 en la presentaci\u00f3n del avi\u00f3n, Juan Carlos Zuazua, director general de Viva Aerobus.<\/p>\n<p>Durante todo este mes, todos los pilotos y sobrecargos portar\u00e1n respectivamente en su uniforme charreteras (hombreras), mascadas y corbatas en color rosa. Elementos que fueron donados por el proveedor de uniformes de Viva Aerobus, Grupo La Naval. El recordatorio visual con estas acciones tendr\u00e1 un impacto visual en alrededor de 1 mill\u00f3n de pasajeros que viajan al mes en Viva en uno de sus 36 aviones.<\/p>\n<p>Las tripulaciones de Viva Aerobus tambi\u00e9n compartir\u00e1n con los pasajeros un mensaje, durante el vuelo, para invitar a las mujeres a realizarse la auto exploraci\u00f3n y acudir peri\u00f3dicamente al su m\u00e9dico. La aerol\u00ednea estar\u00e1 regalando tambi\u00e9n botones conmemorativos con el caracter\u00edstico lazo rosa en vuelos a realizarse el pr\u00f3ximo 19 de octubre.<\/p>\n<p>A estos esfuerzos se suma la difusi\u00f3n de informaci\u00f3n, videos y art\u00edculos sobre el c\u00e1ncer de mama a trav\u00e9s de los canales de comunicaci\u00f3n de Viva Aerobus como su revista a bordo \u2018En Viva\u2019 y sus redes sociales.\u00a0<a title=\"Viva Aerobus pone a disposici\u00f3n 5 rutas de temporada desde y hacia Chicago\" href=\"https:\/\/www.dev.nitu.mx\/index.php\/2019\/10\/10\/viva-aerobus-pone-a-disposicion-5-rutas-de-temporada-desde-y-hacia-chicago\/\" rel=\"bookmark\">(Viva Aerobus pone a disposici\u00f3n 5 rutas de temporada desde y hacia Chicago<\/a>).<\/p>\n","protected":false},"excerpt":{"rendered":"<p>&nbsp; Para conmemorar el D\u00eda Internacional de la Lucha contra el C\u00e1ncer de Mama, Viva Aerobus, lanz\u00f3 una campa\u00f1a de sensibilizaci\u00f3n a trav\u00e9s de acciones que generan un impacto visual, con el fin de concientizar a la sociedad y crear una cultura de prevenci\u00f3n sobre esta enfermedad. \u201cRevestimos las alas de uno de nuestros Airbus [&hellip;]<\/p>\n","protected":false},"author":17,"featured_media":36647,"comment_status":"open","ping_status":"open","sticky":false,"template":"","format":"standard","meta":{"footnotes":""},"categories":[29],"tags":[1327,17704,295,17705,2102],"yoast_head":"<!-- This site is optimized with the Yoast SEO plugin v22.2 - https:\/\/yoast.com\/wordpress\/plugins\/seo\/ -->\n<title>Viva Aerobus se viste de rosa - Nitu - Noticias de la Industria Turistica<\/title>\n<meta name=\"description\" content=\"Para conmemorar el D\u00eda Internacional de la Lucha contra el C\u00e1ncer de Mama, Viva Aerobus, lanz\u00f3 una campa\u00f1a de sensibilizaci\u00f3n.\" \/>\n<meta name=\"robots\" content=\"index, follow, max-snippet:-1, max-image-preview:large, max-video-preview:-1\" \/>\n<link rel=\"canonical\" href=\"https:\/\/nitu.mx\/index.php\/2019\/10\/17\/viva-aerobus-se-viste-de-rosa\/\" \/>\n<meta name=\"twitter:card\" content=\"summary_large_image\" \/>\n<meta name=\"twitter:title\" content=\"Viva Aerobus se viste de rosa - Nitu - Noticias de la Industria Turistica\" \/>\n<meta name=\"twitter:description\" content=\"Para conmemorar el D\u00eda Internacional de la Lucha contra el C\u00e1ncer de Mama, Viva Aerobus, lanz\u00f3 una campa\u00f1a de sensibilizaci\u00f3n.\" \/>\n<meta name=\"twitter:image\" content=\"https:\/\/nitu.mx\/wp-content\/uploads\/2019\/10\/Viva-Aerobus-contra-el-ca\u0301ncer-de-mama-2.jpg\" \/>\n<meta name=\"twitter:creator\" content=\"@NITUmx\" \/>\n<meta name=\"twitter:site\" content=\"@Arturo_Medina_G\" \/>\n<meta name=\"twitter:label1\" content=\"Escrito por\" \/>\n\t<meta name=\"twitter:data1\" content=\"Redacci\u00f3n\" \/>\n\t<meta name=\"twitter:label2\" content=\"Tiempo de lectura\" \/>\n\t<meta name=\"twitter:data2\" content=\"2 minutos\" \/>\n<script type=\"application\/ld+json\" class=\"yoast-schema-graph\">{\"@context\":\"https:\/\/schema.org\",\"@graph\":[{\"@type\":\"Article\",\"@id\":\"https:\/\/nitu.mx\/index.php\/2019\/10\/17\/viva-aerobus-se-viste-de-rosa\/#article\",\"isPartOf\":{\"@id\":\"https:\/\/nitu.mx\/index.php\/2019\/10\/17\/viva-aerobus-se-viste-de-rosa\/\"},\"author\":{\"name\":\"Redacci\u00f3n\",\"@id\":\"https:\/\/nitu.mx\/#\/schema\/person\/4a28fe9bd65924f7c90623773daf1b0b\"},\"headline\":\"Viva Aerobus se viste de rosa\",\"datePublished\":\"2019-10-18T04:07:28+00:00\",\"dateModified\":\"2019-10-18T05:36:04+00:00\",\"mainEntityOfPage\":{\"@id\":\"https:\/\/nitu.mx\/index.php\/2019\/10\/17\/viva-aerobus-se-viste-de-rosa\/\"},\"wordCount\":339,\"commentCount\":0,\"publisher\":{\"@id\":\"https:\/\/nitu.mx\/#\/schema\/person\/ae7a53426417292d3dd07b45a33e01bc\"},\"image\":{\"@id\":\"https:\/\/nitu.mx\/index.php\/2019\/10\/17\/viva-aerobus-se-viste-de-rosa\/#primaryimage\"},\"thumbnailUrl\":\"https:\/\/nitu.mx\/wp-content\/uploads\/2019\/10\/Viva-Aerobus-contra-el-ca\u0301ncer-de-mama-2.jpg\",\"keywords\":[\"c\u00e1ncer de mama\",\"Grupo Naval\",\"Juan Carlos Zuazua\",\"Lucha contra el c\u00e1ncer\",\"Viva Aerobus\"],\"articleSection\":[\"Aerol\u00edneas\"],\"inLanguage\":\"es-MX\",\"potentialAction\":[{\"@type\":\"CommentAction\",\"name\":\"Comment\",\"target\":[\"https:\/\/nitu.mx\/index.php\/2019\/10\/17\/viva-aerobus-se-viste-de-rosa\/#respond\"]}]},{\"@type\":\"WebPage\",\"@id\":\"https:\/\/nitu.mx\/index.php\/2019\/10\/17\/viva-aerobus-se-viste-de-rosa\/\",\"url\":\"https:\/\/nitu.mx\/index.php\/2019\/10\/17\/viva-aerobus-se-viste-de-rosa\/\",\"name\":\"Viva Aerobus se viste de rosa - Nitu - Noticias de la Industria Turistica\",\"isPartOf\":{\"@id\":\"https:\/\/nitu.mx\/#website\"},\"primaryImageOfPage\":{\"@id\":\"https:\/\/nitu.mx\/index.php\/2019\/10\/17\/viva-aerobus-se-viste-de-rosa\/#primaryimage\"},\"image\":{\"@id\":\"https:\/\/nitu.mx\/index.php\/2019\/10\/17\/viva-aerobus-se-viste-de-rosa\/#primaryimage\"},\"thumbnailUrl\":\"https:\/\/nitu.mx\/wp-content\/uploads\/2019\/10\/Viva-Aerobus-contra-el-ca\u0301ncer-de-mama-2.jpg\",\"datePublished\":\"2019-10-18T04:07:28+00:00\",\"dateModified\":\"2019-10-18T05:36:04+00:00\",\"description\":\"Para conmemorar el D\u00eda Internacional de la Lucha contra el C\u00e1ncer de Mama, Viva Aerobus, lanz\u00f3 una campa\u00f1a de sensibilizaci\u00f3n.\",\"breadcrumb\":{\"@id\":\"https:\/\/nitu.mx\/index.php\/2019\/10\/17\/viva-aerobus-se-viste-de-rosa\/#breadcrumb\"},\"inLanguage\":\"es-MX\",\"potentialAction\":[{\"@type\":\"ReadAction\",\"target\":[\"https:\/\/nitu.mx\/index.php\/2019\/10\/17\/viva-aerobus-se-viste-de-rosa\/\"]}]},{\"@type\":\"ImageObject\",\"inLanguage\":\"es-MX\",\"@id\":\"https:\/\/nitu.mx\/index.php\/2019\/10\/17\/viva-aerobus-se-viste-de-rosa\/#primaryimage\",\"url\":\"https:\/\/nitu.mx\/wp-content\/uploads\/2019\/10\/Viva-Aerobus-contra-el-ca\u0301ncer-de-mama-2.jpg\",\"contentUrl\":\"https:\/\/nitu.mx\/wp-content\/uploads\/2019\/10\/Viva-Aerobus-contra-el-ca\u0301ncer-de-mama-2.jpg\",\"width\":850,\"height\":480,\"caption\":\"Viva Aerobus\"},{\"@type\":\"BreadcrumbList\",\"@id\":\"https:\/\/nitu.mx\/index.php\/2019\/10\/17\/viva-aerobus-se-viste-de-rosa\/#breadcrumb\",\"itemListElement\":[{\"@type\":\"ListItem\",\"position\":1,\"name\":\"Inicio\",\"item\":\"https:\/\/nitu.mx\/\"},{\"@type\":\"ListItem\",\"position\":2,\"name\":\"Viva Aerobus se viste de rosa\"}]},{\"@type\":\"WebSite\",\"@id\":\"https:\/\/nitu.mx\/#website\",\"url\":\"https:\/\/nitu.mx\/\",\"name\":\"Nitu - Noticias de la Industria Turistica\",\"description\":\"Noticias de la Industria Turistica\",\"publisher\":{\"@id\":\"https:\/\/nitu.mx\/#\/schema\/person\/ae7a53426417292d3dd07b45a33e01bc\"},\"alternateName\":\"Noticias de la Industria Turistica\",\"potentialAction\":[{\"@type\":\"SearchAction\",\"target\":{\"@type\":\"EntryPoint\",\"urlTemplate\":\"https:\/\/nitu.mx\/?s={search_term_string}\"},\"query-input\":\"required name=search_term_string\"}],\"inLanguage\":\"es-MX\"},{\"@type\":[\"Person\",\"Organization\"],\"@id\":\"https:\/\/nitu.mx\/#\/schema\/person\/ae7a53426417292d3dd07b45a33e01bc\",\"name\":\"Arturo Medina\",\"image\":{\"@type\":\"ImageObject\",\"inLanguage\":\"es-MX\",\"@id\":\"https:\/\/nitu.mx\/#\/schema\/person\/image\/\",\"url\":\"https:\/\/nitu.mx\/wp-content\/uploads\/2024\/04\/4A315622-1904-4D5C-B022-878CDC840E04-90x90-1.jpeg\",\"contentUrl\":\"https:\/\/nitu.mx\/wp-content\/uploads\/2024\/04\/4A315622-1904-4D5C-B022-878CDC840E04-90x90-1.jpeg\",\"width\":90,\"height\":90,\"caption\":\"Arturo Medina\"},\"logo\":{\"@id\":\"https:\/\/nitu.mx\/#\/schema\/person\/image\/\"},\"description\":\"Director NITU.mx, Egresado de la Escuela de Periodismo Carlos Septi\u00e9n Garc\u00eda. Periodista y analista especializado en turismo desde hace 35 a\u00f1os, radicado en Canc\u00fan Q.Roo. arturo@nitu.mx\",\"sameAs\":[\"https:\/\/nitu.mx\",\"https:\/\/www.facebook.com\/NITUmx\/\",\"medinacancun\",\"https:\/\/twitter.com\/@Arturo_Medina_G\"]},{\"@type\":\"Person\",\"@id\":\"https:\/\/nitu.mx\/#\/schema\/person\/4a28fe9bd65924f7c90623773daf1b0b\",\"name\":\"Redacci\u00f3n\",\"image\":{\"@type\":\"ImageObject\",\"inLanguage\":\"es-MX\",\"@id\":\"https:\/\/nitu.mx\/#\/schema\/person\/image\/\",\"url\":\"https:\/\/secure.gravatar.com\/avatar\/5dd011c8ccfc5cd7e4c81e42252aab38?s=96&d=mm&r=g\",\"contentUrl\":\"https:\/\/secure.gravatar.com\/avatar\/5dd011c8ccfc5cd7e4c81e42252aab38?s=96&d=mm&r=g\",\"caption\":\"Redacci\u00f3n\"},\"url\":\"https:\/\/nitu.mx\/index.php\/author\/redaccion\/\"}]}<\/script>\n<!-- \/ Yoast SEO plugin. -->","yoast_head_json":{"title":"Viva Aerobus se viste de rosa - Nitu - Noticias de la Industria Turistica","description":"Para conmemorar el D\u00eda Internacional de la Lucha contra el C\u00e1ncer de Mama, Viva Aerobus, lanz\u00f3 una campa\u00f1a de sensibilizaci\u00f3n.","robots":{"index":"index","follow":"follow","max-snippet":"max-snippet:-1","max-image-preview":"max-image-preview:large","max-video-preview":"max-video-preview:-1"},"canonical":"https:\/\/nitu.mx\/index.php\/2019\/10\/17\/viva-aerobus-se-viste-de-rosa\/","twitter_card":"summary_large_image","twitter_title":"Viva Aerobus se viste de rosa - Nitu - Noticias de la Industria Turistica","twitter_description":"Para conmemorar el D\u00eda Internacional de la Lucha contra el C\u00e1ncer de Mama, Viva Aerobus, lanz\u00f3 una campa\u00f1a de sensibilizaci\u00f3n.","twitter_image":"https:\/\/nitu.mx\/wp-content\/uploads\/2019\/10\/Viva-Aerobus-contra-el-ca\u0301ncer-de-mama-2.jpg","twitter_creator":"@NITUmx","twitter_site":"@Arturo_Medina_G","twitter_misc":{"Escrito por":"Redacci\u00f3n","Tiempo de lectura":"2 minutos"},"schema":{"@context":"https:\/\/schema.org","@graph":[{"@type":"Article","@id":"https:\/\/nitu.mx\/index.php\/2019\/10\/17\/viva-aerobus-se-viste-de-rosa\/#article","isPartOf":{"@id":"https:\/\/nitu.mx\/index.php\/2019\/10\/17\/viva-aerobus-se-viste-de-rosa\/"},"author":{"name":"Redacci\u00f3n","@id":"https:\/\/nitu.mx\/#\/schema\/person\/4a28fe9bd65924f7c90623773daf1b0b"},"headline":"Viva Aerobus se viste de rosa","datePublished":"2019-10-18T04:07:28+00:00","dateModified":"2019-10-18T05:36:04+00:00","mainEntityOfPage":{"@id":"https:\/\/nitu.mx\/index.php\/2019\/10\/17\/viva-aerobus-se-viste-de-rosa\/"},"wordCount":339,"commentCount":0,"publisher":{"@id":"https:\/\/nitu.mx\/#\/schema\/person\/ae7a53426417292d3dd07b45a33e01bc"},"image":{"@id":"https:\/\/nitu.mx\/index.php\/2019\/10\/17\/viva-aerobus-se-viste-de-rosa\/#primaryimage"},"thumbnailUrl":"https:\/\/nitu.mx\/wp-content\/uploads\/2019\/10\/Viva-Aerobus-contra-el-ca\u0301ncer-de-mama-2.jpg","keywords":["c\u00e1ncer de mama","Grupo Naval","Juan Carlos Zuazua","Lucha contra el c\u00e1ncer","Viva Aerobus"],"articleSection":["Aerol\u00edneas"],"inLanguage":"es-MX","potentialAction":[{"@type":"CommentAction","name":"Comment","target":["https:\/\/nitu.mx\/index.php\/2019\/10\/17\/viva-aerobus-se-viste-de-rosa\/#respond"]}]},{"@type":"WebPage","@id":"https:\/\/nitu.mx\/index.php\/2019\/10\/17\/viva-aerobus-se-viste-de-rosa\/","url":"https:\/\/nitu.mx\/index.php\/2019\/10\/17\/viva-aerobus-se-viste-de-rosa\/","name":"Viva Aerobus se viste de rosa - Nitu - Noticias de la Industria Turistica","isPartOf":{"@id":"https:\/\/nitu.mx\/#website"},"primaryImageOfPage":{"@id":"https:\/\/nitu.mx\/index.php\/2019\/10\/17\/viva-aerobus-se-viste-de-rosa\/#primaryimage"},"image":{"@id":"https:\/\/nitu.mx\/index.php\/2019\/10\/17\/viva-aerobus-se-viste-de-rosa\/#primaryimage"},"thumbnailUrl":"https:\/\/nitu.mx\/wp-content\/uploads\/2019\/10\/Viva-Aerobus-contra-el-ca\u0301ncer-de-mama-2.jpg","datePublished":"2019-10-18T04:07:28+00:00","dateModified":"2019-10-18T05:36:04+00:00","description":"Para conmemorar el D\u00eda Internacional de la Lucha contra el C\u00e1ncer de Mama, Viva Aerobus, lanz\u00f3 una campa\u00f1a de sensibilizaci\u00f3n.","breadcrumb":{"@id":"https:\/\/nitu.mx\/index.php\/2019\/10\/17\/viva-aerobus-se-viste-de-rosa\/#breadcrumb"},"inLanguage":"es-MX","potentialAction":[{"@type":"ReadAction","target":["https:\/\/nitu.mx\/index.php\/2019\/10\/17\/viva-aerobus-se-viste-de-rosa\/"]}]},{"@type":"ImageObject","inLanguage":"es-MX","@id":"https:\/\/nitu.mx\/index.php\/2019\/10\/17\/viva-aerobus-se-viste-de-rosa\/#primaryimage","url":"https:\/\/nitu.mx\/wp-content\/uploads\/2019\/10\/Viva-Aerobus-contra-el-ca\u0301ncer-de-mama-2.jpg","contentUrl":"https:\/\/nitu.mx\/wp-content\/uploads\/2019\/10\/Viva-Aerobus-contra-el-ca\u0301ncer-de-mama-2.jpg","width":850,"height":480,"caption":"Viva Aerobus"},{"@type":"BreadcrumbList","@id":"https:\/\/nitu.mx\/index.php\/2019\/10\/17\/viva-aerobus-se-viste-de-rosa\/#breadcrumb","itemListElement":[{"@type":"ListItem","position":1,"name":"Inicio","item":"https:\/\/nitu.mx\/"},{"@type":"ListItem","position":2,"name":"Viva Aerobus se viste de rosa"}]},{"@type":"WebSite","@id":"https:\/\/nitu.mx\/#website","url":"https:\/\/nitu.mx\/","name":"Nitu - Noticias de la Industria Turistica","description":"Noticias de la Industria Turistica","publisher":{"@id":"https:\/\/nitu.mx\/#\/schema\/person\/ae7a53426417292d3dd07b45a33e01bc"},"alternateName":"Noticias de la Industria Turistica","potentialAction":[{"@type":"SearchAction","target":{"@type":"EntryPoint","urlTemplate":"https:\/\/nitu.mx\/?s={search_term_string}"},"query-input":"required name=search_term_string"}],"inLanguage":"es-MX"},{"@type":["Person","Organization"],"@id":"https:\/\/nitu.mx\/#\/schema\/person\/ae7a53426417292d3dd07b45a33e01bc","name":"Arturo Medina","image":{"@type":"ImageObject","inLanguage":"es-MX","@id":"https:\/\/nitu.mx\/#\/schema\/person\/image\/","url":"https:\/\/nitu.mx\/wp-content\/uploads\/2024\/04\/4A315622-1904-4D5C-B022-878CDC840E04-90x90-1.jpeg","contentUrl":"https:\/\/nitu.mx\/wp-content\/uploads\/2024\/04\/4A315622-1904-4D5C-B022-878CDC840E04-90x90-1.jpeg","width":90,"height":90,"caption":"Arturo Medina"},"logo":{"@id":"https:\/\/nitu.mx\/#\/schema\/person\/image\/"},"description":"Director NITU.mx, Egresado de la Escuela de Periodismo Carlos Septi\u00e9n Garc\u00eda. Periodista y analista especializado en turismo desde hace 35 a\u00f1os, radicado en Canc\u00fan Q.Roo. arturo@nitu.mx","sameAs":["https:\/\/nitu.mx","https:\/\/www.facebook.com\/NITUmx\/","medinacancun","https:\/\/twitter.com\/@Arturo_Medina_G"]},{"@type":"Person","@id":"https:\/\/nitu.mx\/#\/schema\/person\/4a28fe9bd65924f7c90623773daf1b0b","name":"Redacci\u00f3n","image":{"@type":"ImageObject","inLanguage":"es-MX","@id":"https:\/\/nitu.mx\/#\/schema\/person\/image\/","url":"https:\/\/secure.gravatar.com\/avatar\/5dd011c8ccfc5cd7e4c81e42252aab38?s=96&d=mm&r=g","contentUrl":"https:\/\/secure.gravatar.com\/avatar\/5dd011c8ccfc5cd7e4c81e42252aab38?s=96&d=mm&r=g","caption":"Redacci\u00f3n"},"url":"https:\/\/nitu.mx\/index.php\/author\/redaccion\/"}]}},"views":927,"_links":{"self":[{"href":"https:\/\/nitu.mx\/index.php\/wp-json\/wp\/v2\/posts\/36628"}],"collection":[{"href":"https:\/\/nitu.mx\/index.php\/wp-json\/wp\/v2\/posts"}],"about":[{"href":"https:\/\/nitu.mx\/index.php\/wp-json\/wp\/v2\/types\/post"}],"author":[{"embeddable":true,"href":"https:\/\/nitu.mx\/index.php\/wp-json\/wp\/v2\/users\/17"}],"replies":[{"embeddable":true,"href":"https:\/\/nitu.mx\/index.php\/wp-json\/wp\/v2\/comments?post=36628"}],"version-history":[{"count":4,"href":"https:\/\/nitu.mx\/index.php\/wp-json\/wp\/v2\/posts\/36628\/revisions"}],"predecessor-version":[{"id":36648,"href":"https:\/\/nitu.mx\/index.php\/wp-json\/wp\/v2\/posts\/36628\/revisions\/36648"}],"wp:featuredmedia":[{"embeddable":true,"href":"https:\/\/nitu.mx\/index.php\/wp-json\/wp\/v2\/media\/36647"}],"wp:attachment":[{"href":"https:\/\/nitu.mx\/index.php\/wp-json\/wp\/v2\/media?parent=36628"}],"wp:term":[{"taxonomy":"category","embeddable":true,"href":"https:\/\/nitu.mx\/index.php\/wp-json\/wp\/v2\/categories?post=36628"},{"taxonomy":"post_tag","embeddable":true,"href":"https:\/\/nitu.mx\/index.php\/wp-json\/wp\/v2\/tags?post=36628"}],"curies":[{"name":"wp","href":"https:\/\/api.w.org\/{rel}","templated":true}]}}