{"id":36594,"date":"2019-10-17T00:05:03","date_gmt":"2019-10-17T05:05:03","guid":{"rendered":"https:\/\/www.dev.nitu.mx\/?p=36594"},"modified":"2019-10-17T00:18:53","modified_gmt":"2019-10-17T05:18:53","slug":"se-creara-la-agencia-federal-de-aviacion-civil-que-sustituira-a-la-dgac","status":"publish","type":"post","link":"https:\/\/nitu.mx\/index.php\/2019\/10\/17\/se-creara-la-agencia-federal-de-aviacion-civil-que-sustituira-a-la-dgac\/","title":{"rendered":"Se crear\u00e1 la Agencia Federal de Aviaci\u00f3n Civil que sustituir\u00e1 a la DGAC"},"content":{"rendered":"<p>&nbsp;<\/p>\n<p>La Secretar\u00eda de Comunicaciones y Transportes (SCT) inform\u00f3 este mi\u00e9rcoles la creaci\u00f3n de la Agencia Federal de Aviaci\u00f3n Civil, que sustituye a la Direcci\u00f3n General de Aviaci\u00f3n Civil.<\/p>\n<p>En el Diario Oficial de la Federaci\u00f3n, la dependencia encabezada por Javier Jim\u00e9nez Espri\u00fa indic\u00f3 que este ser\u00e1 un \u00f3rgano administrativo desconcentrado dependiente de la SCT, con autonom\u00eda t\u00e9cnica, operativa y administrativa, con facultad para emitir resoluciones en el \u00e1mbito de su competencia.<\/p>\n<p>Esta tendr\u00e1 como objetivo establecer, administrar, coordinar, vigilar, operar y controlar la prestaci\u00f3n de los servicios de transporte a\u00e9reo nacional e internacional, aeroportuarios, complementarios y comerciales, as\u00ed como aquellas expresamente otorgadas por el titular de la secretar\u00eda.<\/p>\n<p>Entre sus facultades se encontrar\u00e1 el proponer al titular de Comunicaciones y Transportes, previo conocimiento de la Subsecretar\u00eda de Transporte, las pol\u00edticas p\u00fablicas y programas en materia de aviaci\u00f3n civil y aeroportuaria. (<a title=\"DGAC defiende sus viejas normas para slots en el AICM ante cr\u00edticas de IATA\" href=\"https:\/\/www.dev.nitu.mx\/index.php\/2017\/06\/11\/dgac-defiende-sus-viejas-normas-para-slots-en-el-aicm-ante-criticas-de-iata\/\" rel=\"bookmark\">DGAC defiende sus viejas normas para slots en el AICM ante cr\u00edticas de IATA<\/a>).<\/p>\n<p>Ejercer la autoridad aeron\u00e1utica y emitir resoluciones en el \u00e1mbito de su competencia, exceptuando lo relativo a las concesiones en materia de aviaci\u00f3n civil y aeroportuaria, ya que esta es facultad exclusiva del secretario de la SCT.<\/p>\n<p>Regular, coordinar, vigilar y controlar los servicios de transporte a\u00e9reo nacional e internacional, el funcionamiento de los aer\u00f3dromos civiles, los servicios aeroportuarios y complementarios, as\u00ed como sus instalaciones y equipo.<\/p>\n<p>Adem\u00e1s de disponer el cierre o suspensi\u00f3n parcial o total de los aeropuertos y aer\u00f3dromos civiles cuando no re\u00fanan las condiciones de seguridad para las operaciones a\u00e9reas, entre otras.<\/p>\n<p>Este decreto entrar\u00e1 en vigor el jueves, un d\u00eda despu\u00e9s de su publicaci\u00f3n en el DOF. (El Financiero)<\/p>\n","protected":false},"excerpt":{"rendered":"<p>&nbsp; La Secretar\u00eda de Comunicaciones y Transportes (SCT) inform\u00f3 este mi\u00e9rcoles la creaci\u00f3n de la Agencia Federal de Aviaci\u00f3n Civil, que sustituye a la Direcci\u00f3n General de Aviaci\u00f3n Civil. En el Diario Oficial de la Federaci\u00f3n, la dependencia encabezada por Javier Jim\u00e9nez Espri\u00fa indic\u00f3 que este ser\u00e1 un \u00f3rgano administrativo desconcentrado dependiente de la SCT, [&hellip;]<\/p>\n","protected":false},"author":17,"featured_media":8933,"comment_status":"open","ping_status":"open","sticky":false,"template":"","format":"standard","meta":{"footnotes":""},"categories":[29,6],"tags":[17696,292,11202,925],"yoast_head":"<!-- This site is optimized with the Yoast SEO plugin v22.2 - https:\/\/yoast.com\/wordpress\/plugins\/seo\/ -->\n<title>Se crear\u00e1 la Agencia Federal de Aviaci\u00f3n Civil que sustituir\u00e1 a la DGAC - Nitu - Noticias de la Industria Turistica<\/title>\n<meta name=\"description\" content=\"SCT inform\u00f3 este mi\u00e9rcoles la creaci\u00f3n de la Agencia Federal de Aviaci\u00f3n Civil, que sustituye a la Direcci\u00f3n General de Aviaci\u00f3n Civil.\" \/>\n<meta name=\"robots\" content=\"index, follow, max-snippet:-1, max-image-preview:large, max-video-preview:-1\" \/>\n<link rel=\"canonical\" href=\"https:\/\/nitu.mx\/index.php\/2019\/10\/17\/se-creara-la-agencia-federal-de-aviacion-civil-que-sustituira-a-la-dgac\/\" \/>\n<meta name=\"twitter:card\" content=\"summary_large_image\" \/>\n<meta name=\"twitter:title\" content=\"Se crear\u00e1 la Agencia Federal de Aviaci\u00f3n Civil que sustituir\u00e1 a la DGAC - Nitu - Noticias de la Industria Turistica\" \/>\n<meta name=\"twitter:description\" content=\"SCT inform\u00f3 este mi\u00e9rcoles la creaci\u00f3n de la Agencia Federal de Aviaci\u00f3n Civil, que sustituye a la Direcci\u00f3n General de Aviaci\u00f3n Civil.\" \/>\n<meta name=\"twitter:image\" content=\"https:\/\/nitu.mx\/wp-content\/uploads\/2017\/04\/Aviaci\u00f3n.jpg\" \/>\n<meta name=\"twitter:creator\" content=\"@NITUmx\" \/>\n<meta name=\"twitter:site\" content=\"@Arturo_Medina_G\" \/>\n<meta name=\"twitter:label1\" content=\"Escrito por\" \/>\n\t<meta name=\"twitter:data1\" content=\"Redacci\u00f3n\" \/>\n\t<meta name=\"twitter:label2\" content=\"Tiempo de lectura\" \/>\n\t<meta name=\"twitter:data2\" content=\"1 minuto\" \/>\n<script type=\"application\/ld+json\" class=\"yoast-schema-graph\">{\"@context\":\"https:\/\/schema.org\",\"@graph\":[{\"@type\":\"Article\",\"@id\":\"https:\/\/nitu.mx\/index.php\/2019\/10\/17\/se-creara-la-agencia-federal-de-aviacion-civil-que-sustituira-a-la-dgac\/#article\",\"isPartOf\":{\"@id\":\"https:\/\/nitu.mx\/index.php\/2019\/10\/17\/se-creara-la-agencia-federal-de-aviacion-civil-que-sustituira-a-la-dgac\/\"},\"author\":{\"name\":\"Redacci\u00f3n\",\"@id\":\"https:\/\/nitu.mx\/#\/schema\/person\/4a28fe9bd65924f7c90623773daf1b0b\"},\"headline\":\"Se crear\u00e1 la Agencia Federal de Aviaci\u00f3n Civil que sustituir\u00e1 a la DGAC\",\"datePublished\":\"2019-10-17T05:05:03+00:00\",\"dateModified\":\"2019-10-17T05:18:53+00:00\",\"mainEntityOfPage\":{\"@id\":\"https:\/\/nitu.mx\/index.php\/2019\/10\/17\/se-creara-la-agencia-federal-de-aviacion-civil-que-sustituira-a-la-dgac\/\"},\"wordCount\":313,\"commentCount\":0,\"publisher\":{\"@id\":\"https:\/\/nitu.mx\/#\/schema\/person\/ae7a53426417292d3dd07b45a33e01bc\"},\"image\":{\"@id\":\"https:\/\/nitu.mx\/index.php\/2019\/10\/17\/se-creara-la-agencia-federal-de-aviacion-civil-que-sustituira-a-la-dgac\/#primaryimage\"},\"thumbnailUrl\":\"https:\/\/nitu.mx\/wp-content\/uploads\/2017\/04\/Aviaci\u00f3n.jpg\",\"keywords\":[\"Agencia Federal de Aviaci\u00f3n Civil.\",\"DGAC\",\"Javier Jim\u00e9nez Espri\u00fa\",\"SCT\"],\"articleSection\":[\"Aerol\u00edneas\",\"M\u00e9xico\"],\"inLanguage\":\"es-MX\",\"potentialAction\":[{\"@type\":\"CommentAction\",\"name\":\"Comment\",\"target\":[\"https:\/\/nitu.mx\/index.php\/2019\/10\/17\/se-creara-la-agencia-federal-de-aviacion-civil-que-sustituira-a-la-dgac\/#respond\"]}]},{\"@type\":\"WebPage\",\"@id\":\"https:\/\/nitu.mx\/index.php\/2019\/10\/17\/se-creara-la-agencia-federal-de-aviacion-civil-que-sustituira-a-la-dgac\/\",\"url\":\"https:\/\/nitu.mx\/index.php\/2019\/10\/17\/se-creara-la-agencia-federal-de-aviacion-civil-que-sustituira-a-la-dgac\/\",\"name\":\"Se crear\u00e1 la Agencia Federal de Aviaci\u00f3n Civil que sustituir\u00e1 a la DGAC - Nitu - Noticias de la Industria Turistica\",\"isPartOf\":{\"@id\":\"https:\/\/nitu.mx\/#website\"},\"primaryImageOfPage\":{\"@id\":\"https:\/\/nitu.mx\/index.php\/2019\/10\/17\/se-creara-la-agencia-federal-de-aviacion-civil-que-sustituira-a-la-dgac\/#primaryimage\"},\"image\":{\"@id\":\"https:\/\/nitu.mx\/index.php\/2019\/10\/17\/se-creara-la-agencia-federal-de-aviacion-civil-que-sustituira-a-la-dgac\/#primaryimage\"},\"thumbnailUrl\":\"https:\/\/nitu.mx\/wp-content\/uploads\/2017\/04\/Aviaci\u00f3n.jpg\",\"datePublished\":\"2019-10-17T05:05:03+00:00\",\"dateModified\":\"2019-10-17T05:18:53+00:00\",\"description\":\"SCT inform\u00f3 este mi\u00e9rcoles la creaci\u00f3n de la Agencia Federal de Aviaci\u00f3n Civil, que sustituye a la Direcci\u00f3n General de Aviaci\u00f3n Civil.\",\"breadcrumb\":{\"@id\":\"https:\/\/nitu.mx\/index.php\/2019\/10\/17\/se-creara-la-agencia-federal-de-aviacion-civil-que-sustituira-a-la-dgac\/#breadcrumb\"},\"inLanguage\":\"es-MX\",\"potentialAction\":[{\"@type\":\"ReadAction\",\"target\":[\"https:\/\/nitu.mx\/index.php\/2019\/10\/17\/se-creara-la-agencia-federal-de-aviacion-civil-que-sustituira-a-la-dgac\/\"]}]},{\"@type\":\"ImageObject\",\"inLanguage\":\"es-MX\",\"@id\":\"https:\/\/nitu.mx\/index.php\/2019\/10\/17\/se-creara-la-agencia-federal-de-aviacion-civil-que-sustituira-a-la-dgac\/#primaryimage\",\"url\":\"https:\/\/nitu.mx\/wp-content\/uploads\/2017\/04\/Aviaci\u00f3n.jpg\",\"contentUrl\":\"https:\/\/nitu.mx\/wp-content\/uploads\/2017\/04\/Aviaci\u00f3n.jpg\",\"width\":850,\"height\":480,\"caption\":\"aviaci\u00f3n inversi\u00f3n extranjera Guevara sobreventa IATA\"},{\"@type\":\"BreadcrumbList\",\"@id\":\"https:\/\/nitu.mx\/index.php\/2019\/10\/17\/se-creara-la-agencia-federal-de-aviacion-civil-que-sustituira-a-la-dgac\/#breadcrumb\",\"itemListElement\":[{\"@type\":\"ListItem\",\"position\":1,\"name\":\"Inicio\",\"item\":\"https:\/\/nitu.mx\/\"},{\"@type\":\"ListItem\",\"position\":2,\"name\":\"Se crear\u00e1 la Agencia Federal de Aviaci\u00f3n Civil que sustituir\u00e1 a la DGAC\"}]},{\"@type\":\"WebSite\",\"@id\":\"https:\/\/nitu.mx\/#website\",\"url\":\"https:\/\/nitu.mx\/\",\"name\":\"Nitu - Noticias de la Industria Turistica\",\"description\":\"Noticias de la Industria Turistica\",\"publisher\":{\"@id\":\"https:\/\/nitu.mx\/#\/schema\/person\/ae7a53426417292d3dd07b45a33e01bc\"},\"alternateName\":\"Noticias de la Industria Turistica\",\"potentialAction\":[{\"@type\":\"SearchAction\",\"target\":{\"@type\":\"EntryPoint\",\"urlTemplate\":\"https:\/\/nitu.mx\/?s={search_term_string}\"},\"query-input\":\"required name=search_term_string\"}],\"inLanguage\":\"es-MX\"},{\"@type\":[\"Person\",\"Organization\"],\"@id\":\"https:\/\/nitu.mx\/#\/schema\/person\/ae7a53426417292d3dd07b45a33e01bc\",\"name\":\"Arturo Medina\",\"image\":{\"@type\":\"ImageObject\",\"inLanguage\":\"es-MX\",\"@id\":\"https:\/\/nitu.mx\/#\/schema\/person\/image\/\",\"url\":\"https:\/\/nitu.mx\/wp-content\/uploads\/2024\/04\/4A315622-1904-4D5C-B022-878CDC840E04-90x90-1.jpeg\",\"contentUrl\":\"https:\/\/nitu.mx\/wp-content\/uploads\/2024\/04\/4A315622-1904-4D5C-B022-878CDC840E04-90x90-1.jpeg\",\"width\":90,\"height\":90,\"caption\":\"Arturo Medina\"},\"logo\":{\"@id\":\"https:\/\/nitu.mx\/#\/schema\/person\/image\/\"},\"description\":\"Director NITU.mx, Egresado de la Escuela de Periodismo Carlos Septi\u00e9n Garc\u00eda. Periodista y analista especializado en turismo desde hace 35 a\u00f1os, radicado en Canc\u00fan Q.Roo. arturo@nitu.mx\",\"sameAs\":[\"https:\/\/nitu.mx\",\"https:\/\/www.facebook.com\/NITUmx\/\",\"medinacancun\",\"https:\/\/twitter.com\/@Arturo_Medina_G\"]},{\"@type\":\"Person\",\"@id\":\"https:\/\/nitu.mx\/#\/schema\/person\/4a28fe9bd65924f7c90623773daf1b0b\",\"name\":\"Redacci\u00f3n\",\"image\":{\"@type\":\"ImageObject\",\"inLanguage\":\"es-MX\",\"@id\":\"https:\/\/nitu.mx\/#\/schema\/person\/image\/\",\"url\":\"https:\/\/secure.gravatar.com\/avatar\/5dd011c8ccfc5cd7e4c81e42252aab38?s=96&d=mm&r=g\",\"contentUrl\":\"https:\/\/secure.gravatar.com\/avatar\/5dd011c8ccfc5cd7e4c81e42252aab38?s=96&d=mm&r=g\",\"caption\":\"Redacci\u00f3n\"},\"url\":\"https:\/\/nitu.mx\/index.php\/author\/redaccion\/\"}]}<\/script>\n<!-- \/ Yoast SEO plugin. -->","yoast_head_json":{"title":"Se crear\u00e1 la Agencia Federal de Aviaci\u00f3n Civil que sustituir\u00e1 a la DGAC - Nitu - Noticias de la Industria Turistica","description":"SCT inform\u00f3 este mi\u00e9rcoles la creaci\u00f3n de la Agencia Federal de Aviaci\u00f3n Civil, que sustituye a la Direcci\u00f3n General de Aviaci\u00f3n Civil.","robots":{"index":"index","follow":"follow","max-snippet":"max-snippet:-1","max-image-preview":"max-image-preview:large","max-video-preview":"max-video-preview:-1"},"canonical":"https:\/\/nitu.mx\/index.php\/2019\/10\/17\/se-creara-la-agencia-federal-de-aviacion-civil-que-sustituira-a-la-dgac\/","twitter_card":"summary_large_image","twitter_title":"Se crear\u00e1 la Agencia Federal de Aviaci\u00f3n Civil que sustituir\u00e1 a la DGAC - Nitu - Noticias de la Industria Turistica","twitter_description":"SCT inform\u00f3 este mi\u00e9rcoles la creaci\u00f3n de la Agencia Federal de Aviaci\u00f3n Civil, que sustituye a la Direcci\u00f3n General de Aviaci\u00f3n Civil.","twitter_image":"https:\/\/nitu.mx\/wp-content\/uploads\/2017\/04\/Aviaci\u00f3n.jpg","twitter_creator":"@NITUmx","twitter_site":"@Arturo_Medina_G","twitter_misc":{"Escrito por":"Redacci\u00f3n","Tiempo de lectura":"1 minuto"},"schema":{"@context":"https:\/\/schema.org","@graph":[{"@type":"Article","@id":"https:\/\/nitu.mx\/index.php\/2019\/10\/17\/se-creara-la-agencia-federal-de-aviacion-civil-que-sustituira-a-la-dgac\/#article","isPartOf":{"@id":"https:\/\/nitu.mx\/index.php\/2019\/10\/17\/se-creara-la-agencia-federal-de-aviacion-civil-que-sustituira-a-la-dgac\/"},"author":{"name":"Redacci\u00f3n","@id":"https:\/\/nitu.mx\/#\/schema\/person\/4a28fe9bd65924f7c90623773daf1b0b"},"headline":"Se crear\u00e1 la Agencia Federal de Aviaci\u00f3n Civil que sustituir\u00e1 a la DGAC","datePublished":"2019-10-17T05:05:03+00:00","dateModified":"2019-10-17T05:18:53+00:00","mainEntityOfPage":{"@id":"https:\/\/nitu.mx\/index.php\/2019\/10\/17\/se-creara-la-agencia-federal-de-aviacion-civil-que-sustituira-a-la-dgac\/"},"wordCount":313,"commentCount":0,"publisher":{"@id":"https:\/\/nitu.mx\/#\/schema\/person\/ae7a53426417292d3dd07b45a33e01bc"},"image":{"@id":"https:\/\/nitu.mx\/index.php\/2019\/10\/17\/se-creara-la-agencia-federal-de-aviacion-civil-que-sustituira-a-la-dgac\/#primaryimage"},"thumbnailUrl":"https:\/\/nitu.mx\/wp-content\/uploads\/2017\/04\/Aviaci\u00f3n.jpg","keywords":["Agencia Federal de Aviaci\u00f3n Civil.","DGAC","Javier Jim\u00e9nez Espri\u00fa","SCT"],"articleSection":["Aerol\u00edneas","M\u00e9xico"],"inLanguage":"es-MX","potentialAction":[{"@type":"CommentAction","name":"Comment","target":["https:\/\/nitu.mx\/index.php\/2019\/10\/17\/se-creara-la-agencia-federal-de-aviacion-civil-que-sustituira-a-la-dgac\/#respond"]}]},{"@type":"WebPage","@id":"https:\/\/nitu.mx\/index.php\/2019\/10\/17\/se-creara-la-agencia-federal-de-aviacion-civil-que-sustituira-a-la-dgac\/","url":"https:\/\/nitu.mx\/index.php\/2019\/10\/17\/se-creara-la-agencia-federal-de-aviacion-civil-que-sustituira-a-la-dgac\/","name":"Se crear\u00e1 la Agencia Federal de Aviaci\u00f3n Civil que sustituir\u00e1 a la DGAC - Nitu - Noticias de la Industria Turistica","isPartOf":{"@id":"https:\/\/nitu.mx\/#website"},"primaryImageOfPage":{"@id":"https:\/\/nitu.mx\/index.php\/2019\/10\/17\/se-creara-la-agencia-federal-de-aviacion-civil-que-sustituira-a-la-dgac\/#primaryimage"},"image":{"@id":"https:\/\/nitu.mx\/index.php\/2019\/10\/17\/se-creara-la-agencia-federal-de-aviacion-civil-que-sustituira-a-la-dgac\/#primaryimage"},"thumbnailUrl":"https:\/\/nitu.mx\/wp-content\/uploads\/2017\/04\/Aviaci\u00f3n.jpg","datePublished":"2019-10-17T05:05:03+00:00","dateModified":"2019-10-17T05:18:53+00:00","description":"SCT inform\u00f3 este mi\u00e9rcoles la creaci\u00f3n de la Agencia Federal de Aviaci\u00f3n Civil, que sustituye a la Direcci\u00f3n General de Aviaci\u00f3n Civil.","breadcrumb":{"@id":"https:\/\/nitu.mx\/index.php\/2019\/10\/17\/se-creara-la-agencia-federal-de-aviacion-civil-que-sustituira-a-la-dgac\/#breadcrumb"},"inLanguage":"es-MX","potentialAction":[{"@type":"ReadAction","target":["https:\/\/nitu.mx\/index.php\/2019\/10\/17\/se-creara-la-agencia-federal-de-aviacion-civil-que-sustituira-a-la-dgac\/"]}]},{"@type":"ImageObject","inLanguage":"es-MX","@id":"https:\/\/nitu.mx\/index.php\/2019\/10\/17\/se-creara-la-agencia-federal-de-aviacion-civil-que-sustituira-a-la-dgac\/#primaryimage","url":"https:\/\/nitu.mx\/wp-content\/uploads\/2017\/04\/Aviaci\u00f3n.jpg","contentUrl":"https:\/\/nitu.mx\/wp-content\/uploads\/2017\/04\/Aviaci\u00f3n.jpg","width":850,"height":480,"caption":"aviaci\u00f3n inversi\u00f3n extranjera Guevara sobreventa IATA"},{"@type":"BreadcrumbList","@id":"https:\/\/nitu.mx\/index.php\/2019\/10\/17\/se-creara-la-agencia-federal-de-aviacion-civil-que-sustituira-a-la-dgac\/#breadcrumb","itemListElement":[{"@type":"ListItem","position":1,"name":"Inicio","item":"https:\/\/nitu.mx\/"},{"@type":"ListItem","position":2,"name":"Se crear\u00e1 la Agencia Federal de Aviaci\u00f3n Civil que sustituir\u00e1 a la DGAC"}]},{"@type":"WebSite","@id":"https:\/\/nitu.mx\/#website","url":"https:\/\/nitu.mx\/","name":"Nitu - Noticias de la Industria Turistica","description":"Noticias de la Industria Turistica","publisher":{"@id":"https:\/\/nitu.mx\/#\/schema\/person\/ae7a53426417292d3dd07b45a33e01bc"},"alternateName":"Noticias de la Industria Turistica","potentialAction":[{"@type":"SearchAction","target":{"@type":"EntryPoint","urlTemplate":"https:\/\/nitu.mx\/?s={search_term_string}"},"query-input":"required name=search_term_string"}],"inLanguage":"es-MX"},{"@type":["Person","Organization"],"@id":"https:\/\/nitu.mx\/#\/schema\/person\/ae7a53426417292d3dd07b45a33e01bc","name":"Arturo Medina","image":{"@type":"ImageObject","inLanguage":"es-MX","@id":"https:\/\/nitu.mx\/#\/schema\/person\/image\/","url":"https:\/\/nitu.mx\/wp-content\/uploads\/2024\/04\/4A315622-1904-4D5C-B022-878CDC840E04-90x90-1.jpeg","contentUrl":"https:\/\/nitu.mx\/wp-content\/uploads\/2024\/04\/4A315622-1904-4D5C-B022-878CDC840E04-90x90-1.jpeg","width":90,"height":90,"caption":"Arturo Medina"},"logo":{"@id":"https:\/\/nitu.mx\/#\/schema\/person\/image\/"},"description":"Director NITU.mx, Egresado de la Escuela de Periodismo Carlos Septi\u00e9n Garc\u00eda. Periodista y analista especializado en turismo desde hace 35 a\u00f1os, radicado en Canc\u00fan Q.Roo. arturo@nitu.mx","sameAs":["https:\/\/nitu.mx","https:\/\/www.facebook.com\/NITUmx\/","medinacancun","https:\/\/twitter.com\/@Arturo_Medina_G"]},{"@type":"Person","@id":"https:\/\/nitu.mx\/#\/schema\/person\/4a28fe9bd65924f7c90623773daf1b0b","name":"Redacci\u00f3n","image":{"@type":"ImageObject","inLanguage":"es-MX","@id":"https:\/\/nitu.mx\/#\/schema\/person\/image\/","url":"https:\/\/secure.gravatar.com\/avatar\/5dd011c8ccfc5cd7e4c81e42252aab38?s=96&d=mm&r=g","contentUrl":"https:\/\/secure.gravatar.com\/avatar\/5dd011c8ccfc5cd7e4c81e42252aab38?s=96&d=mm&r=g","caption":"Redacci\u00f3n"},"url":"https:\/\/nitu.mx\/index.php\/author\/redaccion\/"}]}},"views":341,"_links":{"self":[{"href":"https:\/\/nitu.mx\/index.php\/wp-json\/wp\/v2\/posts\/36594"}],"collection":[{"href":"https:\/\/nitu.mx\/index.php\/wp-json\/wp\/v2\/posts"}],"about":[{"href":"https:\/\/nitu.mx\/index.php\/wp-json\/wp\/v2\/types\/post"}],"author":[{"embeddable":true,"href":"https:\/\/nitu.mx\/index.php\/wp-json\/wp\/v2\/users\/17"}],"replies":[{"embeddable":true,"href":"https:\/\/nitu.mx\/index.php\/wp-json\/wp\/v2\/comments?post=36594"}],"version-history":[{"count":3,"href":"https:\/\/nitu.mx\/index.php\/wp-json\/wp\/v2\/posts\/36594\/revisions"}],"predecessor-version":[{"id":36618,"href":"https:\/\/nitu.mx\/index.php\/wp-json\/wp\/v2\/posts\/36594\/revisions\/36618"}],"wp:featuredmedia":[{"embeddable":true,"href":"https:\/\/nitu.mx\/index.php\/wp-json\/wp\/v2\/media\/8933"}],"wp:attachment":[{"href":"https:\/\/nitu.mx\/index.php\/wp-json\/wp\/v2\/media?parent=36594"}],"wp:term":[{"taxonomy":"category","embeddable":true,"href":"https:\/\/nitu.mx\/index.php\/wp-json\/wp\/v2\/categories?post=36594"},{"taxonomy":"post_tag","embeddable":true,"href":"https:\/\/nitu.mx\/index.php\/wp-json\/wp\/v2\/tags?post=36594"}],"curies":[{"name":"wp","href":"https:\/\/api.w.org\/{rel}","templated":true}]}}