{"id":36592,"date":"2019-10-17T00:09:44","date_gmt":"2019-10-17T05:09:44","guid":{"rendered":"https:\/\/www.dev.nitu.mx\/?p=36592"},"modified":"2019-10-17T00:18:47","modified_gmt":"2019-10-17T05:18:47","slug":"se-retira-la-ultima-suspension-contra-santa-lucia","status":"publish","type":"post","link":"https:\/\/nitu.mx\/index.php\/2019\/10\/17\/se-retira-la-ultima-suspension-contra-santa-lucia\/","title":{"rendered":"Se retira la \u00faltima suspensi\u00f3n contra Santa Luc\u00eda"},"content":{"rendered":"<p>El D\u00e9cimo Tribunal Colegiado en Materia Administrativa de la Ciudad de M\u00e9xico fall\u00f3 a favor del Gobierno mexicano este mi\u00e9rcoles y revoc\u00f3 la \u00faltima suspensi\u00f3n definitiva que se hab\u00eda concedido contra la construcci\u00f3n del aeropuerto de Santa Luc\u00eda.<\/p>\n<p>Esta es la \u00faltima de las siete suspensiones definitivas que se hab\u00edan concedido contra la construcci\u00f3n del aeropuerto en la Base A\u00e9rea de Santa Luc\u00eda, de acuerdo con Gerardo Carrasco, abogado integrante del colectivo #NoM\u00e1sDerroches.<\/p>\n<p>Por votaci\u00f3n un\u00e1nime, los magistrados del tribunal desecharon el recurso de revisi\u00f3n y la revisi\u00f3n adhesiva contra la suspensi\u00f3n definitiva que el 14 de agosto pasado hab\u00eda concedi\u00f3 el Juez Quinto de Distrito en Materia Administrativa de la Ciudad de M\u00e9xico, y determinaron revocar dicha suspensi\u00f3n.<\/p>\n<p>Carrasco agreg\u00f3 que a\u00fan no es posible iniciar la construcci\u00f3n del aeropuerto en la Base Militar Santa Luc\u00eda debido a que no cuenta con todos los permisos correspondientes para una obra de este tipo.<\/p>\n<p>\u201cSe dice que ma\u00f1ana va haber un acto inaugural. Claro que lo pueden hacer, lo que no pueden hacer es construir (&#8230;) es m\u00e1s bien un tema de autoridad, de decir &#8216;ganamos&#8217;, pero esto todav\u00eda no ocurre porque a\u00fan no tienen los permisos de construcci\u00f3n\u201d, dijo Carrasco en breve entrevista a la salida del Tribunal.<\/p>\n<p>En breve entrevista con El Financiero, a la salida del Tribunal, explic\u00f3 que en Santa Luc\u00eda no se tiene a\u00fan el cambio de uso de suelo, ni se tiene el proyecto ejecutivo de construcci\u00f3n, adem\u00e1s de que el estudio de impacto ambiental est\u00e1 condicionado, por lo que el acto de ma\u00f1ana ser\u00e1 simplemente un \u201cprotocolo de autoridad\u201d m\u00e1s no el inicio de la obra. (<a title=\"Anulan 5 de 7 suspensiones contra la construcci\u00f3n de aeropuerto de Santa Luc\u00eda\" href=\"https:\/\/www.dev.nitu.mx\/index.php\/2019\/10\/13\/anulan-5-de-7-suspensiones-contra-la-construccion-de-aeropuerto-de-santa-lucia\/\" rel=\"bookmark\">Anulan 5 de 7 suspensiones contra la construcci\u00f3n de aeropuerto de Santa Luc\u00eda<\/a>).<\/p>\n<p>La revocaci\u00f3n de la suspensi\u00f3n definitiva se tom\u00f3 en una audiencia celebrada a las 9:00 horas, relacionada con el recurso de revisi\u00f3n 429\/2019 radicado en el D\u00e9cimo Tribunal Colegiado en Materia Administrativa en la Ciudad de M\u00e9xico.<\/p>\n<p>En la sesi\u00f3n ya no particip\u00f3 el magistrado Jorge Arturo Camero Ocampo \u2014quien en revisiones anteriores hab\u00eda votado por mantener la suspensi\u00f3n de las obras del aeropuerto de Santa Luc\u00eda\u2014, debido a la suspensi\u00f3n que le impuso Consejo de la Judicatura Federal.<\/p>\n<p>Su lugar fue ocupado por Mois\u00e9s Chilchoa V\u00e1zquez quien, en su papel de secretario en funciones de magistrado, cargo que ocupar\u00e1 durante los seis meses que Camero Ocampo estar\u00e1 inhabilitado, vot\u00f3 a favor de revocar la suspensi\u00f3n.<\/p>\n<p>La revisi\u00f3n de esta suspensi\u00f3n definitiva est\u00e1 relacionada con el juicio de amparo 694\/2019, dentro del cual se concedi\u00f3 la suspensi\u00f3n definitiva el 14 de agosto pasado, y ante la cual el Gobierno federal promovi\u00f3 una revisi\u00f3n y el colectivo #NoMasDerroches promovi\u00f3 una revisi\u00f3n adhesiva.<\/p>\n<p>Las otras suspensiones definitivas fueron revocadas en d\u00edas pasados, todas bajo el argumento de que Santa Luc\u00eda es ya una instalaci\u00f3n estrat\u00e9gica y, de mantener paralizada la obra, se afectar\u00eda el inter\u00e9s nacional.<\/p>\n","protected":false},"excerpt":{"rendered":"<p>El D\u00e9cimo Tribunal Colegiado en Materia Administrativa de la Ciudad de M\u00e9xico fall\u00f3 a favor del Gobierno mexicano este mi\u00e9rcoles y revoc\u00f3 la \u00faltima suspensi\u00f3n definitiva que se hab\u00eda concedido contra la construcci\u00f3n del aeropuerto de Santa Luc\u00eda. Esta es la \u00faltima de las siete suspensiones definitivas que se hab\u00edan concedido contra la construcci\u00f3n del [&hellip;]<\/p>\n","protected":false},"author":17,"featured_media":36337,"comment_status":"open","ping_status":"open","sticky":false,"template":"","format":"standard","meta":{"footnotes":""},"categories":[29,6],"tags":[17695,17694,13014,17086],"yoast_head":"<!-- This site is optimized with the Yoast SEO plugin v22.2 - https:\/\/yoast.com\/wordpress\/plugins\/seo\/ -->\n<title>Se retira la \u00faltima suspensi\u00f3n contra Santa Luc\u00eda - Nitu - Noticias de la Industria Turistica<\/title>\n<meta name=\"description\" content=\"El D\u00e9cimo Tribunal Colegiado en Materia Administrativa de la Ciudad de M\u00e9xico frevoc\u00f3 la \u00faltima suspensi\u00f3n contra el aeropuerto de Santa Luc\u00eda.\" \/>\n<meta name=\"robots\" content=\"index, follow, max-snippet:-1, max-image-preview:large, max-video-preview:-1\" \/>\n<link rel=\"canonical\" href=\"https:\/\/nitu.mx\/index.php\/2019\/10\/17\/se-retira-la-ultima-suspension-contra-santa-lucia\/\" \/>\n<meta name=\"twitter:card\" content=\"summary_large_image\" \/>\n<meta name=\"twitter:title\" content=\"Se retira la \u00faltima suspensi\u00f3n contra Santa Luc\u00eda - Nitu - Noticias de la Industria Turistica\" \/>\n<meta name=\"twitter:description\" content=\"El D\u00e9cimo Tribunal Colegiado en Materia Administrativa de la Ciudad de M\u00e9xico frevoc\u00f3 la \u00faltima suspensi\u00f3n contra el aeropuerto de Santa Luc\u00eda.\" \/>\n<meta name=\"twitter:image\" content=\"https:\/\/nitu.mx\/wp-content\/uploads\/2019\/10\/Santa-Luci\u0301a-aeropuerto.jpg\" \/>\n<meta name=\"twitter:creator\" content=\"@NITUmx\" \/>\n<meta name=\"twitter:site\" content=\"@Arturo_Medina_G\" \/>\n<meta name=\"twitter:label1\" content=\"Escrito por\" \/>\n\t<meta name=\"twitter:data1\" content=\"Redacci\u00f3n\" \/>\n\t<meta name=\"twitter:label2\" content=\"Tiempo de lectura\" \/>\n\t<meta name=\"twitter:data2\" content=\"3 minutos\" \/>\n<script type=\"application\/ld+json\" class=\"yoast-schema-graph\">{\"@context\":\"https:\/\/schema.org\",\"@graph\":[{\"@type\":\"Article\",\"@id\":\"https:\/\/nitu.mx\/index.php\/2019\/10\/17\/se-retira-la-ultima-suspension-contra-santa-lucia\/#article\",\"isPartOf\":{\"@id\":\"https:\/\/nitu.mx\/index.php\/2019\/10\/17\/se-retira-la-ultima-suspension-contra-santa-lucia\/\"},\"author\":{\"name\":\"Redacci\u00f3n\",\"@id\":\"https:\/\/nitu.mx\/#\/schema\/person\/4a28fe9bd65924f7c90623773daf1b0b\"},\"headline\":\"Se retira la \u00faltima suspensi\u00f3n contra Santa Luc\u00eda\",\"datePublished\":\"2019-10-17T05:09:44+00:00\",\"dateModified\":\"2019-10-17T05:18:47+00:00\",\"mainEntityOfPage\":{\"@id\":\"https:\/\/nitu.mx\/index.php\/2019\/10\/17\/se-retira-la-ultima-suspension-contra-santa-lucia\/\"},\"wordCount\":541,\"commentCount\":0,\"publisher\":{\"@id\":\"https:\/\/nitu.mx\/#\/schema\/person\/ae7a53426417292d3dd07b45a33e01bc\"},\"image\":{\"@id\":\"https:\/\/nitu.mx\/index.php\/2019\/10\/17\/se-retira-la-ultima-suspension-contra-santa-lucia\/#primaryimage\"},\"thumbnailUrl\":\"https:\/\/nitu.mx\/wp-content\/uploads\/2019\/10\/Santa-Luci\u0301a-aeropuerto.jpg\",\"keywords\":[\"Gerardo Carrasco.\",\"Jorge Arturo Camero Ocampo\",\"Santa Luc\u00eda\",\"Suspension\"],\"articleSection\":[\"Aerol\u00edneas\",\"M\u00e9xico\"],\"inLanguage\":\"es-MX\",\"potentialAction\":[{\"@type\":\"CommentAction\",\"name\":\"Comment\",\"target\":[\"https:\/\/nitu.mx\/index.php\/2019\/10\/17\/se-retira-la-ultima-suspension-contra-santa-lucia\/#respond\"]}]},{\"@type\":\"WebPage\",\"@id\":\"https:\/\/nitu.mx\/index.php\/2019\/10\/17\/se-retira-la-ultima-suspension-contra-santa-lucia\/\",\"url\":\"https:\/\/nitu.mx\/index.php\/2019\/10\/17\/se-retira-la-ultima-suspension-contra-santa-lucia\/\",\"name\":\"Se retira la \u00faltima suspensi\u00f3n contra Santa Luc\u00eda - Nitu - Noticias de la Industria Turistica\",\"isPartOf\":{\"@id\":\"https:\/\/nitu.mx\/#website\"},\"primaryImageOfPage\":{\"@id\":\"https:\/\/nitu.mx\/index.php\/2019\/10\/17\/se-retira-la-ultima-suspension-contra-santa-lucia\/#primaryimage\"},\"image\":{\"@id\":\"https:\/\/nitu.mx\/index.php\/2019\/10\/17\/se-retira-la-ultima-suspension-contra-santa-lucia\/#primaryimage\"},\"thumbnailUrl\":\"https:\/\/nitu.mx\/wp-content\/uploads\/2019\/10\/Santa-Luci\u0301a-aeropuerto.jpg\",\"datePublished\":\"2019-10-17T05:09:44+00:00\",\"dateModified\":\"2019-10-17T05:18:47+00:00\",\"description\":\"El D\u00e9cimo Tribunal Colegiado en Materia Administrativa de la Ciudad de M\u00e9xico frevoc\u00f3 la \u00faltima suspensi\u00f3n contra el aeropuerto de Santa Luc\u00eda.\",\"breadcrumb\":{\"@id\":\"https:\/\/nitu.mx\/index.php\/2019\/10\/17\/se-retira-la-ultima-suspension-contra-santa-lucia\/#breadcrumb\"},\"inLanguage\":\"es-MX\",\"potentialAction\":[{\"@type\":\"ReadAction\",\"target\":[\"https:\/\/nitu.mx\/index.php\/2019\/10\/17\/se-retira-la-ultima-suspension-contra-santa-lucia\/\"]}]},{\"@type\":\"ImageObject\",\"inLanguage\":\"es-MX\",\"@id\":\"https:\/\/nitu.mx\/index.php\/2019\/10\/17\/se-retira-la-ultima-suspension-contra-santa-lucia\/#primaryimage\",\"url\":\"https:\/\/nitu.mx\/wp-content\/uploads\/2019\/10\/Santa-Luci\u0301a-aeropuerto.jpg\",\"contentUrl\":\"https:\/\/nitu.mx\/wp-content\/uploads\/2019\/10\/Santa-Luci\u0301a-aeropuerto.jpg\",\"width\":850,\"height\":480,\"caption\":\"Santa Luci\u0301a aeropuerto\"},{\"@type\":\"BreadcrumbList\",\"@id\":\"https:\/\/nitu.mx\/index.php\/2019\/10\/17\/se-retira-la-ultima-suspension-contra-santa-lucia\/#breadcrumb\",\"itemListElement\":[{\"@type\":\"ListItem\",\"position\":1,\"name\":\"Inicio\",\"item\":\"https:\/\/nitu.mx\/\"},{\"@type\":\"ListItem\",\"position\":2,\"name\":\"Se retira la \u00faltima suspensi\u00f3n contra Santa Luc\u00eda\"}]},{\"@type\":\"WebSite\",\"@id\":\"https:\/\/nitu.mx\/#website\",\"url\":\"https:\/\/nitu.mx\/\",\"name\":\"Nitu - Noticias de la Industria Turistica\",\"description\":\"Noticias de la Industria Turistica\",\"publisher\":{\"@id\":\"https:\/\/nitu.mx\/#\/schema\/person\/ae7a53426417292d3dd07b45a33e01bc\"},\"alternateName\":\"Noticias de la Industria Turistica\",\"potentialAction\":[{\"@type\":\"SearchAction\",\"target\":{\"@type\":\"EntryPoint\",\"urlTemplate\":\"https:\/\/nitu.mx\/?s={search_term_string}\"},\"query-input\":\"required name=search_term_string\"}],\"inLanguage\":\"es-MX\"},{\"@type\":[\"Person\",\"Organization\"],\"@id\":\"https:\/\/nitu.mx\/#\/schema\/person\/ae7a53426417292d3dd07b45a33e01bc\",\"name\":\"Arturo Medina\",\"image\":{\"@type\":\"ImageObject\",\"inLanguage\":\"es-MX\",\"@id\":\"https:\/\/nitu.mx\/#\/schema\/person\/image\/\",\"url\":\"https:\/\/nitu.mx\/wp-content\/uploads\/2024\/04\/4A315622-1904-4D5C-B022-878CDC840E04-90x90-1.jpeg\",\"contentUrl\":\"https:\/\/nitu.mx\/wp-content\/uploads\/2024\/04\/4A315622-1904-4D5C-B022-878CDC840E04-90x90-1.jpeg\",\"width\":90,\"height\":90,\"caption\":\"Arturo Medina\"},\"logo\":{\"@id\":\"https:\/\/nitu.mx\/#\/schema\/person\/image\/\"},\"description\":\"Director NITU.mx, Egresado de la Escuela de Periodismo Carlos Septi\u00e9n Garc\u00eda. Periodista y analista especializado en turismo desde hace 35 a\u00f1os, radicado en Canc\u00fan Q.Roo. arturo@nitu.mx\",\"sameAs\":[\"https:\/\/nitu.mx\",\"https:\/\/www.facebook.com\/NITUmx\/\",\"medinacancun\",\"https:\/\/twitter.com\/@Arturo_Medina_G\"]},{\"@type\":\"Person\",\"@id\":\"https:\/\/nitu.mx\/#\/schema\/person\/4a28fe9bd65924f7c90623773daf1b0b\",\"name\":\"Redacci\u00f3n\",\"image\":{\"@type\":\"ImageObject\",\"inLanguage\":\"es-MX\",\"@id\":\"https:\/\/nitu.mx\/#\/schema\/person\/image\/\",\"url\":\"https:\/\/secure.gravatar.com\/avatar\/5dd011c8ccfc5cd7e4c81e42252aab38?s=96&d=mm&r=g\",\"contentUrl\":\"https:\/\/secure.gravatar.com\/avatar\/5dd011c8ccfc5cd7e4c81e42252aab38?s=96&d=mm&r=g\",\"caption\":\"Redacci\u00f3n\"},\"url\":\"https:\/\/nitu.mx\/index.php\/author\/redaccion\/\"}]}<\/script>\n<!-- \/ Yoast SEO plugin. -->","yoast_head_json":{"title":"Se retira la \u00faltima suspensi\u00f3n contra Santa Luc\u00eda - Nitu - Noticias de la Industria Turistica","description":"El D\u00e9cimo Tribunal Colegiado en Materia Administrativa de la Ciudad de M\u00e9xico frevoc\u00f3 la \u00faltima suspensi\u00f3n contra el aeropuerto de Santa Luc\u00eda.","robots":{"index":"index","follow":"follow","max-snippet":"max-snippet:-1","max-image-preview":"max-image-preview:large","max-video-preview":"max-video-preview:-1"},"canonical":"https:\/\/nitu.mx\/index.php\/2019\/10\/17\/se-retira-la-ultima-suspension-contra-santa-lucia\/","twitter_card":"summary_large_image","twitter_title":"Se retira la \u00faltima suspensi\u00f3n contra Santa Luc\u00eda - Nitu - Noticias de la Industria Turistica","twitter_description":"El D\u00e9cimo Tribunal Colegiado en Materia Administrativa de la Ciudad de M\u00e9xico frevoc\u00f3 la \u00faltima suspensi\u00f3n contra el aeropuerto de Santa Luc\u00eda.","twitter_image":"https:\/\/nitu.mx\/wp-content\/uploads\/2019\/10\/Santa-Luci\u0301a-aeropuerto.jpg","twitter_creator":"@NITUmx","twitter_site":"@Arturo_Medina_G","twitter_misc":{"Escrito por":"Redacci\u00f3n","Tiempo de lectura":"3 minutos"},"schema":{"@context":"https:\/\/schema.org","@graph":[{"@type":"Article","@id":"https:\/\/nitu.mx\/index.php\/2019\/10\/17\/se-retira-la-ultima-suspension-contra-santa-lucia\/#article","isPartOf":{"@id":"https:\/\/nitu.mx\/index.php\/2019\/10\/17\/se-retira-la-ultima-suspension-contra-santa-lucia\/"},"author":{"name":"Redacci\u00f3n","@id":"https:\/\/nitu.mx\/#\/schema\/person\/4a28fe9bd65924f7c90623773daf1b0b"},"headline":"Se retira la \u00faltima suspensi\u00f3n contra Santa Luc\u00eda","datePublished":"2019-10-17T05:09:44+00:00","dateModified":"2019-10-17T05:18:47+00:00","mainEntityOfPage":{"@id":"https:\/\/nitu.mx\/index.php\/2019\/10\/17\/se-retira-la-ultima-suspension-contra-santa-lucia\/"},"wordCount":541,"commentCount":0,"publisher":{"@id":"https:\/\/nitu.mx\/#\/schema\/person\/ae7a53426417292d3dd07b45a33e01bc"},"image":{"@id":"https:\/\/nitu.mx\/index.php\/2019\/10\/17\/se-retira-la-ultima-suspension-contra-santa-lucia\/#primaryimage"},"thumbnailUrl":"https:\/\/nitu.mx\/wp-content\/uploads\/2019\/10\/Santa-Luci\u0301a-aeropuerto.jpg","keywords":["Gerardo Carrasco.","Jorge Arturo Camero Ocampo","Santa Luc\u00eda","Suspension"],"articleSection":["Aerol\u00edneas","M\u00e9xico"],"inLanguage":"es-MX","potentialAction":[{"@type":"CommentAction","name":"Comment","target":["https:\/\/nitu.mx\/index.php\/2019\/10\/17\/se-retira-la-ultima-suspension-contra-santa-lucia\/#respond"]}]},{"@type":"WebPage","@id":"https:\/\/nitu.mx\/index.php\/2019\/10\/17\/se-retira-la-ultima-suspension-contra-santa-lucia\/","url":"https:\/\/nitu.mx\/index.php\/2019\/10\/17\/se-retira-la-ultima-suspension-contra-santa-lucia\/","name":"Se retira la \u00faltima suspensi\u00f3n contra Santa Luc\u00eda - Nitu - Noticias de la Industria Turistica","isPartOf":{"@id":"https:\/\/nitu.mx\/#website"},"primaryImageOfPage":{"@id":"https:\/\/nitu.mx\/index.php\/2019\/10\/17\/se-retira-la-ultima-suspension-contra-santa-lucia\/#primaryimage"},"image":{"@id":"https:\/\/nitu.mx\/index.php\/2019\/10\/17\/se-retira-la-ultima-suspension-contra-santa-lucia\/#primaryimage"},"thumbnailUrl":"https:\/\/nitu.mx\/wp-content\/uploads\/2019\/10\/Santa-Luci\u0301a-aeropuerto.jpg","datePublished":"2019-10-17T05:09:44+00:00","dateModified":"2019-10-17T05:18:47+00:00","description":"El D\u00e9cimo Tribunal Colegiado en Materia Administrativa de la Ciudad de M\u00e9xico frevoc\u00f3 la \u00faltima suspensi\u00f3n contra el aeropuerto de Santa Luc\u00eda.","breadcrumb":{"@id":"https:\/\/nitu.mx\/index.php\/2019\/10\/17\/se-retira-la-ultima-suspension-contra-santa-lucia\/#breadcrumb"},"inLanguage":"es-MX","potentialAction":[{"@type":"ReadAction","target":["https:\/\/nitu.mx\/index.php\/2019\/10\/17\/se-retira-la-ultima-suspension-contra-santa-lucia\/"]}]},{"@type":"ImageObject","inLanguage":"es-MX","@id":"https:\/\/nitu.mx\/index.php\/2019\/10\/17\/se-retira-la-ultima-suspension-contra-santa-lucia\/#primaryimage","url":"https:\/\/nitu.mx\/wp-content\/uploads\/2019\/10\/Santa-Luci\u0301a-aeropuerto.jpg","contentUrl":"https:\/\/nitu.mx\/wp-content\/uploads\/2019\/10\/Santa-Luci\u0301a-aeropuerto.jpg","width":850,"height":480,"caption":"Santa Luci\u0301a aeropuerto"},{"@type":"BreadcrumbList","@id":"https:\/\/nitu.mx\/index.php\/2019\/10\/17\/se-retira-la-ultima-suspension-contra-santa-lucia\/#breadcrumb","itemListElement":[{"@type":"ListItem","position":1,"name":"Inicio","item":"https:\/\/nitu.mx\/"},{"@type":"ListItem","position":2,"name":"Se retira la \u00faltima suspensi\u00f3n contra Santa Luc\u00eda"}]},{"@type":"WebSite","@id":"https:\/\/nitu.mx\/#website","url":"https:\/\/nitu.mx\/","name":"Nitu - Noticias de la Industria Turistica","description":"Noticias de la Industria Turistica","publisher":{"@id":"https:\/\/nitu.mx\/#\/schema\/person\/ae7a53426417292d3dd07b45a33e01bc"},"alternateName":"Noticias de la Industria Turistica","potentialAction":[{"@type":"SearchAction","target":{"@type":"EntryPoint","urlTemplate":"https:\/\/nitu.mx\/?s={search_term_string}"},"query-input":"required name=search_term_string"}],"inLanguage":"es-MX"},{"@type":["Person","Organization"],"@id":"https:\/\/nitu.mx\/#\/schema\/person\/ae7a53426417292d3dd07b45a33e01bc","name":"Arturo Medina","image":{"@type":"ImageObject","inLanguage":"es-MX","@id":"https:\/\/nitu.mx\/#\/schema\/person\/image\/","url":"https:\/\/nitu.mx\/wp-content\/uploads\/2024\/04\/4A315622-1904-4D5C-B022-878CDC840E04-90x90-1.jpeg","contentUrl":"https:\/\/nitu.mx\/wp-content\/uploads\/2024\/04\/4A315622-1904-4D5C-B022-878CDC840E04-90x90-1.jpeg","width":90,"height":90,"caption":"Arturo Medina"},"logo":{"@id":"https:\/\/nitu.mx\/#\/schema\/person\/image\/"},"description":"Director NITU.mx, Egresado de la Escuela de Periodismo Carlos Septi\u00e9n Garc\u00eda. Periodista y analista especializado en turismo desde hace 35 a\u00f1os, radicado en Canc\u00fan Q.Roo. arturo@nitu.mx","sameAs":["https:\/\/nitu.mx","https:\/\/www.facebook.com\/NITUmx\/","medinacancun","https:\/\/twitter.com\/@Arturo_Medina_G"]},{"@type":"Person","@id":"https:\/\/nitu.mx\/#\/schema\/person\/4a28fe9bd65924f7c90623773daf1b0b","name":"Redacci\u00f3n","image":{"@type":"ImageObject","inLanguage":"es-MX","@id":"https:\/\/nitu.mx\/#\/schema\/person\/image\/","url":"https:\/\/secure.gravatar.com\/avatar\/5dd011c8ccfc5cd7e4c81e42252aab38?s=96&d=mm&r=g","contentUrl":"https:\/\/secure.gravatar.com\/avatar\/5dd011c8ccfc5cd7e4c81e42252aab38?s=96&d=mm&r=g","caption":"Redacci\u00f3n"},"url":"https:\/\/nitu.mx\/index.php\/author\/redaccion\/"}]}},"views":307,"_links":{"self":[{"href":"https:\/\/nitu.mx\/index.php\/wp-json\/wp\/v2\/posts\/36592"}],"collection":[{"href":"https:\/\/nitu.mx\/index.php\/wp-json\/wp\/v2\/posts"}],"about":[{"href":"https:\/\/nitu.mx\/index.php\/wp-json\/wp\/v2\/types\/post"}],"author":[{"embeddable":true,"href":"https:\/\/nitu.mx\/index.php\/wp-json\/wp\/v2\/users\/17"}],"replies":[{"embeddable":true,"href":"https:\/\/nitu.mx\/index.php\/wp-json\/wp\/v2\/comments?post=36592"}],"version-history":[{"count":2,"href":"https:\/\/nitu.mx\/index.php\/wp-json\/wp\/v2\/posts\/36592\/revisions"}],"predecessor-version":[{"id":36620,"href":"https:\/\/nitu.mx\/index.php\/wp-json\/wp\/v2\/posts\/36592\/revisions\/36620"}],"wp:featuredmedia":[{"embeddable":true,"href":"https:\/\/nitu.mx\/index.php\/wp-json\/wp\/v2\/media\/36337"}],"wp:attachment":[{"href":"https:\/\/nitu.mx\/index.php\/wp-json\/wp\/v2\/media?parent=36592"}],"wp:term":[{"taxonomy":"category","embeddable":true,"href":"https:\/\/nitu.mx\/index.php\/wp-json\/wp\/v2\/categories?post=36592"},{"taxonomy":"post_tag","embeddable":true,"href":"https:\/\/nitu.mx\/index.php\/wp-json\/wp\/v2\/tags?post=36592"}],"curies":[{"name":"wp","href":"https:\/\/api.w.org\/{rel}","templated":true}]}}