{"id":3651,"date":"2016-11-06T23:34:34","date_gmt":"2016-11-07T04:34:34","guid":{"rendered":"http:\/\/www.dev.nitu.mx\/?p=3651"},"modified":"2016-11-06T23:58:27","modified_gmt":"2016-11-07T04:58:27","slug":"enrique-de-la-madrid-buscara-atraer-mas-turistas-europa","status":"publish","type":"post","link":"https:\/\/nitu.mx\/index.php\/2016\/11\/06\/enrique-de-la-madrid-buscara-atraer-mas-turistas-europa\/","title":{"rendered":"Enrique de la Madrid buscar\u00e1 atraer m\u00e1s turistas de Europa"},"content":{"rendered":"<p>Con el fin de atraer m\u00e1s turismo de alto impacto a M\u00e9xico, el secretario de Turismo, Enrique de la Madrid, iniciar\u00e1 este lunes, una gira de trabajo por Europa, espec\u00edficamente en Inglaterra y Francia, en donde se reunir\u00e1 con empresarios y representantes de la industria tur\u00edstica de esos pa\u00edses para exponer el impacto econ\u00f3mico de esta industria y las ventajas de invertir en M\u00e9xico.<\/p>\n<p>Esta gira de trabajo tiene como objetivo atraer un mayor flujo de viajeros internacionales a nuestro pa\u00eds, y consolidar a\u00fan m\u00e1s la actividad tur\u00edstica, la cual es la tercera fuente de ingresos de divisas.<\/p>\n<p>De la Madrid inaugurar\u00e1 el pabell\u00f3n de M\u00e9xico en el World Travel Market (WTM) en Londres, una de las ferias tur\u00edsticas m\u00e1s importantes de Europa, y en donde nuestro pa\u00eds expondr\u00e1 su amplia y diversa oferta tur\u00edstica. De acuerdo a datos de la Secretar\u00eda de Turismo (Sectur), en este importante evento internacional, acuden m\u00e1s de nueve mil compradores y se realizan en promedio 300 mil citas de negocios, de todo el mundo.<\/p>\n<p>El titular de la Sectur tiene agendados en Inglaterra, encuentros con Jhon Tacker, vicepresidente de Sourcing GTA. Jhon Tacker Managin, director de Group Product &amp; Purchasing TUI Group y con Richard Salomon, CEO de IHG. Adem\u00e1s, se reunir\u00e1 con empresarios tur\u00edsticos brit\u00e1nicos y mexicanos, a quienes les expondr\u00e1 el impacto econ\u00f3mico que ha tenido esta industria en el pa\u00eds.<\/p>\n<p>As\u00ed mismo, Enrique de la Madrid se reunir\u00e1 con Tracy Crouch, ministra de Cultura, Deporte y Turismo de Inglaterra con quien intercambiar\u00e1 puntos de vista del sector en ambas naciones, Por \u00faltimo, participar\u00e1 en el Foro de Inversi\u00f3n, organizado por el peri\u00f3dico Finantial Times.<\/p>\n<p>En Francia, el secretario de Turismo acudir\u00e1 a la presentaci\u00f3n de la Evaluaci\u00f3n del Turismo en M\u00e9xico, documento que analiza el emprendedurismo y Pymes, as\u00ed como el desarrollo local y regional en nuestro pa\u00eds, y que fue realizado por la Organizaci\u00f3n para la Cooperaci\u00f3n y el Desarrollo Econ\u00f3micos (OCDE).<\/p>\n","protected":false},"excerpt":{"rendered":"<p>Con el fin de atraer m\u00e1s turismo de alto impacto a M\u00e9xico, el secretario de Turismo, Enrique de la Madrid, iniciar\u00e1 este lunes, una gira de trabajo por Europa, espec\u00edficamente en Inglaterra y Francia, en donde se reunir\u00e1 con empresarios y representantes de la industria tur\u00edstica de esos pa\u00edses para exponer el impacto econ\u00f3mico de [&hellip;]<\/p>\n","protected":false},"author":5,"featured_media":3654,"comment_status":"open","ping_status":"open","sticky":false,"template":"","format":"standard","meta":{"footnotes":""},"categories":[12,6],"tags":[176,1518,1479,1517,1516],"yoast_head":"<!-- This site is optimized with the Yoast SEO plugin v22.2 - https:\/\/yoast.com\/wordpress\/plugins\/seo\/ -->\n<title>Enrique de la Madrid buscar\u00e1 atraer m\u00e1s turistas de Europa - Nitu - Noticias de la Industria Turistica<\/title>\n<meta name=\"description\" content=\"Enrique de la Madrid, iniciar\u00e1 una gira de trabajo por Inglaterra y Francia, donde se reunir\u00e1 con empresarios y representantes de la industria tur\u00edstica.\" \/>\n<meta name=\"robots\" content=\"index, follow, max-snippet:-1, max-image-preview:large, max-video-preview:-1\" \/>\n<link rel=\"canonical\" href=\"https:\/\/nitu.mx\/index.php\/2016\/11\/06\/enrique-de-la-madrid-buscara-atraer-mas-turistas-europa\/\" \/>\n<meta name=\"twitter:card\" content=\"summary_large_image\" \/>\n<meta name=\"twitter:title\" content=\"Enrique de la Madrid buscar\u00e1 atraer m\u00e1s turistas de Europa - Nitu - Noticias de la Industria Turistica\" \/>\n<meta name=\"twitter:description\" content=\"Enrique de la Madrid, iniciar\u00e1 una gira de trabajo por Inglaterra y Francia, donde se reunir\u00e1 con empresarios y representantes de la industria tur\u00edstica.\" \/>\n<meta name=\"twitter:image\" content=\"https:\/\/nitu.mx\/wp-content\/uploads\/2016\/11\/enrique-de-la-madrid-WTF-1.jpg\" \/>\n<meta name=\"twitter:creator\" content=\"@NITUmx\" \/>\n<meta name=\"twitter:site\" content=\"@Arturo_Medina_G\" \/>\n<meta name=\"twitter:label1\" content=\"Escrito por\" \/>\n\t<meta name=\"twitter:data1\" content=\"Mari Soto\" \/>\n\t<meta name=\"twitter:label2\" content=\"Tiempo de lectura\" \/>\n\t<meta name=\"twitter:data2\" content=\"2 minutos\" \/>\n<script type=\"application\/ld+json\" class=\"yoast-schema-graph\">{\"@context\":\"https:\/\/schema.org\",\"@graph\":[{\"@type\":\"Article\",\"@id\":\"https:\/\/nitu.mx\/index.php\/2016\/11\/06\/enrique-de-la-madrid-buscara-atraer-mas-turistas-europa\/#article\",\"isPartOf\":{\"@id\":\"https:\/\/nitu.mx\/index.php\/2016\/11\/06\/enrique-de-la-madrid-buscara-atraer-mas-turistas-europa\/\"},\"author\":{\"name\":\"Mari Soto\",\"@id\":\"https:\/\/nitu.mx\/#\/schema\/person\/afc52e313e27e660739556d421d3d6b4\"},\"headline\":\"Enrique de la Madrid buscar\u00e1 atraer m\u00e1s turistas de Europa\",\"datePublished\":\"2016-11-07T04:34:34+00:00\",\"dateModified\":\"2016-11-07T04:58:27+00:00\",\"mainEntityOfPage\":{\"@id\":\"https:\/\/nitu.mx\/index.php\/2016\/11\/06\/enrique-de-la-madrid-buscara-atraer-mas-turistas-europa\/\"},\"wordCount\":365,\"commentCount\":0,\"publisher\":{\"@id\":\"https:\/\/nitu.mx\/#\/schema\/person\/ae7a53426417292d3dd07b45a33e01bc\"},\"image\":{\"@id\":\"https:\/\/nitu.mx\/index.php\/2016\/11\/06\/enrique-de-la-madrid-buscara-atraer-mas-turistas-europa\/#primaryimage\"},\"thumbnailUrl\":\"https:\/\/nitu.mx\/wp-content\/uploads\/2016\/11\/enrique-de-la-madrid-WTF-1.jpg\",\"keywords\":[\"Enrique de la Madrid\",\"Jhon Tacker\",\"Londres\",\"Tracy Crouch\",\"World Travel Market (WTM)\"],\"articleSection\":[\"Marketing\",\"M\u00e9xico\"],\"inLanguage\":\"es-MX\",\"potentialAction\":[{\"@type\":\"CommentAction\",\"name\":\"Comment\",\"target\":[\"https:\/\/nitu.mx\/index.php\/2016\/11\/06\/enrique-de-la-madrid-buscara-atraer-mas-turistas-europa\/#respond\"]}]},{\"@type\":\"WebPage\",\"@id\":\"https:\/\/nitu.mx\/index.php\/2016\/11\/06\/enrique-de-la-madrid-buscara-atraer-mas-turistas-europa\/\",\"url\":\"https:\/\/nitu.mx\/index.php\/2016\/11\/06\/enrique-de-la-madrid-buscara-atraer-mas-turistas-europa\/\",\"name\":\"Enrique de la Madrid buscar\u00e1 atraer m\u00e1s turistas de Europa - Nitu - Noticias de la Industria Turistica\",\"isPartOf\":{\"@id\":\"https:\/\/nitu.mx\/#website\"},\"primaryImageOfPage\":{\"@id\":\"https:\/\/nitu.mx\/index.php\/2016\/11\/06\/enrique-de-la-madrid-buscara-atraer-mas-turistas-europa\/#primaryimage\"},\"image\":{\"@id\":\"https:\/\/nitu.mx\/index.php\/2016\/11\/06\/enrique-de-la-madrid-buscara-atraer-mas-turistas-europa\/#primaryimage\"},\"thumbnailUrl\":\"https:\/\/nitu.mx\/wp-content\/uploads\/2016\/11\/enrique-de-la-madrid-WTF-1.jpg\",\"datePublished\":\"2016-11-07T04:34:34+00:00\",\"dateModified\":\"2016-11-07T04:58:27+00:00\",\"description\":\"Enrique de la Madrid, iniciar\u00e1 una gira de trabajo por Inglaterra y Francia, donde se reunir\u00e1 con empresarios y representantes de la industria tur\u00edstica.\",\"breadcrumb\":{\"@id\":\"https:\/\/nitu.mx\/index.php\/2016\/11\/06\/enrique-de-la-madrid-buscara-atraer-mas-turistas-europa\/#breadcrumb\"},\"inLanguage\":\"es-MX\",\"potentialAction\":[{\"@type\":\"ReadAction\",\"target\":[\"https:\/\/nitu.mx\/index.php\/2016\/11\/06\/enrique-de-la-madrid-buscara-atraer-mas-turistas-europa\/\"]}]},{\"@type\":\"ImageObject\",\"inLanguage\":\"es-MX\",\"@id\":\"https:\/\/nitu.mx\/index.php\/2016\/11\/06\/enrique-de-la-madrid-buscara-atraer-mas-turistas-europa\/#primaryimage\",\"url\":\"https:\/\/nitu.mx\/wp-content\/uploads\/2016\/11\/enrique-de-la-madrid-WTF-1.jpg\",\"contentUrl\":\"https:\/\/nitu.mx\/wp-content\/uploads\/2016\/11\/enrique-de-la-madrid-WTF-1.jpg\",\"width\":1540,\"height\":1058,\"caption\":\"enrique de la madrid wtm\"},{\"@type\":\"BreadcrumbList\",\"@id\":\"https:\/\/nitu.mx\/index.php\/2016\/11\/06\/enrique-de-la-madrid-buscara-atraer-mas-turistas-europa\/#breadcrumb\",\"itemListElement\":[{\"@type\":\"ListItem\",\"position\":1,\"name\":\"Inicio\",\"item\":\"https:\/\/nitu.mx\/\"},{\"@type\":\"ListItem\",\"position\":2,\"name\":\"Enrique de la Madrid buscar\u00e1 atraer m\u00e1s turistas de Europa\"}]},{\"@type\":\"WebSite\",\"@id\":\"https:\/\/nitu.mx\/#website\",\"url\":\"https:\/\/nitu.mx\/\",\"name\":\"Nitu - Noticias de la Industria Turistica\",\"description\":\"Noticias de la Industria Turistica\",\"publisher\":{\"@id\":\"https:\/\/nitu.mx\/#\/schema\/person\/ae7a53426417292d3dd07b45a33e01bc\"},\"alternateName\":\"Noticias de la Industria Turistica\",\"potentialAction\":[{\"@type\":\"SearchAction\",\"target\":{\"@type\":\"EntryPoint\",\"urlTemplate\":\"https:\/\/nitu.mx\/?s={search_term_string}\"},\"query-input\":\"required name=search_term_string\"}],\"inLanguage\":\"es-MX\"},{\"@type\":[\"Person\",\"Organization\"],\"@id\":\"https:\/\/nitu.mx\/#\/schema\/person\/ae7a53426417292d3dd07b45a33e01bc\",\"name\":\"Arturo Medina\",\"image\":{\"@type\":\"ImageObject\",\"inLanguage\":\"es-MX\",\"@id\":\"https:\/\/nitu.mx\/#\/schema\/person\/image\/\",\"url\":\"https:\/\/nitu.mx\/wp-content\/uploads\/2024\/04\/4A315622-1904-4D5C-B022-878CDC840E04-90x90-1.jpeg\",\"contentUrl\":\"https:\/\/nitu.mx\/wp-content\/uploads\/2024\/04\/4A315622-1904-4D5C-B022-878CDC840E04-90x90-1.jpeg\",\"width\":90,\"height\":90,\"caption\":\"Arturo Medina\"},\"logo\":{\"@id\":\"https:\/\/nitu.mx\/#\/schema\/person\/image\/\"},\"description\":\"Director NITU.mx, Egresado de la Escuela de Periodismo Carlos Septi\u00e9n Garc\u00eda. Periodista y analista especializado en turismo desde hace 35 a\u00f1os, radicado en Canc\u00fan Q.Roo. arturo@nitu.mx\",\"sameAs\":[\"https:\/\/nitu.mx\",\"https:\/\/www.facebook.com\/NITUmx\/\",\"medinacancun\",\"https:\/\/twitter.com\/@Arturo_Medina_G\"]},{\"@type\":\"Person\",\"@id\":\"https:\/\/nitu.mx\/#\/schema\/person\/afc52e313e27e660739556d421d3d6b4\",\"name\":\"Mari Soto\",\"image\":{\"@type\":\"ImageObject\",\"inLanguage\":\"es-MX\",\"@id\":\"https:\/\/nitu.mx\/#\/schema\/person\/image\/\",\"url\":\"https:\/\/secure.gravatar.com\/avatar\/2619c282a180a20d89fcaea82a6736e2?s=96&d=mm&r=g\",\"contentUrl\":\"https:\/\/secure.gravatar.com\/avatar\/2619c282a180a20d89fcaea82a6736e2?s=96&d=mm&r=g\",\"caption\":\"Mari Soto\"},\"sameAs\":[\"https:\/\/nitu.mx\"],\"url\":\"https:\/\/nitu.mx\/index.php\/author\/guadalupe\/\"}]}<\/script>\n<!-- \/ Yoast SEO plugin. -->","yoast_head_json":{"title":"Enrique de la Madrid buscar\u00e1 atraer m\u00e1s turistas de Europa - Nitu - Noticias de la Industria Turistica","description":"Enrique de la Madrid, iniciar\u00e1 una gira de trabajo por Inglaterra y Francia, donde se reunir\u00e1 con empresarios y representantes de la industria tur\u00edstica.","robots":{"index":"index","follow":"follow","max-snippet":"max-snippet:-1","max-image-preview":"max-image-preview:large","max-video-preview":"max-video-preview:-1"},"canonical":"https:\/\/nitu.mx\/index.php\/2016\/11\/06\/enrique-de-la-madrid-buscara-atraer-mas-turistas-europa\/","twitter_card":"summary_large_image","twitter_title":"Enrique de la Madrid buscar\u00e1 atraer m\u00e1s turistas de Europa - Nitu - Noticias de la Industria Turistica","twitter_description":"Enrique de la Madrid, iniciar\u00e1 una gira de trabajo por Inglaterra y Francia, donde se reunir\u00e1 con empresarios y representantes de la industria tur\u00edstica.","twitter_image":"https:\/\/nitu.mx\/wp-content\/uploads\/2016\/11\/enrique-de-la-madrid-WTF-1.jpg","twitter_creator":"@NITUmx","twitter_site":"@Arturo_Medina_G","twitter_misc":{"Escrito por":"Mari Soto","Tiempo de lectura":"2 minutos"},"schema":{"@context":"https:\/\/schema.org","@graph":[{"@type":"Article","@id":"https:\/\/nitu.mx\/index.php\/2016\/11\/06\/enrique-de-la-madrid-buscara-atraer-mas-turistas-europa\/#article","isPartOf":{"@id":"https:\/\/nitu.mx\/index.php\/2016\/11\/06\/enrique-de-la-madrid-buscara-atraer-mas-turistas-europa\/"},"author":{"name":"Mari Soto","@id":"https:\/\/nitu.mx\/#\/schema\/person\/afc52e313e27e660739556d421d3d6b4"},"headline":"Enrique de la Madrid buscar\u00e1 atraer m\u00e1s turistas de Europa","datePublished":"2016-11-07T04:34:34+00:00","dateModified":"2016-11-07T04:58:27+00:00","mainEntityOfPage":{"@id":"https:\/\/nitu.mx\/index.php\/2016\/11\/06\/enrique-de-la-madrid-buscara-atraer-mas-turistas-europa\/"},"wordCount":365,"commentCount":0,"publisher":{"@id":"https:\/\/nitu.mx\/#\/schema\/person\/ae7a53426417292d3dd07b45a33e01bc"},"image":{"@id":"https:\/\/nitu.mx\/index.php\/2016\/11\/06\/enrique-de-la-madrid-buscara-atraer-mas-turistas-europa\/#primaryimage"},"thumbnailUrl":"https:\/\/nitu.mx\/wp-content\/uploads\/2016\/11\/enrique-de-la-madrid-WTF-1.jpg","keywords":["Enrique de la Madrid","Jhon Tacker","Londres","Tracy Crouch","World Travel Market (WTM)"],"articleSection":["Marketing","M\u00e9xico"],"inLanguage":"es-MX","potentialAction":[{"@type":"CommentAction","name":"Comment","target":["https:\/\/nitu.mx\/index.php\/2016\/11\/06\/enrique-de-la-madrid-buscara-atraer-mas-turistas-europa\/#respond"]}]},{"@type":"WebPage","@id":"https:\/\/nitu.mx\/index.php\/2016\/11\/06\/enrique-de-la-madrid-buscara-atraer-mas-turistas-europa\/","url":"https:\/\/nitu.mx\/index.php\/2016\/11\/06\/enrique-de-la-madrid-buscara-atraer-mas-turistas-europa\/","name":"Enrique de la Madrid buscar\u00e1 atraer m\u00e1s turistas de Europa - Nitu - Noticias de la Industria Turistica","isPartOf":{"@id":"https:\/\/nitu.mx\/#website"},"primaryImageOfPage":{"@id":"https:\/\/nitu.mx\/index.php\/2016\/11\/06\/enrique-de-la-madrid-buscara-atraer-mas-turistas-europa\/#primaryimage"},"image":{"@id":"https:\/\/nitu.mx\/index.php\/2016\/11\/06\/enrique-de-la-madrid-buscara-atraer-mas-turistas-europa\/#primaryimage"},"thumbnailUrl":"https:\/\/nitu.mx\/wp-content\/uploads\/2016\/11\/enrique-de-la-madrid-WTF-1.jpg","datePublished":"2016-11-07T04:34:34+00:00","dateModified":"2016-11-07T04:58:27+00:00","description":"Enrique de la Madrid, iniciar\u00e1 una gira de trabajo por Inglaterra y Francia, donde se reunir\u00e1 con empresarios y representantes de la industria tur\u00edstica.","breadcrumb":{"@id":"https:\/\/nitu.mx\/index.php\/2016\/11\/06\/enrique-de-la-madrid-buscara-atraer-mas-turistas-europa\/#breadcrumb"},"inLanguage":"es-MX","potentialAction":[{"@type":"ReadAction","target":["https:\/\/nitu.mx\/index.php\/2016\/11\/06\/enrique-de-la-madrid-buscara-atraer-mas-turistas-europa\/"]}]},{"@type":"ImageObject","inLanguage":"es-MX","@id":"https:\/\/nitu.mx\/index.php\/2016\/11\/06\/enrique-de-la-madrid-buscara-atraer-mas-turistas-europa\/#primaryimage","url":"https:\/\/nitu.mx\/wp-content\/uploads\/2016\/11\/enrique-de-la-madrid-WTF-1.jpg","contentUrl":"https:\/\/nitu.mx\/wp-content\/uploads\/2016\/11\/enrique-de-la-madrid-WTF-1.jpg","width":1540,"height":1058,"caption":"enrique de la madrid wtm"},{"@type":"BreadcrumbList","@id":"https:\/\/nitu.mx\/index.php\/2016\/11\/06\/enrique-de-la-madrid-buscara-atraer-mas-turistas-europa\/#breadcrumb","itemListElement":[{"@type":"ListItem","position":1,"name":"Inicio","item":"https:\/\/nitu.mx\/"},{"@type":"ListItem","position":2,"name":"Enrique de la Madrid buscar\u00e1 atraer m\u00e1s turistas de Europa"}]},{"@type":"WebSite","@id":"https:\/\/nitu.mx\/#website","url":"https:\/\/nitu.mx\/","name":"Nitu - Noticias de la Industria Turistica","description":"Noticias de la Industria Turistica","publisher":{"@id":"https:\/\/nitu.mx\/#\/schema\/person\/ae7a53426417292d3dd07b45a33e01bc"},"alternateName":"Noticias de la Industria Turistica","potentialAction":[{"@type":"SearchAction","target":{"@type":"EntryPoint","urlTemplate":"https:\/\/nitu.mx\/?s={search_term_string}"},"query-input":"required name=search_term_string"}],"inLanguage":"es-MX"},{"@type":["Person","Organization"],"@id":"https:\/\/nitu.mx\/#\/schema\/person\/ae7a53426417292d3dd07b45a33e01bc","name":"Arturo Medina","image":{"@type":"ImageObject","inLanguage":"es-MX","@id":"https:\/\/nitu.mx\/#\/schema\/person\/image\/","url":"https:\/\/nitu.mx\/wp-content\/uploads\/2024\/04\/4A315622-1904-4D5C-B022-878CDC840E04-90x90-1.jpeg","contentUrl":"https:\/\/nitu.mx\/wp-content\/uploads\/2024\/04\/4A315622-1904-4D5C-B022-878CDC840E04-90x90-1.jpeg","width":90,"height":90,"caption":"Arturo Medina"},"logo":{"@id":"https:\/\/nitu.mx\/#\/schema\/person\/image\/"},"description":"Director NITU.mx, Egresado de la Escuela de Periodismo Carlos Septi\u00e9n Garc\u00eda. Periodista y analista especializado en turismo desde hace 35 a\u00f1os, radicado en Canc\u00fan Q.Roo. arturo@nitu.mx","sameAs":["https:\/\/nitu.mx","https:\/\/www.facebook.com\/NITUmx\/","medinacancun","https:\/\/twitter.com\/@Arturo_Medina_G"]},{"@type":"Person","@id":"https:\/\/nitu.mx\/#\/schema\/person\/afc52e313e27e660739556d421d3d6b4","name":"Mari Soto","image":{"@type":"ImageObject","inLanguage":"es-MX","@id":"https:\/\/nitu.mx\/#\/schema\/person\/image\/","url":"https:\/\/secure.gravatar.com\/avatar\/2619c282a180a20d89fcaea82a6736e2?s=96&d=mm&r=g","contentUrl":"https:\/\/secure.gravatar.com\/avatar\/2619c282a180a20d89fcaea82a6736e2?s=96&d=mm&r=g","caption":"Mari Soto"},"sameAs":["https:\/\/nitu.mx"],"url":"https:\/\/nitu.mx\/index.php\/author\/guadalupe\/"}]}},"views":284,"_links":{"self":[{"href":"https:\/\/nitu.mx\/index.php\/wp-json\/wp\/v2\/posts\/3651"}],"collection":[{"href":"https:\/\/nitu.mx\/index.php\/wp-json\/wp\/v2\/posts"}],"about":[{"href":"https:\/\/nitu.mx\/index.php\/wp-json\/wp\/v2\/types\/post"}],"author":[{"embeddable":true,"href":"https:\/\/nitu.mx\/index.php\/wp-json\/wp\/v2\/users\/5"}],"replies":[{"embeddable":true,"href":"https:\/\/nitu.mx\/index.php\/wp-json\/wp\/v2\/comments?post=3651"}],"version-history":[{"count":2,"href":"https:\/\/nitu.mx\/index.php\/wp-json\/wp\/v2\/posts\/3651\/revisions"}],"predecessor-version":[{"id":3656,"href":"https:\/\/nitu.mx\/index.php\/wp-json\/wp\/v2\/posts\/3651\/revisions\/3656"}],"wp:featuredmedia":[{"embeddable":true,"href":"https:\/\/nitu.mx\/index.php\/wp-json\/wp\/v2\/media\/3654"}],"wp:attachment":[{"href":"https:\/\/nitu.mx\/index.php\/wp-json\/wp\/v2\/media?parent=3651"}],"wp:term":[{"taxonomy":"category","embeddable":true,"href":"https:\/\/nitu.mx\/index.php\/wp-json\/wp\/v2\/categories?post=3651"},{"taxonomy":"post_tag","embeddable":true,"href":"https:\/\/nitu.mx\/index.php\/wp-json\/wp\/v2\/tags?post=3651"}],"curies":[{"name":"wp","href":"https:\/\/api.w.org\/{rel}","templated":true}]}}