{"id":36485,"date":"2019-10-13T23:51:24","date_gmt":"2019-10-14T04:51:24","guid":{"rendered":"https:\/\/www.dev.nitu.mx\/?p=36485"},"modified":"2019-10-14T00:05:31","modified_gmt":"2019-10-14T05:05:31","slug":"cancun-riviera-maya-y-playa-del-carmen-representan-el-top-de-destinos-preferidos-por-los-viajeros","status":"publish","type":"post","link":"https:\/\/nitu.mx\/index.php\/2019\/10\/13\/cancun-riviera-maya-y-playa-del-carmen-representan-el-top-de-destinos-preferidos-por-los-viajeros\/","title":{"rendered":"Canc\u00fan, Riviera Maya y Playa del Carmen representan el top de destinos preferidos por los viajeros"},"content":{"rendered":"<p>&nbsp;<\/p>\n<p>Con el fin de continuar ampliando su oferta de productos y servicios, PriceTravel Holding, participa en el Canc\u00fan Travel Mart Summit, en donde reforzar\u00e1 que Canc\u00fan, Riviera Maya y Playa del Carmen representan el top de destinos preferidos por los viajeros, por ello el compromiso de la agencia es el de continuar fortaleciendo la promoci\u00f3n de estos importantes destinos al participar en este y otros eventos.<\/p>\n<p>Durante el \u00faltimo semestre del a\u00f1o en curso, el grupo tur\u00edstico report\u00f3 un crecimiento en ventas hacia Quintana Roo de m\u00e1s del 50 por ciento de mercado origen M\u00e9xico, mientras que de origen Latinoam\u00e9rica logra m\u00e1s del 80 por ciento, comparado con el mismo periodo del a\u00f1o anterior; en ambos mercados PriceTravel Holding mantiene un excelente liderazgo y est\u00e1 totalmente consolidada.<\/p>\n<p>La empresa contin\u00faa reforzando su portafolio con producto diferenciado a nivel nacional e internacional, as\u00ed como a trav\u00e9s de su participaci\u00f3n en iniciativas comerciales que impulsan el desarrollo tur\u00edstico y econ\u00f3mico de M\u00e9xico.<\/p>\n<p>\u201cUn gusto participar nuevamente en este importante evento, que nos permite reunirnos con los principales proveedores de la industria de Quintana Roo, a quienes les reiteraremos nuestro inter\u00e9s de continuar trabajando juntos para lograr un efecto multiplicador y con el fin de lograr que el turismo de M\u00e9xico siga creciendo.\u201d, coment\u00f3 Edgar Vargas, director de Relaci\u00f3n con Proveedores y Marketing.<\/p>\n<p>La empresa aprovecha esta plataforma de negocios para reforzar todas las acciones que le permitan fortalecer el turismo de Quintana Roo, que no solo es sol y playa, sino tambi\u00e9n pueblos m\u00e1gicos, cultura, gastron\u00f3mico, eco-aventura y mucho m\u00e1s que se puede ofrecer a los viajeros.\u00a0<a title=\"Canc\u00fan cerrar\u00e1 con buenas cifras el 2019: Francisco L\u00f3pez Reyes\" href=\"https:\/\/www.dev.nitu.mx\/index.php\/2019\/10\/10\/cancun-cerrara-con-buenas-cifras-el-2019-francisco-lopez-reyes\/\" rel=\"bookmark\">(Canc\u00fan cerrar\u00e1 con buenas cifras el 2019: Francisco L\u00f3pez Reyes<\/a>).<\/p>\n","protected":false},"excerpt":{"rendered":"<p>&nbsp; Con el fin de continuar ampliando su oferta de productos y servicios, PriceTravel Holding, participa en el Canc\u00fan Travel Mart Summit, en donde reforzar\u00e1 que Canc\u00fan, Riviera Maya y Playa del Carmen representan el top de destinos preferidos por los viajeros, por ello el compromiso de la agencia es el de continuar fortaleciendo la [&hellip;]<\/p>\n","protected":false},"author":17,"featured_media":32968,"comment_status":"open","ping_status":"open","sticky":false,"template":"","format":"standard","meta":{"footnotes":""},"categories":[3,6],"tags":[43,1197,405,2840,260,80,3788],"yoast_head":"<!-- This site is optimized with the Yoast SEO plugin v22.2 - https:\/\/yoast.com\/wordpress\/plugins\/seo\/ -->\n<title>Canc\u00fan, Riviera Maya y Playa del Carmen representan el top de destinos preferidos por los viajeros - Nitu - Noticias de la Industria Turistica<\/title>\n<meta name=\"description\" content=\"PriceTravel Holding reforzar\u00e1 que Canc\u00fan, Riviera Maya y Playa del Carmen representan el top de destinos preferidos por los viajeros.\" \/>\n<meta name=\"robots\" content=\"index, follow, max-snippet:-1, max-image-preview:large, max-video-preview:-1\" \/>\n<link rel=\"canonical\" href=\"https:\/\/nitu.mx\/index.php\/2019\/10\/13\/cancun-riviera-maya-y-playa-del-carmen-representan-el-top-de-destinos-preferidos-por-los-viajeros\/\" \/>\n<meta name=\"twitter:card\" content=\"summary_large_image\" \/>\n<meta name=\"twitter:title\" content=\"Canc\u00fan, Riviera Maya y Playa del Carmen representan el top de destinos preferidos por los viajeros - Nitu - Noticias de la Industria Turistica\" \/>\n<meta name=\"twitter:description\" content=\"PriceTravel Holding reforzar\u00e1 que Canc\u00fan, Riviera Maya y Playa del Carmen representan el top de destinos preferidos por los viajeros.\" \/>\n<meta name=\"twitter:image\" content=\"https:\/\/nitu.mx\/wp-content\/uploads\/2019\/06\/Cancun.jpg\" \/>\n<meta name=\"twitter:creator\" content=\"@NITUmx\" \/>\n<meta name=\"twitter:site\" content=\"@Arturo_Medina_G\" \/>\n<meta name=\"twitter:label1\" content=\"Escrito por\" \/>\n\t<meta name=\"twitter:data1\" content=\"Redacci\u00f3n\" \/>\n\t<meta name=\"twitter:label2\" content=\"Tiempo de lectura\" \/>\n\t<meta name=\"twitter:data2\" content=\"1 minuto\" \/>\n<script type=\"application\/ld+json\" class=\"yoast-schema-graph\">{\"@context\":\"https:\/\/schema.org\",\"@graph\":[{\"@type\":\"Article\",\"@id\":\"https:\/\/nitu.mx\/index.php\/2019\/10\/13\/cancun-riviera-maya-y-playa-del-carmen-representan-el-top-de-destinos-preferidos-por-los-viajeros\/#article\",\"isPartOf\":{\"@id\":\"https:\/\/nitu.mx\/index.php\/2019\/10\/13\/cancun-riviera-maya-y-playa-del-carmen-representan-el-top-de-destinos-preferidos-por-los-viajeros\/\"},\"author\":{\"name\":\"Redacci\u00f3n\",\"@id\":\"https:\/\/nitu.mx\/#\/schema\/person\/4a28fe9bd65924f7c90623773daf1b0b\"},\"headline\":\"Canc\u00fan, Riviera Maya y Playa del Carmen representan el top de destinos preferidos por los viajeros\",\"datePublished\":\"2019-10-14T04:51:24+00:00\",\"dateModified\":\"2019-10-14T05:05:31+00:00\",\"mainEntityOfPage\":{\"@id\":\"https:\/\/nitu.mx\/index.php\/2019\/10\/13\/cancun-riviera-maya-y-playa-del-carmen-representan-el-top-de-destinos-preferidos-por-los-viajeros\/\"},\"wordCount\":315,\"commentCount\":0,\"publisher\":{\"@id\":\"https:\/\/nitu.mx\/#\/schema\/person\/ae7a53426417292d3dd07b45a33e01bc\"},\"image\":{\"@id\":\"https:\/\/nitu.mx\/index.php\/2019\/10\/13\/cancun-riviera-maya-y-playa-del-carmen-representan-el-top-de-destinos-preferidos-por-los-viajeros\/#primaryimage\"},\"thumbnailUrl\":\"https:\/\/nitu.mx\/wp-content\/uploads\/2019\/06\/Cancun.jpg\",\"keywords\":[\"Canc\u00fan\",\"Canc\u00fan Travel Mart Summit\",\"Playa del Carmen\",\"PriceTravel Holding\",\"Quintana Roo\",\"Riviera Maya\",\"viajeros\"],\"articleSection\":[\"Agencias de Viajes\",\"M\u00e9xico\"],\"inLanguage\":\"es-MX\",\"potentialAction\":[{\"@type\":\"CommentAction\",\"name\":\"Comment\",\"target\":[\"https:\/\/nitu.mx\/index.php\/2019\/10\/13\/cancun-riviera-maya-y-playa-del-carmen-representan-el-top-de-destinos-preferidos-por-los-viajeros\/#respond\"]}]},{\"@type\":\"WebPage\",\"@id\":\"https:\/\/nitu.mx\/index.php\/2019\/10\/13\/cancun-riviera-maya-y-playa-del-carmen-representan-el-top-de-destinos-preferidos-por-los-viajeros\/\",\"url\":\"https:\/\/nitu.mx\/index.php\/2019\/10\/13\/cancun-riviera-maya-y-playa-del-carmen-representan-el-top-de-destinos-preferidos-por-los-viajeros\/\",\"name\":\"Canc\u00fan, Riviera Maya y Playa del Carmen representan el top de destinos preferidos por los viajeros - Nitu - Noticias de la Industria Turistica\",\"isPartOf\":{\"@id\":\"https:\/\/nitu.mx\/#website\"},\"primaryImageOfPage\":{\"@id\":\"https:\/\/nitu.mx\/index.php\/2019\/10\/13\/cancun-riviera-maya-y-playa-del-carmen-representan-el-top-de-destinos-preferidos-por-los-viajeros\/#primaryimage\"},\"image\":{\"@id\":\"https:\/\/nitu.mx\/index.php\/2019\/10\/13\/cancun-riviera-maya-y-playa-del-carmen-representan-el-top-de-destinos-preferidos-por-los-viajeros\/#primaryimage\"},\"thumbnailUrl\":\"https:\/\/nitu.mx\/wp-content\/uploads\/2019\/06\/Cancun.jpg\",\"datePublished\":\"2019-10-14T04:51:24+00:00\",\"dateModified\":\"2019-10-14T05:05:31+00:00\",\"description\":\"PriceTravel Holding reforzar\u00e1 que Canc\u00fan, Riviera Maya y Playa del Carmen representan el top de destinos preferidos por los viajeros.\",\"breadcrumb\":{\"@id\":\"https:\/\/nitu.mx\/index.php\/2019\/10\/13\/cancun-riviera-maya-y-playa-del-carmen-representan-el-top-de-destinos-preferidos-por-los-viajeros\/#breadcrumb\"},\"inLanguage\":\"es-MX\",\"potentialAction\":[{\"@type\":\"ReadAction\",\"target\":[\"https:\/\/nitu.mx\/index.php\/2019\/10\/13\/cancun-riviera-maya-y-playa-del-carmen-representan-el-top-de-destinos-preferidos-por-los-viajeros\/\"]}]},{\"@type\":\"ImageObject\",\"inLanguage\":\"es-MX\",\"@id\":\"https:\/\/nitu.mx\/index.php\/2019\/10\/13\/cancun-riviera-maya-y-playa-del-carmen-representan-el-top-de-destinos-preferidos-por-los-viajeros\/#primaryimage\",\"url\":\"https:\/\/nitu.mx\/wp-content\/uploads\/2019\/06\/Cancun.jpg\",\"contentUrl\":\"https:\/\/nitu.mx\/wp-content\/uploads\/2019\/06\/Cancun.jpg\",\"width\":850,\"height\":480,\"caption\":\"Cancun AMAV CPTQ ocupaci\u00f3n hotelera d\u00f3lar Quintana Roo Sedetur Expedia Sectur\"},{\"@type\":\"BreadcrumbList\",\"@id\":\"https:\/\/nitu.mx\/index.php\/2019\/10\/13\/cancun-riviera-maya-y-playa-del-carmen-representan-el-top-de-destinos-preferidos-por-los-viajeros\/#breadcrumb\",\"itemListElement\":[{\"@type\":\"ListItem\",\"position\":1,\"name\":\"Inicio\",\"item\":\"https:\/\/nitu.mx\/\"},{\"@type\":\"ListItem\",\"position\":2,\"name\":\"Canc\u00fan, Riviera Maya y Playa del Carmen representan el top de destinos preferidos por los viajeros\"}]},{\"@type\":\"WebSite\",\"@id\":\"https:\/\/nitu.mx\/#website\",\"url\":\"https:\/\/nitu.mx\/\",\"name\":\"Nitu - Noticias de la Industria Turistica\",\"description\":\"Noticias de la Industria Turistica\",\"publisher\":{\"@id\":\"https:\/\/nitu.mx\/#\/schema\/person\/ae7a53426417292d3dd07b45a33e01bc\"},\"alternateName\":\"Noticias de la Industria Turistica\",\"potentialAction\":[{\"@type\":\"SearchAction\",\"target\":{\"@type\":\"EntryPoint\",\"urlTemplate\":\"https:\/\/nitu.mx\/?s={search_term_string}\"},\"query-input\":\"required name=search_term_string\"}],\"inLanguage\":\"es-MX\"},{\"@type\":[\"Person\",\"Organization\"],\"@id\":\"https:\/\/nitu.mx\/#\/schema\/person\/ae7a53426417292d3dd07b45a33e01bc\",\"name\":\"Arturo Medina\",\"image\":{\"@type\":\"ImageObject\",\"inLanguage\":\"es-MX\",\"@id\":\"https:\/\/nitu.mx\/#\/schema\/person\/image\/\",\"url\":\"https:\/\/nitu.mx\/wp-content\/uploads\/2024\/04\/4A315622-1904-4D5C-B022-878CDC840E04-90x90-1.jpeg\",\"contentUrl\":\"https:\/\/nitu.mx\/wp-content\/uploads\/2024\/04\/4A315622-1904-4D5C-B022-878CDC840E04-90x90-1.jpeg\",\"width\":90,\"height\":90,\"caption\":\"Arturo Medina\"},\"logo\":{\"@id\":\"https:\/\/nitu.mx\/#\/schema\/person\/image\/\"},\"description\":\"Director NITU.mx, Egresado de la Escuela de Periodismo Carlos Septi\u00e9n Garc\u00eda. Periodista y analista especializado en turismo desde hace 35 a\u00f1os, radicado en Canc\u00fan Q.Roo. arturo@nitu.mx\",\"sameAs\":[\"https:\/\/nitu.mx\",\"https:\/\/www.facebook.com\/NITUmx\/\",\"medinacancun\",\"https:\/\/twitter.com\/@Arturo_Medina_G\"]},{\"@type\":\"Person\",\"@id\":\"https:\/\/nitu.mx\/#\/schema\/person\/4a28fe9bd65924f7c90623773daf1b0b\",\"name\":\"Redacci\u00f3n\",\"image\":{\"@type\":\"ImageObject\",\"inLanguage\":\"es-MX\",\"@id\":\"https:\/\/nitu.mx\/#\/schema\/person\/image\/\",\"url\":\"https:\/\/secure.gravatar.com\/avatar\/5dd011c8ccfc5cd7e4c81e42252aab38?s=96&d=mm&r=g\",\"contentUrl\":\"https:\/\/secure.gravatar.com\/avatar\/5dd011c8ccfc5cd7e4c81e42252aab38?s=96&d=mm&r=g\",\"caption\":\"Redacci\u00f3n\"},\"url\":\"https:\/\/nitu.mx\/index.php\/author\/redaccion\/\"}]}<\/script>\n<!-- \/ Yoast SEO plugin. -->","yoast_head_json":{"title":"Canc\u00fan, Riviera Maya y Playa del Carmen representan el top de destinos preferidos por los viajeros - Nitu - Noticias de la Industria Turistica","description":"PriceTravel Holding reforzar\u00e1 que Canc\u00fan, Riviera Maya y Playa del Carmen representan el top de destinos preferidos por los viajeros.","robots":{"index":"index","follow":"follow","max-snippet":"max-snippet:-1","max-image-preview":"max-image-preview:large","max-video-preview":"max-video-preview:-1"},"canonical":"https:\/\/nitu.mx\/index.php\/2019\/10\/13\/cancun-riviera-maya-y-playa-del-carmen-representan-el-top-de-destinos-preferidos-por-los-viajeros\/","twitter_card":"summary_large_image","twitter_title":"Canc\u00fan, Riviera Maya y Playa del Carmen representan el top de destinos preferidos por los viajeros - Nitu - Noticias de la Industria Turistica","twitter_description":"PriceTravel Holding reforzar\u00e1 que Canc\u00fan, Riviera Maya y Playa del Carmen representan el top de destinos preferidos por los viajeros.","twitter_image":"https:\/\/nitu.mx\/wp-content\/uploads\/2019\/06\/Cancun.jpg","twitter_creator":"@NITUmx","twitter_site":"@Arturo_Medina_G","twitter_misc":{"Escrito por":"Redacci\u00f3n","Tiempo de lectura":"1 minuto"},"schema":{"@context":"https:\/\/schema.org","@graph":[{"@type":"Article","@id":"https:\/\/nitu.mx\/index.php\/2019\/10\/13\/cancun-riviera-maya-y-playa-del-carmen-representan-el-top-de-destinos-preferidos-por-los-viajeros\/#article","isPartOf":{"@id":"https:\/\/nitu.mx\/index.php\/2019\/10\/13\/cancun-riviera-maya-y-playa-del-carmen-representan-el-top-de-destinos-preferidos-por-los-viajeros\/"},"author":{"name":"Redacci\u00f3n","@id":"https:\/\/nitu.mx\/#\/schema\/person\/4a28fe9bd65924f7c90623773daf1b0b"},"headline":"Canc\u00fan, Riviera Maya y Playa del Carmen representan el top de destinos preferidos por los viajeros","datePublished":"2019-10-14T04:51:24+00:00","dateModified":"2019-10-14T05:05:31+00:00","mainEntityOfPage":{"@id":"https:\/\/nitu.mx\/index.php\/2019\/10\/13\/cancun-riviera-maya-y-playa-del-carmen-representan-el-top-de-destinos-preferidos-por-los-viajeros\/"},"wordCount":315,"commentCount":0,"publisher":{"@id":"https:\/\/nitu.mx\/#\/schema\/person\/ae7a53426417292d3dd07b45a33e01bc"},"image":{"@id":"https:\/\/nitu.mx\/index.php\/2019\/10\/13\/cancun-riviera-maya-y-playa-del-carmen-representan-el-top-de-destinos-preferidos-por-los-viajeros\/#primaryimage"},"thumbnailUrl":"https:\/\/nitu.mx\/wp-content\/uploads\/2019\/06\/Cancun.jpg","keywords":["Canc\u00fan","Canc\u00fan Travel Mart Summit","Playa del Carmen","PriceTravel Holding","Quintana Roo","Riviera Maya","viajeros"],"articleSection":["Agencias de Viajes","M\u00e9xico"],"inLanguage":"es-MX","potentialAction":[{"@type":"CommentAction","name":"Comment","target":["https:\/\/nitu.mx\/index.php\/2019\/10\/13\/cancun-riviera-maya-y-playa-del-carmen-representan-el-top-de-destinos-preferidos-por-los-viajeros\/#respond"]}]},{"@type":"WebPage","@id":"https:\/\/nitu.mx\/index.php\/2019\/10\/13\/cancun-riviera-maya-y-playa-del-carmen-representan-el-top-de-destinos-preferidos-por-los-viajeros\/","url":"https:\/\/nitu.mx\/index.php\/2019\/10\/13\/cancun-riviera-maya-y-playa-del-carmen-representan-el-top-de-destinos-preferidos-por-los-viajeros\/","name":"Canc\u00fan, Riviera Maya y Playa del Carmen representan el top de destinos preferidos por los viajeros - Nitu - Noticias de la Industria Turistica","isPartOf":{"@id":"https:\/\/nitu.mx\/#website"},"primaryImageOfPage":{"@id":"https:\/\/nitu.mx\/index.php\/2019\/10\/13\/cancun-riviera-maya-y-playa-del-carmen-representan-el-top-de-destinos-preferidos-por-los-viajeros\/#primaryimage"},"image":{"@id":"https:\/\/nitu.mx\/index.php\/2019\/10\/13\/cancun-riviera-maya-y-playa-del-carmen-representan-el-top-de-destinos-preferidos-por-los-viajeros\/#primaryimage"},"thumbnailUrl":"https:\/\/nitu.mx\/wp-content\/uploads\/2019\/06\/Cancun.jpg","datePublished":"2019-10-14T04:51:24+00:00","dateModified":"2019-10-14T05:05:31+00:00","description":"PriceTravel Holding reforzar\u00e1 que Canc\u00fan, Riviera Maya y Playa del Carmen representan el top de destinos preferidos por los viajeros.","breadcrumb":{"@id":"https:\/\/nitu.mx\/index.php\/2019\/10\/13\/cancun-riviera-maya-y-playa-del-carmen-representan-el-top-de-destinos-preferidos-por-los-viajeros\/#breadcrumb"},"inLanguage":"es-MX","potentialAction":[{"@type":"ReadAction","target":["https:\/\/nitu.mx\/index.php\/2019\/10\/13\/cancun-riviera-maya-y-playa-del-carmen-representan-el-top-de-destinos-preferidos-por-los-viajeros\/"]}]},{"@type":"ImageObject","inLanguage":"es-MX","@id":"https:\/\/nitu.mx\/index.php\/2019\/10\/13\/cancun-riviera-maya-y-playa-del-carmen-representan-el-top-de-destinos-preferidos-por-los-viajeros\/#primaryimage","url":"https:\/\/nitu.mx\/wp-content\/uploads\/2019\/06\/Cancun.jpg","contentUrl":"https:\/\/nitu.mx\/wp-content\/uploads\/2019\/06\/Cancun.jpg","width":850,"height":480,"caption":"Cancun AMAV CPTQ ocupaci\u00f3n hotelera d\u00f3lar Quintana Roo Sedetur Expedia Sectur"},{"@type":"BreadcrumbList","@id":"https:\/\/nitu.mx\/index.php\/2019\/10\/13\/cancun-riviera-maya-y-playa-del-carmen-representan-el-top-de-destinos-preferidos-por-los-viajeros\/#breadcrumb","itemListElement":[{"@type":"ListItem","position":1,"name":"Inicio","item":"https:\/\/nitu.mx\/"},{"@type":"ListItem","position":2,"name":"Canc\u00fan, Riviera Maya y Playa del Carmen representan el top de destinos preferidos por los viajeros"}]},{"@type":"WebSite","@id":"https:\/\/nitu.mx\/#website","url":"https:\/\/nitu.mx\/","name":"Nitu - Noticias de la Industria Turistica","description":"Noticias de la Industria Turistica","publisher":{"@id":"https:\/\/nitu.mx\/#\/schema\/person\/ae7a53426417292d3dd07b45a33e01bc"},"alternateName":"Noticias de la Industria Turistica","potentialAction":[{"@type":"SearchAction","target":{"@type":"EntryPoint","urlTemplate":"https:\/\/nitu.mx\/?s={search_term_string}"},"query-input":"required name=search_term_string"}],"inLanguage":"es-MX"},{"@type":["Person","Organization"],"@id":"https:\/\/nitu.mx\/#\/schema\/person\/ae7a53426417292d3dd07b45a33e01bc","name":"Arturo Medina","image":{"@type":"ImageObject","inLanguage":"es-MX","@id":"https:\/\/nitu.mx\/#\/schema\/person\/image\/","url":"https:\/\/nitu.mx\/wp-content\/uploads\/2024\/04\/4A315622-1904-4D5C-B022-878CDC840E04-90x90-1.jpeg","contentUrl":"https:\/\/nitu.mx\/wp-content\/uploads\/2024\/04\/4A315622-1904-4D5C-B022-878CDC840E04-90x90-1.jpeg","width":90,"height":90,"caption":"Arturo Medina"},"logo":{"@id":"https:\/\/nitu.mx\/#\/schema\/person\/image\/"},"description":"Director NITU.mx, Egresado de la Escuela de Periodismo Carlos Septi\u00e9n Garc\u00eda. Periodista y analista especializado en turismo desde hace 35 a\u00f1os, radicado en Canc\u00fan Q.Roo. arturo@nitu.mx","sameAs":["https:\/\/nitu.mx","https:\/\/www.facebook.com\/NITUmx\/","medinacancun","https:\/\/twitter.com\/@Arturo_Medina_G"]},{"@type":"Person","@id":"https:\/\/nitu.mx\/#\/schema\/person\/4a28fe9bd65924f7c90623773daf1b0b","name":"Redacci\u00f3n","image":{"@type":"ImageObject","inLanguage":"es-MX","@id":"https:\/\/nitu.mx\/#\/schema\/person\/image\/","url":"https:\/\/secure.gravatar.com\/avatar\/5dd011c8ccfc5cd7e4c81e42252aab38?s=96&d=mm&r=g","contentUrl":"https:\/\/secure.gravatar.com\/avatar\/5dd011c8ccfc5cd7e4c81e42252aab38?s=96&d=mm&r=g","caption":"Redacci\u00f3n"},"url":"https:\/\/nitu.mx\/index.php\/author\/redaccion\/"}]}},"views":286,"_links":{"self":[{"href":"https:\/\/nitu.mx\/index.php\/wp-json\/wp\/v2\/posts\/36485"}],"collection":[{"href":"https:\/\/nitu.mx\/index.php\/wp-json\/wp\/v2\/posts"}],"about":[{"href":"https:\/\/nitu.mx\/index.php\/wp-json\/wp\/v2\/types\/post"}],"author":[{"embeddable":true,"href":"https:\/\/nitu.mx\/index.php\/wp-json\/wp\/v2\/users\/17"}],"replies":[{"embeddable":true,"href":"https:\/\/nitu.mx\/index.php\/wp-json\/wp\/v2\/comments?post=36485"}],"version-history":[{"count":2,"href":"https:\/\/nitu.mx\/index.php\/wp-json\/wp\/v2\/posts\/36485\/revisions"}],"predecessor-version":[{"id":36505,"href":"https:\/\/nitu.mx\/index.php\/wp-json\/wp\/v2\/posts\/36485\/revisions\/36505"}],"wp:featuredmedia":[{"embeddable":true,"href":"https:\/\/nitu.mx\/index.php\/wp-json\/wp\/v2\/media\/32968"}],"wp:attachment":[{"href":"https:\/\/nitu.mx\/index.php\/wp-json\/wp\/v2\/media?parent=36485"}],"wp:term":[{"taxonomy":"category","embeddable":true,"href":"https:\/\/nitu.mx\/index.php\/wp-json\/wp\/v2\/categories?post=36485"},{"taxonomy":"post_tag","embeddable":true,"href":"https:\/\/nitu.mx\/index.php\/wp-json\/wp\/v2\/tags?post=36485"}],"curies":[{"name":"wp","href":"https:\/\/api.w.org\/{rel}","templated":true}]}}