{"id":36483,"date":"2019-10-13T23:49:38","date_gmt":"2019-10-14T04:49:38","guid":{"rendered":"https:\/\/www.dev.nitu.mx\/?p=36483"},"modified":"2019-10-14T00:05:35","modified_gmt":"2019-10-14T05:05:35","slug":"se-lograra-la-consolidacion-turistica-de-tulum-en-el-2020-victor-mas-tah","status":"publish","type":"post","link":"https:\/\/nitu.mx\/index.php\/2019\/10\/13\/se-lograra-la-consolidacion-turistica-de-tulum-en-el-2020-victor-mas-tah\/","title":{"rendered":"Se lograr\u00e1 la consolidaci\u00f3n tur\u00edstica de Tulum en el 2020: V\u00edctor Mas Tah"},"content":{"rendered":"<p>En el segundo a\u00f1o de la administraci\u00f3n municipal se lograr\u00e1 la consolidaci\u00f3n tur\u00edstica de Tulum, afirm\u00f3 el presidente V\u00edctor Mas Tah, quien se\u00f1al\u00f3 que trabajar\u00e1 de manera coordinada con el sector empresarial para lograr este importante objetivo, por lo tanto, \u201cel trabajo ser\u00e1 intenso\u201d, se\u00f1al\u00f3 un comunicado.<\/p>\n<p>Al asistir a un convivio con los socios de la Asociaci\u00f3n de Hoteles de Tulum que encabeza David Ortiz Mena, agradeci\u00f3 el apoyo recibido por parte de los empresarios en su primer a\u00f1o de gobierno, pero es necesario retomar temas en materia tur\u00edstica que no estaban organizados y no se les dio seguimiento. \u201cEs importante planificar el rumbo que todos queremos y hacia donde podemos avanzar. El turismo es un tema fundamental para los hoteleros y por ello, se debe establecer una din\u00e1mica de trabajo\u201d, a\u00f1adi\u00f3.<\/p>\n<p>Ante alrededor de una treintena de hoteleros de Tulum, indic\u00f3 que en algunas \u00e1reas hay rezago que atender, en especial en la parte social, servicios y administrativa, los cuales deben ponerse sobre la mesa y los invit\u00f3 para seguir apoyando a la administraci\u00f3n municipal, sumarse de manera activa para lograr abatirlos en el corto plazo. \u201cEl turismo es el motor de la econom\u00eda de Tulum, principal fuente ingresos de los habitantes del destino, por ello, es indispensable impulsarlo\u201d, agreg\u00f3. (<a title=\"Direcci\u00f3n de Turismo de Tulum realiza censo de hoteles\" href=\"https:\/\/www.dev.nitu.mx\/index.php\/2019\/08\/29\/direccion-de-turismo-de-tulum-realiza-censo-de-hoteles\/\" rel=\"bookmark\">Direcci\u00f3n de Turismo de Tulum realiza censo de hoteles<\/a>).<\/p>\n<p>\u201cDebemos reflexionar y establecer las actividades que se tendr\u00e1n que realizar en el segundo a\u00f1o de gobierno. Por eso, necesitamos de la experiencia de los empresarios y su amor por Tulum, para hacer un mayor n\u00famero de cosas en beneficio del turismo, la sustentabilidad, protecci\u00f3n al medio ambiente, as\u00ed como la promoci\u00f3n a nivel nacional e internacional\u201d, enfatiz\u00f3.<\/p>\n<p>Por \u00faltimo, el presidente V\u00edctor Mas Tah se refiri\u00f3 al problema del sargazo y resalt\u00f3 que las autoridades estatales, municipales, empresarios, prestadores de servicios tur\u00edsticos, ambientalistas y ciudadan\u00eda en general, trabajaron para atender esta problem\u00e1tica, por ello, es importante tomar previsiones para poder enfrentar esta contingencia cuando se presente en el futuro y hacerlo de manera organizada. (Novedades)<\/p>\n","protected":false},"excerpt":{"rendered":"<p>En el segundo a\u00f1o de la administraci\u00f3n municipal se lograr\u00e1 la consolidaci\u00f3n tur\u00edstica de Tulum, afirm\u00f3 el presidente V\u00edctor Mas Tah, quien se\u00f1al\u00f3 que trabajar\u00e1 de manera coordinada con el sector empresarial para lograr este importante objetivo, por lo tanto, \u201cel trabajo ser\u00e1 intenso\u201d, se\u00f1al\u00f3 un comunicado. Al asistir a un convivio con los socios [&hellip;]<\/p>\n","protected":false},"author":17,"featured_media":10104,"comment_status":"open","ping_status":"open","sticky":false,"template":"","format":"standard","meta":{"footnotes":""},"categories":[5,6],"tags":[4718,1997,390,421,14279],"yoast_head":"<!-- This site is optimized with the Yoast SEO plugin v22.2 - https:\/\/yoast.com\/wordpress\/plugins\/seo\/ -->\n<title>Se lograr\u00e1 la consolidaci\u00f3n tur\u00edstica de Tulum en el 2020: V\u00edctor Mas Tah - Nitu - Noticias de la Industria Turistica<\/title>\n<meta name=\"description\" content=\"En el segundo a\u00f1o de la administraci\u00f3n municipal se lograr\u00e1 la consolidaci\u00f3n tur\u00edstica de Tulum, afirm\u00f3 el presidente V\u00edctor Mas Tah.\" \/>\n<meta name=\"robots\" content=\"index, follow, max-snippet:-1, max-image-preview:large, max-video-preview:-1\" \/>\n<link rel=\"canonical\" href=\"https:\/\/nitu.mx\/index.php\/2019\/10\/13\/se-lograra-la-consolidacion-turistica-de-tulum-en-el-2020-victor-mas-tah\/\" \/>\n<meta name=\"twitter:card\" content=\"summary_large_image\" \/>\n<meta name=\"twitter:title\" content=\"Se lograr\u00e1 la consolidaci\u00f3n tur\u00edstica de Tulum en el 2020: V\u00edctor Mas Tah - Nitu - Noticias de la Industria Turistica\" \/>\n<meta name=\"twitter:description\" content=\"En el segundo a\u00f1o de la administraci\u00f3n municipal se lograr\u00e1 la consolidaci\u00f3n tur\u00edstica de Tulum, afirm\u00f3 el presidente V\u00edctor Mas Tah.\" \/>\n<meta name=\"twitter:image\" content=\"https:\/\/nitu.mx\/wp-content\/uploads\/2017\/05\/Tulum-Riviera-Maya.jpg\" \/>\n<meta name=\"twitter:creator\" content=\"@NITUmx\" \/>\n<meta name=\"twitter:site\" content=\"@Arturo_Medina_G\" \/>\n<meta name=\"twitter:label1\" content=\"Escrito por\" \/>\n\t<meta name=\"twitter:data1\" content=\"Redacci\u00f3n\" \/>\n\t<meta name=\"twitter:label2\" content=\"Tiempo de lectura\" \/>\n\t<meta name=\"twitter:data2\" content=\"2 minutos\" \/>\n<script type=\"application\/ld+json\" class=\"yoast-schema-graph\">{\"@context\":\"https:\/\/schema.org\",\"@graph\":[{\"@type\":\"Article\",\"@id\":\"https:\/\/nitu.mx\/index.php\/2019\/10\/13\/se-lograra-la-consolidacion-turistica-de-tulum-en-el-2020-victor-mas-tah\/#article\",\"isPartOf\":{\"@id\":\"https:\/\/nitu.mx\/index.php\/2019\/10\/13\/se-lograra-la-consolidacion-turistica-de-tulum-en-el-2020-victor-mas-tah\/\"},\"author\":{\"name\":\"Redacci\u00f3n\",\"@id\":\"https:\/\/nitu.mx\/#\/schema\/person\/4a28fe9bd65924f7c90623773daf1b0b\"},\"headline\":\"Se lograr\u00e1 la consolidaci\u00f3n tur\u00edstica de Tulum en el 2020: V\u00edctor Mas Tah\",\"datePublished\":\"2019-10-14T04:49:38+00:00\",\"dateModified\":\"2019-10-14T05:05:35+00:00\",\"mainEntityOfPage\":{\"@id\":\"https:\/\/nitu.mx\/index.php\/2019\/10\/13\/se-lograra-la-consolidacion-turistica-de-tulum-en-el-2020-victor-mas-tah\/\"},\"wordCount\":376,\"commentCount\":0,\"publisher\":{\"@id\":\"https:\/\/nitu.mx\/#\/schema\/person\/ae7a53426417292d3dd07b45a33e01bc\"},\"image\":{\"@id\":\"https:\/\/nitu.mx\/index.php\/2019\/10\/13\/se-lograra-la-consolidacion-turistica-de-tulum-en-el-2020-victor-mas-tah\/#primaryimage\"},\"thumbnailUrl\":\"https:\/\/nitu.mx\/wp-content\/uploads\/2017\/05\/Tulum-Riviera-Maya.jpg\",\"keywords\":[\"David Ortiz Mena\",\"hoteleros\",\"Tulum\",\"turismo\",\"V\u00edctor Mas Tah\"],\"articleSection\":[\"Destinos\",\"M\u00e9xico\"],\"inLanguage\":\"es-MX\",\"potentialAction\":[{\"@type\":\"CommentAction\",\"name\":\"Comment\",\"target\":[\"https:\/\/nitu.mx\/index.php\/2019\/10\/13\/se-lograra-la-consolidacion-turistica-de-tulum-en-el-2020-victor-mas-tah\/#respond\"]}]},{\"@type\":\"WebPage\",\"@id\":\"https:\/\/nitu.mx\/index.php\/2019\/10\/13\/se-lograra-la-consolidacion-turistica-de-tulum-en-el-2020-victor-mas-tah\/\",\"url\":\"https:\/\/nitu.mx\/index.php\/2019\/10\/13\/se-lograra-la-consolidacion-turistica-de-tulum-en-el-2020-victor-mas-tah\/\",\"name\":\"Se lograr\u00e1 la consolidaci\u00f3n tur\u00edstica de Tulum en el 2020: V\u00edctor Mas Tah - Nitu - Noticias de la Industria Turistica\",\"isPartOf\":{\"@id\":\"https:\/\/nitu.mx\/#website\"},\"primaryImageOfPage\":{\"@id\":\"https:\/\/nitu.mx\/index.php\/2019\/10\/13\/se-lograra-la-consolidacion-turistica-de-tulum-en-el-2020-victor-mas-tah\/#primaryimage\"},\"image\":{\"@id\":\"https:\/\/nitu.mx\/index.php\/2019\/10\/13\/se-lograra-la-consolidacion-turistica-de-tulum-en-el-2020-victor-mas-tah\/#primaryimage\"},\"thumbnailUrl\":\"https:\/\/nitu.mx\/wp-content\/uploads\/2017\/05\/Tulum-Riviera-Maya.jpg\",\"datePublished\":\"2019-10-14T04:49:38+00:00\",\"dateModified\":\"2019-10-14T05:05:35+00:00\",\"description\":\"En el segundo a\u00f1o de la administraci\u00f3n municipal se lograr\u00e1 la consolidaci\u00f3n tur\u00edstica de Tulum, afirm\u00f3 el presidente V\u00edctor Mas Tah.\",\"breadcrumb\":{\"@id\":\"https:\/\/nitu.mx\/index.php\/2019\/10\/13\/se-lograra-la-consolidacion-turistica-de-tulum-en-el-2020-victor-mas-tah\/#breadcrumb\"},\"inLanguage\":\"es-MX\",\"potentialAction\":[{\"@type\":\"ReadAction\",\"target\":[\"https:\/\/nitu.mx\/index.php\/2019\/10\/13\/se-lograra-la-consolidacion-turistica-de-tulum-en-el-2020-victor-mas-tah\/\"]}]},{\"@type\":\"ImageObject\",\"inLanguage\":\"es-MX\",\"@id\":\"https:\/\/nitu.mx\/index.php\/2019\/10\/13\/se-lograra-la-consolidacion-turistica-de-tulum-en-el-2020-victor-mas-tah\/#primaryimage\",\"url\":\"https:\/\/nitu.mx\/wp-content\/uploads\/2017\/05\/Tulum-Riviera-Maya.jpg\",\"contentUrl\":\"https:\/\/nitu.mx\/wp-content\/uploads\/2017\/05\/Tulum-Riviera-Maya.jpg\",\"width\":850,\"height\":480,\"caption\":\"coloso riviera maya tulum\"},{\"@type\":\"BreadcrumbList\",\"@id\":\"https:\/\/nitu.mx\/index.php\/2019\/10\/13\/se-lograra-la-consolidacion-turistica-de-tulum-en-el-2020-victor-mas-tah\/#breadcrumb\",\"itemListElement\":[{\"@type\":\"ListItem\",\"position\":1,\"name\":\"Inicio\",\"item\":\"https:\/\/nitu.mx\/\"},{\"@type\":\"ListItem\",\"position\":2,\"name\":\"Se lograr\u00e1 la consolidaci\u00f3n tur\u00edstica de Tulum en el 2020: V\u00edctor Mas Tah\"}]},{\"@type\":\"WebSite\",\"@id\":\"https:\/\/nitu.mx\/#website\",\"url\":\"https:\/\/nitu.mx\/\",\"name\":\"Nitu - Noticias de la Industria Turistica\",\"description\":\"Noticias de la Industria Turistica\",\"publisher\":{\"@id\":\"https:\/\/nitu.mx\/#\/schema\/person\/ae7a53426417292d3dd07b45a33e01bc\"},\"alternateName\":\"Noticias de la Industria Turistica\",\"potentialAction\":[{\"@type\":\"SearchAction\",\"target\":{\"@type\":\"EntryPoint\",\"urlTemplate\":\"https:\/\/nitu.mx\/?s={search_term_string}\"},\"query-input\":\"required name=search_term_string\"}],\"inLanguage\":\"es-MX\"},{\"@type\":[\"Person\",\"Organization\"],\"@id\":\"https:\/\/nitu.mx\/#\/schema\/person\/ae7a53426417292d3dd07b45a33e01bc\",\"name\":\"Arturo Medina\",\"image\":{\"@type\":\"ImageObject\",\"inLanguage\":\"es-MX\",\"@id\":\"https:\/\/nitu.mx\/#\/schema\/person\/image\/\",\"url\":\"https:\/\/nitu.mx\/wp-content\/uploads\/2024\/04\/4A315622-1904-4D5C-B022-878CDC840E04-90x90-1.jpeg\",\"contentUrl\":\"https:\/\/nitu.mx\/wp-content\/uploads\/2024\/04\/4A315622-1904-4D5C-B022-878CDC840E04-90x90-1.jpeg\",\"width\":90,\"height\":90,\"caption\":\"Arturo Medina\"},\"logo\":{\"@id\":\"https:\/\/nitu.mx\/#\/schema\/person\/image\/\"},\"description\":\"Director NITU.mx, Egresado de la Escuela de Periodismo Carlos Septi\u00e9n Garc\u00eda. Periodista y analista especializado en turismo desde hace 35 a\u00f1os, radicado en Canc\u00fan Q.Roo. arturo@nitu.mx\",\"sameAs\":[\"https:\/\/nitu.mx\",\"https:\/\/www.facebook.com\/NITUmx\/\",\"medinacancun\",\"https:\/\/twitter.com\/@Arturo_Medina_G\"]},{\"@type\":\"Person\",\"@id\":\"https:\/\/nitu.mx\/#\/schema\/person\/4a28fe9bd65924f7c90623773daf1b0b\",\"name\":\"Redacci\u00f3n\",\"image\":{\"@type\":\"ImageObject\",\"inLanguage\":\"es-MX\",\"@id\":\"https:\/\/nitu.mx\/#\/schema\/person\/image\/\",\"url\":\"https:\/\/secure.gravatar.com\/avatar\/5dd011c8ccfc5cd7e4c81e42252aab38?s=96&d=mm&r=g\",\"contentUrl\":\"https:\/\/secure.gravatar.com\/avatar\/5dd011c8ccfc5cd7e4c81e42252aab38?s=96&d=mm&r=g\",\"caption\":\"Redacci\u00f3n\"},\"url\":\"https:\/\/nitu.mx\/index.php\/author\/redaccion\/\"}]}<\/script>\n<!-- \/ Yoast SEO plugin. -->","yoast_head_json":{"title":"Se lograr\u00e1 la consolidaci\u00f3n tur\u00edstica de Tulum en el 2020: V\u00edctor Mas Tah - Nitu - Noticias de la Industria Turistica","description":"En el segundo a\u00f1o de la administraci\u00f3n municipal se lograr\u00e1 la consolidaci\u00f3n tur\u00edstica de Tulum, afirm\u00f3 el presidente V\u00edctor Mas Tah.","robots":{"index":"index","follow":"follow","max-snippet":"max-snippet:-1","max-image-preview":"max-image-preview:large","max-video-preview":"max-video-preview:-1"},"canonical":"https:\/\/nitu.mx\/index.php\/2019\/10\/13\/se-lograra-la-consolidacion-turistica-de-tulum-en-el-2020-victor-mas-tah\/","twitter_card":"summary_large_image","twitter_title":"Se lograr\u00e1 la consolidaci\u00f3n tur\u00edstica de Tulum en el 2020: V\u00edctor Mas Tah - Nitu - Noticias de la Industria Turistica","twitter_description":"En el segundo a\u00f1o de la administraci\u00f3n municipal se lograr\u00e1 la consolidaci\u00f3n tur\u00edstica de Tulum, afirm\u00f3 el presidente V\u00edctor Mas Tah.","twitter_image":"https:\/\/nitu.mx\/wp-content\/uploads\/2017\/05\/Tulum-Riviera-Maya.jpg","twitter_creator":"@NITUmx","twitter_site":"@Arturo_Medina_G","twitter_misc":{"Escrito por":"Redacci\u00f3n","Tiempo de lectura":"2 minutos"},"schema":{"@context":"https:\/\/schema.org","@graph":[{"@type":"Article","@id":"https:\/\/nitu.mx\/index.php\/2019\/10\/13\/se-lograra-la-consolidacion-turistica-de-tulum-en-el-2020-victor-mas-tah\/#article","isPartOf":{"@id":"https:\/\/nitu.mx\/index.php\/2019\/10\/13\/se-lograra-la-consolidacion-turistica-de-tulum-en-el-2020-victor-mas-tah\/"},"author":{"name":"Redacci\u00f3n","@id":"https:\/\/nitu.mx\/#\/schema\/person\/4a28fe9bd65924f7c90623773daf1b0b"},"headline":"Se lograr\u00e1 la consolidaci\u00f3n tur\u00edstica de Tulum en el 2020: V\u00edctor Mas Tah","datePublished":"2019-10-14T04:49:38+00:00","dateModified":"2019-10-14T05:05:35+00:00","mainEntityOfPage":{"@id":"https:\/\/nitu.mx\/index.php\/2019\/10\/13\/se-lograra-la-consolidacion-turistica-de-tulum-en-el-2020-victor-mas-tah\/"},"wordCount":376,"commentCount":0,"publisher":{"@id":"https:\/\/nitu.mx\/#\/schema\/person\/ae7a53426417292d3dd07b45a33e01bc"},"image":{"@id":"https:\/\/nitu.mx\/index.php\/2019\/10\/13\/se-lograra-la-consolidacion-turistica-de-tulum-en-el-2020-victor-mas-tah\/#primaryimage"},"thumbnailUrl":"https:\/\/nitu.mx\/wp-content\/uploads\/2017\/05\/Tulum-Riviera-Maya.jpg","keywords":["David Ortiz Mena","hoteleros","Tulum","turismo","V\u00edctor Mas Tah"],"articleSection":["Destinos","M\u00e9xico"],"inLanguage":"es-MX","potentialAction":[{"@type":"CommentAction","name":"Comment","target":["https:\/\/nitu.mx\/index.php\/2019\/10\/13\/se-lograra-la-consolidacion-turistica-de-tulum-en-el-2020-victor-mas-tah\/#respond"]}]},{"@type":"WebPage","@id":"https:\/\/nitu.mx\/index.php\/2019\/10\/13\/se-lograra-la-consolidacion-turistica-de-tulum-en-el-2020-victor-mas-tah\/","url":"https:\/\/nitu.mx\/index.php\/2019\/10\/13\/se-lograra-la-consolidacion-turistica-de-tulum-en-el-2020-victor-mas-tah\/","name":"Se lograr\u00e1 la consolidaci\u00f3n tur\u00edstica de Tulum en el 2020: V\u00edctor Mas Tah - Nitu - Noticias de la Industria Turistica","isPartOf":{"@id":"https:\/\/nitu.mx\/#website"},"primaryImageOfPage":{"@id":"https:\/\/nitu.mx\/index.php\/2019\/10\/13\/se-lograra-la-consolidacion-turistica-de-tulum-en-el-2020-victor-mas-tah\/#primaryimage"},"image":{"@id":"https:\/\/nitu.mx\/index.php\/2019\/10\/13\/se-lograra-la-consolidacion-turistica-de-tulum-en-el-2020-victor-mas-tah\/#primaryimage"},"thumbnailUrl":"https:\/\/nitu.mx\/wp-content\/uploads\/2017\/05\/Tulum-Riviera-Maya.jpg","datePublished":"2019-10-14T04:49:38+00:00","dateModified":"2019-10-14T05:05:35+00:00","description":"En el segundo a\u00f1o de la administraci\u00f3n municipal se lograr\u00e1 la consolidaci\u00f3n tur\u00edstica de Tulum, afirm\u00f3 el presidente V\u00edctor Mas Tah.","breadcrumb":{"@id":"https:\/\/nitu.mx\/index.php\/2019\/10\/13\/se-lograra-la-consolidacion-turistica-de-tulum-en-el-2020-victor-mas-tah\/#breadcrumb"},"inLanguage":"es-MX","potentialAction":[{"@type":"ReadAction","target":["https:\/\/nitu.mx\/index.php\/2019\/10\/13\/se-lograra-la-consolidacion-turistica-de-tulum-en-el-2020-victor-mas-tah\/"]}]},{"@type":"ImageObject","inLanguage":"es-MX","@id":"https:\/\/nitu.mx\/index.php\/2019\/10\/13\/se-lograra-la-consolidacion-turistica-de-tulum-en-el-2020-victor-mas-tah\/#primaryimage","url":"https:\/\/nitu.mx\/wp-content\/uploads\/2017\/05\/Tulum-Riviera-Maya.jpg","contentUrl":"https:\/\/nitu.mx\/wp-content\/uploads\/2017\/05\/Tulum-Riviera-Maya.jpg","width":850,"height":480,"caption":"coloso riviera maya tulum"},{"@type":"BreadcrumbList","@id":"https:\/\/nitu.mx\/index.php\/2019\/10\/13\/se-lograra-la-consolidacion-turistica-de-tulum-en-el-2020-victor-mas-tah\/#breadcrumb","itemListElement":[{"@type":"ListItem","position":1,"name":"Inicio","item":"https:\/\/nitu.mx\/"},{"@type":"ListItem","position":2,"name":"Se lograr\u00e1 la consolidaci\u00f3n tur\u00edstica de Tulum en el 2020: V\u00edctor Mas Tah"}]},{"@type":"WebSite","@id":"https:\/\/nitu.mx\/#website","url":"https:\/\/nitu.mx\/","name":"Nitu - Noticias de la Industria Turistica","description":"Noticias de la Industria Turistica","publisher":{"@id":"https:\/\/nitu.mx\/#\/schema\/person\/ae7a53426417292d3dd07b45a33e01bc"},"alternateName":"Noticias de la Industria Turistica","potentialAction":[{"@type":"SearchAction","target":{"@type":"EntryPoint","urlTemplate":"https:\/\/nitu.mx\/?s={search_term_string}"},"query-input":"required name=search_term_string"}],"inLanguage":"es-MX"},{"@type":["Person","Organization"],"@id":"https:\/\/nitu.mx\/#\/schema\/person\/ae7a53426417292d3dd07b45a33e01bc","name":"Arturo Medina","image":{"@type":"ImageObject","inLanguage":"es-MX","@id":"https:\/\/nitu.mx\/#\/schema\/person\/image\/","url":"https:\/\/nitu.mx\/wp-content\/uploads\/2024\/04\/4A315622-1904-4D5C-B022-878CDC840E04-90x90-1.jpeg","contentUrl":"https:\/\/nitu.mx\/wp-content\/uploads\/2024\/04\/4A315622-1904-4D5C-B022-878CDC840E04-90x90-1.jpeg","width":90,"height":90,"caption":"Arturo Medina"},"logo":{"@id":"https:\/\/nitu.mx\/#\/schema\/person\/image\/"},"description":"Director NITU.mx, Egresado de la Escuela de Periodismo Carlos Septi\u00e9n Garc\u00eda. Periodista y analista especializado en turismo desde hace 35 a\u00f1os, radicado en Canc\u00fan Q.Roo. arturo@nitu.mx","sameAs":["https:\/\/nitu.mx","https:\/\/www.facebook.com\/NITUmx\/","medinacancun","https:\/\/twitter.com\/@Arturo_Medina_G"]},{"@type":"Person","@id":"https:\/\/nitu.mx\/#\/schema\/person\/4a28fe9bd65924f7c90623773daf1b0b","name":"Redacci\u00f3n","image":{"@type":"ImageObject","inLanguage":"es-MX","@id":"https:\/\/nitu.mx\/#\/schema\/person\/image\/","url":"https:\/\/secure.gravatar.com\/avatar\/5dd011c8ccfc5cd7e4c81e42252aab38?s=96&d=mm&r=g","contentUrl":"https:\/\/secure.gravatar.com\/avatar\/5dd011c8ccfc5cd7e4c81e42252aab38?s=96&d=mm&r=g","caption":"Redacci\u00f3n"},"url":"https:\/\/nitu.mx\/index.php\/author\/redaccion\/"}]}},"views":435,"_links":{"self":[{"href":"https:\/\/nitu.mx\/index.php\/wp-json\/wp\/v2\/posts\/36483"}],"collection":[{"href":"https:\/\/nitu.mx\/index.php\/wp-json\/wp\/v2\/posts"}],"about":[{"href":"https:\/\/nitu.mx\/index.php\/wp-json\/wp\/v2\/types\/post"}],"author":[{"embeddable":true,"href":"https:\/\/nitu.mx\/index.php\/wp-json\/wp\/v2\/users\/17"}],"replies":[{"embeddable":true,"href":"https:\/\/nitu.mx\/index.php\/wp-json\/wp\/v2\/comments?post=36483"}],"version-history":[{"count":3,"href":"https:\/\/nitu.mx\/index.php\/wp-json\/wp\/v2\/posts\/36483\/revisions"}],"predecessor-version":[{"id":36504,"href":"https:\/\/nitu.mx\/index.php\/wp-json\/wp\/v2\/posts\/36483\/revisions\/36504"}],"wp:featuredmedia":[{"embeddable":true,"href":"https:\/\/nitu.mx\/index.php\/wp-json\/wp\/v2\/media\/10104"}],"wp:attachment":[{"href":"https:\/\/nitu.mx\/index.php\/wp-json\/wp\/v2\/media?parent=36483"}],"wp:term":[{"taxonomy":"category","embeddable":true,"href":"https:\/\/nitu.mx\/index.php\/wp-json\/wp\/v2\/categories?post=36483"},{"taxonomy":"post_tag","embeddable":true,"href":"https:\/\/nitu.mx\/index.php\/wp-json\/wp\/v2\/tags?post=36483"}],"curies":[{"name":"wp","href":"https:\/\/api.w.org\/{rel}","templated":true}]}}