{"id":36477,"date":"2019-10-13T23:51:47","date_gmt":"2019-10-14T04:51:47","guid":{"rendered":"https:\/\/www.dev.nitu.mx\/?p=36477"},"modified":"2019-10-14T00:05:25","modified_gmt":"2019-10-14T05:05:25","slug":"anulan-5-de-7-suspensiones-contra-la-construccion-de-aeropuerto-de-santa-lucia","status":"publish","type":"post","link":"https:\/\/nitu.mx\/index.php\/2019\/10\/13\/anulan-5-de-7-suspensiones-contra-la-construccion-de-aeropuerto-de-santa-lucia\/","title":{"rendered":"Anulan 5 de 7 suspensiones contra la construcci\u00f3n de aeropuerto de Santa Luc\u00eda"},"content":{"rendered":"<p>&nbsp;<\/p>\n<p>Cinco de las siete suspensiones definitivas contra el inicio de la construcci\u00f3n del aeropuerto en la base a\u00e9rea de Santa Luc\u00eda fueron anuladas esta semana por magistrados integrantes del D\u00e9cimo Tribunal Colegiado en Materia Administrativa del Primer Circuito, as\u00ed como por un juez federal.<\/p>\n<p>Los recursos de revisi\u00f3n fueron resueltos por mayor\u00eda de dos votos contra uno, favoreciendo al Gobierno federal, por lo que se revocaron cuatro suspensiones m\u00e1s contra la construcci\u00f3n del puerto a\u00e9reo en la base militar n\u00famero 1, de acuerdo con el colectivo #NoM\u00e1sDerroches.<\/p>\n<p>A estas suspensiones se sum\u00f3 la determinada el martes, despu\u00e9s de que el juez quinto de Distrito en materia administrativa en la Ciudad de M\u00e9xico diera la raz\u00f3n a la Secretar\u00eda de Defensa Nacional (Sedena) en el sentido de que la no construcci\u00f3n del puerto a\u00e9reo en la base militar de Santa Luc\u00eda vulnera la seguridad nacional. (<a title=\"Revocan suspensi\u00f3n contra Santa Luc\u00eda\" href=\"https:\/\/www.dev.nitu.mx\/index.php\/2019\/10\/08\/revocan-suspension-contra-santa-lucia\/\" rel=\"bookmark\">Revocan suspensi\u00f3n contra Santa Luc\u00eda<\/a>).<\/p>\n<p>&#8220;A\u00fan siguen vigentes otras suspensiones obtenidas por #NoM\u00e1sDerroches&#8221;, mencion\u00f3 el colectivo en un documento publicado este viernes.<\/p>\n<p>El magistrado que vot\u00f3 en contra de suspender las sentencias ya dictadas contra Santa Luc\u00eda fue el magistrado Jorge Arturo Camero, quien fue suspendido el jueves por el Consejo de la Judicatura Federal (CJF) por supuestos actos de corrupci\u00f3n dentro y fuera del Poder Judicial de la Federaci\u00f3n, se\u00f1al\u00f3 el ministro presidente de la Suprema Corte, Arturo Zald\u00edvar.<\/p>\n<p>&#8220;Su remoci\u00f3n en el conocimiento de los asuntos, evidencian y confirman la presi\u00f3n ejercida por el Gobierno Federal a fin de que el asunto sea resuelto conforme a sus intereses&#8221;, enfatiz\u00f3 el colectivo. (El Financiero)<\/p>\n","protected":false},"excerpt":{"rendered":"<p>&nbsp; Cinco de las siete suspensiones definitivas contra el inicio de la construcci\u00f3n del aeropuerto en la base a\u00e9rea de Santa Luc\u00eda fueron anuladas esta semana por magistrados integrantes del D\u00e9cimo Tribunal Colegiado en Materia Administrativa del Primer Circuito, as\u00ed como por un juez federal. Los recursos de revisi\u00f3n fueron resueltos por mayor\u00eda de dos [&hellip;]<\/p>\n","protected":false},"author":17,"featured_media":33953,"comment_status":"open","ping_status":"open","sticky":false,"template":"","format":"standard","meta":{"footnotes":""},"categories":[29,6],"tags":[17598,17648,17647,16943,13014,5578],"yoast_head":"<!-- This site is optimized with the Yoast SEO plugin v22.2 - https:\/\/yoast.com\/wordpress\/plugins\/seo\/ -->\n<title>Anulan 5 de 7 suspensiones contra la construcci\u00f3n de aeropuerto de Santa Luc\u00eda - Nitu - Noticias de la Industria Turistica<\/title>\n<meta name=\"description\" content=\"Cinco de las siete suspensiones definitivas contra el inicio de la construcci\u00f3n del aeropuerto en la base a\u00e9rea de Santa Luc\u00eda fueron anuladas esta semana.\" \/>\n<meta name=\"robots\" content=\"index, follow, max-snippet:-1, max-image-preview:large, max-video-preview:-1\" \/>\n<link rel=\"canonical\" href=\"https:\/\/nitu.mx\/index.php\/2019\/10\/13\/anulan-5-de-7-suspensiones-contra-la-construccion-de-aeropuerto-de-santa-lucia\/\" \/>\n<meta name=\"twitter:card\" content=\"summary_large_image\" \/>\n<meta name=\"twitter:title\" content=\"Anulan 5 de 7 suspensiones contra la construcci\u00f3n de aeropuerto de Santa Luc\u00eda - Nitu - Noticias de la Industria Turistica\" \/>\n<meta name=\"twitter:description\" content=\"Cinco de las siete suspensiones definitivas contra el inicio de la construcci\u00f3n del aeropuerto en la base a\u00e9rea de Santa Luc\u00eda fueron anuladas esta semana.\" \/>\n<meta name=\"twitter:image\" content=\"https:\/\/nitu.mx\/wp-content\/uploads\/2019\/07\/aeropuerto-santa-lucia.jpg\" \/>\n<meta name=\"twitter:creator\" content=\"@NITUmx\" \/>\n<meta name=\"twitter:site\" content=\"@Arturo_Medina_G\" \/>\n<meta name=\"twitter:label1\" content=\"Escrito por\" \/>\n\t<meta name=\"twitter:data1\" content=\"Redacci\u00f3n\" \/>\n\t<meta name=\"twitter:label2\" content=\"Tiempo de lectura\" \/>\n\t<meta name=\"twitter:data2\" content=\"1 minuto\" \/>\n<script type=\"application\/ld+json\" class=\"yoast-schema-graph\">{\"@context\":\"https:\/\/schema.org\",\"@graph\":[{\"@type\":\"Article\",\"@id\":\"https:\/\/nitu.mx\/index.php\/2019\/10\/13\/anulan-5-de-7-suspensiones-contra-la-construccion-de-aeropuerto-de-santa-lucia\/#article\",\"isPartOf\":{\"@id\":\"https:\/\/nitu.mx\/index.php\/2019\/10\/13\/anulan-5-de-7-suspensiones-contra-la-construccion-de-aeropuerto-de-santa-lucia\/\"},\"author\":{\"name\":\"Redacci\u00f3n\",\"@id\":\"https:\/\/nitu.mx\/#\/schema\/person\/4a28fe9bd65924f7c90623773daf1b0b\"},\"headline\":\"Anulan 5 de 7 suspensiones contra la construcci\u00f3n de aeropuerto de Santa Luc\u00eda\",\"datePublished\":\"2019-10-14T04:51:47+00:00\",\"dateModified\":\"2019-10-14T05:05:25+00:00\",\"mainEntityOfPage\":{\"@id\":\"https:\/\/nitu.mx\/index.php\/2019\/10\/13\/anulan-5-de-7-suspensiones-contra-la-construccion-de-aeropuerto-de-santa-lucia\/\"},\"wordCount\":301,\"commentCount\":0,\"publisher\":{\"@id\":\"https:\/\/nitu.mx\/#\/schema\/person\/ae7a53426417292d3dd07b45a33e01bc\"},\"image\":{\"@id\":\"https:\/\/nitu.mx\/index.php\/2019\/10\/13\/anulan-5-de-7-suspensiones-contra-la-construccion-de-aeropuerto-de-santa-lucia\/#primaryimage\"},\"thumbnailUrl\":\"https:\/\/nitu.mx\/wp-content\/uploads\/2019\/07\/aeropuerto-santa-lucia.jpg\",\"keywords\":[\"#NoM\u00e1sDerroches\",\"Arturo Zald\u00edvar.\",\"Jorge Arturo Camero\",\"Poder Judicial\",\"Santa Luc\u00eda\",\"SEDENA\"],\"articleSection\":[\"Aerol\u00edneas\",\"M\u00e9xico\"],\"inLanguage\":\"es-MX\",\"potentialAction\":[{\"@type\":\"CommentAction\",\"name\":\"Comment\",\"target\":[\"https:\/\/nitu.mx\/index.php\/2019\/10\/13\/anulan-5-de-7-suspensiones-contra-la-construccion-de-aeropuerto-de-santa-lucia\/#respond\"]}]},{\"@type\":\"WebPage\",\"@id\":\"https:\/\/nitu.mx\/index.php\/2019\/10\/13\/anulan-5-de-7-suspensiones-contra-la-construccion-de-aeropuerto-de-santa-lucia\/\",\"url\":\"https:\/\/nitu.mx\/index.php\/2019\/10\/13\/anulan-5-de-7-suspensiones-contra-la-construccion-de-aeropuerto-de-santa-lucia\/\",\"name\":\"Anulan 5 de 7 suspensiones contra la construcci\u00f3n de aeropuerto de Santa Luc\u00eda - Nitu - Noticias de la Industria Turistica\",\"isPartOf\":{\"@id\":\"https:\/\/nitu.mx\/#website\"},\"primaryImageOfPage\":{\"@id\":\"https:\/\/nitu.mx\/index.php\/2019\/10\/13\/anulan-5-de-7-suspensiones-contra-la-construccion-de-aeropuerto-de-santa-lucia\/#primaryimage\"},\"image\":{\"@id\":\"https:\/\/nitu.mx\/index.php\/2019\/10\/13\/anulan-5-de-7-suspensiones-contra-la-construccion-de-aeropuerto-de-santa-lucia\/#primaryimage\"},\"thumbnailUrl\":\"https:\/\/nitu.mx\/wp-content\/uploads\/2019\/07\/aeropuerto-santa-lucia.jpg\",\"datePublished\":\"2019-10-14T04:51:47+00:00\",\"dateModified\":\"2019-10-14T05:05:25+00:00\",\"description\":\"Cinco de las siete suspensiones definitivas contra el inicio de la construcci\u00f3n del aeropuerto en la base a\u00e9rea de Santa Luc\u00eda fueron anuladas esta semana.\",\"breadcrumb\":{\"@id\":\"https:\/\/nitu.mx\/index.php\/2019\/10\/13\/anulan-5-de-7-suspensiones-contra-la-construccion-de-aeropuerto-de-santa-lucia\/#breadcrumb\"},\"inLanguage\":\"es-MX\",\"potentialAction\":[{\"@type\":\"ReadAction\",\"target\":[\"https:\/\/nitu.mx\/index.php\/2019\/10\/13\/anulan-5-de-7-suspensiones-contra-la-construccion-de-aeropuerto-de-santa-lucia\/\"]}]},{\"@type\":\"ImageObject\",\"inLanguage\":\"es-MX\",\"@id\":\"https:\/\/nitu.mx\/index.php\/2019\/10\/13\/anulan-5-de-7-suspensiones-contra-la-construccion-de-aeropuerto-de-santa-lucia\/#primaryimage\",\"url\":\"https:\/\/nitu.mx\/wp-content\/uploads\/2019\/07\/aeropuerto-santa-lucia.jpg\",\"contentUrl\":\"https:\/\/nitu.mx\/wp-content\/uploads\/2019\/07\/aeropuerto-santa-lucia.jpg\",\"width\":850,\"height\":480,\"caption\":\"Base A\u00e9rea de Santa Luc\u00eda aeropuerto AIFA\"},{\"@type\":\"BreadcrumbList\",\"@id\":\"https:\/\/nitu.mx\/index.php\/2019\/10\/13\/anulan-5-de-7-suspensiones-contra-la-construccion-de-aeropuerto-de-santa-lucia\/#breadcrumb\",\"itemListElement\":[{\"@type\":\"ListItem\",\"position\":1,\"name\":\"Inicio\",\"item\":\"https:\/\/nitu.mx\/\"},{\"@type\":\"ListItem\",\"position\":2,\"name\":\"Anulan 5 de 7 suspensiones contra la construcci\u00f3n de aeropuerto de Santa Luc\u00eda\"}]},{\"@type\":\"WebSite\",\"@id\":\"https:\/\/nitu.mx\/#website\",\"url\":\"https:\/\/nitu.mx\/\",\"name\":\"Nitu - Noticias de la Industria Turistica\",\"description\":\"Noticias de la Industria Turistica\",\"publisher\":{\"@id\":\"https:\/\/nitu.mx\/#\/schema\/person\/ae7a53426417292d3dd07b45a33e01bc\"},\"alternateName\":\"Noticias de la Industria Turistica\",\"potentialAction\":[{\"@type\":\"SearchAction\",\"target\":{\"@type\":\"EntryPoint\",\"urlTemplate\":\"https:\/\/nitu.mx\/?s={search_term_string}\"},\"query-input\":\"required name=search_term_string\"}],\"inLanguage\":\"es-MX\"},{\"@type\":[\"Person\",\"Organization\"],\"@id\":\"https:\/\/nitu.mx\/#\/schema\/person\/ae7a53426417292d3dd07b45a33e01bc\",\"name\":\"Arturo Medina\",\"image\":{\"@type\":\"ImageObject\",\"inLanguage\":\"es-MX\",\"@id\":\"https:\/\/nitu.mx\/#\/schema\/person\/image\/\",\"url\":\"https:\/\/nitu.mx\/wp-content\/uploads\/2024\/04\/4A315622-1904-4D5C-B022-878CDC840E04-90x90-1.jpeg\",\"contentUrl\":\"https:\/\/nitu.mx\/wp-content\/uploads\/2024\/04\/4A315622-1904-4D5C-B022-878CDC840E04-90x90-1.jpeg\",\"width\":90,\"height\":90,\"caption\":\"Arturo Medina\"},\"logo\":{\"@id\":\"https:\/\/nitu.mx\/#\/schema\/person\/image\/\"},\"description\":\"Director NITU.mx, Egresado de la Escuela de Periodismo Carlos Septi\u00e9n Garc\u00eda. Periodista y analista especializado en turismo desde hace 35 a\u00f1os, radicado en Canc\u00fan Q.Roo. arturo@nitu.mx\",\"sameAs\":[\"https:\/\/nitu.mx\",\"https:\/\/www.facebook.com\/NITUmx\/\",\"medinacancun\",\"https:\/\/twitter.com\/@Arturo_Medina_G\"]},{\"@type\":\"Person\",\"@id\":\"https:\/\/nitu.mx\/#\/schema\/person\/4a28fe9bd65924f7c90623773daf1b0b\",\"name\":\"Redacci\u00f3n\",\"image\":{\"@type\":\"ImageObject\",\"inLanguage\":\"es-MX\",\"@id\":\"https:\/\/nitu.mx\/#\/schema\/person\/image\/\",\"url\":\"https:\/\/secure.gravatar.com\/avatar\/5dd011c8ccfc5cd7e4c81e42252aab38?s=96&d=mm&r=g\",\"contentUrl\":\"https:\/\/secure.gravatar.com\/avatar\/5dd011c8ccfc5cd7e4c81e42252aab38?s=96&d=mm&r=g\",\"caption\":\"Redacci\u00f3n\"},\"url\":\"https:\/\/nitu.mx\/index.php\/author\/redaccion\/\"}]}<\/script>\n<!-- \/ Yoast SEO plugin. -->","yoast_head_json":{"title":"Anulan 5 de 7 suspensiones contra la construcci\u00f3n de aeropuerto de Santa Luc\u00eda - Nitu - Noticias de la Industria Turistica","description":"Cinco de las siete suspensiones definitivas contra el inicio de la construcci\u00f3n del aeropuerto en la base a\u00e9rea de Santa Luc\u00eda fueron anuladas esta semana.","robots":{"index":"index","follow":"follow","max-snippet":"max-snippet:-1","max-image-preview":"max-image-preview:large","max-video-preview":"max-video-preview:-1"},"canonical":"https:\/\/nitu.mx\/index.php\/2019\/10\/13\/anulan-5-de-7-suspensiones-contra-la-construccion-de-aeropuerto-de-santa-lucia\/","twitter_card":"summary_large_image","twitter_title":"Anulan 5 de 7 suspensiones contra la construcci\u00f3n de aeropuerto de Santa Luc\u00eda - Nitu - Noticias de la Industria Turistica","twitter_description":"Cinco de las siete suspensiones definitivas contra el inicio de la construcci\u00f3n del aeropuerto en la base a\u00e9rea de Santa Luc\u00eda fueron anuladas esta semana.","twitter_image":"https:\/\/nitu.mx\/wp-content\/uploads\/2019\/07\/aeropuerto-santa-lucia.jpg","twitter_creator":"@NITUmx","twitter_site":"@Arturo_Medina_G","twitter_misc":{"Escrito por":"Redacci\u00f3n","Tiempo de lectura":"1 minuto"},"schema":{"@context":"https:\/\/schema.org","@graph":[{"@type":"Article","@id":"https:\/\/nitu.mx\/index.php\/2019\/10\/13\/anulan-5-de-7-suspensiones-contra-la-construccion-de-aeropuerto-de-santa-lucia\/#article","isPartOf":{"@id":"https:\/\/nitu.mx\/index.php\/2019\/10\/13\/anulan-5-de-7-suspensiones-contra-la-construccion-de-aeropuerto-de-santa-lucia\/"},"author":{"name":"Redacci\u00f3n","@id":"https:\/\/nitu.mx\/#\/schema\/person\/4a28fe9bd65924f7c90623773daf1b0b"},"headline":"Anulan 5 de 7 suspensiones contra la construcci\u00f3n de aeropuerto de Santa Luc\u00eda","datePublished":"2019-10-14T04:51:47+00:00","dateModified":"2019-10-14T05:05:25+00:00","mainEntityOfPage":{"@id":"https:\/\/nitu.mx\/index.php\/2019\/10\/13\/anulan-5-de-7-suspensiones-contra-la-construccion-de-aeropuerto-de-santa-lucia\/"},"wordCount":301,"commentCount":0,"publisher":{"@id":"https:\/\/nitu.mx\/#\/schema\/person\/ae7a53426417292d3dd07b45a33e01bc"},"image":{"@id":"https:\/\/nitu.mx\/index.php\/2019\/10\/13\/anulan-5-de-7-suspensiones-contra-la-construccion-de-aeropuerto-de-santa-lucia\/#primaryimage"},"thumbnailUrl":"https:\/\/nitu.mx\/wp-content\/uploads\/2019\/07\/aeropuerto-santa-lucia.jpg","keywords":["#NoM\u00e1sDerroches","Arturo Zald\u00edvar.","Jorge Arturo Camero","Poder Judicial","Santa Luc\u00eda","SEDENA"],"articleSection":["Aerol\u00edneas","M\u00e9xico"],"inLanguage":"es-MX","potentialAction":[{"@type":"CommentAction","name":"Comment","target":["https:\/\/nitu.mx\/index.php\/2019\/10\/13\/anulan-5-de-7-suspensiones-contra-la-construccion-de-aeropuerto-de-santa-lucia\/#respond"]}]},{"@type":"WebPage","@id":"https:\/\/nitu.mx\/index.php\/2019\/10\/13\/anulan-5-de-7-suspensiones-contra-la-construccion-de-aeropuerto-de-santa-lucia\/","url":"https:\/\/nitu.mx\/index.php\/2019\/10\/13\/anulan-5-de-7-suspensiones-contra-la-construccion-de-aeropuerto-de-santa-lucia\/","name":"Anulan 5 de 7 suspensiones contra la construcci\u00f3n de aeropuerto de Santa Luc\u00eda - Nitu - Noticias de la Industria Turistica","isPartOf":{"@id":"https:\/\/nitu.mx\/#website"},"primaryImageOfPage":{"@id":"https:\/\/nitu.mx\/index.php\/2019\/10\/13\/anulan-5-de-7-suspensiones-contra-la-construccion-de-aeropuerto-de-santa-lucia\/#primaryimage"},"image":{"@id":"https:\/\/nitu.mx\/index.php\/2019\/10\/13\/anulan-5-de-7-suspensiones-contra-la-construccion-de-aeropuerto-de-santa-lucia\/#primaryimage"},"thumbnailUrl":"https:\/\/nitu.mx\/wp-content\/uploads\/2019\/07\/aeropuerto-santa-lucia.jpg","datePublished":"2019-10-14T04:51:47+00:00","dateModified":"2019-10-14T05:05:25+00:00","description":"Cinco de las siete suspensiones definitivas contra el inicio de la construcci\u00f3n del aeropuerto en la base a\u00e9rea de Santa Luc\u00eda fueron anuladas esta semana.","breadcrumb":{"@id":"https:\/\/nitu.mx\/index.php\/2019\/10\/13\/anulan-5-de-7-suspensiones-contra-la-construccion-de-aeropuerto-de-santa-lucia\/#breadcrumb"},"inLanguage":"es-MX","potentialAction":[{"@type":"ReadAction","target":["https:\/\/nitu.mx\/index.php\/2019\/10\/13\/anulan-5-de-7-suspensiones-contra-la-construccion-de-aeropuerto-de-santa-lucia\/"]}]},{"@type":"ImageObject","inLanguage":"es-MX","@id":"https:\/\/nitu.mx\/index.php\/2019\/10\/13\/anulan-5-de-7-suspensiones-contra-la-construccion-de-aeropuerto-de-santa-lucia\/#primaryimage","url":"https:\/\/nitu.mx\/wp-content\/uploads\/2019\/07\/aeropuerto-santa-lucia.jpg","contentUrl":"https:\/\/nitu.mx\/wp-content\/uploads\/2019\/07\/aeropuerto-santa-lucia.jpg","width":850,"height":480,"caption":"Base A\u00e9rea de Santa Luc\u00eda aeropuerto AIFA"},{"@type":"BreadcrumbList","@id":"https:\/\/nitu.mx\/index.php\/2019\/10\/13\/anulan-5-de-7-suspensiones-contra-la-construccion-de-aeropuerto-de-santa-lucia\/#breadcrumb","itemListElement":[{"@type":"ListItem","position":1,"name":"Inicio","item":"https:\/\/nitu.mx\/"},{"@type":"ListItem","position":2,"name":"Anulan 5 de 7 suspensiones contra la construcci\u00f3n de aeropuerto de Santa Luc\u00eda"}]},{"@type":"WebSite","@id":"https:\/\/nitu.mx\/#website","url":"https:\/\/nitu.mx\/","name":"Nitu - Noticias de la Industria Turistica","description":"Noticias de la Industria Turistica","publisher":{"@id":"https:\/\/nitu.mx\/#\/schema\/person\/ae7a53426417292d3dd07b45a33e01bc"},"alternateName":"Noticias de la Industria Turistica","potentialAction":[{"@type":"SearchAction","target":{"@type":"EntryPoint","urlTemplate":"https:\/\/nitu.mx\/?s={search_term_string}"},"query-input":"required name=search_term_string"}],"inLanguage":"es-MX"},{"@type":["Person","Organization"],"@id":"https:\/\/nitu.mx\/#\/schema\/person\/ae7a53426417292d3dd07b45a33e01bc","name":"Arturo Medina","image":{"@type":"ImageObject","inLanguage":"es-MX","@id":"https:\/\/nitu.mx\/#\/schema\/person\/image\/","url":"https:\/\/nitu.mx\/wp-content\/uploads\/2024\/04\/4A315622-1904-4D5C-B022-878CDC840E04-90x90-1.jpeg","contentUrl":"https:\/\/nitu.mx\/wp-content\/uploads\/2024\/04\/4A315622-1904-4D5C-B022-878CDC840E04-90x90-1.jpeg","width":90,"height":90,"caption":"Arturo Medina"},"logo":{"@id":"https:\/\/nitu.mx\/#\/schema\/person\/image\/"},"description":"Director NITU.mx, Egresado de la Escuela de Periodismo Carlos Septi\u00e9n Garc\u00eda. Periodista y analista especializado en turismo desde hace 35 a\u00f1os, radicado en Canc\u00fan Q.Roo. arturo@nitu.mx","sameAs":["https:\/\/nitu.mx","https:\/\/www.facebook.com\/NITUmx\/","medinacancun","https:\/\/twitter.com\/@Arturo_Medina_G"]},{"@type":"Person","@id":"https:\/\/nitu.mx\/#\/schema\/person\/4a28fe9bd65924f7c90623773daf1b0b","name":"Redacci\u00f3n","image":{"@type":"ImageObject","inLanguage":"es-MX","@id":"https:\/\/nitu.mx\/#\/schema\/person\/image\/","url":"https:\/\/secure.gravatar.com\/avatar\/5dd011c8ccfc5cd7e4c81e42252aab38?s=96&d=mm&r=g","contentUrl":"https:\/\/secure.gravatar.com\/avatar\/5dd011c8ccfc5cd7e4c81e42252aab38?s=96&d=mm&r=g","caption":"Redacci\u00f3n"},"url":"https:\/\/nitu.mx\/index.php\/author\/redaccion\/"}]}},"views":213,"_links":{"self":[{"href":"https:\/\/nitu.mx\/index.php\/wp-json\/wp\/v2\/posts\/36477"}],"collection":[{"href":"https:\/\/nitu.mx\/index.php\/wp-json\/wp\/v2\/posts"}],"about":[{"href":"https:\/\/nitu.mx\/index.php\/wp-json\/wp\/v2\/types\/post"}],"author":[{"embeddable":true,"href":"https:\/\/nitu.mx\/index.php\/wp-json\/wp\/v2\/users\/17"}],"replies":[{"embeddable":true,"href":"https:\/\/nitu.mx\/index.php\/wp-json\/wp\/v2\/comments?post=36477"}],"version-history":[{"count":2,"href":"https:\/\/nitu.mx\/index.php\/wp-json\/wp\/v2\/posts\/36477\/revisions"}],"predecessor-version":[{"id":36506,"href":"https:\/\/nitu.mx\/index.php\/wp-json\/wp\/v2\/posts\/36477\/revisions\/36506"}],"wp:featuredmedia":[{"embeddable":true,"href":"https:\/\/nitu.mx\/index.php\/wp-json\/wp\/v2\/media\/33953"}],"wp:attachment":[{"href":"https:\/\/nitu.mx\/index.php\/wp-json\/wp\/v2\/media?parent=36477"}],"wp:term":[{"taxonomy":"category","embeddable":true,"href":"https:\/\/nitu.mx\/index.php\/wp-json\/wp\/v2\/categories?post=36477"},{"taxonomy":"post_tag","embeddable":true,"href":"https:\/\/nitu.mx\/index.php\/wp-json\/wp\/v2\/tags?post=36477"}],"curies":[{"name":"wp","href":"https:\/\/api.w.org\/{rel}","templated":true}]}}