{"id":36415,"date":"2019-10-10T23:01:49","date_gmt":"2019-10-11T04:01:49","guid":{"rendered":"https:\/\/www.dev.nitu.mx\/?p=36415"},"modified":"2019-10-11T00:03:34","modified_gmt":"2019-10-11T05:03:34","slug":"se-inaugura-el-primer-foro-de-turismo-sustentable-de-la-alcaldia-cuauhtemoc","status":"publish","type":"post","link":"https:\/\/nitu.mx\/index.php\/2019\/10\/10\/se-inaugura-el-primer-foro-de-turismo-sustentable-de-la-alcaldia-cuauhtemoc\/","title":{"rendered":"Se inaugura el Primer Foro de Turismo Sustentable de la alcald\u00eda Cuauht\u00e9moc"},"content":{"rendered":"<p>&nbsp;<\/p>\n<p>La complejidad de la legislaci\u00f3n ambiental para los hoteles de la Ciudad de M\u00e9xico, la gesti\u00f3n hotelera sustentable, y las tendencias de turismo y pol\u00edticas pet-friendly fueron los temas elegidos para abordarse en el Primer Foro de Turismo Sustentable de la alcald\u00eda Cuauht\u00e9moc.<\/p>\n<p>En representaci\u00f3n del alcalde N\u00e9stor N\u00fa\u00f1ez, Erik Hans Sol\u00f3rzano, director de Sustentabilidad de la alcald\u00eda Cuauht\u00e9moc, afirm\u00f3 que la demarcaci\u00f3n alberga 350 hoteles, que representan 56 por ciento de las habitaciones de hospedaje en la ciudad.<\/p>\n<p>Resalt\u00f3 que la actividad econ\u00f3mica no debe estar separada de la conciencia ambiental, por lo que es un desaf\u00edo impulsar las tendencias que cada vez son m\u00e1s rentables.<\/p>\n<p>En su oportunidad, Sandra Gil Lamadrid, directora de Desarrollo y Fomento Econ\u00f3mico, resalt\u00f3 el compromiso por ir de la mano con los diferentes hoteles para impulsar el turismo, innvovar y alcanzar nuevas metas.<\/p>\n<p>Por parte de la Asociaci\u00f3n de Hoteles de la Ciudad de M\u00e9xico, Alberto Albarr\u00e1n, agradeci\u00f3 el apoyo de la alcald\u00eda Cuauht\u00e9moc, as\u00ed como el tiempo y esfuerzo para sacar adelante el Primer Foro de Turismo Sustentable.<\/p>\n<p>El evento se conform\u00f3 por nueve conferencias magistrales y cinco mesas de trabajo interinstitucionales y transdisciplinarias, a partir de los temas citados en donde los conversadores analizar\u00e1n las problem\u00e1ticas actuales, la prospectiva, as\u00ed como las alternativas para desarrollar mejores propuestas en aras de construir un programa de sustentabilidad hotelera en la alcald\u00eda Cuauht\u00e9moc. (Al Momento)\u00a0<a title=\"La Cumbre de Turismo Sustentable se realizar\u00e1 del 23 al 26 de junio en Canc\u00fan\" href=\"https:\/\/www.dev.nitu.mx\/index.php\/2019\/05\/24\/la-cumbre-de-turismo-sustentable-se-realizara-del-23-al-26-de-junio-en-cancun\/\" rel=\"bookmark\">(La Cumbre de Turismo Sustentable se realizar\u00e1 del 23 al 26 de junio en Canc\u00fan<\/a>).<\/p>\n","protected":false},"excerpt":{"rendered":"<p>&nbsp; La complejidad de la legislaci\u00f3n ambiental para los hoteles de la Ciudad de M\u00e9xico, la gesti\u00f3n hotelera sustentable, y las tendencias de turismo y pol\u00edticas pet-friendly fueron los temas elegidos para abordarse en el Primer Foro de Turismo Sustentable de la alcald\u00eda Cuauht\u00e9moc. En representaci\u00f3n del alcalde N\u00e9stor N\u00fa\u00f1ez, Erik Hans Sol\u00f3rzano, director de [&hellip;]<\/p>\n","protected":false},"author":17,"featured_media":36436,"comment_status":"open","ping_status":"open","sticky":false,"template":"","format":"standard","meta":{"footnotes":""},"categories":[5,6],"tags":[17634,8403,17632,17630,9837,17633,3856],"yoast_head":"<!-- This site is optimized with the Yoast SEO plugin v22.2 - https:\/\/yoast.com\/wordpress\/plugins\/seo\/ -->\n<title>Se inaugura el Primer Foro de Turismo Sustentable de la alcald\u00eda Cuauht\u00e9moc - Nitu - Noticias de la Industria Turistica<\/title>\n<meta name=\"description\" content=\"La legislaci\u00f3n ambiental entre otros, fueron los temas elegidos para abordarse en el Primer Foro de Turismo Sustentable de la alcald\u00eda Cuauht\u00e9moc.\" \/>\n<meta name=\"robots\" content=\"index, follow, max-snippet:-1, max-image-preview:large, max-video-preview:-1\" \/>\n<link rel=\"canonical\" href=\"https:\/\/nitu.mx\/index.php\/2019\/10\/10\/se-inaugura-el-primer-foro-de-turismo-sustentable-de-la-alcaldia-cuauhtemoc\/\" \/>\n<meta name=\"twitter:card\" content=\"summary_large_image\" \/>\n<meta name=\"twitter:title\" content=\"Se inaugura el Primer Foro de Turismo Sustentable de la alcald\u00eda Cuauht\u00e9moc - Nitu - Noticias de la Industria Turistica\" \/>\n<meta name=\"twitter:description\" content=\"La legislaci\u00f3n ambiental entre otros, fueron los temas elegidos para abordarse en el Primer Foro de Turismo Sustentable de la alcald\u00eda Cuauht\u00e9moc.\" \/>\n<meta name=\"twitter:image\" content=\"https:\/\/nitu.mx\/wp-content\/uploads\/2019\/10\/Foro-Turismo-Sustentable-alcald\u00eda-Cuauht\u00e9moc.jpg\" \/>\n<meta name=\"twitter:creator\" content=\"@NITUmx\" \/>\n<meta name=\"twitter:site\" content=\"@Arturo_Medina_G\" \/>\n<meta name=\"twitter:label1\" content=\"Escrito por\" \/>\n\t<meta name=\"twitter:data1\" content=\"Redacci\u00f3n\" \/>\n\t<meta name=\"twitter:label2\" content=\"Tiempo de lectura\" \/>\n\t<meta name=\"twitter:data2\" content=\"1 minuto\" \/>\n<script type=\"application\/ld+json\" class=\"yoast-schema-graph\">{\"@context\":\"https:\/\/schema.org\",\"@graph\":[{\"@type\":\"Article\",\"@id\":\"https:\/\/nitu.mx\/index.php\/2019\/10\/10\/se-inaugura-el-primer-foro-de-turismo-sustentable-de-la-alcaldia-cuauhtemoc\/#article\",\"isPartOf\":{\"@id\":\"https:\/\/nitu.mx\/index.php\/2019\/10\/10\/se-inaugura-el-primer-foro-de-turismo-sustentable-de-la-alcaldia-cuauhtemoc\/\"},\"author\":{\"name\":\"Redacci\u00f3n\",\"@id\":\"https:\/\/nitu.mx\/#\/schema\/person\/4a28fe9bd65924f7c90623773daf1b0b\"},\"headline\":\"Se inaugura el Primer Foro de Turismo Sustentable de la alcald\u00eda Cuauht\u00e9moc\",\"datePublished\":\"2019-10-11T04:01:49+00:00\",\"dateModified\":\"2019-10-11T05:03:34+00:00\",\"mainEntityOfPage\":{\"@id\":\"https:\/\/nitu.mx\/index.php\/2019\/10\/10\/se-inaugura-el-primer-foro-de-turismo-sustentable-de-la-alcaldia-cuauhtemoc\/\"},\"wordCount\":284,\"commentCount\":0,\"publisher\":{\"@id\":\"https:\/\/nitu.mx\/#\/schema\/person\/ae7a53426417292d3dd07b45a33e01bc\"},\"image\":{\"@id\":\"https:\/\/nitu.mx\/index.php\/2019\/10\/10\/se-inaugura-el-primer-foro-de-turismo-sustentable-de-la-alcaldia-cuauhtemoc\/#primaryimage\"},\"thumbnailUrl\":\"https:\/\/nitu.mx\/wp-content\/uploads\/2019\/10\/Foro-Turismo-Sustentable-alcald\u00eda-Cuauht\u00e9moc.jpg\",\"keywords\":[\"Alberto Albarr\u00e1n.\",\"Cuauht\u00e9moc\",\"Erik Hans Sol\u00f3rzano\",\"Legislaci\u00f3n ambiental\",\"Pet Friendly\",\"Sandra Gil Lamadrid\",\"Turismo sustentable\"],\"articleSection\":[\"Destinos\",\"M\u00e9xico\"],\"inLanguage\":\"es-MX\",\"potentialAction\":[{\"@type\":\"CommentAction\",\"name\":\"Comment\",\"target\":[\"https:\/\/nitu.mx\/index.php\/2019\/10\/10\/se-inaugura-el-primer-foro-de-turismo-sustentable-de-la-alcaldia-cuauhtemoc\/#respond\"]}]},{\"@type\":\"WebPage\",\"@id\":\"https:\/\/nitu.mx\/index.php\/2019\/10\/10\/se-inaugura-el-primer-foro-de-turismo-sustentable-de-la-alcaldia-cuauhtemoc\/\",\"url\":\"https:\/\/nitu.mx\/index.php\/2019\/10\/10\/se-inaugura-el-primer-foro-de-turismo-sustentable-de-la-alcaldia-cuauhtemoc\/\",\"name\":\"Se inaugura el Primer Foro de Turismo Sustentable de la alcald\u00eda Cuauht\u00e9moc - Nitu - Noticias de la Industria Turistica\",\"isPartOf\":{\"@id\":\"https:\/\/nitu.mx\/#website\"},\"primaryImageOfPage\":{\"@id\":\"https:\/\/nitu.mx\/index.php\/2019\/10\/10\/se-inaugura-el-primer-foro-de-turismo-sustentable-de-la-alcaldia-cuauhtemoc\/#primaryimage\"},\"image\":{\"@id\":\"https:\/\/nitu.mx\/index.php\/2019\/10\/10\/se-inaugura-el-primer-foro-de-turismo-sustentable-de-la-alcaldia-cuauhtemoc\/#primaryimage\"},\"thumbnailUrl\":\"https:\/\/nitu.mx\/wp-content\/uploads\/2019\/10\/Foro-Turismo-Sustentable-alcald\u00eda-Cuauht\u00e9moc.jpg\",\"datePublished\":\"2019-10-11T04:01:49+00:00\",\"dateModified\":\"2019-10-11T05:03:34+00:00\",\"description\":\"La legislaci\u00f3n ambiental entre otros, fueron los temas elegidos para abordarse en el Primer Foro de Turismo Sustentable de la alcald\u00eda Cuauht\u00e9moc.\",\"breadcrumb\":{\"@id\":\"https:\/\/nitu.mx\/index.php\/2019\/10\/10\/se-inaugura-el-primer-foro-de-turismo-sustentable-de-la-alcaldia-cuauhtemoc\/#breadcrumb\"},\"inLanguage\":\"es-MX\",\"potentialAction\":[{\"@type\":\"ReadAction\",\"target\":[\"https:\/\/nitu.mx\/index.php\/2019\/10\/10\/se-inaugura-el-primer-foro-de-turismo-sustentable-de-la-alcaldia-cuauhtemoc\/\"]}]},{\"@type\":\"ImageObject\",\"inLanguage\":\"es-MX\",\"@id\":\"https:\/\/nitu.mx\/index.php\/2019\/10\/10\/se-inaugura-el-primer-foro-de-turismo-sustentable-de-la-alcaldia-cuauhtemoc\/#primaryimage\",\"url\":\"https:\/\/nitu.mx\/wp-content\/uploads\/2019\/10\/Foro-Turismo-Sustentable-alcald\u00eda-Cuauht\u00e9moc.jpg\",\"contentUrl\":\"https:\/\/nitu.mx\/wp-content\/uploads\/2019\/10\/Foro-Turismo-Sustentable-alcald\u00eda-Cuauht\u00e9moc.jpg\",\"width\":850,\"height\":480,\"caption\":\"Foro Turismo Sustentable alcald\u00eda Cuauht\u00e9moc\"},{\"@type\":\"BreadcrumbList\",\"@id\":\"https:\/\/nitu.mx\/index.php\/2019\/10\/10\/se-inaugura-el-primer-foro-de-turismo-sustentable-de-la-alcaldia-cuauhtemoc\/#breadcrumb\",\"itemListElement\":[{\"@type\":\"ListItem\",\"position\":1,\"name\":\"Inicio\",\"item\":\"https:\/\/nitu.mx\/\"},{\"@type\":\"ListItem\",\"position\":2,\"name\":\"Se inaugura el Primer Foro de Turismo Sustentable de la alcald\u00eda Cuauht\u00e9moc\"}]},{\"@type\":\"WebSite\",\"@id\":\"https:\/\/nitu.mx\/#website\",\"url\":\"https:\/\/nitu.mx\/\",\"name\":\"Nitu - Noticias de la Industria Turistica\",\"description\":\"Noticias de la Industria Turistica\",\"publisher\":{\"@id\":\"https:\/\/nitu.mx\/#\/schema\/person\/ae7a53426417292d3dd07b45a33e01bc\"},\"alternateName\":\"Noticias de la Industria Turistica\",\"potentialAction\":[{\"@type\":\"SearchAction\",\"target\":{\"@type\":\"EntryPoint\",\"urlTemplate\":\"https:\/\/nitu.mx\/?s={search_term_string}\"},\"query-input\":\"required name=search_term_string\"}],\"inLanguage\":\"es-MX\"},{\"@type\":[\"Person\",\"Organization\"],\"@id\":\"https:\/\/nitu.mx\/#\/schema\/person\/ae7a53426417292d3dd07b45a33e01bc\",\"name\":\"Arturo Medina\",\"image\":{\"@type\":\"ImageObject\",\"inLanguage\":\"es-MX\",\"@id\":\"https:\/\/nitu.mx\/#\/schema\/person\/image\/\",\"url\":\"https:\/\/nitu.mx\/wp-content\/uploads\/2024\/04\/4A315622-1904-4D5C-B022-878CDC840E04-90x90-1.jpeg\",\"contentUrl\":\"https:\/\/nitu.mx\/wp-content\/uploads\/2024\/04\/4A315622-1904-4D5C-B022-878CDC840E04-90x90-1.jpeg\",\"width\":90,\"height\":90,\"caption\":\"Arturo Medina\"},\"logo\":{\"@id\":\"https:\/\/nitu.mx\/#\/schema\/person\/image\/\"},\"description\":\"Director NITU.mx, Egresado de la Escuela de Periodismo Carlos Septi\u00e9n Garc\u00eda. Periodista y analista especializado en turismo desde hace 35 a\u00f1os, radicado en Canc\u00fan Q.Roo. arturo@nitu.mx\",\"sameAs\":[\"https:\/\/nitu.mx\",\"https:\/\/www.facebook.com\/NITUmx\/\",\"medinacancun\",\"https:\/\/twitter.com\/@Arturo_Medina_G\"]},{\"@type\":\"Person\",\"@id\":\"https:\/\/nitu.mx\/#\/schema\/person\/4a28fe9bd65924f7c90623773daf1b0b\",\"name\":\"Redacci\u00f3n\",\"image\":{\"@type\":\"ImageObject\",\"inLanguage\":\"es-MX\",\"@id\":\"https:\/\/nitu.mx\/#\/schema\/person\/image\/\",\"url\":\"https:\/\/secure.gravatar.com\/avatar\/5dd011c8ccfc5cd7e4c81e42252aab38?s=96&d=mm&r=g\",\"contentUrl\":\"https:\/\/secure.gravatar.com\/avatar\/5dd011c8ccfc5cd7e4c81e42252aab38?s=96&d=mm&r=g\",\"caption\":\"Redacci\u00f3n\"},\"url\":\"https:\/\/nitu.mx\/index.php\/author\/redaccion\/\"}]}<\/script>\n<!-- \/ Yoast SEO plugin. -->","yoast_head_json":{"title":"Se inaugura el Primer Foro de Turismo Sustentable de la alcald\u00eda Cuauht\u00e9moc - Nitu - Noticias de la Industria Turistica","description":"La legislaci\u00f3n ambiental entre otros, fueron los temas elegidos para abordarse en el Primer Foro de Turismo Sustentable de la alcald\u00eda Cuauht\u00e9moc.","robots":{"index":"index","follow":"follow","max-snippet":"max-snippet:-1","max-image-preview":"max-image-preview:large","max-video-preview":"max-video-preview:-1"},"canonical":"https:\/\/nitu.mx\/index.php\/2019\/10\/10\/se-inaugura-el-primer-foro-de-turismo-sustentable-de-la-alcaldia-cuauhtemoc\/","twitter_card":"summary_large_image","twitter_title":"Se inaugura el Primer Foro de Turismo Sustentable de la alcald\u00eda Cuauht\u00e9moc - Nitu - Noticias de la Industria Turistica","twitter_description":"La legislaci\u00f3n ambiental entre otros, fueron los temas elegidos para abordarse en el Primer Foro de Turismo Sustentable de la alcald\u00eda Cuauht\u00e9moc.","twitter_image":"https:\/\/nitu.mx\/wp-content\/uploads\/2019\/10\/Foro-Turismo-Sustentable-alcald\u00eda-Cuauht\u00e9moc.jpg","twitter_creator":"@NITUmx","twitter_site":"@Arturo_Medina_G","twitter_misc":{"Escrito por":"Redacci\u00f3n","Tiempo de lectura":"1 minuto"},"schema":{"@context":"https:\/\/schema.org","@graph":[{"@type":"Article","@id":"https:\/\/nitu.mx\/index.php\/2019\/10\/10\/se-inaugura-el-primer-foro-de-turismo-sustentable-de-la-alcaldia-cuauhtemoc\/#article","isPartOf":{"@id":"https:\/\/nitu.mx\/index.php\/2019\/10\/10\/se-inaugura-el-primer-foro-de-turismo-sustentable-de-la-alcaldia-cuauhtemoc\/"},"author":{"name":"Redacci\u00f3n","@id":"https:\/\/nitu.mx\/#\/schema\/person\/4a28fe9bd65924f7c90623773daf1b0b"},"headline":"Se inaugura el Primer Foro de Turismo Sustentable de la alcald\u00eda Cuauht\u00e9moc","datePublished":"2019-10-11T04:01:49+00:00","dateModified":"2019-10-11T05:03:34+00:00","mainEntityOfPage":{"@id":"https:\/\/nitu.mx\/index.php\/2019\/10\/10\/se-inaugura-el-primer-foro-de-turismo-sustentable-de-la-alcaldia-cuauhtemoc\/"},"wordCount":284,"commentCount":0,"publisher":{"@id":"https:\/\/nitu.mx\/#\/schema\/person\/ae7a53426417292d3dd07b45a33e01bc"},"image":{"@id":"https:\/\/nitu.mx\/index.php\/2019\/10\/10\/se-inaugura-el-primer-foro-de-turismo-sustentable-de-la-alcaldia-cuauhtemoc\/#primaryimage"},"thumbnailUrl":"https:\/\/nitu.mx\/wp-content\/uploads\/2019\/10\/Foro-Turismo-Sustentable-alcald\u00eda-Cuauht\u00e9moc.jpg","keywords":["Alberto Albarr\u00e1n.","Cuauht\u00e9moc","Erik Hans Sol\u00f3rzano","Legislaci\u00f3n ambiental","Pet Friendly","Sandra Gil Lamadrid","Turismo sustentable"],"articleSection":["Destinos","M\u00e9xico"],"inLanguage":"es-MX","potentialAction":[{"@type":"CommentAction","name":"Comment","target":["https:\/\/nitu.mx\/index.php\/2019\/10\/10\/se-inaugura-el-primer-foro-de-turismo-sustentable-de-la-alcaldia-cuauhtemoc\/#respond"]}]},{"@type":"WebPage","@id":"https:\/\/nitu.mx\/index.php\/2019\/10\/10\/se-inaugura-el-primer-foro-de-turismo-sustentable-de-la-alcaldia-cuauhtemoc\/","url":"https:\/\/nitu.mx\/index.php\/2019\/10\/10\/se-inaugura-el-primer-foro-de-turismo-sustentable-de-la-alcaldia-cuauhtemoc\/","name":"Se inaugura el Primer Foro de Turismo Sustentable de la alcald\u00eda Cuauht\u00e9moc - Nitu - Noticias de la Industria Turistica","isPartOf":{"@id":"https:\/\/nitu.mx\/#website"},"primaryImageOfPage":{"@id":"https:\/\/nitu.mx\/index.php\/2019\/10\/10\/se-inaugura-el-primer-foro-de-turismo-sustentable-de-la-alcaldia-cuauhtemoc\/#primaryimage"},"image":{"@id":"https:\/\/nitu.mx\/index.php\/2019\/10\/10\/se-inaugura-el-primer-foro-de-turismo-sustentable-de-la-alcaldia-cuauhtemoc\/#primaryimage"},"thumbnailUrl":"https:\/\/nitu.mx\/wp-content\/uploads\/2019\/10\/Foro-Turismo-Sustentable-alcald\u00eda-Cuauht\u00e9moc.jpg","datePublished":"2019-10-11T04:01:49+00:00","dateModified":"2019-10-11T05:03:34+00:00","description":"La legislaci\u00f3n ambiental entre otros, fueron los temas elegidos para abordarse en el Primer Foro de Turismo Sustentable de la alcald\u00eda Cuauht\u00e9moc.","breadcrumb":{"@id":"https:\/\/nitu.mx\/index.php\/2019\/10\/10\/se-inaugura-el-primer-foro-de-turismo-sustentable-de-la-alcaldia-cuauhtemoc\/#breadcrumb"},"inLanguage":"es-MX","potentialAction":[{"@type":"ReadAction","target":["https:\/\/nitu.mx\/index.php\/2019\/10\/10\/se-inaugura-el-primer-foro-de-turismo-sustentable-de-la-alcaldia-cuauhtemoc\/"]}]},{"@type":"ImageObject","inLanguage":"es-MX","@id":"https:\/\/nitu.mx\/index.php\/2019\/10\/10\/se-inaugura-el-primer-foro-de-turismo-sustentable-de-la-alcaldia-cuauhtemoc\/#primaryimage","url":"https:\/\/nitu.mx\/wp-content\/uploads\/2019\/10\/Foro-Turismo-Sustentable-alcald\u00eda-Cuauht\u00e9moc.jpg","contentUrl":"https:\/\/nitu.mx\/wp-content\/uploads\/2019\/10\/Foro-Turismo-Sustentable-alcald\u00eda-Cuauht\u00e9moc.jpg","width":850,"height":480,"caption":"Foro Turismo Sustentable alcald\u00eda Cuauht\u00e9moc"},{"@type":"BreadcrumbList","@id":"https:\/\/nitu.mx\/index.php\/2019\/10\/10\/se-inaugura-el-primer-foro-de-turismo-sustentable-de-la-alcaldia-cuauhtemoc\/#breadcrumb","itemListElement":[{"@type":"ListItem","position":1,"name":"Inicio","item":"https:\/\/nitu.mx\/"},{"@type":"ListItem","position":2,"name":"Se inaugura el Primer Foro de Turismo Sustentable de la alcald\u00eda Cuauht\u00e9moc"}]},{"@type":"WebSite","@id":"https:\/\/nitu.mx\/#website","url":"https:\/\/nitu.mx\/","name":"Nitu - Noticias de la Industria Turistica","description":"Noticias de la Industria Turistica","publisher":{"@id":"https:\/\/nitu.mx\/#\/schema\/person\/ae7a53426417292d3dd07b45a33e01bc"},"alternateName":"Noticias de la Industria Turistica","potentialAction":[{"@type":"SearchAction","target":{"@type":"EntryPoint","urlTemplate":"https:\/\/nitu.mx\/?s={search_term_string}"},"query-input":"required name=search_term_string"}],"inLanguage":"es-MX"},{"@type":["Person","Organization"],"@id":"https:\/\/nitu.mx\/#\/schema\/person\/ae7a53426417292d3dd07b45a33e01bc","name":"Arturo Medina","image":{"@type":"ImageObject","inLanguage":"es-MX","@id":"https:\/\/nitu.mx\/#\/schema\/person\/image\/","url":"https:\/\/nitu.mx\/wp-content\/uploads\/2024\/04\/4A315622-1904-4D5C-B022-878CDC840E04-90x90-1.jpeg","contentUrl":"https:\/\/nitu.mx\/wp-content\/uploads\/2024\/04\/4A315622-1904-4D5C-B022-878CDC840E04-90x90-1.jpeg","width":90,"height":90,"caption":"Arturo Medina"},"logo":{"@id":"https:\/\/nitu.mx\/#\/schema\/person\/image\/"},"description":"Director NITU.mx, Egresado de la Escuela de Periodismo Carlos Septi\u00e9n Garc\u00eda. Periodista y analista especializado en turismo desde hace 35 a\u00f1os, radicado en Canc\u00fan Q.Roo. arturo@nitu.mx","sameAs":["https:\/\/nitu.mx","https:\/\/www.facebook.com\/NITUmx\/","medinacancun","https:\/\/twitter.com\/@Arturo_Medina_G"]},{"@type":"Person","@id":"https:\/\/nitu.mx\/#\/schema\/person\/4a28fe9bd65924f7c90623773daf1b0b","name":"Redacci\u00f3n","image":{"@type":"ImageObject","inLanguage":"es-MX","@id":"https:\/\/nitu.mx\/#\/schema\/person\/image\/","url":"https:\/\/secure.gravatar.com\/avatar\/5dd011c8ccfc5cd7e4c81e42252aab38?s=96&d=mm&r=g","contentUrl":"https:\/\/secure.gravatar.com\/avatar\/5dd011c8ccfc5cd7e4c81e42252aab38?s=96&d=mm&r=g","caption":"Redacci\u00f3n"},"url":"https:\/\/nitu.mx\/index.php\/author\/redaccion\/"}]}},"views":292,"_links":{"self":[{"href":"https:\/\/nitu.mx\/index.php\/wp-json\/wp\/v2\/posts\/36415"}],"collection":[{"href":"https:\/\/nitu.mx\/index.php\/wp-json\/wp\/v2\/posts"}],"about":[{"href":"https:\/\/nitu.mx\/index.php\/wp-json\/wp\/v2\/types\/post"}],"author":[{"embeddable":true,"href":"https:\/\/nitu.mx\/index.php\/wp-json\/wp\/v2\/users\/17"}],"replies":[{"embeddable":true,"href":"https:\/\/nitu.mx\/index.php\/wp-json\/wp\/v2\/comments?post=36415"}],"version-history":[{"count":3,"href":"https:\/\/nitu.mx\/index.php\/wp-json\/wp\/v2\/posts\/36415\/revisions"}],"predecessor-version":[{"id":36437,"href":"https:\/\/nitu.mx\/index.php\/wp-json\/wp\/v2\/posts\/36415\/revisions\/36437"}],"wp:featuredmedia":[{"embeddable":true,"href":"https:\/\/nitu.mx\/index.php\/wp-json\/wp\/v2\/media\/36436"}],"wp:attachment":[{"href":"https:\/\/nitu.mx\/index.php\/wp-json\/wp\/v2\/media?parent=36415"}],"wp:term":[{"taxonomy":"category","embeddable":true,"href":"https:\/\/nitu.mx\/index.php\/wp-json\/wp\/v2\/categories?post=36415"},{"taxonomy":"post_tag","embeddable":true,"href":"https:\/\/nitu.mx\/index.php\/wp-json\/wp\/v2\/tags?post=36415"}],"curies":[{"name":"wp","href":"https:\/\/api.w.org\/{rel}","templated":true}]}}