{"id":36411,"date":"2019-10-10T22:51:20","date_gmt":"2019-10-11T03:51:20","guid":{"rendered":"https:\/\/www.dev.nitu.mx\/?p=36411"},"modified":"2019-10-11T00:03:18","modified_gmt":"2019-10-11T05:03:18","slug":"playa-del-carmen-vibrara-en-la-17a-edicion-de-riviera-maya-jazz-festival-2019","status":"publish","type":"post","link":"https:\/\/nitu.mx\/index.php\/2019\/10\/10\/playa-del-carmen-vibrara-en-la-17a-edicion-de-riviera-maya-jazz-festival-2019\/","title":{"rendered":"Playa del Carmen vibrar\u00e1 en la 17\u00aa edici\u00f3n de Riviera Maya Jazz Festival 2019"},"content":{"rendered":"<p>&nbsp;<\/p>\n<p>Con la presencia de UB40 y grandes exponentes del jazz, que est\u00e1 considerado dentro de los 10 mejores festivales alrededor del mundo, Riviera Maya Jazz Festival presentar\u00e1 su 17\u00aa edici\u00f3n del 29 de noviembre al 1 de diciembre en Mamita\u2019s Beach Club, escenario que ha cobijado a los m\u00e1ximos exponentes del jazz.<\/p>\n<p>Dar\u00edo Flota Ocampo, director del Consejo de Promoci\u00f3n Tur\u00edstica de Quintana Roo (CPTQ), present\u00f3 en el hotel Reef 28, Playa del Carmen, al elenco que formar\u00e1 parte de la edici\u00f3n 17 del festival, dijo sentirse emocionado por continuar trayendo personalidades musicales de talla internacional que comparten su talento con los cerca de 50 mil seguidores que asisten gratuitamente.<\/p>\n<p>\u201cA lo largo de 16 a\u00f1os hemos tenido a grandes voces internacionales present\u00e1ndose en Playa del Carmen, y este a\u00f1o no ser\u00e1 la excepci\u00f3n. Estoy seguro que vamos a tener una gran edici\u00f3n del festival y nuevas an\u00e9cdotas que contar\u201d. Adem\u00e1s, el director de CPTQ anunci\u00f3 que este a\u00f1o el anfirtri\u00f3n de los artistas ser\u00e1 el hotel The Reef 28.<\/p>\n<p>Este a\u00f1o, en la primera velada musical se presentar\u00e1 la fusi\u00f3n de lounge y electr\u00f3nica que caracteriza a Sr. Mandril; Magos Herrera, poseedora de una de las voces m\u00e1s expresivas del jazz contempor\u00e1neo, y Chucho Vald\u00e9s, uno de los mejores pianistas del mundo y catalogado dentro de los cuatro mejores jazzistas que har\u00e1 vibrar al Caribe Mexicano.<\/p>\n<p>La creatividad de Natalia Marrokin endulzar\u00e1 la noche con canciones de soul y blues; la pianista brasile\u00f1a Eliane Elias deleitar\u00e1 al p\u00fablico con su singular talento para fusionar el jazz con la bossa nova, y con un trepidante y sensual espect\u00e1culo, Trombone Shorty &amp; Orleans Avenue te\u00f1ir\u00e1 de carisma y emoci\u00f3n el cierre del segundo d\u00eda del festival en el escenario de Mamita\u2019s Beach Club.<\/p>\n<p>Durante el tercer d\u00eda del Festival de Jazz de Riviera Maya, la elegancia musical de New York Voices, y la mezcla de funk y jazz que ha hecho famosos en Europa y Asia al grupo PBug formar\u00e1n parte del espect\u00e1culo. Al caer la noche, el pop reggae del famoso grupo ingl\u00e9s UB40 que lo posicion\u00f3 en las mejores listas de los 80\u2019s, sonar\u00e1 en Playa del Carmen para cerrar con broche de oro la 17\u00aa edici\u00f3n de uno de los eventos m\u00e1s importantes del destino.<\/p>\n<p>El comit\u00e9 organizador invit\u00f3 al p\u00fablico en general a participar en la estrategia digital siguiendo las redes sociales en donde se har\u00e1n din\u00e1micas para ganar diversos premios; en Facebook como RivieraMayaJazz, en Twitter como JazzRivieraMaya y en Instagram como RivieraMayaJazzFest.<\/p>\n<p>En la conferencia de prensa tambi\u00e9n estuvo Manuel Paredes, director ejecutivo de la Asociaci\u00f3n de Hoteles de Riviera Maya y Jorge Marzuca, director de Mamita\u2019s Beach Club quien coment\u00f3 sobre la limpieza de playas que ser\u00e1, como cada a\u00f1o parte del compromiso por preservar el destino: \u201cHabr\u00e1 bolsas para que la gente pueda recoger su basura al finalizar el evento cada noche. Estamos muy contentos de ser parte de este gran festival desde sus inicios\u201d. Finalmente, record\u00f3 que la entrada\u00a0 es gratuita y que quienes lleven sillas o sombrillas ser\u00e1n asignados en la parte trasera viendo al escenario.\u00a0<a title=\"CPTQ: Hay promoci\u00f3n del Caribe Mexicano, Festival de Jazz concentra 50 medios de comunicaci\u00f3n\" href=\"https:\/\/www.dev.nitu.mx\/index.php\/2018\/12\/03\/cptq-hay-promocion-del-caribe-mexicano-festival-de-jazz-concentra-50-medios-de-comunicacion\/\" rel=\"bookmark\">(CPTQ: Hay promoci\u00f3n del Caribe Mexicano, Festival de Jazz concentra 50 medios de comunicaci\u00f3n<\/a>).<\/p>\n","protected":false},"excerpt":{"rendered":"<p>&nbsp; Con la presencia de UB40 y grandes exponentes del jazz, que est\u00e1 considerado dentro de los 10 mejores festivales alrededor del mundo, Riviera Maya Jazz Festival presentar\u00e1 su 17\u00aa edici\u00f3n del 29 de noviembre al 1 de diciembre en Mamita\u2019s Beach Club, escenario que ha cobijado a los m\u00e1ximos exponentes del jazz. Dar\u00edo Flota [&hellip;]<\/p>\n","protected":false},"author":17,"featured_media":36432,"comment_status":"open","ping_status":"open","sticky":false,"template":"","format":"standard","meta":{"footnotes":""},"categories":[5,6],"tags":[3161,874,17626,17627,405,6091],"yoast_head":"<!-- This site is optimized with the Yoast SEO plugin v22.2 - https:\/\/yoast.com\/wordpress\/plugins\/seo\/ -->\n<title>Playa del Carmen vibrar\u00e1 en la 17\u00aa edici\u00f3n de Riviera Maya Jazz Festival 2019 - Nitu - Noticias de la Industria Turistica<\/title>\n<meta name=\"description\" content=\"Riviera Maya Jazz Festival presentar\u00e1 su 17\u00aa edici\u00f3n del 29 de noviembre al 1 de diciembre en Mamita\u2019s Beach Club, anunci\u00f3 el director del CPTQ.\" \/>\n<meta name=\"robots\" content=\"index, follow, max-snippet:-1, max-image-preview:large, max-video-preview:-1\" \/>\n<link rel=\"canonical\" href=\"https:\/\/nitu.mx\/index.php\/2019\/10\/10\/playa-del-carmen-vibrara-en-la-17a-edicion-de-riviera-maya-jazz-festival-2019\/\" \/>\n<meta name=\"twitter:card\" content=\"summary_large_image\" \/>\n<meta name=\"twitter:title\" content=\"Playa del Carmen vibrar\u00e1 en la 17\u00aa edici\u00f3n de Riviera Maya Jazz Festival 2019 - Nitu - Noticias de la Industria Turistica\" \/>\n<meta name=\"twitter:description\" content=\"Riviera Maya Jazz Festival presentar\u00e1 su 17\u00aa edici\u00f3n del 29 de noviembre al 1 de diciembre en Mamita\u2019s Beach Club, anunci\u00f3 el director del CPTQ.\" \/>\n<meta name=\"twitter:image\" content=\"https:\/\/nitu.mx\/wp-content\/uploads\/2019\/10\/Riviera-Maya-Jazz-Festival-2019-conferencia.jpg\" \/>\n<meta name=\"twitter:creator\" content=\"@NITUmx\" \/>\n<meta name=\"twitter:site\" content=\"@Arturo_Medina_G\" \/>\n<meta name=\"twitter:label1\" content=\"Escrito por\" \/>\n\t<meta name=\"twitter:data1\" content=\"Redacci\u00f3n\" \/>\n\t<meta name=\"twitter:label2\" content=\"Tiempo de lectura\" \/>\n\t<meta name=\"twitter:data2\" content=\"3 minutos\" \/>\n<script type=\"application\/ld+json\" class=\"yoast-schema-graph\">{\"@context\":\"https:\/\/schema.org\",\"@graph\":[{\"@type\":\"Article\",\"@id\":\"https:\/\/nitu.mx\/index.php\/2019\/10\/10\/playa-del-carmen-vibrara-en-la-17a-edicion-de-riviera-maya-jazz-festival-2019\/#article\",\"isPartOf\":{\"@id\":\"https:\/\/nitu.mx\/index.php\/2019\/10\/10\/playa-del-carmen-vibrara-en-la-17a-edicion-de-riviera-maya-jazz-festival-2019\/\"},\"author\":{\"name\":\"Redacci\u00f3n\",\"@id\":\"https:\/\/nitu.mx\/#\/schema\/person\/4a28fe9bd65924f7c90623773daf1b0b\"},\"headline\":\"Playa del Carmen vibrar\u00e1 en la 17\u00aa edici\u00f3n de Riviera Maya Jazz Festival 2019\",\"datePublished\":\"2019-10-11T03:51:20+00:00\",\"dateModified\":\"2019-10-11T05:03:18+00:00\",\"mainEntityOfPage\":{\"@id\":\"https:\/\/nitu.mx\/index.php\/2019\/10\/10\/playa-del-carmen-vibrara-en-la-17a-edicion-de-riviera-maya-jazz-festival-2019\/\"},\"wordCount\":577,\"commentCount\":0,\"publisher\":{\"@id\":\"https:\/\/nitu.mx\/#\/schema\/person\/ae7a53426417292d3dd07b45a33e01bc\"},\"image\":{\"@id\":\"https:\/\/nitu.mx\/index.php\/2019\/10\/10\/playa-del-carmen-vibrara-en-la-17a-edicion-de-riviera-maya-jazz-festival-2019\/#primaryimage\"},\"thumbnailUrl\":\"https:\/\/nitu.mx\/wp-content\/uploads\/2019\/10\/Riviera-Maya-Jazz-Festival-2019-conferencia.jpg\",\"keywords\":[\"Consejo de Promoci\u00f3n Tur\u00edstica de Quintana Roo\",\"Dar\u00edo Flota Ocampo\",\"festivales de jazz\",\"hotel Reef 28\",\"Playa del Carmen\",\"Riviera Maya Jazz Festival\"],\"articleSection\":[\"Destinos\",\"M\u00e9xico\"],\"inLanguage\":\"es-MX\",\"potentialAction\":[{\"@type\":\"CommentAction\",\"name\":\"Comment\",\"target\":[\"https:\/\/nitu.mx\/index.php\/2019\/10\/10\/playa-del-carmen-vibrara-en-la-17a-edicion-de-riviera-maya-jazz-festival-2019\/#respond\"]}]},{\"@type\":\"WebPage\",\"@id\":\"https:\/\/nitu.mx\/index.php\/2019\/10\/10\/playa-del-carmen-vibrara-en-la-17a-edicion-de-riviera-maya-jazz-festival-2019\/\",\"url\":\"https:\/\/nitu.mx\/index.php\/2019\/10\/10\/playa-del-carmen-vibrara-en-la-17a-edicion-de-riviera-maya-jazz-festival-2019\/\",\"name\":\"Playa del Carmen vibrar\u00e1 en la 17\u00aa edici\u00f3n de Riviera Maya Jazz Festival 2019 - Nitu - Noticias de la Industria Turistica\",\"isPartOf\":{\"@id\":\"https:\/\/nitu.mx\/#website\"},\"primaryImageOfPage\":{\"@id\":\"https:\/\/nitu.mx\/index.php\/2019\/10\/10\/playa-del-carmen-vibrara-en-la-17a-edicion-de-riviera-maya-jazz-festival-2019\/#primaryimage\"},\"image\":{\"@id\":\"https:\/\/nitu.mx\/index.php\/2019\/10\/10\/playa-del-carmen-vibrara-en-la-17a-edicion-de-riviera-maya-jazz-festival-2019\/#primaryimage\"},\"thumbnailUrl\":\"https:\/\/nitu.mx\/wp-content\/uploads\/2019\/10\/Riviera-Maya-Jazz-Festival-2019-conferencia.jpg\",\"datePublished\":\"2019-10-11T03:51:20+00:00\",\"dateModified\":\"2019-10-11T05:03:18+00:00\",\"description\":\"Riviera Maya Jazz Festival presentar\u00e1 su 17\u00aa edici\u00f3n del 29 de noviembre al 1 de diciembre en Mamita\u2019s Beach Club, anunci\u00f3 el director del CPTQ.\",\"breadcrumb\":{\"@id\":\"https:\/\/nitu.mx\/index.php\/2019\/10\/10\/playa-del-carmen-vibrara-en-la-17a-edicion-de-riviera-maya-jazz-festival-2019\/#breadcrumb\"},\"inLanguage\":\"es-MX\",\"potentialAction\":[{\"@type\":\"ReadAction\",\"target\":[\"https:\/\/nitu.mx\/index.php\/2019\/10\/10\/playa-del-carmen-vibrara-en-la-17a-edicion-de-riviera-maya-jazz-festival-2019\/\"]}]},{\"@type\":\"ImageObject\",\"inLanguage\":\"es-MX\",\"@id\":\"https:\/\/nitu.mx\/index.php\/2019\/10\/10\/playa-del-carmen-vibrara-en-la-17a-edicion-de-riviera-maya-jazz-festival-2019\/#primaryimage\",\"url\":\"https:\/\/nitu.mx\/wp-content\/uploads\/2019\/10\/Riviera-Maya-Jazz-Festival-2019-conferencia.jpg\",\"contentUrl\":\"https:\/\/nitu.mx\/wp-content\/uploads\/2019\/10\/Riviera-Maya-Jazz-Festival-2019-conferencia.jpg\",\"width\":850,\"height\":480,\"caption\":\"Riviera Maya Jazz Festival 2019\"},{\"@type\":\"BreadcrumbList\",\"@id\":\"https:\/\/nitu.mx\/index.php\/2019\/10\/10\/playa-del-carmen-vibrara-en-la-17a-edicion-de-riviera-maya-jazz-festival-2019\/#breadcrumb\",\"itemListElement\":[{\"@type\":\"ListItem\",\"position\":1,\"name\":\"Inicio\",\"item\":\"https:\/\/nitu.mx\/\"},{\"@type\":\"ListItem\",\"position\":2,\"name\":\"Playa del Carmen vibrar\u00e1 en la 17\u00aa edici\u00f3n de Riviera Maya Jazz Festival 2019\"}]},{\"@type\":\"WebSite\",\"@id\":\"https:\/\/nitu.mx\/#website\",\"url\":\"https:\/\/nitu.mx\/\",\"name\":\"Nitu - Noticias de la Industria Turistica\",\"description\":\"Noticias de la Industria Turistica\",\"publisher\":{\"@id\":\"https:\/\/nitu.mx\/#\/schema\/person\/ae7a53426417292d3dd07b45a33e01bc\"},\"alternateName\":\"Noticias de la Industria Turistica\",\"potentialAction\":[{\"@type\":\"SearchAction\",\"target\":{\"@type\":\"EntryPoint\",\"urlTemplate\":\"https:\/\/nitu.mx\/?s={search_term_string}\"},\"query-input\":\"required name=search_term_string\"}],\"inLanguage\":\"es-MX\"},{\"@type\":[\"Person\",\"Organization\"],\"@id\":\"https:\/\/nitu.mx\/#\/schema\/person\/ae7a53426417292d3dd07b45a33e01bc\",\"name\":\"Arturo Medina\",\"image\":{\"@type\":\"ImageObject\",\"inLanguage\":\"es-MX\",\"@id\":\"https:\/\/nitu.mx\/#\/schema\/person\/image\/\",\"url\":\"https:\/\/nitu.mx\/wp-content\/uploads\/2024\/04\/4A315622-1904-4D5C-B022-878CDC840E04-90x90-1.jpeg\",\"contentUrl\":\"https:\/\/nitu.mx\/wp-content\/uploads\/2024\/04\/4A315622-1904-4D5C-B022-878CDC840E04-90x90-1.jpeg\",\"width\":90,\"height\":90,\"caption\":\"Arturo Medina\"},\"logo\":{\"@id\":\"https:\/\/nitu.mx\/#\/schema\/person\/image\/\"},\"description\":\"Director NITU.mx, Egresado de la Escuela de Periodismo Carlos Septi\u00e9n Garc\u00eda. Periodista y analista especializado en turismo desde hace 35 a\u00f1os, radicado en Canc\u00fan Q.Roo. arturo@nitu.mx\",\"sameAs\":[\"https:\/\/nitu.mx\",\"https:\/\/www.facebook.com\/NITUmx\/\",\"medinacancun\",\"https:\/\/twitter.com\/@Arturo_Medina_G\"]},{\"@type\":\"Person\",\"@id\":\"https:\/\/nitu.mx\/#\/schema\/person\/4a28fe9bd65924f7c90623773daf1b0b\",\"name\":\"Redacci\u00f3n\",\"image\":{\"@type\":\"ImageObject\",\"inLanguage\":\"es-MX\",\"@id\":\"https:\/\/nitu.mx\/#\/schema\/person\/image\/\",\"url\":\"https:\/\/secure.gravatar.com\/avatar\/5dd011c8ccfc5cd7e4c81e42252aab38?s=96&d=mm&r=g\",\"contentUrl\":\"https:\/\/secure.gravatar.com\/avatar\/5dd011c8ccfc5cd7e4c81e42252aab38?s=96&d=mm&r=g\",\"caption\":\"Redacci\u00f3n\"},\"url\":\"https:\/\/nitu.mx\/index.php\/author\/redaccion\/\"}]}<\/script>\n<!-- \/ Yoast SEO plugin. -->","yoast_head_json":{"title":"Playa del Carmen vibrar\u00e1 en la 17\u00aa edici\u00f3n de Riviera Maya Jazz Festival 2019 - Nitu - Noticias de la Industria Turistica","description":"Riviera Maya Jazz Festival presentar\u00e1 su 17\u00aa edici\u00f3n del 29 de noviembre al 1 de diciembre en Mamita\u2019s Beach Club, anunci\u00f3 el director del CPTQ.","robots":{"index":"index","follow":"follow","max-snippet":"max-snippet:-1","max-image-preview":"max-image-preview:large","max-video-preview":"max-video-preview:-1"},"canonical":"https:\/\/nitu.mx\/index.php\/2019\/10\/10\/playa-del-carmen-vibrara-en-la-17a-edicion-de-riviera-maya-jazz-festival-2019\/","twitter_card":"summary_large_image","twitter_title":"Playa del Carmen vibrar\u00e1 en la 17\u00aa edici\u00f3n de Riviera Maya Jazz Festival 2019 - Nitu - Noticias de la Industria Turistica","twitter_description":"Riviera Maya Jazz Festival presentar\u00e1 su 17\u00aa edici\u00f3n del 29 de noviembre al 1 de diciembre en Mamita\u2019s Beach Club, anunci\u00f3 el director del CPTQ.","twitter_image":"https:\/\/nitu.mx\/wp-content\/uploads\/2019\/10\/Riviera-Maya-Jazz-Festival-2019-conferencia.jpg","twitter_creator":"@NITUmx","twitter_site":"@Arturo_Medina_G","twitter_misc":{"Escrito por":"Redacci\u00f3n","Tiempo de lectura":"3 minutos"},"schema":{"@context":"https:\/\/schema.org","@graph":[{"@type":"Article","@id":"https:\/\/nitu.mx\/index.php\/2019\/10\/10\/playa-del-carmen-vibrara-en-la-17a-edicion-de-riviera-maya-jazz-festival-2019\/#article","isPartOf":{"@id":"https:\/\/nitu.mx\/index.php\/2019\/10\/10\/playa-del-carmen-vibrara-en-la-17a-edicion-de-riviera-maya-jazz-festival-2019\/"},"author":{"name":"Redacci\u00f3n","@id":"https:\/\/nitu.mx\/#\/schema\/person\/4a28fe9bd65924f7c90623773daf1b0b"},"headline":"Playa del Carmen vibrar\u00e1 en la 17\u00aa edici\u00f3n de Riviera Maya Jazz Festival 2019","datePublished":"2019-10-11T03:51:20+00:00","dateModified":"2019-10-11T05:03:18+00:00","mainEntityOfPage":{"@id":"https:\/\/nitu.mx\/index.php\/2019\/10\/10\/playa-del-carmen-vibrara-en-la-17a-edicion-de-riviera-maya-jazz-festival-2019\/"},"wordCount":577,"commentCount":0,"publisher":{"@id":"https:\/\/nitu.mx\/#\/schema\/person\/ae7a53426417292d3dd07b45a33e01bc"},"image":{"@id":"https:\/\/nitu.mx\/index.php\/2019\/10\/10\/playa-del-carmen-vibrara-en-la-17a-edicion-de-riviera-maya-jazz-festival-2019\/#primaryimage"},"thumbnailUrl":"https:\/\/nitu.mx\/wp-content\/uploads\/2019\/10\/Riviera-Maya-Jazz-Festival-2019-conferencia.jpg","keywords":["Consejo de Promoci\u00f3n Tur\u00edstica de Quintana Roo","Dar\u00edo Flota Ocampo","festivales de jazz","hotel Reef 28","Playa del Carmen","Riviera Maya Jazz Festival"],"articleSection":["Destinos","M\u00e9xico"],"inLanguage":"es-MX","potentialAction":[{"@type":"CommentAction","name":"Comment","target":["https:\/\/nitu.mx\/index.php\/2019\/10\/10\/playa-del-carmen-vibrara-en-la-17a-edicion-de-riviera-maya-jazz-festival-2019\/#respond"]}]},{"@type":"WebPage","@id":"https:\/\/nitu.mx\/index.php\/2019\/10\/10\/playa-del-carmen-vibrara-en-la-17a-edicion-de-riviera-maya-jazz-festival-2019\/","url":"https:\/\/nitu.mx\/index.php\/2019\/10\/10\/playa-del-carmen-vibrara-en-la-17a-edicion-de-riviera-maya-jazz-festival-2019\/","name":"Playa del Carmen vibrar\u00e1 en la 17\u00aa edici\u00f3n de Riviera Maya Jazz Festival 2019 - Nitu - Noticias de la Industria Turistica","isPartOf":{"@id":"https:\/\/nitu.mx\/#website"},"primaryImageOfPage":{"@id":"https:\/\/nitu.mx\/index.php\/2019\/10\/10\/playa-del-carmen-vibrara-en-la-17a-edicion-de-riviera-maya-jazz-festival-2019\/#primaryimage"},"image":{"@id":"https:\/\/nitu.mx\/index.php\/2019\/10\/10\/playa-del-carmen-vibrara-en-la-17a-edicion-de-riviera-maya-jazz-festival-2019\/#primaryimage"},"thumbnailUrl":"https:\/\/nitu.mx\/wp-content\/uploads\/2019\/10\/Riviera-Maya-Jazz-Festival-2019-conferencia.jpg","datePublished":"2019-10-11T03:51:20+00:00","dateModified":"2019-10-11T05:03:18+00:00","description":"Riviera Maya Jazz Festival presentar\u00e1 su 17\u00aa edici\u00f3n del 29 de noviembre al 1 de diciembre en Mamita\u2019s Beach Club, anunci\u00f3 el director del CPTQ.","breadcrumb":{"@id":"https:\/\/nitu.mx\/index.php\/2019\/10\/10\/playa-del-carmen-vibrara-en-la-17a-edicion-de-riviera-maya-jazz-festival-2019\/#breadcrumb"},"inLanguage":"es-MX","potentialAction":[{"@type":"ReadAction","target":["https:\/\/nitu.mx\/index.php\/2019\/10\/10\/playa-del-carmen-vibrara-en-la-17a-edicion-de-riviera-maya-jazz-festival-2019\/"]}]},{"@type":"ImageObject","inLanguage":"es-MX","@id":"https:\/\/nitu.mx\/index.php\/2019\/10\/10\/playa-del-carmen-vibrara-en-la-17a-edicion-de-riviera-maya-jazz-festival-2019\/#primaryimage","url":"https:\/\/nitu.mx\/wp-content\/uploads\/2019\/10\/Riviera-Maya-Jazz-Festival-2019-conferencia.jpg","contentUrl":"https:\/\/nitu.mx\/wp-content\/uploads\/2019\/10\/Riviera-Maya-Jazz-Festival-2019-conferencia.jpg","width":850,"height":480,"caption":"Riviera Maya Jazz Festival 2019"},{"@type":"BreadcrumbList","@id":"https:\/\/nitu.mx\/index.php\/2019\/10\/10\/playa-del-carmen-vibrara-en-la-17a-edicion-de-riviera-maya-jazz-festival-2019\/#breadcrumb","itemListElement":[{"@type":"ListItem","position":1,"name":"Inicio","item":"https:\/\/nitu.mx\/"},{"@type":"ListItem","position":2,"name":"Playa del Carmen vibrar\u00e1 en la 17\u00aa edici\u00f3n de Riviera Maya Jazz Festival 2019"}]},{"@type":"WebSite","@id":"https:\/\/nitu.mx\/#website","url":"https:\/\/nitu.mx\/","name":"Nitu - Noticias de la Industria Turistica","description":"Noticias de la Industria Turistica","publisher":{"@id":"https:\/\/nitu.mx\/#\/schema\/person\/ae7a53426417292d3dd07b45a33e01bc"},"alternateName":"Noticias de la Industria Turistica","potentialAction":[{"@type":"SearchAction","target":{"@type":"EntryPoint","urlTemplate":"https:\/\/nitu.mx\/?s={search_term_string}"},"query-input":"required name=search_term_string"}],"inLanguage":"es-MX"},{"@type":["Person","Organization"],"@id":"https:\/\/nitu.mx\/#\/schema\/person\/ae7a53426417292d3dd07b45a33e01bc","name":"Arturo Medina","image":{"@type":"ImageObject","inLanguage":"es-MX","@id":"https:\/\/nitu.mx\/#\/schema\/person\/image\/","url":"https:\/\/nitu.mx\/wp-content\/uploads\/2024\/04\/4A315622-1904-4D5C-B022-878CDC840E04-90x90-1.jpeg","contentUrl":"https:\/\/nitu.mx\/wp-content\/uploads\/2024\/04\/4A315622-1904-4D5C-B022-878CDC840E04-90x90-1.jpeg","width":90,"height":90,"caption":"Arturo Medina"},"logo":{"@id":"https:\/\/nitu.mx\/#\/schema\/person\/image\/"},"description":"Director NITU.mx, Egresado de la Escuela de Periodismo Carlos Septi\u00e9n Garc\u00eda. Periodista y analista especializado en turismo desde hace 35 a\u00f1os, radicado en Canc\u00fan Q.Roo. arturo@nitu.mx","sameAs":["https:\/\/nitu.mx","https:\/\/www.facebook.com\/NITUmx\/","medinacancun","https:\/\/twitter.com\/@Arturo_Medina_G"]},{"@type":"Person","@id":"https:\/\/nitu.mx\/#\/schema\/person\/4a28fe9bd65924f7c90623773daf1b0b","name":"Redacci\u00f3n","image":{"@type":"ImageObject","inLanguage":"es-MX","@id":"https:\/\/nitu.mx\/#\/schema\/person\/image\/","url":"https:\/\/secure.gravatar.com\/avatar\/5dd011c8ccfc5cd7e4c81e42252aab38?s=96&d=mm&r=g","contentUrl":"https:\/\/secure.gravatar.com\/avatar\/5dd011c8ccfc5cd7e4c81e42252aab38?s=96&d=mm&r=g","caption":"Redacci\u00f3n"},"url":"https:\/\/nitu.mx\/index.php\/author\/redaccion\/"}]}},"views":267,"_links":{"self":[{"href":"https:\/\/nitu.mx\/index.php\/wp-json\/wp\/v2\/posts\/36411"}],"collection":[{"href":"https:\/\/nitu.mx\/index.php\/wp-json\/wp\/v2\/posts"}],"about":[{"href":"https:\/\/nitu.mx\/index.php\/wp-json\/wp\/v2\/types\/post"}],"author":[{"embeddable":true,"href":"https:\/\/nitu.mx\/index.php\/wp-json\/wp\/v2\/users\/17"}],"replies":[{"embeddable":true,"href":"https:\/\/nitu.mx\/index.php\/wp-json\/wp\/v2\/comments?post=36411"}],"version-history":[{"count":3,"href":"https:\/\/nitu.mx\/index.php\/wp-json\/wp\/v2\/posts\/36411\/revisions"}],"predecessor-version":[{"id":36426,"href":"https:\/\/nitu.mx\/index.php\/wp-json\/wp\/v2\/posts\/36411\/revisions\/36426"}],"wp:featuredmedia":[{"embeddable":true,"href":"https:\/\/nitu.mx\/index.php\/wp-json\/wp\/v2\/media\/36432"}],"wp:attachment":[{"href":"https:\/\/nitu.mx\/index.php\/wp-json\/wp\/v2\/media?parent=36411"}],"wp:term":[{"taxonomy":"category","embeddable":true,"href":"https:\/\/nitu.mx\/index.php\/wp-json\/wp\/v2\/categories?post=36411"},{"taxonomy":"post_tag","embeddable":true,"href":"https:\/\/nitu.mx\/index.php\/wp-json\/wp\/v2\/tags?post=36411"}],"curies":[{"name":"wp","href":"https:\/\/api.w.org\/{rel}","templated":true}]}}