{"id":36375,"date":"2019-10-10T00:06:06","date_gmt":"2019-10-10T05:06:06","guid":{"rendered":"https:\/\/www.dev.nitu.mx\/?p=36375"},"modified":"2019-10-10T00:12:53","modified_gmt":"2019-10-10T05:12:53","slug":"pricetravel-holding-busca-robustecer-alianzas-estrategicas","status":"publish","type":"post","link":"https:\/\/nitu.mx\/index.php\/2019\/10\/10\/pricetravel-holding-busca-robustecer-alianzas-estrategicas\/","title":{"rendered":"PriceTravel Holding busca robustecer alianzas estrat\u00e9gicas"},"content":{"rendered":"<p>&nbsp;<\/p>\n<p>Con el objetivo de fortalecer sus relaciones comerciales a nivel internacional, la empresa l\u00edder en la industria tur\u00edstica, PriceTravel Holding, busca robustecer sus alianzas estrat\u00e9gicas con socios comerciales al participar en la Feria Internacional De Turismo de Am\u00e9rica Latina, que se llev\u00f3 a cabo en Buenos Aires, Argentina, del 5 al 8 de octubre.<\/p>\n<p>Se trata del principal encuentro de la industria tur\u00edstica para el sector de Am\u00e9rica Latina, en la cual se re\u00fanen los principales protagonistas de turismo a nivel global; entre ellos: hoteleros, operadores terrestres y oficinas de turismo, con el fin de planificar estrategias, realizar acuerdos comerciales y concretar los mejores negocios.<\/p>\n<p>PriceTravel Holding se ha caracterizado por robustecer su portafolio con productos diferenciados y participando en este tipo de\u00a0 plataformas de negocios, logran ampliar a\u00fan m\u00e1s la oferta para as\u00ed brindar m\u00e1s opciones y mejores precios a sus clientes y a la vez reforzar su propuesta de valor para los distintos proveedores.<\/p>\n<p>\u201cFIT Am\u00e9rica Latina es una buena oportunidad para reunirse tanto con proveedores clave de Latinoam\u00e9rica, como con representantes de compa\u00f1\u00edas Argentinas, para presentarles nuestras diferentes l\u00edneas de negocio que crean excelentes sinergias en M\u00e9xico y Colombia\u201d, coment\u00f3 Edgar Vargas, Director de Relaci\u00f3n con Proveedores y Marketing. (<a title=\"PriceTravel Holding participa en la Vitrina Tur\u00edstica ANATO\" href=\"https:\/\/www.dev.nitu.mx\/index.php\/2019\/02\/28\/participa-pricetravel-holding-en-la-vitrina-turistica-anato-en-colombia\/\" rel=\"bookmark\">PriceTravel Holding participa en la Vitrina Tur\u00edstica ANATO<\/a>).<\/p>\n<p>Con estas acciones, PriceTravel Holding reafirma su posici\u00f3n de liderazgo en la industria nacional e internacional y su compromiso con sus viajeros.<\/p>\n","protected":false},"excerpt":{"rendered":"<p>&nbsp; Con el objetivo de fortalecer sus relaciones comerciales a nivel internacional, la empresa l\u00edder en la industria tur\u00edstica, PriceTravel Holding, busca robustecer sus alianzas estrat\u00e9gicas con socios comerciales al participar en la Feria Internacional De Turismo de Am\u00e9rica Latina, que se llev\u00f3 a cabo en Buenos Aires, Argentina, del 5 al 8 de octubre. [&hellip;]<\/p>\n","protected":false},"author":17,"featured_media":8166,"comment_status":"open","ping_status":"open","sticky":false,"template":"","format":"standard","meta":{"footnotes":""},"categories":[3,5],"tags":[17620,16011,17619,3183,2840],"yoast_head":"<!-- This site is optimized with the Yoast SEO plugin v22.2 - https:\/\/yoast.com\/wordpress\/plugins\/seo\/ -->\n<title>PriceTravel Holding busca robustecer alianzas estrat\u00e9gicas - Nitu - Noticias de la Industria Turistica<\/title>\n<meta name=\"description\" content=\"PriceTravel Holding, busca robustecer sus alianzas estrat\u00e9gicas con socios comerciales al participar en la Feria Internacional De Turismo de Am\u00e9rica Latina.\" \/>\n<meta name=\"robots\" content=\"index, follow, max-snippet:-1, max-image-preview:large, max-video-preview:-1\" \/>\n<link rel=\"canonical\" href=\"https:\/\/nitu.mx\/index.php\/2019\/10\/10\/pricetravel-holding-busca-robustecer-alianzas-estrategicas\/\" \/>\n<meta name=\"twitter:card\" content=\"summary_large_image\" \/>\n<meta name=\"twitter:title\" content=\"PriceTravel Holding busca robustecer alianzas estrat\u00e9gicas - Nitu - Noticias de la Industria Turistica\" \/>\n<meta name=\"twitter:description\" content=\"PriceTravel Holding, busca robustecer sus alianzas estrat\u00e9gicas con socios comerciales al participar en la Feria Internacional De Turismo de Am\u00e9rica Latina.\" \/>\n<meta name=\"twitter:image\" content=\"https:\/\/nitu.mx\/wp-content\/uploads\/2017\/03\/pricetravel-tagtravel.jpg\" \/>\n<meta name=\"twitter:creator\" content=\"@NITUmx\" \/>\n<meta name=\"twitter:site\" content=\"@Arturo_Medina_G\" \/>\n<meta name=\"twitter:label1\" content=\"Escrito por\" \/>\n\t<meta name=\"twitter:data1\" content=\"Redacci\u00f3n\" \/>\n\t<meta name=\"twitter:label2\" content=\"Tiempo de lectura\" \/>\n\t<meta name=\"twitter:data2\" content=\"1 minuto\" \/>\n<script type=\"application\/ld+json\" class=\"yoast-schema-graph\">{\"@context\":\"https:\/\/schema.org\",\"@graph\":[{\"@type\":\"Article\",\"@id\":\"https:\/\/nitu.mx\/index.php\/2019\/10\/10\/pricetravel-holding-busca-robustecer-alianzas-estrategicas\/#article\",\"isPartOf\":{\"@id\":\"https:\/\/nitu.mx\/index.php\/2019\/10\/10\/pricetravel-holding-busca-robustecer-alianzas-estrategicas\/\"},\"author\":{\"name\":\"Redacci\u00f3n\",\"@id\":\"https:\/\/nitu.mx\/#\/schema\/person\/4a28fe9bd65924f7c90623773daf1b0b\"},\"headline\":\"PriceTravel Holding busca robustecer alianzas estrat\u00e9gicas\",\"datePublished\":\"2019-10-10T05:06:06+00:00\",\"dateModified\":\"2019-10-10T05:12:53+00:00\",\"mainEntityOfPage\":{\"@id\":\"https:\/\/nitu.mx\/index.php\/2019\/10\/10\/pricetravel-holding-busca-robustecer-alianzas-estrategicas\/\"},\"wordCount\":256,\"commentCount\":0,\"publisher\":{\"@id\":\"https:\/\/nitu.mx\/#\/schema\/person\/ae7a53426417292d3dd07b45a33e01bc\"},\"image\":{\"@id\":\"https:\/\/nitu.mx\/index.php\/2019\/10\/10\/pricetravel-holding-busca-robustecer-alianzas-estrategicas\/#primaryimage\"},\"thumbnailUrl\":\"https:\/\/nitu.mx\/wp-content\/uploads\/2017\/03\/pricetravel-tagtravel.jpg\",\"keywords\":[\"Alianzas estrategicas\",\"Edgar Vargas\",\"FIT Am\u00e9rica Latina\",\"Industria Tur\u00edstica\",\"PriceTravel Holding\"],\"articleSection\":[\"Agencias de Viajes\",\"Destinos\"],\"inLanguage\":\"es-MX\",\"potentialAction\":[{\"@type\":\"CommentAction\",\"name\":\"Comment\",\"target\":[\"https:\/\/nitu.mx\/index.php\/2019\/10\/10\/pricetravel-holding-busca-robustecer-alianzas-estrategicas\/#respond\"]}]},{\"@type\":\"WebPage\",\"@id\":\"https:\/\/nitu.mx\/index.php\/2019\/10\/10\/pricetravel-holding-busca-robustecer-alianzas-estrategicas\/\",\"url\":\"https:\/\/nitu.mx\/index.php\/2019\/10\/10\/pricetravel-holding-busca-robustecer-alianzas-estrategicas\/\",\"name\":\"PriceTravel Holding busca robustecer alianzas estrat\u00e9gicas - Nitu - Noticias de la Industria Turistica\",\"isPartOf\":{\"@id\":\"https:\/\/nitu.mx\/#website\"},\"primaryImageOfPage\":{\"@id\":\"https:\/\/nitu.mx\/index.php\/2019\/10\/10\/pricetravel-holding-busca-robustecer-alianzas-estrategicas\/#primaryimage\"},\"image\":{\"@id\":\"https:\/\/nitu.mx\/index.php\/2019\/10\/10\/pricetravel-holding-busca-robustecer-alianzas-estrategicas\/#primaryimage\"},\"thumbnailUrl\":\"https:\/\/nitu.mx\/wp-content\/uploads\/2017\/03\/pricetravel-tagtravel.jpg\",\"datePublished\":\"2019-10-10T05:06:06+00:00\",\"dateModified\":\"2019-10-10T05:12:53+00:00\",\"description\":\"PriceTravel Holding, busca robustecer sus alianzas estrat\u00e9gicas con socios comerciales al participar en la Feria Internacional De Turismo de Am\u00e9rica Latina.\",\"breadcrumb\":{\"@id\":\"https:\/\/nitu.mx\/index.php\/2019\/10\/10\/pricetravel-holding-busca-robustecer-alianzas-estrategicas\/#breadcrumb\"},\"inLanguage\":\"es-MX\",\"potentialAction\":[{\"@type\":\"ReadAction\",\"target\":[\"https:\/\/nitu.mx\/index.php\/2019\/10\/10\/pricetravel-holding-busca-robustecer-alianzas-estrategicas\/\"]}]},{\"@type\":\"ImageObject\",\"inLanguage\":\"es-MX\",\"@id\":\"https:\/\/nitu.mx\/index.php\/2019\/10\/10\/pricetravel-holding-busca-robustecer-alianzas-estrategicas\/#primaryimage\",\"url\":\"https:\/\/nitu.mx\/wp-content\/uploads\/2017\/03\/pricetravel-tagtravel.jpg\",\"contentUrl\":\"https:\/\/nitu.mx\/wp-content\/uploads\/2017\/03\/pricetravel-tagtravel.jpg\",\"width\":850,\"height\":480,\"caption\":\"Tag Travel pricetravel\"},{\"@type\":\"BreadcrumbList\",\"@id\":\"https:\/\/nitu.mx\/index.php\/2019\/10\/10\/pricetravel-holding-busca-robustecer-alianzas-estrategicas\/#breadcrumb\",\"itemListElement\":[{\"@type\":\"ListItem\",\"position\":1,\"name\":\"Inicio\",\"item\":\"https:\/\/nitu.mx\/\"},{\"@type\":\"ListItem\",\"position\":2,\"name\":\"PriceTravel Holding busca robustecer alianzas estrat\u00e9gicas\"}]},{\"@type\":\"WebSite\",\"@id\":\"https:\/\/nitu.mx\/#website\",\"url\":\"https:\/\/nitu.mx\/\",\"name\":\"Nitu - Noticias de la Industria Turistica\",\"description\":\"Noticias de la Industria Turistica\",\"publisher\":{\"@id\":\"https:\/\/nitu.mx\/#\/schema\/person\/ae7a53426417292d3dd07b45a33e01bc\"},\"alternateName\":\"Noticias de la Industria Turistica\",\"potentialAction\":[{\"@type\":\"SearchAction\",\"target\":{\"@type\":\"EntryPoint\",\"urlTemplate\":\"https:\/\/nitu.mx\/?s={search_term_string}\"},\"query-input\":\"required name=search_term_string\"}],\"inLanguage\":\"es-MX\"},{\"@type\":[\"Person\",\"Organization\"],\"@id\":\"https:\/\/nitu.mx\/#\/schema\/person\/ae7a53426417292d3dd07b45a33e01bc\",\"name\":\"Arturo Medina\",\"image\":{\"@type\":\"ImageObject\",\"inLanguage\":\"es-MX\",\"@id\":\"https:\/\/nitu.mx\/#\/schema\/person\/image\/\",\"url\":\"https:\/\/nitu.mx\/wp-content\/uploads\/2024\/04\/4A315622-1904-4D5C-B022-878CDC840E04-90x90-1.jpeg\",\"contentUrl\":\"https:\/\/nitu.mx\/wp-content\/uploads\/2024\/04\/4A315622-1904-4D5C-B022-878CDC840E04-90x90-1.jpeg\",\"width\":90,\"height\":90,\"caption\":\"Arturo Medina\"},\"logo\":{\"@id\":\"https:\/\/nitu.mx\/#\/schema\/person\/image\/\"},\"description\":\"Director NITU.mx, Egresado de la Escuela de Periodismo Carlos Septi\u00e9n Garc\u00eda. Periodista y analista especializado en turismo desde hace 35 a\u00f1os, radicado en Canc\u00fan Q.Roo. arturo@nitu.mx\",\"sameAs\":[\"https:\/\/nitu.mx\",\"https:\/\/www.facebook.com\/NITUmx\/\",\"medinacancun\",\"https:\/\/twitter.com\/@Arturo_Medina_G\"]},{\"@type\":\"Person\",\"@id\":\"https:\/\/nitu.mx\/#\/schema\/person\/4a28fe9bd65924f7c90623773daf1b0b\",\"name\":\"Redacci\u00f3n\",\"image\":{\"@type\":\"ImageObject\",\"inLanguage\":\"es-MX\",\"@id\":\"https:\/\/nitu.mx\/#\/schema\/person\/image\/\",\"url\":\"https:\/\/secure.gravatar.com\/avatar\/5dd011c8ccfc5cd7e4c81e42252aab38?s=96&d=mm&r=g\",\"contentUrl\":\"https:\/\/secure.gravatar.com\/avatar\/5dd011c8ccfc5cd7e4c81e42252aab38?s=96&d=mm&r=g\",\"caption\":\"Redacci\u00f3n\"},\"url\":\"https:\/\/nitu.mx\/index.php\/author\/redaccion\/\"}]}<\/script>\n<!-- \/ Yoast SEO plugin. -->","yoast_head_json":{"title":"PriceTravel Holding busca robustecer alianzas estrat\u00e9gicas - Nitu - Noticias de la Industria Turistica","description":"PriceTravel Holding, busca robustecer sus alianzas estrat\u00e9gicas con socios comerciales al participar en la Feria Internacional De Turismo de Am\u00e9rica Latina.","robots":{"index":"index","follow":"follow","max-snippet":"max-snippet:-1","max-image-preview":"max-image-preview:large","max-video-preview":"max-video-preview:-1"},"canonical":"https:\/\/nitu.mx\/index.php\/2019\/10\/10\/pricetravel-holding-busca-robustecer-alianzas-estrategicas\/","twitter_card":"summary_large_image","twitter_title":"PriceTravel Holding busca robustecer alianzas estrat\u00e9gicas - Nitu - Noticias de la Industria Turistica","twitter_description":"PriceTravel Holding, busca robustecer sus alianzas estrat\u00e9gicas con socios comerciales al participar en la Feria Internacional De Turismo de Am\u00e9rica Latina.","twitter_image":"https:\/\/nitu.mx\/wp-content\/uploads\/2017\/03\/pricetravel-tagtravel.jpg","twitter_creator":"@NITUmx","twitter_site":"@Arturo_Medina_G","twitter_misc":{"Escrito por":"Redacci\u00f3n","Tiempo de lectura":"1 minuto"},"schema":{"@context":"https:\/\/schema.org","@graph":[{"@type":"Article","@id":"https:\/\/nitu.mx\/index.php\/2019\/10\/10\/pricetravel-holding-busca-robustecer-alianzas-estrategicas\/#article","isPartOf":{"@id":"https:\/\/nitu.mx\/index.php\/2019\/10\/10\/pricetravel-holding-busca-robustecer-alianzas-estrategicas\/"},"author":{"name":"Redacci\u00f3n","@id":"https:\/\/nitu.mx\/#\/schema\/person\/4a28fe9bd65924f7c90623773daf1b0b"},"headline":"PriceTravel Holding busca robustecer alianzas estrat\u00e9gicas","datePublished":"2019-10-10T05:06:06+00:00","dateModified":"2019-10-10T05:12:53+00:00","mainEntityOfPage":{"@id":"https:\/\/nitu.mx\/index.php\/2019\/10\/10\/pricetravel-holding-busca-robustecer-alianzas-estrategicas\/"},"wordCount":256,"commentCount":0,"publisher":{"@id":"https:\/\/nitu.mx\/#\/schema\/person\/ae7a53426417292d3dd07b45a33e01bc"},"image":{"@id":"https:\/\/nitu.mx\/index.php\/2019\/10\/10\/pricetravel-holding-busca-robustecer-alianzas-estrategicas\/#primaryimage"},"thumbnailUrl":"https:\/\/nitu.mx\/wp-content\/uploads\/2017\/03\/pricetravel-tagtravel.jpg","keywords":["Alianzas estrategicas","Edgar Vargas","FIT Am\u00e9rica Latina","Industria Tur\u00edstica","PriceTravel Holding"],"articleSection":["Agencias de Viajes","Destinos"],"inLanguage":"es-MX","potentialAction":[{"@type":"CommentAction","name":"Comment","target":["https:\/\/nitu.mx\/index.php\/2019\/10\/10\/pricetravel-holding-busca-robustecer-alianzas-estrategicas\/#respond"]}]},{"@type":"WebPage","@id":"https:\/\/nitu.mx\/index.php\/2019\/10\/10\/pricetravel-holding-busca-robustecer-alianzas-estrategicas\/","url":"https:\/\/nitu.mx\/index.php\/2019\/10\/10\/pricetravel-holding-busca-robustecer-alianzas-estrategicas\/","name":"PriceTravel Holding busca robustecer alianzas estrat\u00e9gicas - Nitu - Noticias de la Industria Turistica","isPartOf":{"@id":"https:\/\/nitu.mx\/#website"},"primaryImageOfPage":{"@id":"https:\/\/nitu.mx\/index.php\/2019\/10\/10\/pricetravel-holding-busca-robustecer-alianzas-estrategicas\/#primaryimage"},"image":{"@id":"https:\/\/nitu.mx\/index.php\/2019\/10\/10\/pricetravel-holding-busca-robustecer-alianzas-estrategicas\/#primaryimage"},"thumbnailUrl":"https:\/\/nitu.mx\/wp-content\/uploads\/2017\/03\/pricetravel-tagtravel.jpg","datePublished":"2019-10-10T05:06:06+00:00","dateModified":"2019-10-10T05:12:53+00:00","description":"PriceTravel Holding, busca robustecer sus alianzas estrat\u00e9gicas con socios comerciales al participar en la Feria Internacional De Turismo de Am\u00e9rica Latina.","breadcrumb":{"@id":"https:\/\/nitu.mx\/index.php\/2019\/10\/10\/pricetravel-holding-busca-robustecer-alianzas-estrategicas\/#breadcrumb"},"inLanguage":"es-MX","potentialAction":[{"@type":"ReadAction","target":["https:\/\/nitu.mx\/index.php\/2019\/10\/10\/pricetravel-holding-busca-robustecer-alianzas-estrategicas\/"]}]},{"@type":"ImageObject","inLanguage":"es-MX","@id":"https:\/\/nitu.mx\/index.php\/2019\/10\/10\/pricetravel-holding-busca-robustecer-alianzas-estrategicas\/#primaryimage","url":"https:\/\/nitu.mx\/wp-content\/uploads\/2017\/03\/pricetravel-tagtravel.jpg","contentUrl":"https:\/\/nitu.mx\/wp-content\/uploads\/2017\/03\/pricetravel-tagtravel.jpg","width":850,"height":480,"caption":"Tag Travel pricetravel"},{"@type":"BreadcrumbList","@id":"https:\/\/nitu.mx\/index.php\/2019\/10\/10\/pricetravel-holding-busca-robustecer-alianzas-estrategicas\/#breadcrumb","itemListElement":[{"@type":"ListItem","position":1,"name":"Inicio","item":"https:\/\/nitu.mx\/"},{"@type":"ListItem","position":2,"name":"PriceTravel Holding busca robustecer alianzas estrat\u00e9gicas"}]},{"@type":"WebSite","@id":"https:\/\/nitu.mx\/#website","url":"https:\/\/nitu.mx\/","name":"Nitu - Noticias de la Industria Turistica","description":"Noticias de la Industria Turistica","publisher":{"@id":"https:\/\/nitu.mx\/#\/schema\/person\/ae7a53426417292d3dd07b45a33e01bc"},"alternateName":"Noticias de la Industria Turistica","potentialAction":[{"@type":"SearchAction","target":{"@type":"EntryPoint","urlTemplate":"https:\/\/nitu.mx\/?s={search_term_string}"},"query-input":"required name=search_term_string"}],"inLanguage":"es-MX"},{"@type":["Person","Organization"],"@id":"https:\/\/nitu.mx\/#\/schema\/person\/ae7a53426417292d3dd07b45a33e01bc","name":"Arturo Medina","image":{"@type":"ImageObject","inLanguage":"es-MX","@id":"https:\/\/nitu.mx\/#\/schema\/person\/image\/","url":"https:\/\/nitu.mx\/wp-content\/uploads\/2024\/04\/4A315622-1904-4D5C-B022-878CDC840E04-90x90-1.jpeg","contentUrl":"https:\/\/nitu.mx\/wp-content\/uploads\/2024\/04\/4A315622-1904-4D5C-B022-878CDC840E04-90x90-1.jpeg","width":90,"height":90,"caption":"Arturo Medina"},"logo":{"@id":"https:\/\/nitu.mx\/#\/schema\/person\/image\/"},"description":"Director NITU.mx, Egresado de la Escuela de Periodismo Carlos Septi\u00e9n Garc\u00eda. Periodista y analista especializado en turismo desde hace 35 a\u00f1os, radicado en Canc\u00fan Q.Roo. arturo@nitu.mx","sameAs":["https:\/\/nitu.mx","https:\/\/www.facebook.com\/NITUmx\/","medinacancun","https:\/\/twitter.com\/@Arturo_Medina_G"]},{"@type":"Person","@id":"https:\/\/nitu.mx\/#\/schema\/person\/4a28fe9bd65924f7c90623773daf1b0b","name":"Redacci\u00f3n","image":{"@type":"ImageObject","inLanguage":"es-MX","@id":"https:\/\/nitu.mx\/#\/schema\/person\/image\/","url":"https:\/\/secure.gravatar.com\/avatar\/5dd011c8ccfc5cd7e4c81e42252aab38?s=96&d=mm&r=g","contentUrl":"https:\/\/secure.gravatar.com\/avatar\/5dd011c8ccfc5cd7e4c81e42252aab38?s=96&d=mm&r=g","caption":"Redacci\u00f3n"},"url":"https:\/\/nitu.mx\/index.php\/author\/redaccion\/"}]}},"views":271,"_links":{"self":[{"href":"https:\/\/nitu.mx\/index.php\/wp-json\/wp\/v2\/posts\/36375"}],"collection":[{"href":"https:\/\/nitu.mx\/index.php\/wp-json\/wp\/v2\/posts"}],"about":[{"href":"https:\/\/nitu.mx\/index.php\/wp-json\/wp\/v2\/types\/post"}],"author":[{"embeddable":true,"href":"https:\/\/nitu.mx\/index.php\/wp-json\/wp\/v2\/users\/17"}],"replies":[{"embeddable":true,"href":"https:\/\/nitu.mx\/index.php\/wp-json\/wp\/v2\/comments?post=36375"}],"version-history":[{"count":5,"href":"https:\/\/nitu.mx\/index.php\/wp-json\/wp\/v2\/posts\/36375\/revisions"}],"predecessor-version":[{"id":36393,"href":"https:\/\/nitu.mx\/index.php\/wp-json\/wp\/v2\/posts\/36375\/revisions\/36393"}],"wp:featuredmedia":[{"embeddable":true,"href":"https:\/\/nitu.mx\/index.php\/wp-json\/wp\/v2\/media\/8166"}],"wp:attachment":[{"href":"https:\/\/nitu.mx\/index.php\/wp-json\/wp\/v2\/media?parent=36375"}],"wp:term":[{"taxonomy":"category","embeddable":true,"href":"https:\/\/nitu.mx\/index.php\/wp-json\/wp\/v2\/categories?post=36375"},{"taxonomy":"post_tag","embeddable":true,"href":"https:\/\/nitu.mx\/index.php\/wp-json\/wp\/v2\/tags?post=36375"}],"curies":[{"name":"wp","href":"https:\/\/api.w.org\/{rel}","templated":true}]}}