{"id":36295,"date":"2019-10-08T23:20:04","date_gmt":"2019-10-09T04:20:04","guid":{"rendered":"https:\/\/www.dev.nitu.mx\/?p=36295"},"modified":"2019-10-08T23:49:46","modified_gmt":"2019-10-09T04:49:46","slug":"el-senado-de-la-republica-exhorta-frenar-la-llegada-de-emirates-a-mexico","status":"publish","type":"post","link":"https:\/\/nitu.mx\/index.php\/2019\/10\/08\/el-senado-de-la-republica-exhorta-frenar-la-llegada-de-emirates-a-mexico\/","title":{"rendered":"El senado de la Rep\u00fablica exhorta frenar la llegada de Emirates a M\u00e9xico"},"content":{"rendered":"<div><\/div>\n<div>Se aprueba en\u00a0 la Sesi\u00f3n Ordinaria de la C\u00e1mara de Senadores el\u00a0 punto de acuerdo por el que se exhorta a\u00a0la Secretar\u00eda de Comunicaciones y Transportes (SCT) a frenar la autorizaci\u00f3n para operar la ruta Barcelona-M\u00e9xico a Emirates.<\/div>\n<div><\/div>\n<div>El senado pide tambi\u00e9n a la Direcci\u00f3n General de Aviaci\u00f3n Civil\u00a0 revisar con la Comisi\u00f3n de Relaciones Exteriores, los convenios bilaterales en materia aeron\u00e1utica.<\/div>\n<div><\/div>\n<div>El punto de acuerdo fue presentado por la<span lang=\"ES\">\u00a0Senadora de la Rep\u00fablica por el Estado de Michoac\u00e1n,\u00a0Blanca Estela Pi\u00f1a Gudi\u00f1o, tambi\u00e9n\u00a0<\/span>integrante del Grupo Parlamentario Movimiento de Regeneraci\u00f3n Nacional de la LXIV Legislatura del H. Congreso de la Uni\u00f3n, con el apoyo de la Asociaci\u00f3n Sindical de Pilotos Aviadores de M\u00e9xico (ASPA).<\/div>\n<div><\/div>\n<div>En el primer punto el\u00a0Senado de la Rep\u00fablica exhorta frenar el proceso de otorgamiento de la autorizaci\u00f3n para que la aerol\u00ednea Emirates realice la ruta de vuelo desde Barcelona hasta la ciudad de M\u00e9xico, dado que el memorando de Entendimiento no cuenta con los requisitos formales que den validez al mismo.<\/div>\n<div><\/div>\n<div>En el segundo el Senado de la Rep\u00fablica solicita a la Secretar\u00eda de Comunicaciones y Transportes que se inicie un proceso de revisi\u00f3n a los convenios bilaterales en materia Aeron\u00e1utica.<\/div>\n<div>De acuerdo a Rafael D\u00edaz, secretario general de ASPA, se podr\u00edan perder entre 600 u 800 empleos con la entrada de la ruta Dub\u00e1i-M\u00e9xico con escala en Barcelona. (<a title=\"Pilotos de ASPA llevan preocupaci\u00f3n de llegada de Emirates al pa\u00eds a foros internacionales\" href=\"https:\/\/www.dev.nitu.mx\/index.php\/2019\/09\/11\/pilotos-de-aspa-llevan-preocupacion-de-llegada-de-emirates-al-pais-a-foros-internacionales\/\" rel=\"bookmark\">Pilotos de ASPA llevan preocupaci\u00f3n de llegada de Emirates al pa\u00eds a foros internacionales<\/a>).<\/div>\n<div><\/div>\n<div>El secretario general de ASPA asegur\u00f3 que la firma del acuerdo por parte de la aerol\u00ednea emirati y las autoridades no fue correcta, y cuestion\u00f3 la forma en que se firmaron los tratados.<\/div>\n","protected":false},"excerpt":{"rendered":"<p>Se aprueba en\u00a0 la Sesi\u00f3n Ordinaria de la C\u00e1mara de Senadores el\u00a0 punto de acuerdo por el que se exhorta a\u00a0la Secretar\u00eda de Comunicaciones y Transportes (SCT) a frenar la autorizaci\u00f3n para operar la ruta Barcelona-M\u00e9xico a Emirates. El senado pide tambi\u00e9n a la Direcci\u00f3n General de Aviaci\u00f3n Civil\u00a0 revisar con la Comisi\u00f3n de Relaciones [&hellip;]<\/p>\n","protected":false},"author":17,"featured_media":36327,"comment_status":"open","ping_status":"open","sticky":false,"template":"","format":"standard","meta":{"footnotes":""},"categories":[29],"tags":[415,3113,17581,2596,17582,925,952],"yoast_head":"<!-- This site is optimized with the Yoast SEO plugin v22.2 - https:\/\/yoast.com\/wordpress\/plugins\/seo\/ -->\n<title>El senado de la Rep\u00fablica exhorta frenar la llegada de Emirates a M\u00e9xico - Nitu - Noticias de la Industria Turistica<\/title>\n<meta name=\"description\" content=\"Se aprueba en\u00a0 la Sesi\u00f3n Ordinaria de la C\u00e1mara de Senadores el\u00a0 punto de acuerdo por el que se exhorta a\u00a0la Secretar\u00eda de Comunicaciones y Transportes.\" \/>\n<meta name=\"robots\" content=\"index, follow, max-snippet:-1, max-image-preview:large, max-video-preview:-1\" \/>\n<link rel=\"canonical\" href=\"https:\/\/nitu.mx\/index.php\/2019\/10\/08\/el-senado-de-la-republica-exhorta-frenar-la-llegada-de-emirates-a-mexico\/\" \/>\n<meta name=\"twitter:card\" content=\"summary_large_image\" \/>\n<meta name=\"twitter:title\" content=\"El senado de la Rep\u00fablica exhorta frenar la llegada de Emirates a M\u00e9xico - Nitu - Noticias de la Industria Turistica\" \/>\n<meta name=\"twitter:description\" content=\"Se aprueba en\u00a0 la Sesi\u00f3n Ordinaria de la C\u00e1mara de Senadores el\u00a0 punto de acuerdo por el que se exhorta a\u00a0la Secretar\u00eda de Comunicaciones y Transportes.\" \/>\n<meta name=\"twitter:image\" content=\"https:\/\/nitu.mx\/wp-content\/uploads\/2019\/10\/aspa-sen.jpg\" \/>\n<meta name=\"twitter:creator\" content=\"@NITUmx\" \/>\n<meta name=\"twitter:site\" content=\"@Arturo_Medina_G\" \/>\n<meta name=\"twitter:label1\" content=\"Escrito por\" \/>\n\t<meta name=\"twitter:data1\" content=\"Redacci\u00f3n\" \/>\n\t<meta name=\"twitter:label2\" content=\"Tiempo de lectura\" \/>\n\t<meta name=\"twitter:data2\" content=\"2 minutos\" \/>\n<script type=\"application\/ld+json\" class=\"yoast-schema-graph\">{\"@context\":\"https:\/\/schema.org\",\"@graph\":[{\"@type\":\"Article\",\"@id\":\"https:\/\/nitu.mx\/index.php\/2019\/10\/08\/el-senado-de-la-republica-exhorta-frenar-la-llegada-de-emirates-a-mexico\/#article\",\"isPartOf\":{\"@id\":\"https:\/\/nitu.mx\/index.php\/2019\/10\/08\/el-senado-de-la-republica-exhorta-frenar-la-llegada-de-emirates-a-mexico\/\"},\"author\":{\"name\":\"Redacci\u00f3n\",\"@id\":\"https:\/\/nitu.mx\/#\/schema\/person\/4a28fe9bd65924f7c90623773daf1b0b\"},\"headline\":\"El senado de la Rep\u00fablica exhorta frenar la llegada de Emirates a M\u00e9xico\",\"datePublished\":\"2019-10-09T04:20:04+00:00\",\"dateModified\":\"2019-10-09T04:49:46+00:00\",\"mainEntityOfPage\":{\"@id\":\"https:\/\/nitu.mx\/index.php\/2019\/10\/08\/el-senado-de-la-republica-exhorta-frenar-la-llegada-de-emirates-a-mexico\/\"},\"wordCount\":320,\"commentCount\":0,\"publisher\":{\"@id\":\"https:\/\/nitu.mx\/#\/schema\/person\/ae7a53426417292d3dd07b45a33e01bc\"},\"image\":{\"@id\":\"https:\/\/nitu.mx\/index.php\/2019\/10\/08\/el-senado-de-la-republica-exhorta-frenar-la-llegada-de-emirates-a-mexico\/#primaryimage\"},\"thumbnailUrl\":\"https:\/\/nitu.mx\/wp-content\/uploads\/2019\/10\/aspa-sen.jpg\",\"keywords\":[\"ASPA\",\"Barcelona\",\"Blanca Estela Pi\u00f1a Gudi\u00f1o\",\"Dub\u00e1i\",\"Rafael D\u00edaz\",\"SCT\",\"Senado\"],\"articleSection\":[\"Aerol\u00edneas\"],\"inLanguage\":\"es-MX\",\"potentialAction\":[{\"@type\":\"CommentAction\",\"name\":\"Comment\",\"target\":[\"https:\/\/nitu.mx\/index.php\/2019\/10\/08\/el-senado-de-la-republica-exhorta-frenar-la-llegada-de-emirates-a-mexico\/#respond\"]}]},{\"@type\":\"WebPage\",\"@id\":\"https:\/\/nitu.mx\/index.php\/2019\/10\/08\/el-senado-de-la-republica-exhorta-frenar-la-llegada-de-emirates-a-mexico\/\",\"url\":\"https:\/\/nitu.mx\/index.php\/2019\/10\/08\/el-senado-de-la-republica-exhorta-frenar-la-llegada-de-emirates-a-mexico\/\",\"name\":\"El senado de la Rep\u00fablica exhorta frenar la llegada de Emirates a M\u00e9xico - Nitu - Noticias de la Industria Turistica\",\"isPartOf\":{\"@id\":\"https:\/\/nitu.mx\/#website\"},\"primaryImageOfPage\":{\"@id\":\"https:\/\/nitu.mx\/index.php\/2019\/10\/08\/el-senado-de-la-republica-exhorta-frenar-la-llegada-de-emirates-a-mexico\/#primaryimage\"},\"image\":{\"@id\":\"https:\/\/nitu.mx\/index.php\/2019\/10\/08\/el-senado-de-la-republica-exhorta-frenar-la-llegada-de-emirates-a-mexico\/#primaryimage\"},\"thumbnailUrl\":\"https:\/\/nitu.mx\/wp-content\/uploads\/2019\/10\/aspa-sen.jpg\",\"datePublished\":\"2019-10-09T04:20:04+00:00\",\"dateModified\":\"2019-10-09T04:49:46+00:00\",\"description\":\"Se aprueba en\u00a0 la Sesi\u00f3n Ordinaria de la C\u00e1mara de Senadores el\u00a0 punto de acuerdo por el que se exhorta a\u00a0la Secretar\u00eda de Comunicaciones y Transportes.\",\"breadcrumb\":{\"@id\":\"https:\/\/nitu.mx\/index.php\/2019\/10\/08\/el-senado-de-la-republica-exhorta-frenar-la-llegada-de-emirates-a-mexico\/#breadcrumb\"},\"inLanguage\":\"es-MX\",\"potentialAction\":[{\"@type\":\"ReadAction\",\"target\":[\"https:\/\/nitu.mx\/index.php\/2019\/10\/08\/el-senado-de-la-republica-exhorta-frenar-la-llegada-de-emirates-a-mexico\/\"]}]},{\"@type\":\"ImageObject\",\"inLanguage\":\"es-MX\",\"@id\":\"https:\/\/nitu.mx\/index.php\/2019\/10\/08\/el-senado-de-la-republica-exhorta-frenar-la-llegada-de-emirates-a-mexico\/#primaryimage\",\"url\":\"https:\/\/nitu.mx\/wp-content\/uploads\/2019\/10\/aspa-sen.jpg\",\"contentUrl\":\"https:\/\/nitu.mx\/wp-content\/uploads\/2019\/10\/aspa-sen.jpg\",\"width\":850,\"height\":480,\"caption\":\"aspa Senado\"},{\"@type\":\"BreadcrumbList\",\"@id\":\"https:\/\/nitu.mx\/index.php\/2019\/10\/08\/el-senado-de-la-republica-exhorta-frenar-la-llegada-de-emirates-a-mexico\/#breadcrumb\",\"itemListElement\":[{\"@type\":\"ListItem\",\"position\":1,\"name\":\"Inicio\",\"item\":\"https:\/\/nitu.mx\/\"},{\"@type\":\"ListItem\",\"position\":2,\"name\":\"El senado de la Rep\u00fablica exhorta frenar la llegada de Emirates a M\u00e9xico\"}]},{\"@type\":\"WebSite\",\"@id\":\"https:\/\/nitu.mx\/#website\",\"url\":\"https:\/\/nitu.mx\/\",\"name\":\"Nitu - Noticias de la Industria Turistica\",\"description\":\"Noticias de la Industria Turistica\",\"publisher\":{\"@id\":\"https:\/\/nitu.mx\/#\/schema\/person\/ae7a53426417292d3dd07b45a33e01bc\"},\"alternateName\":\"Noticias de la Industria Turistica\",\"potentialAction\":[{\"@type\":\"SearchAction\",\"target\":{\"@type\":\"EntryPoint\",\"urlTemplate\":\"https:\/\/nitu.mx\/?s={search_term_string}\"},\"query-input\":\"required name=search_term_string\"}],\"inLanguage\":\"es-MX\"},{\"@type\":[\"Person\",\"Organization\"],\"@id\":\"https:\/\/nitu.mx\/#\/schema\/person\/ae7a53426417292d3dd07b45a33e01bc\",\"name\":\"Arturo Medina\",\"image\":{\"@type\":\"ImageObject\",\"inLanguage\":\"es-MX\",\"@id\":\"https:\/\/nitu.mx\/#\/schema\/person\/image\/\",\"url\":\"https:\/\/nitu.mx\/wp-content\/uploads\/2024\/04\/4A315622-1904-4D5C-B022-878CDC840E04-90x90-1.jpeg\",\"contentUrl\":\"https:\/\/nitu.mx\/wp-content\/uploads\/2024\/04\/4A315622-1904-4D5C-B022-878CDC840E04-90x90-1.jpeg\",\"width\":90,\"height\":90,\"caption\":\"Arturo Medina\"},\"logo\":{\"@id\":\"https:\/\/nitu.mx\/#\/schema\/person\/image\/\"},\"description\":\"Director NITU.mx, Egresado de la Escuela de Periodismo Carlos Septi\u00e9n Garc\u00eda. Periodista y analista especializado en turismo desde hace 35 a\u00f1os, radicado en Canc\u00fan Q.Roo. arturo@nitu.mx\",\"sameAs\":[\"https:\/\/nitu.mx\",\"https:\/\/www.facebook.com\/NITUmx\/\",\"medinacancun\",\"https:\/\/twitter.com\/@Arturo_Medina_G\"]},{\"@type\":\"Person\",\"@id\":\"https:\/\/nitu.mx\/#\/schema\/person\/4a28fe9bd65924f7c90623773daf1b0b\",\"name\":\"Redacci\u00f3n\",\"image\":{\"@type\":\"ImageObject\",\"inLanguage\":\"es-MX\",\"@id\":\"https:\/\/nitu.mx\/#\/schema\/person\/image\/\",\"url\":\"https:\/\/secure.gravatar.com\/avatar\/5dd011c8ccfc5cd7e4c81e42252aab38?s=96&d=mm&r=g\",\"contentUrl\":\"https:\/\/secure.gravatar.com\/avatar\/5dd011c8ccfc5cd7e4c81e42252aab38?s=96&d=mm&r=g\",\"caption\":\"Redacci\u00f3n\"},\"url\":\"https:\/\/nitu.mx\/index.php\/author\/redaccion\/\"}]}<\/script>\n<!-- \/ Yoast SEO plugin. -->","yoast_head_json":{"title":"El senado de la Rep\u00fablica exhorta frenar la llegada de Emirates a M\u00e9xico - Nitu - Noticias de la Industria Turistica","description":"Se aprueba en\u00a0 la Sesi\u00f3n Ordinaria de la C\u00e1mara de Senadores el\u00a0 punto de acuerdo por el que se exhorta a\u00a0la Secretar\u00eda de Comunicaciones y Transportes.","robots":{"index":"index","follow":"follow","max-snippet":"max-snippet:-1","max-image-preview":"max-image-preview:large","max-video-preview":"max-video-preview:-1"},"canonical":"https:\/\/nitu.mx\/index.php\/2019\/10\/08\/el-senado-de-la-republica-exhorta-frenar-la-llegada-de-emirates-a-mexico\/","twitter_card":"summary_large_image","twitter_title":"El senado de la Rep\u00fablica exhorta frenar la llegada de Emirates a M\u00e9xico - Nitu - Noticias de la Industria Turistica","twitter_description":"Se aprueba en\u00a0 la Sesi\u00f3n Ordinaria de la C\u00e1mara de Senadores el\u00a0 punto de acuerdo por el que se exhorta a\u00a0la Secretar\u00eda de Comunicaciones y Transportes.","twitter_image":"https:\/\/nitu.mx\/wp-content\/uploads\/2019\/10\/aspa-sen.jpg","twitter_creator":"@NITUmx","twitter_site":"@Arturo_Medina_G","twitter_misc":{"Escrito por":"Redacci\u00f3n","Tiempo de lectura":"2 minutos"},"schema":{"@context":"https:\/\/schema.org","@graph":[{"@type":"Article","@id":"https:\/\/nitu.mx\/index.php\/2019\/10\/08\/el-senado-de-la-republica-exhorta-frenar-la-llegada-de-emirates-a-mexico\/#article","isPartOf":{"@id":"https:\/\/nitu.mx\/index.php\/2019\/10\/08\/el-senado-de-la-republica-exhorta-frenar-la-llegada-de-emirates-a-mexico\/"},"author":{"name":"Redacci\u00f3n","@id":"https:\/\/nitu.mx\/#\/schema\/person\/4a28fe9bd65924f7c90623773daf1b0b"},"headline":"El senado de la Rep\u00fablica exhorta frenar la llegada de Emirates a M\u00e9xico","datePublished":"2019-10-09T04:20:04+00:00","dateModified":"2019-10-09T04:49:46+00:00","mainEntityOfPage":{"@id":"https:\/\/nitu.mx\/index.php\/2019\/10\/08\/el-senado-de-la-republica-exhorta-frenar-la-llegada-de-emirates-a-mexico\/"},"wordCount":320,"commentCount":0,"publisher":{"@id":"https:\/\/nitu.mx\/#\/schema\/person\/ae7a53426417292d3dd07b45a33e01bc"},"image":{"@id":"https:\/\/nitu.mx\/index.php\/2019\/10\/08\/el-senado-de-la-republica-exhorta-frenar-la-llegada-de-emirates-a-mexico\/#primaryimage"},"thumbnailUrl":"https:\/\/nitu.mx\/wp-content\/uploads\/2019\/10\/aspa-sen.jpg","keywords":["ASPA","Barcelona","Blanca Estela Pi\u00f1a Gudi\u00f1o","Dub\u00e1i","Rafael D\u00edaz","SCT","Senado"],"articleSection":["Aerol\u00edneas"],"inLanguage":"es-MX","potentialAction":[{"@type":"CommentAction","name":"Comment","target":["https:\/\/nitu.mx\/index.php\/2019\/10\/08\/el-senado-de-la-republica-exhorta-frenar-la-llegada-de-emirates-a-mexico\/#respond"]}]},{"@type":"WebPage","@id":"https:\/\/nitu.mx\/index.php\/2019\/10\/08\/el-senado-de-la-republica-exhorta-frenar-la-llegada-de-emirates-a-mexico\/","url":"https:\/\/nitu.mx\/index.php\/2019\/10\/08\/el-senado-de-la-republica-exhorta-frenar-la-llegada-de-emirates-a-mexico\/","name":"El senado de la Rep\u00fablica exhorta frenar la llegada de Emirates a M\u00e9xico - Nitu - Noticias de la Industria Turistica","isPartOf":{"@id":"https:\/\/nitu.mx\/#website"},"primaryImageOfPage":{"@id":"https:\/\/nitu.mx\/index.php\/2019\/10\/08\/el-senado-de-la-republica-exhorta-frenar-la-llegada-de-emirates-a-mexico\/#primaryimage"},"image":{"@id":"https:\/\/nitu.mx\/index.php\/2019\/10\/08\/el-senado-de-la-republica-exhorta-frenar-la-llegada-de-emirates-a-mexico\/#primaryimage"},"thumbnailUrl":"https:\/\/nitu.mx\/wp-content\/uploads\/2019\/10\/aspa-sen.jpg","datePublished":"2019-10-09T04:20:04+00:00","dateModified":"2019-10-09T04:49:46+00:00","description":"Se aprueba en\u00a0 la Sesi\u00f3n Ordinaria de la C\u00e1mara de Senadores el\u00a0 punto de acuerdo por el que se exhorta a\u00a0la Secretar\u00eda de Comunicaciones y Transportes.","breadcrumb":{"@id":"https:\/\/nitu.mx\/index.php\/2019\/10\/08\/el-senado-de-la-republica-exhorta-frenar-la-llegada-de-emirates-a-mexico\/#breadcrumb"},"inLanguage":"es-MX","potentialAction":[{"@type":"ReadAction","target":["https:\/\/nitu.mx\/index.php\/2019\/10\/08\/el-senado-de-la-republica-exhorta-frenar-la-llegada-de-emirates-a-mexico\/"]}]},{"@type":"ImageObject","inLanguage":"es-MX","@id":"https:\/\/nitu.mx\/index.php\/2019\/10\/08\/el-senado-de-la-republica-exhorta-frenar-la-llegada-de-emirates-a-mexico\/#primaryimage","url":"https:\/\/nitu.mx\/wp-content\/uploads\/2019\/10\/aspa-sen.jpg","contentUrl":"https:\/\/nitu.mx\/wp-content\/uploads\/2019\/10\/aspa-sen.jpg","width":850,"height":480,"caption":"aspa Senado"},{"@type":"BreadcrumbList","@id":"https:\/\/nitu.mx\/index.php\/2019\/10\/08\/el-senado-de-la-republica-exhorta-frenar-la-llegada-de-emirates-a-mexico\/#breadcrumb","itemListElement":[{"@type":"ListItem","position":1,"name":"Inicio","item":"https:\/\/nitu.mx\/"},{"@type":"ListItem","position":2,"name":"El senado de la Rep\u00fablica exhorta frenar la llegada de Emirates a M\u00e9xico"}]},{"@type":"WebSite","@id":"https:\/\/nitu.mx\/#website","url":"https:\/\/nitu.mx\/","name":"Nitu - Noticias de la Industria Turistica","description":"Noticias de la Industria Turistica","publisher":{"@id":"https:\/\/nitu.mx\/#\/schema\/person\/ae7a53426417292d3dd07b45a33e01bc"},"alternateName":"Noticias de la Industria Turistica","potentialAction":[{"@type":"SearchAction","target":{"@type":"EntryPoint","urlTemplate":"https:\/\/nitu.mx\/?s={search_term_string}"},"query-input":"required name=search_term_string"}],"inLanguage":"es-MX"},{"@type":["Person","Organization"],"@id":"https:\/\/nitu.mx\/#\/schema\/person\/ae7a53426417292d3dd07b45a33e01bc","name":"Arturo Medina","image":{"@type":"ImageObject","inLanguage":"es-MX","@id":"https:\/\/nitu.mx\/#\/schema\/person\/image\/","url":"https:\/\/nitu.mx\/wp-content\/uploads\/2024\/04\/4A315622-1904-4D5C-B022-878CDC840E04-90x90-1.jpeg","contentUrl":"https:\/\/nitu.mx\/wp-content\/uploads\/2024\/04\/4A315622-1904-4D5C-B022-878CDC840E04-90x90-1.jpeg","width":90,"height":90,"caption":"Arturo Medina"},"logo":{"@id":"https:\/\/nitu.mx\/#\/schema\/person\/image\/"},"description":"Director NITU.mx, Egresado de la Escuela de Periodismo Carlos Septi\u00e9n Garc\u00eda. Periodista y analista especializado en turismo desde hace 35 a\u00f1os, radicado en Canc\u00fan Q.Roo. arturo@nitu.mx","sameAs":["https:\/\/nitu.mx","https:\/\/www.facebook.com\/NITUmx\/","medinacancun","https:\/\/twitter.com\/@Arturo_Medina_G"]},{"@type":"Person","@id":"https:\/\/nitu.mx\/#\/schema\/person\/4a28fe9bd65924f7c90623773daf1b0b","name":"Redacci\u00f3n","image":{"@type":"ImageObject","inLanguage":"es-MX","@id":"https:\/\/nitu.mx\/#\/schema\/person\/image\/","url":"https:\/\/secure.gravatar.com\/avatar\/5dd011c8ccfc5cd7e4c81e42252aab38?s=96&d=mm&r=g","contentUrl":"https:\/\/secure.gravatar.com\/avatar\/5dd011c8ccfc5cd7e4c81e42252aab38?s=96&d=mm&r=g","caption":"Redacci\u00f3n"},"url":"https:\/\/nitu.mx\/index.php\/author\/redaccion\/"}]}},"views":283,"_links":{"self":[{"href":"https:\/\/nitu.mx\/index.php\/wp-json\/wp\/v2\/posts\/36295"}],"collection":[{"href":"https:\/\/nitu.mx\/index.php\/wp-json\/wp\/v2\/posts"}],"about":[{"href":"https:\/\/nitu.mx\/index.php\/wp-json\/wp\/v2\/types\/post"}],"author":[{"embeddable":true,"href":"https:\/\/nitu.mx\/index.php\/wp-json\/wp\/v2\/users\/17"}],"replies":[{"embeddable":true,"href":"https:\/\/nitu.mx\/index.php\/wp-json\/wp\/v2\/comments?post=36295"}],"version-history":[{"count":5,"href":"https:\/\/nitu.mx\/index.php\/wp-json\/wp\/v2\/posts\/36295\/revisions"}],"predecessor-version":[{"id":36328,"href":"https:\/\/nitu.mx\/index.php\/wp-json\/wp\/v2\/posts\/36295\/revisions\/36328"}],"wp:featuredmedia":[{"embeddable":true,"href":"https:\/\/nitu.mx\/index.php\/wp-json\/wp\/v2\/media\/36327"}],"wp:attachment":[{"href":"https:\/\/nitu.mx\/index.php\/wp-json\/wp\/v2\/media?parent=36295"}],"wp:term":[{"taxonomy":"category","embeddable":true,"href":"https:\/\/nitu.mx\/index.php\/wp-json\/wp\/v2\/categories?post=36295"},{"taxonomy":"post_tag","embeddable":true,"href":"https:\/\/nitu.mx\/index.php\/wp-json\/wp\/v2\/tags?post=36295"}],"curies":[{"name":"wp","href":"https:\/\/api.w.org\/{rel}","templated":true}]}}