{"id":36018,"date":"2019-09-30T22:37:16","date_gmt":"2019-10-01T03:37:16","guid":{"rendered":"https:\/\/www.dev.nitu.mx\/?p=36018"},"modified":"2019-10-01T00:18:24","modified_gmt":"2019-10-01T05:18:24","slug":"tormenta-tropical-narda-cancela-vuelos-a-mazatlan","status":"publish","type":"post","link":"https:\/\/nitu.mx\/index.php\/2019\/09\/30\/tormenta-tropical-narda-cancela-vuelos-a-mazatlan\/","title":{"rendered":"Tormenta tropical &#8216;Narda&#8217; cancela vuelos a Mazatl\u00e1n"},"content":{"rendered":"<p>&nbsp;<\/p>\n<p>La aerol\u00ednea\u00a0Interjet\u00a0cancel\u00f3 este lunes sus vuelos hacia y desde Mazatl\u00e1n, Sinaloa, por el paso de la\u00a0tormenta tropical\u00a0Narda.<\/p>\n<p>En un comunicado, dio a conocer que los itinerarios afectados para esta jornada son:<\/p>\n<p>*Vuelo 40-3863 (M\u00e9xico-Mazatl\u00e1n)<\/p>\n<p>*Vuelo 40-3864 (Mazatl\u00e1n-M\u00e9xico)<\/p>\n<p>La firma explic\u00f3 que ayudar\u00e1 a los pasajeros afectados con protecci\u00f3n de vuelos, condonando los cargos por cambio y diferencia de tarifa entre el 1 y 7 de octubre.<\/p>\n<p>&#8220;En caso de contar con segmentos adicionales (regresos o continuaciones), los boletos podr\u00e1n ser cambiados o ajustados sin cargos hasta el 14 de octubre. Si desea hacer cambio de ruta, aplicar\u00e1n los cargos correspondientes&#8221;, se\u00f1al\u00f3 en el texto.<\/p>\n<p>Narda\u00a0se localiza cerca de las costas de Sinaloa, lo que provoca lluvias y vientos con rachas superiores a los 70 kil\u00f3metros por hora, adem\u00e1s de oleaje elevado en la zona costera. (El Financiero).\u00a0<a title=\"Por depresi\u00f3n tropical Imelda se cancelan seis vuelos a Houston: Interjet\" href=\"https:\/\/www.dev.nitu.mx\/index.php\/2019\/09\/20\/por-depresion-tropical-imelda-se-cancelan-seis-vuelos-a-houston-interjet\/\" rel=\"bookmark\">(Por depresi\u00f3n tropical Imelda se cancelan seis vuelos a Houston: Interjet<\/a>).<\/p>\n<p>&nbsp;<\/p>\n","protected":false},"excerpt":{"rendered":"<p>&nbsp; La aerol\u00ednea\u00a0Interjet\u00a0cancel\u00f3 este lunes sus vuelos hacia y desde Mazatl\u00e1n, Sinaloa, por el paso de la\u00a0tormenta tropical\u00a0Narda. En un comunicado, dio a conocer que los itinerarios afectados para esta jornada son: *Vuelo 40-3863 (M\u00e9xico-Mazatl\u00e1n) *Vuelo 40-3864 (Mazatl\u00e1n-M\u00e9xico) La firma explic\u00f3 que ayudar\u00e1 a los pasajeros afectados con protecci\u00f3n de vuelos, condonando los cargos por [&hellip;]<\/p>\n","protected":false},"author":17,"featured_media":32075,"comment_status":"open","ping_status":"open","sticky":false,"template":"","format":"standard","meta":{"footnotes":""},"categories":[29,5],"tags":[172,443,68,17502,5380],"yoast_head":"<!-- This site is optimized with the Yoast SEO plugin v22.2 - https:\/\/yoast.com\/wordpress\/plugins\/seo\/ -->\n<title>Tormenta tropical &#039;Narda&#039; cancela vuelos a Mazatl\u00e1n - Nitu - Noticias de la Industria Turistica<\/title>\n<meta name=\"description\" content=\"La aerol\u00ednea\u00a0Interjet\u00a0cancel\u00f3 este lunes sus vuelos hacia y desde Mazatl\u00e1n, Sinaloa, por el paso de la\u00a0tormenta tropical\u00a0Narda.\" \/>\n<meta name=\"robots\" content=\"index, follow, max-snippet:-1, max-image-preview:large, max-video-preview:-1\" \/>\n<link rel=\"canonical\" href=\"https:\/\/nitu.mx\/index.php\/2019\/09\/30\/tormenta-tropical-narda-cancela-vuelos-a-mazatlan\/\" \/>\n<meta name=\"twitter:card\" content=\"summary_large_image\" \/>\n<meta name=\"twitter:title\" content=\"Tormenta tropical &#039;Narda&#039; cancela vuelos a Mazatl\u00e1n - Nitu - Noticias de la Industria Turistica\" \/>\n<meta name=\"twitter:description\" content=\"La aerol\u00ednea\u00a0Interjet\u00a0cancel\u00f3 este lunes sus vuelos hacia y desde Mazatl\u00e1n, Sinaloa, por el paso de la\u00a0tormenta tropical\u00a0Narda.\" \/>\n<meta name=\"twitter:image\" content=\"https:\/\/nitu.mx\/wp-content\/uploads\/2019\/05\/Interjet-qatar.jpg\" \/>\n<meta name=\"twitter:creator\" content=\"@NITUmx\" \/>\n<meta name=\"twitter:site\" content=\"@Arturo_Medina_G\" \/>\n<meta name=\"twitter:label1\" content=\"Escrito por\" \/>\n\t<meta name=\"twitter:data1\" content=\"Redacci\u00f3n\" \/>\n\t<meta name=\"twitter:label2\" content=\"Tiempo de lectura\" \/>\n\t<meta name=\"twitter:data2\" content=\"1 minuto\" \/>\n<script type=\"application\/ld+json\" class=\"yoast-schema-graph\">{\"@context\":\"https:\/\/schema.org\",\"@graph\":[{\"@type\":\"Article\",\"@id\":\"https:\/\/nitu.mx\/index.php\/2019\/09\/30\/tormenta-tropical-narda-cancela-vuelos-a-mazatlan\/#article\",\"isPartOf\":{\"@id\":\"https:\/\/nitu.mx\/index.php\/2019\/09\/30\/tormenta-tropical-narda-cancela-vuelos-a-mazatlan\/\"},\"author\":{\"name\":\"Redacci\u00f3n\",\"@id\":\"https:\/\/nitu.mx\/#\/schema\/person\/4a28fe9bd65924f7c90623773daf1b0b\"},\"headline\":\"Tormenta tropical &#8216;Narda&#8217; cancela vuelos a Mazatl\u00e1n\",\"datePublished\":\"2019-10-01T03:37:16+00:00\",\"dateModified\":\"2019-10-01T05:18:24+00:00\",\"mainEntityOfPage\":{\"@id\":\"https:\/\/nitu.mx\/index.php\/2019\/09\/30\/tormenta-tropical-narda-cancela-vuelos-a-mazatlan\/\"},\"wordCount\":172,\"commentCount\":0,\"publisher\":{\"@id\":\"https:\/\/nitu.mx\/#\/schema\/person\/ae7a53426417292d3dd07b45a33e01bc\"},\"image\":{\"@id\":\"https:\/\/nitu.mx\/index.php\/2019\/09\/30\/tormenta-tropical-narda-cancela-vuelos-a-mazatlan\/#primaryimage\"},\"thumbnailUrl\":\"https:\/\/nitu.mx\/wp-content\/uploads\/2019\/05\/Interjet-qatar.jpg\",\"keywords\":[\"Interjet\",\"Mazatl\u00e1n\",\"M\u00e9xico\",\"Narda\",\"tormenta tropical\"],\"articleSection\":[\"Aerol\u00edneas\",\"Destinos\"],\"inLanguage\":\"es-MX\",\"potentialAction\":[{\"@type\":\"CommentAction\",\"name\":\"Comment\",\"target\":[\"https:\/\/nitu.mx\/index.php\/2019\/09\/30\/tormenta-tropical-narda-cancela-vuelos-a-mazatlan\/#respond\"]}]},{\"@type\":\"WebPage\",\"@id\":\"https:\/\/nitu.mx\/index.php\/2019\/09\/30\/tormenta-tropical-narda-cancela-vuelos-a-mazatlan\/\",\"url\":\"https:\/\/nitu.mx\/index.php\/2019\/09\/30\/tormenta-tropical-narda-cancela-vuelos-a-mazatlan\/\",\"name\":\"Tormenta tropical 'Narda' cancela vuelos a Mazatl\u00e1n - Nitu - Noticias de la Industria Turistica\",\"isPartOf\":{\"@id\":\"https:\/\/nitu.mx\/#website\"},\"primaryImageOfPage\":{\"@id\":\"https:\/\/nitu.mx\/index.php\/2019\/09\/30\/tormenta-tropical-narda-cancela-vuelos-a-mazatlan\/#primaryimage\"},\"image\":{\"@id\":\"https:\/\/nitu.mx\/index.php\/2019\/09\/30\/tormenta-tropical-narda-cancela-vuelos-a-mazatlan\/#primaryimage\"},\"thumbnailUrl\":\"https:\/\/nitu.mx\/wp-content\/uploads\/2019\/05\/Interjet-qatar.jpg\",\"datePublished\":\"2019-10-01T03:37:16+00:00\",\"dateModified\":\"2019-10-01T05:18:24+00:00\",\"description\":\"La aerol\u00ednea\u00a0Interjet\u00a0cancel\u00f3 este lunes sus vuelos hacia y desde Mazatl\u00e1n, Sinaloa, por el paso de la\u00a0tormenta tropical\u00a0Narda.\",\"breadcrumb\":{\"@id\":\"https:\/\/nitu.mx\/index.php\/2019\/09\/30\/tormenta-tropical-narda-cancela-vuelos-a-mazatlan\/#breadcrumb\"},\"inLanguage\":\"es-MX\",\"potentialAction\":[{\"@type\":\"ReadAction\",\"target\":[\"https:\/\/nitu.mx\/index.php\/2019\/09\/30\/tormenta-tropical-narda-cancela-vuelos-a-mazatlan\/\"]}]},{\"@type\":\"ImageObject\",\"inLanguage\":\"es-MX\",\"@id\":\"https:\/\/nitu.mx\/index.php\/2019\/09\/30\/tormenta-tropical-narda-cancela-vuelos-a-mazatlan\/#primaryimage\",\"url\":\"https:\/\/nitu.mx\/wp-content\/uploads\/2019\/05\/Interjet-qatar.jpg\",\"contentUrl\":\"https:\/\/nitu.mx\/wp-content\/uploads\/2019\/05\/Interjet-qatar.jpg\",\"width\":850,\"height\":480,\"caption\":\"Interjet qatar narda\"},{\"@type\":\"BreadcrumbList\",\"@id\":\"https:\/\/nitu.mx\/index.php\/2019\/09\/30\/tormenta-tropical-narda-cancela-vuelos-a-mazatlan\/#breadcrumb\",\"itemListElement\":[{\"@type\":\"ListItem\",\"position\":1,\"name\":\"Inicio\",\"item\":\"https:\/\/nitu.mx\/\"},{\"@type\":\"ListItem\",\"position\":2,\"name\":\"Tormenta tropical &#8216;Narda&#8217; cancela vuelos a Mazatl\u00e1n\"}]},{\"@type\":\"WebSite\",\"@id\":\"https:\/\/nitu.mx\/#website\",\"url\":\"https:\/\/nitu.mx\/\",\"name\":\"Nitu - Noticias de la Industria Turistica\",\"description\":\"Noticias de la Industria Turistica\",\"publisher\":{\"@id\":\"https:\/\/nitu.mx\/#\/schema\/person\/ae7a53426417292d3dd07b45a33e01bc\"},\"alternateName\":\"Noticias de la Industria Turistica\",\"potentialAction\":[{\"@type\":\"SearchAction\",\"target\":{\"@type\":\"EntryPoint\",\"urlTemplate\":\"https:\/\/nitu.mx\/?s={search_term_string}\"},\"query-input\":\"required name=search_term_string\"}],\"inLanguage\":\"es-MX\"},{\"@type\":[\"Person\",\"Organization\"],\"@id\":\"https:\/\/nitu.mx\/#\/schema\/person\/ae7a53426417292d3dd07b45a33e01bc\",\"name\":\"Arturo Medina\",\"image\":{\"@type\":\"ImageObject\",\"inLanguage\":\"es-MX\",\"@id\":\"https:\/\/nitu.mx\/#\/schema\/person\/image\/\",\"url\":\"https:\/\/nitu.mx\/wp-content\/uploads\/2024\/04\/4A315622-1904-4D5C-B022-878CDC840E04-90x90-1.jpeg\",\"contentUrl\":\"https:\/\/nitu.mx\/wp-content\/uploads\/2024\/04\/4A315622-1904-4D5C-B022-878CDC840E04-90x90-1.jpeg\",\"width\":90,\"height\":90,\"caption\":\"Arturo Medina\"},\"logo\":{\"@id\":\"https:\/\/nitu.mx\/#\/schema\/person\/image\/\"},\"description\":\"Director NITU.mx, Egresado de la Escuela de Periodismo Carlos Septi\u00e9n Garc\u00eda. Periodista y analista especializado en turismo desde hace 35 a\u00f1os, radicado en Canc\u00fan Q.Roo. arturo@nitu.mx\",\"sameAs\":[\"https:\/\/nitu.mx\",\"https:\/\/www.facebook.com\/NITUmx\/\",\"medinacancun\",\"https:\/\/twitter.com\/@Arturo_Medina_G\"]},{\"@type\":\"Person\",\"@id\":\"https:\/\/nitu.mx\/#\/schema\/person\/4a28fe9bd65924f7c90623773daf1b0b\",\"name\":\"Redacci\u00f3n\",\"image\":{\"@type\":\"ImageObject\",\"inLanguage\":\"es-MX\",\"@id\":\"https:\/\/nitu.mx\/#\/schema\/person\/image\/\",\"url\":\"https:\/\/secure.gravatar.com\/avatar\/5dd011c8ccfc5cd7e4c81e42252aab38?s=96&d=mm&r=g\",\"contentUrl\":\"https:\/\/secure.gravatar.com\/avatar\/5dd011c8ccfc5cd7e4c81e42252aab38?s=96&d=mm&r=g\",\"caption\":\"Redacci\u00f3n\"},\"url\":\"https:\/\/nitu.mx\/index.php\/author\/redaccion\/\"}]}<\/script>\n<!-- \/ Yoast SEO plugin. -->","yoast_head_json":{"title":"Tormenta tropical 'Narda' cancela vuelos a Mazatl\u00e1n - Nitu - Noticias de la Industria Turistica","description":"La aerol\u00ednea\u00a0Interjet\u00a0cancel\u00f3 este lunes sus vuelos hacia y desde Mazatl\u00e1n, Sinaloa, por el paso de la\u00a0tormenta tropical\u00a0Narda.","robots":{"index":"index","follow":"follow","max-snippet":"max-snippet:-1","max-image-preview":"max-image-preview:large","max-video-preview":"max-video-preview:-1"},"canonical":"https:\/\/nitu.mx\/index.php\/2019\/09\/30\/tormenta-tropical-narda-cancela-vuelos-a-mazatlan\/","twitter_card":"summary_large_image","twitter_title":"Tormenta tropical 'Narda' cancela vuelos a Mazatl\u00e1n - Nitu - Noticias de la Industria Turistica","twitter_description":"La aerol\u00ednea\u00a0Interjet\u00a0cancel\u00f3 este lunes sus vuelos hacia y desde Mazatl\u00e1n, Sinaloa, por el paso de la\u00a0tormenta tropical\u00a0Narda.","twitter_image":"https:\/\/nitu.mx\/wp-content\/uploads\/2019\/05\/Interjet-qatar.jpg","twitter_creator":"@NITUmx","twitter_site":"@Arturo_Medina_G","twitter_misc":{"Escrito por":"Redacci\u00f3n","Tiempo de lectura":"1 minuto"},"schema":{"@context":"https:\/\/schema.org","@graph":[{"@type":"Article","@id":"https:\/\/nitu.mx\/index.php\/2019\/09\/30\/tormenta-tropical-narda-cancela-vuelos-a-mazatlan\/#article","isPartOf":{"@id":"https:\/\/nitu.mx\/index.php\/2019\/09\/30\/tormenta-tropical-narda-cancela-vuelos-a-mazatlan\/"},"author":{"name":"Redacci\u00f3n","@id":"https:\/\/nitu.mx\/#\/schema\/person\/4a28fe9bd65924f7c90623773daf1b0b"},"headline":"Tormenta tropical &#8216;Narda&#8217; cancela vuelos a Mazatl\u00e1n","datePublished":"2019-10-01T03:37:16+00:00","dateModified":"2019-10-01T05:18:24+00:00","mainEntityOfPage":{"@id":"https:\/\/nitu.mx\/index.php\/2019\/09\/30\/tormenta-tropical-narda-cancela-vuelos-a-mazatlan\/"},"wordCount":172,"commentCount":0,"publisher":{"@id":"https:\/\/nitu.mx\/#\/schema\/person\/ae7a53426417292d3dd07b45a33e01bc"},"image":{"@id":"https:\/\/nitu.mx\/index.php\/2019\/09\/30\/tormenta-tropical-narda-cancela-vuelos-a-mazatlan\/#primaryimage"},"thumbnailUrl":"https:\/\/nitu.mx\/wp-content\/uploads\/2019\/05\/Interjet-qatar.jpg","keywords":["Interjet","Mazatl\u00e1n","M\u00e9xico","Narda","tormenta tropical"],"articleSection":["Aerol\u00edneas","Destinos"],"inLanguage":"es-MX","potentialAction":[{"@type":"CommentAction","name":"Comment","target":["https:\/\/nitu.mx\/index.php\/2019\/09\/30\/tormenta-tropical-narda-cancela-vuelos-a-mazatlan\/#respond"]}]},{"@type":"WebPage","@id":"https:\/\/nitu.mx\/index.php\/2019\/09\/30\/tormenta-tropical-narda-cancela-vuelos-a-mazatlan\/","url":"https:\/\/nitu.mx\/index.php\/2019\/09\/30\/tormenta-tropical-narda-cancela-vuelos-a-mazatlan\/","name":"Tormenta tropical 'Narda' cancela vuelos a Mazatl\u00e1n - Nitu - Noticias de la Industria Turistica","isPartOf":{"@id":"https:\/\/nitu.mx\/#website"},"primaryImageOfPage":{"@id":"https:\/\/nitu.mx\/index.php\/2019\/09\/30\/tormenta-tropical-narda-cancela-vuelos-a-mazatlan\/#primaryimage"},"image":{"@id":"https:\/\/nitu.mx\/index.php\/2019\/09\/30\/tormenta-tropical-narda-cancela-vuelos-a-mazatlan\/#primaryimage"},"thumbnailUrl":"https:\/\/nitu.mx\/wp-content\/uploads\/2019\/05\/Interjet-qatar.jpg","datePublished":"2019-10-01T03:37:16+00:00","dateModified":"2019-10-01T05:18:24+00:00","description":"La aerol\u00ednea\u00a0Interjet\u00a0cancel\u00f3 este lunes sus vuelos hacia y desde Mazatl\u00e1n, Sinaloa, por el paso de la\u00a0tormenta tropical\u00a0Narda.","breadcrumb":{"@id":"https:\/\/nitu.mx\/index.php\/2019\/09\/30\/tormenta-tropical-narda-cancela-vuelos-a-mazatlan\/#breadcrumb"},"inLanguage":"es-MX","potentialAction":[{"@type":"ReadAction","target":["https:\/\/nitu.mx\/index.php\/2019\/09\/30\/tormenta-tropical-narda-cancela-vuelos-a-mazatlan\/"]}]},{"@type":"ImageObject","inLanguage":"es-MX","@id":"https:\/\/nitu.mx\/index.php\/2019\/09\/30\/tormenta-tropical-narda-cancela-vuelos-a-mazatlan\/#primaryimage","url":"https:\/\/nitu.mx\/wp-content\/uploads\/2019\/05\/Interjet-qatar.jpg","contentUrl":"https:\/\/nitu.mx\/wp-content\/uploads\/2019\/05\/Interjet-qatar.jpg","width":850,"height":480,"caption":"Interjet qatar narda"},{"@type":"BreadcrumbList","@id":"https:\/\/nitu.mx\/index.php\/2019\/09\/30\/tormenta-tropical-narda-cancela-vuelos-a-mazatlan\/#breadcrumb","itemListElement":[{"@type":"ListItem","position":1,"name":"Inicio","item":"https:\/\/nitu.mx\/"},{"@type":"ListItem","position":2,"name":"Tormenta tropical &#8216;Narda&#8217; cancela vuelos a Mazatl\u00e1n"}]},{"@type":"WebSite","@id":"https:\/\/nitu.mx\/#website","url":"https:\/\/nitu.mx\/","name":"Nitu - Noticias de la Industria Turistica","description":"Noticias de la Industria Turistica","publisher":{"@id":"https:\/\/nitu.mx\/#\/schema\/person\/ae7a53426417292d3dd07b45a33e01bc"},"alternateName":"Noticias de la Industria Turistica","potentialAction":[{"@type":"SearchAction","target":{"@type":"EntryPoint","urlTemplate":"https:\/\/nitu.mx\/?s={search_term_string}"},"query-input":"required name=search_term_string"}],"inLanguage":"es-MX"},{"@type":["Person","Organization"],"@id":"https:\/\/nitu.mx\/#\/schema\/person\/ae7a53426417292d3dd07b45a33e01bc","name":"Arturo Medina","image":{"@type":"ImageObject","inLanguage":"es-MX","@id":"https:\/\/nitu.mx\/#\/schema\/person\/image\/","url":"https:\/\/nitu.mx\/wp-content\/uploads\/2024\/04\/4A315622-1904-4D5C-B022-878CDC840E04-90x90-1.jpeg","contentUrl":"https:\/\/nitu.mx\/wp-content\/uploads\/2024\/04\/4A315622-1904-4D5C-B022-878CDC840E04-90x90-1.jpeg","width":90,"height":90,"caption":"Arturo Medina"},"logo":{"@id":"https:\/\/nitu.mx\/#\/schema\/person\/image\/"},"description":"Director NITU.mx, Egresado de la Escuela de Periodismo Carlos Septi\u00e9n Garc\u00eda. Periodista y analista especializado en turismo desde hace 35 a\u00f1os, radicado en Canc\u00fan Q.Roo. arturo@nitu.mx","sameAs":["https:\/\/nitu.mx","https:\/\/www.facebook.com\/NITUmx\/","medinacancun","https:\/\/twitter.com\/@Arturo_Medina_G"]},{"@type":"Person","@id":"https:\/\/nitu.mx\/#\/schema\/person\/4a28fe9bd65924f7c90623773daf1b0b","name":"Redacci\u00f3n","image":{"@type":"ImageObject","inLanguage":"es-MX","@id":"https:\/\/nitu.mx\/#\/schema\/person\/image\/","url":"https:\/\/secure.gravatar.com\/avatar\/5dd011c8ccfc5cd7e4c81e42252aab38?s=96&d=mm&r=g","contentUrl":"https:\/\/secure.gravatar.com\/avatar\/5dd011c8ccfc5cd7e4c81e42252aab38?s=96&d=mm&r=g","caption":"Redacci\u00f3n"},"url":"https:\/\/nitu.mx\/index.php\/author\/redaccion\/"}]}},"views":326,"_links":{"self":[{"href":"https:\/\/nitu.mx\/index.php\/wp-json\/wp\/v2\/posts\/36018"}],"collection":[{"href":"https:\/\/nitu.mx\/index.php\/wp-json\/wp\/v2\/posts"}],"about":[{"href":"https:\/\/nitu.mx\/index.php\/wp-json\/wp\/v2\/types\/post"}],"author":[{"embeddable":true,"href":"https:\/\/nitu.mx\/index.php\/wp-json\/wp\/v2\/users\/17"}],"replies":[{"embeddable":true,"href":"https:\/\/nitu.mx\/index.php\/wp-json\/wp\/v2\/comments?post=36018"}],"version-history":[{"count":2,"href":"https:\/\/nitu.mx\/index.php\/wp-json\/wp\/v2\/posts\/36018\/revisions"}],"predecessor-version":[{"id":36042,"href":"https:\/\/nitu.mx\/index.php\/wp-json\/wp\/v2\/posts\/36018\/revisions\/36042"}],"wp:featuredmedia":[{"embeddable":true,"href":"https:\/\/nitu.mx\/index.php\/wp-json\/wp\/v2\/media\/32075"}],"wp:attachment":[{"href":"https:\/\/nitu.mx\/index.php\/wp-json\/wp\/v2\/media?parent=36018"}],"wp:term":[{"taxonomy":"category","embeddable":true,"href":"https:\/\/nitu.mx\/index.php\/wp-json\/wp\/v2\/categories?post=36018"},{"taxonomy":"post_tag","embeddable":true,"href":"https:\/\/nitu.mx\/index.php\/wp-json\/wp\/v2\/tags?post=36018"}],"curies":[{"name":"wp","href":"https:\/\/api.w.org\/{rel}","templated":true}]}}