{"id":35988,"date":"2019-09-30T00:05:26","date_gmt":"2019-09-30T05:05:26","guid":{"rendered":"https:\/\/www.dev.nitu.mx\/?p=35988"},"modified":"2019-09-30T00:21:23","modified_gmt":"2019-09-30T05:21:23","slug":"crece-el-turismo-relacionado-con-la-moda-en-caribe-mexicano","status":"publish","type":"post","link":"https:\/\/nitu.mx\/index.php\/2019\/09\/30\/crece-el-turismo-relacionado-con-la-moda-en-caribe-mexicano\/","title":{"rendered":"Crece el turismo relacionado con la moda en Caribe Mexicano"},"content":{"rendered":"<p>El turismo que se desplaza para participar o presenciar un evento relacionado con la moda crece en el Caribe Mexicano, en donde desde hace varios a\u00f1os se realizan Fashion Shows en los diferentes destinos de\u00a0 Quintana Roo, atraen a un mercado cosmopolita y creativo, relacionado con el sector de la moda.<\/p>\n<p>Cada a\u00f1o se realizan diferentes desfiles de moda que atraen a un selecto grupo de personalidades a las playas del Caribe Mexicano, como ejemplo este fin de semana se realiz\u00f3 el ya mundialmente conocido Fashion Rock, del promotor art\u00edstico Luis Carl\u00edn en el hotel Breathless Riviera Canc\u00fan.<\/p>\n<p>Los ojos del mundo de la moda y la tendencia estuvieron atentos de los cinco desfiles que se realizaron en el mencionado hotel, teniendo como estandarte marcas mexicanas de reconocidos dise\u00f1adores como V\u00edctor y Jesse, campechanos reconocidos por vestir al elenco de la serie \u2018Monarca\u2019 de Netflix y a las estrellas de la televisi\u00f3n.<\/p>\n<p>\u201cPresentamos un segmento de nuestra colecci\u00f3n 2020, trabajamos para la mujer que quiere destacar en cualquier lugar en donde sea que se presente\u201d, se\u00f1alaron respecto a su desfile que fue musicalizado por Maya Karuna, integrante de Cal\u00f3.<\/p>\n<p>En el Fashion Rock hubo espacio para una colecci\u00f3n de una escuela de dise\u00f1o en Canc\u00fan, cosa que ha servido para proyectar el trabajo de j\u00f3venes cancunenses en diversas partes del mundo, tambi\u00e9n cont\u00f3 con la presencia y dise\u00f1o de Aline Moreno, famosa por sus estilos vibrantes que destacan en todo momento y en cada colecci\u00f3n.<\/p>\n<p>Por su parte Luis Carl\u00edn, organizador del Fashion Rock y principal promotor del turismo de modas en Quintana Roo se\u00f1al\u00f3 que a pesar de que a\u00fan no existe una promoci\u00f3n en este \u00e1mbito y el apoyo es parte del sector privado, el acercamiento de las autoridades como el de la presidente Mara Lezama, ha apoyado y facilitado las actividades que promueven el destino.<\/p>\n<p>\u201cVeo el evento muy padre, me ha costado mucho, me encanta promover estos eventos, agradezco a todo los interesados que nos apoyan, turismo y gobierno se est\u00e1n enfocando en otras cosas en este momento, pero quiero agradecer a la presidente Mara Lezama que nos apoy\u00f3 mucho con la limpieza de playas de las Miss Universos, c\u00f3mo actualmente est\u00e1n limpias, fue una actividad de colar las colillas\u201d, Se\u00f1al\u00f3 Luis Carl\u00edn, organizador del Fashion Rock. (La Verdad)<\/p>\n","protected":false},"excerpt":{"rendered":"<p>El turismo que se desplaza para participar o presenciar un evento relacionado con la moda crece en el Caribe Mexicano, en donde desde hace varios a\u00f1os se realizan Fashion Shows en los diferentes destinos de\u00a0 Quintana Roo, atraen a un mercado cosmopolita y creativo, relacionado con el sector de la moda. Cada a\u00f1o se realizan [&hellip;]<\/p>\n","protected":false},"author":17,"featured_media":36004,"comment_status":"open","ping_status":"open","sticky":false,"template":"","format":"standard","meta":{"footnotes":""},"categories":[5,6],"tags":[1201,43,17495,17496,14028,5865,260,421],"yoast_head":"<!-- This site is optimized with the Yoast SEO plugin v22.2 - https:\/\/yoast.com\/wordpress\/plugins\/seo\/ -->\n<title>Crece el turismo relacionado con la moda en Caribe Mexicano - Nitu - Noticias de la Industria Turistica<\/title>\n<meta name=\"robots\" content=\"index, follow, max-snippet:-1, max-image-preview:large, max-video-preview:-1\" \/>\n<link rel=\"canonical\" href=\"https:\/\/nitu.mx\/index.php\/2019\/09\/30\/crece-el-turismo-relacionado-con-la-moda-en-caribe-mexicano\/\" \/>\n<meta name=\"twitter:card\" content=\"summary_large_image\" \/>\n<meta name=\"twitter:title\" content=\"Crece el turismo relacionado con la moda en Caribe Mexicano - Nitu - Noticias de la Industria Turistica\" \/>\n<meta name=\"twitter:description\" content=\"El turismo que se desplaza para participar o presenciar un evento relacionado con la moda crece en el Caribe Mexicano, en donde desde hace varios a\u00f1os se realizan Fashion Shows en los diferentes destinos de\u00a0 Quintana Roo, atraen a un mercado cosmopolita y creativo, relacionado con el sector de la moda. Cada a\u00f1o se realizan [&hellip;]\" \/>\n<meta name=\"twitter:image\" content=\"https:\/\/nitu.mx\/wp-content\/uploads\/2019\/09\/Fashion-Rock-Breathless-Riviera-Cancu\u0301n.jpg\" \/>\n<meta name=\"twitter:creator\" content=\"@NITUmx\" \/>\n<meta name=\"twitter:site\" content=\"@Arturo_Medina_G\" \/>\n<meta name=\"twitter:label1\" content=\"Escrito por\" \/>\n\t<meta name=\"twitter:data1\" content=\"Redacci\u00f3n\" \/>\n\t<meta name=\"twitter:label2\" content=\"Tiempo de lectura\" \/>\n\t<meta name=\"twitter:data2\" content=\"2 minutos\" \/>\n<script type=\"application\/ld+json\" class=\"yoast-schema-graph\">{\"@context\":\"https:\/\/schema.org\",\"@graph\":[{\"@type\":\"Article\",\"@id\":\"https:\/\/nitu.mx\/index.php\/2019\/09\/30\/crece-el-turismo-relacionado-con-la-moda-en-caribe-mexicano\/#article\",\"isPartOf\":{\"@id\":\"https:\/\/nitu.mx\/index.php\/2019\/09\/30\/crece-el-turismo-relacionado-con-la-moda-en-caribe-mexicano\/\"},\"author\":{\"name\":\"Redacci\u00f3n\",\"@id\":\"https:\/\/nitu.mx\/#\/schema\/person\/4a28fe9bd65924f7c90623773daf1b0b\"},\"headline\":\"Crece el turismo relacionado con la moda en Caribe Mexicano\",\"datePublished\":\"2019-09-30T05:05:26+00:00\",\"dateModified\":\"2019-09-30T05:21:23+00:00\",\"mainEntityOfPage\":{\"@id\":\"https:\/\/nitu.mx\/index.php\/2019\/09\/30\/crece-el-turismo-relacionado-con-la-moda-en-caribe-mexicano\/\"},\"wordCount\":418,\"commentCount\":0,\"publisher\":{\"@id\":\"https:\/\/nitu.mx\/#\/schema\/person\/ae7a53426417292d3dd07b45a33e01bc\"},\"image\":{\"@id\":\"https:\/\/nitu.mx\/index.php\/2019\/09\/30\/crece-el-turismo-relacionado-con-la-moda-en-caribe-mexicano\/#primaryimage\"},\"thumbnailUrl\":\"https:\/\/nitu.mx\/wp-content\/uploads\/2019\/09\/Fashion-Rock-Breathless-Riviera-Cancu\u0301n.jpg\",\"keywords\":[\"Breathless Riviera Canc\u00fan\",\"Canc\u00fan\",\"Fashion Rock\",\"Luis Carl\u00edn\",\"Mara Lezama\",\"moda\",\"Quintana Roo\",\"turismo\"],\"articleSection\":[\"Destinos\",\"M\u00e9xico\"],\"inLanguage\":\"es-MX\",\"potentialAction\":[{\"@type\":\"CommentAction\",\"name\":\"Comment\",\"target\":[\"https:\/\/nitu.mx\/index.php\/2019\/09\/30\/crece-el-turismo-relacionado-con-la-moda-en-caribe-mexicano\/#respond\"]}]},{\"@type\":\"WebPage\",\"@id\":\"https:\/\/nitu.mx\/index.php\/2019\/09\/30\/crece-el-turismo-relacionado-con-la-moda-en-caribe-mexicano\/\",\"url\":\"https:\/\/nitu.mx\/index.php\/2019\/09\/30\/crece-el-turismo-relacionado-con-la-moda-en-caribe-mexicano\/\",\"name\":\"Crece el turismo relacionado con la moda en Caribe Mexicano - Nitu - Noticias de la Industria Turistica\",\"isPartOf\":{\"@id\":\"https:\/\/nitu.mx\/#website\"},\"primaryImageOfPage\":{\"@id\":\"https:\/\/nitu.mx\/index.php\/2019\/09\/30\/crece-el-turismo-relacionado-con-la-moda-en-caribe-mexicano\/#primaryimage\"},\"image\":{\"@id\":\"https:\/\/nitu.mx\/index.php\/2019\/09\/30\/crece-el-turismo-relacionado-con-la-moda-en-caribe-mexicano\/#primaryimage\"},\"thumbnailUrl\":\"https:\/\/nitu.mx\/wp-content\/uploads\/2019\/09\/Fashion-Rock-Breathless-Riviera-Cancu\u0301n.jpg\",\"datePublished\":\"2019-09-30T05:05:26+00:00\",\"dateModified\":\"2019-09-30T05:21:23+00:00\",\"breadcrumb\":{\"@id\":\"https:\/\/nitu.mx\/index.php\/2019\/09\/30\/crece-el-turismo-relacionado-con-la-moda-en-caribe-mexicano\/#breadcrumb\"},\"inLanguage\":\"es-MX\",\"potentialAction\":[{\"@type\":\"ReadAction\",\"target\":[\"https:\/\/nitu.mx\/index.php\/2019\/09\/30\/crece-el-turismo-relacionado-con-la-moda-en-caribe-mexicano\/\"]}]},{\"@type\":\"ImageObject\",\"inLanguage\":\"es-MX\",\"@id\":\"https:\/\/nitu.mx\/index.php\/2019\/09\/30\/crece-el-turismo-relacionado-con-la-moda-en-caribe-mexicano\/#primaryimage\",\"url\":\"https:\/\/nitu.mx\/wp-content\/uploads\/2019\/09\/Fashion-Rock-Breathless-Riviera-Cancu\u0301n.jpg\",\"contentUrl\":\"https:\/\/nitu.mx\/wp-content\/uploads\/2019\/09\/Fashion-Rock-Breathless-Riviera-Cancu\u0301n.jpg\",\"width\":850,\"height\":480,\"caption\":\"Caribe Fashion Rock Breathless Riviera Cancu\u0301n\"},{\"@type\":\"BreadcrumbList\",\"@id\":\"https:\/\/nitu.mx\/index.php\/2019\/09\/30\/crece-el-turismo-relacionado-con-la-moda-en-caribe-mexicano\/#breadcrumb\",\"itemListElement\":[{\"@type\":\"ListItem\",\"position\":1,\"name\":\"Inicio\",\"item\":\"https:\/\/nitu.mx\/\"},{\"@type\":\"ListItem\",\"position\":2,\"name\":\"Crece el turismo relacionado con la moda en Caribe Mexicano\"}]},{\"@type\":\"WebSite\",\"@id\":\"https:\/\/nitu.mx\/#website\",\"url\":\"https:\/\/nitu.mx\/\",\"name\":\"Nitu - Noticias de la Industria Turistica\",\"description\":\"Noticias de la Industria Turistica\",\"publisher\":{\"@id\":\"https:\/\/nitu.mx\/#\/schema\/person\/ae7a53426417292d3dd07b45a33e01bc\"},\"alternateName\":\"Noticias de la Industria Turistica\",\"potentialAction\":[{\"@type\":\"SearchAction\",\"target\":{\"@type\":\"EntryPoint\",\"urlTemplate\":\"https:\/\/nitu.mx\/?s={search_term_string}\"},\"query-input\":\"required name=search_term_string\"}],\"inLanguage\":\"es-MX\"},{\"@type\":[\"Person\",\"Organization\"],\"@id\":\"https:\/\/nitu.mx\/#\/schema\/person\/ae7a53426417292d3dd07b45a33e01bc\",\"name\":\"Arturo Medina\",\"image\":{\"@type\":\"ImageObject\",\"inLanguage\":\"es-MX\",\"@id\":\"https:\/\/nitu.mx\/#\/schema\/person\/image\/\",\"url\":\"https:\/\/nitu.mx\/wp-content\/uploads\/2024\/04\/4A315622-1904-4D5C-B022-878CDC840E04-90x90-1.jpeg\",\"contentUrl\":\"https:\/\/nitu.mx\/wp-content\/uploads\/2024\/04\/4A315622-1904-4D5C-B022-878CDC840E04-90x90-1.jpeg\",\"width\":90,\"height\":90,\"caption\":\"Arturo Medina\"},\"logo\":{\"@id\":\"https:\/\/nitu.mx\/#\/schema\/person\/image\/\"},\"description\":\"Director NITU.mx, Egresado de la Escuela de Periodismo Carlos Septi\u00e9n Garc\u00eda. Periodista y analista especializado en turismo desde hace 35 a\u00f1os, radicado en Canc\u00fan Q.Roo. arturo@nitu.mx\",\"sameAs\":[\"https:\/\/nitu.mx\",\"https:\/\/www.facebook.com\/NITUmx\/\",\"medinacancun\",\"https:\/\/twitter.com\/@Arturo_Medina_G\"]},{\"@type\":\"Person\",\"@id\":\"https:\/\/nitu.mx\/#\/schema\/person\/4a28fe9bd65924f7c90623773daf1b0b\",\"name\":\"Redacci\u00f3n\",\"image\":{\"@type\":\"ImageObject\",\"inLanguage\":\"es-MX\",\"@id\":\"https:\/\/nitu.mx\/#\/schema\/person\/image\/\",\"url\":\"https:\/\/secure.gravatar.com\/avatar\/5dd011c8ccfc5cd7e4c81e42252aab38?s=96&d=mm&r=g\",\"contentUrl\":\"https:\/\/secure.gravatar.com\/avatar\/5dd011c8ccfc5cd7e4c81e42252aab38?s=96&d=mm&r=g\",\"caption\":\"Redacci\u00f3n\"},\"url\":\"https:\/\/nitu.mx\/index.php\/author\/redaccion\/\"}]}<\/script>\n<!-- \/ Yoast SEO plugin. -->","yoast_head_json":{"title":"Crece el turismo relacionado con la moda en Caribe Mexicano - Nitu - Noticias de la Industria Turistica","robots":{"index":"index","follow":"follow","max-snippet":"max-snippet:-1","max-image-preview":"max-image-preview:large","max-video-preview":"max-video-preview:-1"},"canonical":"https:\/\/nitu.mx\/index.php\/2019\/09\/30\/crece-el-turismo-relacionado-con-la-moda-en-caribe-mexicano\/","twitter_card":"summary_large_image","twitter_title":"Crece el turismo relacionado con la moda en Caribe Mexicano - Nitu - Noticias de la Industria Turistica","twitter_description":"El turismo que se desplaza para participar o presenciar un evento relacionado con la moda crece en el Caribe Mexicano, en donde desde hace varios a\u00f1os se realizan Fashion Shows en los diferentes destinos de\u00a0 Quintana Roo, atraen a un mercado cosmopolita y creativo, relacionado con el sector de la moda. Cada a\u00f1o se realizan [&hellip;]","twitter_image":"https:\/\/nitu.mx\/wp-content\/uploads\/2019\/09\/Fashion-Rock-Breathless-Riviera-Cancu\u0301n.jpg","twitter_creator":"@NITUmx","twitter_site":"@Arturo_Medina_G","twitter_misc":{"Escrito por":"Redacci\u00f3n","Tiempo de lectura":"2 minutos"},"schema":{"@context":"https:\/\/schema.org","@graph":[{"@type":"Article","@id":"https:\/\/nitu.mx\/index.php\/2019\/09\/30\/crece-el-turismo-relacionado-con-la-moda-en-caribe-mexicano\/#article","isPartOf":{"@id":"https:\/\/nitu.mx\/index.php\/2019\/09\/30\/crece-el-turismo-relacionado-con-la-moda-en-caribe-mexicano\/"},"author":{"name":"Redacci\u00f3n","@id":"https:\/\/nitu.mx\/#\/schema\/person\/4a28fe9bd65924f7c90623773daf1b0b"},"headline":"Crece el turismo relacionado con la moda en Caribe Mexicano","datePublished":"2019-09-30T05:05:26+00:00","dateModified":"2019-09-30T05:21:23+00:00","mainEntityOfPage":{"@id":"https:\/\/nitu.mx\/index.php\/2019\/09\/30\/crece-el-turismo-relacionado-con-la-moda-en-caribe-mexicano\/"},"wordCount":418,"commentCount":0,"publisher":{"@id":"https:\/\/nitu.mx\/#\/schema\/person\/ae7a53426417292d3dd07b45a33e01bc"},"image":{"@id":"https:\/\/nitu.mx\/index.php\/2019\/09\/30\/crece-el-turismo-relacionado-con-la-moda-en-caribe-mexicano\/#primaryimage"},"thumbnailUrl":"https:\/\/nitu.mx\/wp-content\/uploads\/2019\/09\/Fashion-Rock-Breathless-Riviera-Cancu\u0301n.jpg","keywords":["Breathless Riviera Canc\u00fan","Canc\u00fan","Fashion Rock","Luis Carl\u00edn","Mara Lezama","moda","Quintana Roo","turismo"],"articleSection":["Destinos","M\u00e9xico"],"inLanguage":"es-MX","potentialAction":[{"@type":"CommentAction","name":"Comment","target":["https:\/\/nitu.mx\/index.php\/2019\/09\/30\/crece-el-turismo-relacionado-con-la-moda-en-caribe-mexicano\/#respond"]}]},{"@type":"WebPage","@id":"https:\/\/nitu.mx\/index.php\/2019\/09\/30\/crece-el-turismo-relacionado-con-la-moda-en-caribe-mexicano\/","url":"https:\/\/nitu.mx\/index.php\/2019\/09\/30\/crece-el-turismo-relacionado-con-la-moda-en-caribe-mexicano\/","name":"Crece el turismo relacionado con la moda en Caribe Mexicano - Nitu - Noticias de la Industria Turistica","isPartOf":{"@id":"https:\/\/nitu.mx\/#website"},"primaryImageOfPage":{"@id":"https:\/\/nitu.mx\/index.php\/2019\/09\/30\/crece-el-turismo-relacionado-con-la-moda-en-caribe-mexicano\/#primaryimage"},"image":{"@id":"https:\/\/nitu.mx\/index.php\/2019\/09\/30\/crece-el-turismo-relacionado-con-la-moda-en-caribe-mexicano\/#primaryimage"},"thumbnailUrl":"https:\/\/nitu.mx\/wp-content\/uploads\/2019\/09\/Fashion-Rock-Breathless-Riviera-Cancu\u0301n.jpg","datePublished":"2019-09-30T05:05:26+00:00","dateModified":"2019-09-30T05:21:23+00:00","breadcrumb":{"@id":"https:\/\/nitu.mx\/index.php\/2019\/09\/30\/crece-el-turismo-relacionado-con-la-moda-en-caribe-mexicano\/#breadcrumb"},"inLanguage":"es-MX","potentialAction":[{"@type":"ReadAction","target":["https:\/\/nitu.mx\/index.php\/2019\/09\/30\/crece-el-turismo-relacionado-con-la-moda-en-caribe-mexicano\/"]}]},{"@type":"ImageObject","inLanguage":"es-MX","@id":"https:\/\/nitu.mx\/index.php\/2019\/09\/30\/crece-el-turismo-relacionado-con-la-moda-en-caribe-mexicano\/#primaryimage","url":"https:\/\/nitu.mx\/wp-content\/uploads\/2019\/09\/Fashion-Rock-Breathless-Riviera-Cancu\u0301n.jpg","contentUrl":"https:\/\/nitu.mx\/wp-content\/uploads\/2019\/09\/Fashion-Rock-Breathless-Riviera-Cancu\u0301n.jpg","width":850,"height":480,"caption":"Caribe Fashion Rock Breathless Riviera Cancu\u0301n"},{"@type":"BreadcrumbList","@id":"https:\/\/nitu.mx\/index.php\/2019\/09\/30\/crece-el-turismo-relacionado-con-la-moda-en-caribe-mexicano\/#breadcrumb","itemListElement":[{"@type":"ListItem","position":1,"name":"Inicio","item":"https:\/\/nitu.mx\/"},{"@type":"ListItem","position":2,"name":"Crece el turismo relacionado con la moda en Caribe Mexicano"}]},{"@type":"WebSite","@id":"https:\/\/nitu.mx\/#website","url":"https:\/\/nitu.mx\/","name":"Nitu - Noticias de la Industria Turistica","description":"Noticias de la Industria Turistica","publisher":{"@id":"https:\/\/nitu.mx\/#\/schema\/person\/ae7a53426417292d3dd07b45a33e01bc"},"alternateName":"Noticias de la Industria Turistica","potentialAction":[{"@type":"SearchAction","target":{"@type":"EntryPoint","urlTemplate":"https:\/\/nitu.mx\/?s={search_term_string}"},"query-input":"required name=search_term_string"}],"inLanguage":"es-MX"},{"@type":["Person","Organization"],"@id":"https:\/\/nitu.mx\/#\/schema\/person\/ae7a53426417292d3dd07b45a33e01bc","name":"Arturo Medina","image":{"@type":"ImageObject","inLanguage":"es-MX","@id":"https:\/\/nitu.mx\/#\/schema\/person\/image\/","url":"https:\/\/nitu.mx\/wp-content\/uploads\/2024\/04\/4A315622-1904-4D5C-B022-878CDC840E04-90x90-1.jpeg","contentUrl":"https:\/\/nitu.mx\/wp-content\/uploads\/2024\/04\/4A315622-1904-4D5C-B022-878CDC840E04-90x90-1.jpeg","width":90,"height":90,"caption":"Arturo Medina"},"logo":{"@id":"https:\/\/nitu.mx\/#\/schema\/person\/image\/"},"description":"Director NITU.mx, Egresado de la Escuela de Periodismo Carlos Septi\u00e9n Garc\u00eda. Periodista y analista especializado en turismo desde hace 35 a\u00f1os, radicado en Canc\u00fan Q.Roo. arturo@nitu.mx","sameAs":["https:\/\/nitu.mx","https:\/\/www.facebook.com\/NITUmx\/","medinacancun","https:\/\/twitter.com\/@Arturo_Medina_G"]},{"@type":"Person","@id":"https:\/\/nitu.mx\/#\/schema\/person\/4a28fe9bd65924f7c90623773daf1b0b","name":"Redacci\u00f3n","image":{"@type":"ImageObject","inLanguage":"es-MX","@id":"https:\/\/nitu.mx\/#\/schema\/person\/image\/","url":"https:\/\/secure.gravatar.com\/avatar\/5dd011c8ccfc5cd7e4c81e42252aab38?s=96&d=mm&r=g","contentUrl":"https:\/\/secure.gravatar.com\/avatar\/5dd011c8ccfc5cd7e4c81e42252aab38?s=96&d=mm&r=g","caption":"Redacci\u00f3n"},"url":"https:\/\/nitu.mx\/index.php\/author\/redaccion\/"}]}},"views":759,"_links":{"self":[{"href":"https:\/\/nitu.mx\/index.php\/wp-json\/wp\/v2\/posts\/35988"}],"collection":[{"href":"https:\/\/nitu.mx\/index.php\/wp-json\/wp\/v2\/posts"}],"about":[{"href":"https:\/\/nitu.mx\/index.php\/wp-json\/wp\/v2\/types\/post"}],"author":[{"embeddable":true,"href":"https:\/\/nitu.mx\/index.php\/wp-json\/wp\/v2\/users\/17"}],"replies":[{"embeddable":true,"href":"https:\/\/nitu.mx\/index.php\/wp-json\/wp\/v2\/comments?post=35988"}],"version-history":[{"count":1,"href":"https:\/\/nitu.mx\/index.php\/wp-json\/wp\/v2\/posts\/35988\/revisions"}],"predecessor-version":[{"id":35989,"href":"https:\/\/nitu.mx\/index.php\/wp-json\/wp\/v2\/posts\/35988\/revisions\/35989"}],"wp:featuredmedia":[{"embeddable":true,"href":"https:\/\/nitu.mx\/index.php\/wp-json\/wp\/v2\/media\/36004"}],"wp:attachment":[{"href":"https:\/\/nitu.mx\/index.php\/wp-json\/wp\/v2\/media?parent=35988"}],"wp:term":[{"taxonomy":"category","embeddable":true,"href":"https:\/\/nitu.mx\/index.php\/wp-json\/wp\/v2\/categories?post=35988"},{"taxonomy":"post_tag","embeddable":true,"href":"https:\/\/nitu.mx\/index.php\/wp-json\/wp\/v2\/tags?post=35988"}],"curies":[{"name":"wp","href":"https:\/\/api.w.org\/{rel}","templated":true}]}}