{"id":35982,"date":"2019-09-29T23:43:13","date_gmt":"2019-09-30T04:43:13","guid":{"rendered":"https:\/\/www.dev.nitu.mx\/?p=35982"},"modified":"2019-09-30T11:00:24","modified_gmt":"2019-09-30T16:00:24","slug":"ramada-plaza-by-wyndham-abre-sus-puertas-en-veracruz-boca-del-rio","status":"publish","type":"post","link":"https:\/\/nitu.mx\/index.php\/2019\/09\/29\/ramada-plaza-by-wyndham-abre-sus-puertas-en-veracruz-boca-del-rio\/","title":{"rendered":"Ramada Plaza by Wyndham abre sus puertas en Veracruz Boca del R\u00edo"},"content":{"rendered":"<p>&nbsp;<\/p>\n<p>Con el objetivo de complacer todas las necesidades de los viajeros de negocios o placer, ya sea que se encuentren solos, de vacaciones con la familia, disfruten de una escapada de fin de semana, o bien acudan a una conferencia o un evento social, recientemente se inaugur\u00f3 el hotel Ramada Plaza by Wyndham Veracruz Boca del R\u00edo.<\/p>\n<p>Ramada by Wyndham es la marca de Wyndham Hotels &amp; Resorts con mayor presencia a escala mundial. Desde 1954 se ha caracterizado por ofrecer a los hu\u00e9spedes una estad\u00eda c\u00e1lida, confortable y conveniente, adem\u00e1s de darles la oportunidad de \u201cprobar el mundo\u201d, al operar en m\u00e1s de 836 destinos.<\/p>\n<p>La propiedad est\u00e1 equipada con todas las comodidades para que la estancia de sus clientes sea la m\u00e1s placentera. Dispone de centro de reuniones, adem\u00e1s de los salones Aguamarina, Amatista, Zafiro, Turquesa, \u00d3palo y Soutomaior, los cuales tienen capacidad para atender desde 12 hasta 500 personas.<\/p>\n<p>Asimismo, el hotel cuenta con 141 habitaciones, incluidas 126 est\u00e1ndar, 11 junior suites, 3 para personas con capacidades diferentes y una master suite. Todas ellas ofrecen acceso gratuito a internet inal\u00e1mbrico de alta velocidad, frigobares y confortables camas nuevas para un descanso reparador.<\/p>\n<p>Para iniciar el d\u00eda, en el restaurante Castelo Luar los hu\u00e9spedes pueden desayunar, o bien, a la hora de la comida disfrutar exquisitos platillos de la gastronom\u00eda regional y mundial. Otra excelente opci\u00f3n es el restaurante bar Breogan, en el cual se sirven platillos internacionales, adem\u00e1s de una amplia variedad de cervezas y botanas, mientras que en la cafeter\u00eda Canela se puede degustar caf\u00e9 de la regi\u00f3n y una gran diversidad de ricos postres. (<a title=\"La marca La Quinta By Wyndham llega a Poza Rica\" href=\"https:\/\/www.dev.nitu.mx\/index.php\/2019\/06\/24\/la-marca-la-quinta-by-wyndham-llega-a-poza-rica\/\" rel=\"bookmark\">La marca La Quinta By Wyndham llega a Poza Rica<\/a>).<\/p>\n<p>Ramada Plaza by Wyndham Veracruz Boca del R\u00edo tiene una ubicaci\u00f3n privilegiada, al estar cerca de las playas, el World Trade Center (WTC) y los centros comerciales m\u00e1s importantes de la ciudad, como Plaza Las Am\u00e9ricas y Andamar, los clubes de golf La Villa Rica y Punta Tibur\u00f3n, as\u00ed como de los corporativos bancarios y empresariales. Adem\u00e1s, cuenta con f\u00e1cil acceso a diversas autopistas y al aeropuerto, que est\u00e1 a s\u00f3lo 15 minutos.<\/p>\n","protected":false},"excerpt":{"rendered":"<p>&nbsp; Con el objetivo de complacer todas las necesidades de los viajeros de negocios o placer, ya sea que se encuentren solos, de vacaciones con la familia, disfruten de una escapada de fin de semana, o bien acudan a una conferencia o un evento social, recientemente se inaugur\u00f3 el hotel Ramada Plaza by Wyndham Veracruz [&hellip;]<\/p>\n","protected":false},"author":17,"featured_media":36009,"comment_status":"open","ping_status":"open","sticky":false,"template":"","format":"standard","meta":{"footnotes":""},"categories":[5,2],"tags":[17492,17489,17490,17491],"yoast_head":"<!-- This site is optimized with the Yoast SEO plugin v22.2 - https:\/\/yoast.com\/wordpress\/plugins\/seo\/ -->\n<title>Ramada Plaza by Wyndham abre sus puertas en Veracruz Boca del R\u00edo - Nitu - Noticias de la Industria Turistica<\/title>\n<meta name=\"description\" content=\"Con el objetivo de complacer las necesidades de los viajeros de negocios o placer, recientemente se inaugur\u00f3 el hotel Ramada Plaza by Wyndham en Veracruz.\" \/>\n<meta name=\"robots\" content=\"index, follow, max-snippet:-1, max-image-preview:large, max-video-preview:-1\" \/>\n<link rel=\"canonical\" href=\"https:\/\/nitu.mx\/index.php\/2019\/09\/29\/ramada-plaza-by-wyndham-abre-sus-puertas-en-veracruz-boca-del-rio\/\" \/>\n<meta name=\"twitter:card\" content=\"summary_large_image\" \/>\n<meta name=\"twitter:title\" content=\"Ramada Plaza by Wyndham abre sus puertas en Veracruz Boca del R\u00edo - Nitu - Noticias de la Industria Turistica\" \/>\n<meta name=\"twitter:description\" content=\"Con el objetivo de complacer las necesidades de los viajeros de negocios o placer, recientemente se inaugur\u00f3 el hotel Ramada Plaza by Wyndham en Veracruz.\" \/>\n<meta name=\"twitter:image\" content=\"https:\/\/nitu.mx\/wp-content\/uploads\/2019\/09\/ramada-veracruz-1.jpg\" \/>\n<meta name=\"twitter:creator\" content=\"@NITUmx\" \/>\n<meta name=\"twitter:site\" content=\"@Arturo_Medina_G\" \/>\n<meta name=\"twitter:label1\" content=\"Escrito por\" \/>\n\t<meta name=\"twitter:data1\" content=\"Redacci\u00f3n\" \/>\n\t<meta name=\"twitter:label2\" content=\"Tiempo de lectura\" \/>\n\t<meta name=\"twitter:data2\" content=\"2 minutos\" \/>\n<script type=\"application\/ld+json\" class=\"yoast-schema-graph\">{\"@context\":\"https:\/\/schema.org\",\"@graph\":[{\"@type\":\"Article\",\"@id\":\"https:\/\/nitu.mx\/index.php\/2019\/09\/29\/ramada-plaza-by-wyndham-abre-sus-puertas-en-veracruz-boca-del-rio\/#article\",\"isPartOf\":{\"@id\":\"https:\/\/nitu.mx\/index.php\/2019\/09\/29\/ramada-plaza-by-wyndham-abre-sus-puertas-en-veracruz-boca-del-rio\/\"},\"author\":{\"name\":\"Redacci\u00f3n\",\"@id\":\"https:\/\/nitu.mx\/#\/schema\/person\/4a28fe9bd65924f7c90623773daf1b0b\"},\"headline\":\"Ramada Plaza by Wyndham abre sus puertas en Veracruz Boca del R\u00edo\",\"datePublished\":\"2019-09-30T04:43:13+00:00\",\"dateModified\":\"2019-09-30T16:00:24+00:00\",\"mainEntityOfPage\":{\"@id\":\"https:\/\/nitu.mx\/index.php\/2019\/09\/29\/ramada-plaza-by-wyndham-abre-sus-puertas-en-veracruz-boca-del-rio\/\"},\"wordCount\":382,\"commentCount\":0,\"publisher\":{\"@id\":\"https:\/\/nitu.mx\/#\/schema\/person\/ae7a53426417292d3dd07b45a33e01bc\"},\"image\":{\"@id\":\"https:\/\/nitu.mx\/index.php\/2019\/09\/29\/ramada-plaza-by-wyndham-abre-sus-puertas-en-veracruz-boca-del-rio\/#primaryimage\"},\"thumbnailUrl\":\"https:\/\/nitu.mx\/wp-content\/uploads\/2019\/09\/ramada-veracruz-1.jpg\",\"keywords\":[\"Castelo Luar.\",\"Ramada Plaza by Wyndham\",\"Veracruz Boca del R\u00edo\",\"WTC\"],\"articleSection\":[\"Destinos\",\"Hoteles\"],\"inLanguage\":\"es-MX\",\"potentialAction\":[{\"@type\":\"CommentAction\",\"name\":\"Comment\",\"target\":[\"https:\/\/nitu.mx\/index.php\/2019\/09\/29\/ramada-plaza-by-wyndham-abre-sus-puertas-en-veracruz-boca-del-rio\/#respond\"]}]},{\"@type\":\"WebPage\",\"@id\":\"https:\/\/nitu.mx\/index.php\/2019\/09\/29\/ramada-plaza-by-wyndham-abre-sus-puertas-en-veracruz-boca-del-rio\/\",\"url\":\"https:\/\/nitu.mx\/index.php\/2019\/09\/29\/ramada-plaza-by-wyndham-abre-sus-puertas-en-veracruz-boca-del-rio\/\",\"name\":\"Ramada Plaza by Wyndham abre sus puertas en Veracruz Boca del R\u00edo - Nitu - Noticias de la Industria Turistica\",\"isPartOf\":{\"@id\":\"https:\/\/nitu.mx\/#website\"},\"primaryImageOfPage\":{\"@id\":\"https:\/\/nitu.mx\/index.php\/2019\/09\/29\/ramada-plaza-by-wyndham-abre-sus-puertas-en-veracruz-boca-del-rio\/#primaryimage\"},\"image\":{\"@id\":\"https:\/\/nitu.mx\/index.php\/2019\/09\/29\/ramada-plaza-by-wyndham-abre-sus-puertas-en-veracruz-boca-del-rio\/#primaryimage\"},\"thumbnailUrl\":\"https:\/\/nitu.mx\/wp-content\/uploads\/2019\/09\/ramada-veracruz-1.jpg\",\"datePublished\":\"2019-09-30T04:43:13+00:00\",\"dateModified\":\"2019-09-30T16:00:24+00:00\",\"description\":\"Con el objetivo de complacer las necesidades de los viajeros de negocios o placer, recientemente se inaugur\u00f3 el hotel Ramada Plaza by Wyndham en Veracruz.\",\"breadcrumb\":{\"@id\":\"https:\/\/nitu.mx\/index.php\/2019\/09\/29\/ramada-plaza-by-wyndham-abre-sus-puertas-en-veracruz-boca-del-rio\/#breadcrumb\"},\"inLanguage\":\"es-MX\",\"potentialAction\":[{\"@type\":\"ReadAction\",\"target\":[\"https:\/\/nitu.mx\/index.php\/2019\/09\/29\/ramada-plaza-by-wyndham-abre-sus-puertas-en-veracruz-boca-del-rio\/\"]}]},{\"@type\":\"ImageObject\",\"inLanguage\":\"es-MX\",\"@id\":\"https:\/\/nitu.mx\/index.php\/2019\/09\/29\/ramada-plaza-by-wyndham-abre-sus-puertas-en-veracruz-boca-del-rio\/#primaryimage\",\"url\":\"https:\/\/nitu.mx\/wp-content\/uploads\/2019\/09\/ramada-veracruz-1.jpg\",\"contentUrl\":\"https:\/\/nitu.mx\/wp-content\/uploads\/2019\/09\/ramada-veracruz-1.jpg\",\"width\":850,\"height\":480,\"caption\":\"ramada veracruz wyndham\"},{\"@type\":\"BreadcrumbList\",\"@id\":\"https:\/\/nitu.mx\/index.php\/2019\/09\/29\/ramada-plaza-by-wyndham-abre-sus-puertas-en-veracruz-boca-del-rio\/#breadcrumb\",\"itemListElement\":[{\"@type\":\"ListItem\",\"position\":1,\"name\":\"Inicio\",\"item\":\"https:\/\/nitu.mx\/\"},{\"@type\":\"ListItem\",\"position\":2,\"name\":\"Ramada Plaza by Wyndham abre sus puertas en Veracruz Boca del R\u00edo\"}]},{\"@type\":\"WebSite\",\"@id\":\"https:\/\/nitu.mx\/#website\",\"url\":\"https:\/\/nitu.mx\/\",\"name\":\"Nitu - Noticias de la Industria Turistica\",\"description\":\"Noticias de la Industria Turistica\",\"publisher\":{\"@id\":\"https:\/\/nitu.mx\/#\/schema\/person\/ae7a53426417292d3dd07b45a33e01bc\"},\"alternateName\":\"Noticias de la Industria Turistica\",\"potentialAction\":[{\"@type\":\"SearchAction\",\"target\":{\"@type\":\"EntryPoint\",\"urlTemplate\":\"https:\/\/nitu.mx\/?s={search_term_string}\"},\"query-input\":\"required name=search_term_string\"}],\"inLanguage\":\"es-MX\"},{\"@type\":[\"Person\",\"Organization\"],\"@id\":\"https:\/\/nitu.mx\/#\/schema\/person\/ae7a53426417292d3dd07b45a33e01bc\",\"name\":\"Arturo Medina\",\"image\":{\"@type\":\"ImageObject\",\"inLanguage\":\"es-MX\",\"@id\":\"https:\/\/nitu.mx\/#\/schema\/person\/image\/\",\"url\":\"https:\/\/nitu.mx\/wp-content\/uploads\/2024\/04\/4A315622-1904-4D5C-B022-878CDC840E04-90x90-1.jpeg\",\"contentUrl\":\"https:\/\/nitu.mx\/wp-content\/uploads\/2024\/04\/4A315622-1904-4D5C-B022-878CDC840E04-90x90-1.jpeg\",\"width\":90,\"height\":90,\"caption\":\"Arturo Medina\"},\"logo\":{\"@id\":\"https:\/\/nitu.mx\/#\/schema\/person\/image\/\"},\"description\":\"Director NITU.mx, Egresado de la Escuela de Periodismo Carlos Septi\u00e9n Garc\u00eda. Periodista y analista especializado en turismo desde hace 35 a\u00f1os, radicado en Canc\u00fan Q.Roo. arturo@nitu.mx\",\"sameAs\":[\"https:\/\/nitu.mx\",\"https:\/\/www.facebook.com\/NITUmx\/\",\"medinacancun\",\"https:\/\/twitter.com\/@Arturo_Medina_G\"]},{\"@type\":\"Person\",\"@id\":\"https:\/\/nitu.mx\/#\/schema\/person\/4a28fe9bd65924f7c90623773daf1b0b\",\"name\":\"Redacci\u00f3n\",\"image\":{\"@type\":\"ImageObject\",\"inLanguage\":\"es-MX\",\"@id\":\"https:\/\/nitu.mx\/#\/schema\/person\/image\/\",\"url\":\"https:\/\/secure.gravatar.com\/avatar\/5dd011c8ccfc5cd7e4c81e42252aab38?s=96&d=mm&r=g\",\"contentUrl\":\"https:\/\/secure.gravatar.com\/avatar\/5dd011c8ccfc5cd7e4c81e42252aab38?s=96&d=mm&r=g\",\"caption\":\"Redacci\u00f3n\"},\"url\":\"https:\/\/nitu.mx\/index.php\/author\/redaccion\/\"}]}<\/script>\n<!-- \/ Yoast SEO plugin. -->","yoast_head_json":{"title":"Ramada Plaza by Wyndham abre sus puertas en Veracruz Boca del R\u00edo - Nitu - Noticias de la Industria Turistica","description":"Con el objetivo de complacer las necesidades de los viajeros de negocios o placer, recientemente se inaugur\u00f3 el hotel Ramada Plaza by Wyndham en Veracruz.","robots":{"index":"index","follow":"follow","max-snippet":"max-snippet:-1","max-image-preview":"max-image-preview:large","max-video-preview":"max-video-preview:-1"},"canonical":"https:\/\/nitu.mx\/index.php\/2019\/09\/29\/ramada-plaza-by-wyndham-abre-sus-puertas-en-veracruz-boca-del-rio\/","twitter_card":"summary_large_image","twitter_title":"Ramada Plaza by Wyndham abre sus puertas en Veracruz Boca del R\u00edo - Nitu - Noticias de la Industria Turistica","twitter_description":"Con el objetivo de complacer las necesidades de los viajeros de negocios o placer, recientemente se inaugur\u00f3 el hotel Ramada Plaza by Wyndham en Veracruz.","twitter_image":"https:\/\/nitu.mx\/wp-content\/uploads\/2019\/09\/ramada-veracruz-1.jpg","twitter_creator":"@NITUmx","twitter_site":"@Arturo_Medina_G","twitter_misc":{"Escrito por":"Redacci\u00f3n","Tiempo de lectura":"2 minutos"},"schema":{"@context":"https:\/\/schema.org","@graph":[{"@type":"Article","@id":"https:\/\/nitu.mx\/index.php\/2019\/09\/29\/ramada-plaza-by-wyndham-abre-sus-puertas-en-veracruz-boca-del-rio\/#article","isPartOf":{"@id":"https:\/\/nitu.mx\/index.php\/2019\/09\/29\/ramada-plaza-by-wyndham-abre-sus-puertas-en-veracruz-boca-del-rio\/"},"author":{"name":"Redacci\u00f3n","@id":"https:\/\/nitu.mx\/#\/schema\/person\/4a28fe9bd65924f7c90623773daf1b0b"},"headline":"Ramada Plaza by Wyndham abre sus puertas en Veracruz Boca del R\u00edo","datePublished":"2019-09-30T04:43:13+00:00","dateModified":"2019-09-30T16:00:24+00:00","mainEntityOfPage":{"@id":"https:\/\/nitu.mx\/index.php\/2019\/09\/29\/ramada-plaza-by-wyndham-abre-sus-puertas-en-veracruz-boca-del-rio\/"},"wordCount":382,"commentCount":0,"publisher":{"@id":"https:\/\/nitu.mx\/#\/schema\/person\/ae7a53426417292d3dd07b45a33e01bc"},"image":{"@id":"https:\/\/nitu.mx\/index.php\/2019\/09\/29\/ramada-plaza-by-wyndham-abre-sus-puertas-en-veracruz-boca-del-rio\/#primaryimage"},"thumbnailUrl":"https:\/\/nitu.mx\/wp-content\/uploads\/2019\/09\/ramada-veracruz-1.jpg","keywords":["Castelo Luar.","Ramada Plaza by Wyndham","Veracruz Boca del R\u00edo","WTC"],"articleSection":["Destinos","Hoteles"],"inLanguage":"es-MX","potentialAction":[{"@type":"CommentAction","name":"Comment","target":["https:\/\/nitu.mx\/index.php\/2019\/09\/29\/ramada-plaza-by-wyndham-abre-sus-puertas-en-veracruz-boca-del-rio\/#respond"]}]},{"@type":"WebPage","@id":"https:\/\/nitu.mx\/index.php\/2019\/09\/29\/ramada-plaza-by-wyndham-abre-sus-puertas-en-veracruz-boca-del-rio\/","url":"https:\/\/nitu.mx\/index.php\/2019\/09\/29\/ramada-plaza-by-wyndham-abre-sus-puertas-en-veracruz-boca-del-rio\/","name":"Ramada Plaza by Wyndham abre sus puertas en Veracruz Boca del R\u00edo - Nitu - Noticias de la Industria Turistica","isPartOf":{"@id":"https:\/\/nitu.mx\/#website"},"primaryImageOfPage":{"@id":"https:\/\/nitu.mx\/index.php\/2019\/09\/29\/ramada-plaza-by-wyndham-abre-sus-puertas-en-veracruz-boca-del-rio\/#primaryimage"},"image":{"@id":"https:\/\/nitu.mx\/index.php\/2019\/09\/29\/ramada-plaza-by-wyndham-abre-sus-puertas-en-veracruz-boca-del-rio\/#primaryimage"},"thumbnailUrl":"https:\/\/nitu.mx\/wp-content\/uploads\/2019\/09\/ramada-veracruz-1.jpg","datePublished":"2019-09-30T04:43:13+00:00","dateModified":"2019-09-30T16:00:24+00:00","description":"Con el objetivo de complacer las necesidades de los viajeros de negocios o placer, recientemente se inaugur\u00f3 el hotel Ramada Plaza by Wyndham en Veracruz.","breadcrumb":{"@id":"https:\/\/nitu.mx\/index.php\/2019\/09\/29\/ramada-plaza-by-wyndham-abre-sus-puertas-en-veracruz-boca-del-rio\/#breadcrumb"},"inLanguage":"es-MX","potentialAction":[{"@type":"ReadAction","target":["https:\/\/nitu.mx\/index.php\/2019\/09\/29\/ramada-plaza-by-wyndham-abre-sus-puertas-en-veracruz-boca-del-rio\/"]}]},{"@type":"ImageObject","inLanguage":"es-MX","@id":"https:\/\/nitu.mx\/index.php\/2019\/09\/29\/ramada-plaza-by-wyndham-abre-sus-puertas-en-veracruz-boca-del-rio\/#primaryimage","url":"https:\/\/nitu.mx\/wp-content\/uploads\/2019\/09\/ramada-veracruz-1.jpg","contentUrl":"https:\/\/nitu.mx\/wp-content\/uploads\/2019\/09\/ramada-veracruz-1.jpg","width":850,"height":480,"caption":"ramada veracruz wyndham"},{"@type":"BreadcrumbList","@id":"https:\/\/nitu.mx\/index.php\/2019\/09\/29\/ramada-plaza-by-wyndham-abre-sus-puertas-en-veracruz-boca-del-rio\/#breadcrumb","itemListElement":[{"@type":"ListItem","position":1,"name":"Inicio","item":"https:\/\/nitu.mx\/"},{"@type":"ListItem","position":2,"name":"Ramada Plaza by Wyndham abre sus puertas en Veracruz Boca del R\u00edo"}]},{"@type":"WebSite","@id":"https:\/\/nitu.mx\/#website","url":"https:\/\/nitu.mx\/","name":"Nitu - Noticias de la Industria Turistica","description":"Noticias de la Industria Turistica","publisher":{"@id":"https:\/\/nitu.mx\/#\/schema\/person\/ae7a53426417292d3dd07b45a33e01bc"},"alternateName":"Noticias de la Industria Turistica","potentialAction":[{"@type":"SearchAction","target":{"@type":"EntryPoint","urlTemplate":"https:\/\/nitu.mx\/?s={search_term_string}"},"query-input":"required name=search_term_string"}],"inLanguage":"es-MX"},{"@type":["Person","Organization"],"@id":"https:\/\/nitu.mx\/#\/schema\/person\/ae7a53426417292d3dd07b45a33e01bc","name":"Arturo Medina","image":{"@type":"ImageObject","inLanguage":"es-MX","@id":"https:\/\/nitu.mx\/#\/schema\/person\/image\/","url":"https:\/\/nitu.mx\/wp-content\/uploads\/2024\/04\/4A315622-1904-4D5C-B022-878CDC840E04-90x90-1.jpeg","contentUrl":"https:\/\/nitu.mx\/wp-content\/uploads\/2024\/04\/4A315622-1904-4D5C-B022-878CDC840E04-90x90-1.jpeg","width":90,"height":90,"caption":"Arturo Medina"},"logo":{"@id":"https:\/\/nitu.mx\/#\/schema\/person\/image\/"},"description":"Director NITU.mx, Egresado de la Escuela de Periodismo Carlos Septi\u00e9n Garc\u00eda. Periodista y analista especializado en turismo desde hace 35 a\u00f1os, radicado en Canc\u00fan Q.Roo. arturo@nitu.mx","sameAs":["https:\/\/nitu.mx","https:\/\/www.facebook.com\/NITUmx\/","medinacancun","https:\/\/twitter.com\/@Arturo_Medina_G"]},{"@type":"Person","@id":"https:\/\/nitu.mx\/#\/schema\/person\/4a28fe9bd65924f7c90623773daf1b0b","name":"Redacci\u00f3n","image":{"@type":"ImageObject","inLanguage":"es-MX","@id":"https:\/\/nitu.mx\/#\/schema\/person\/image\/","url":"https:\/\/secure.gravatar.com\/avatar\/5dd011c8ccfc5cd7e4c81e42252aab38?s=96&d=mm&r=g","contentUrl":"https:\/\/secure.gravatar.com\/avatar\/5dd011c8ccfc5cd7e4c81e42252aab38?s=96&d=mm&r=g","caption":"Redacci\u00f3n"},"url":"https:\/\/nitu.mx\/index.php\/author\/redaccion\/"}]}},"views":539,"_links":{"self":[{"href":"https:\/\/nitu.mx\/index.php\/wp-json\/wp\/v2\/posts\/35982"}],"collection":[{"href":"https:\/\/nitu.mx\/index.php\/wp-json\/wp\/v2\/posts"}],"about":[{"href":"https:\/\/nitu.mx\/index.php\/wp-json\/wp\/v2\/types\/post"}],"author":[{"embeddable":true,"href":"https:\/\/nitu.mx\/index.php\/wp-json\/wp\/v2\/users\/17"}],"replies":[{"embeddable":true,"href":"https:\/\/nitu.mx\/index.php\/wp-json\/wp\/v2\/comments?post=35982"}],"version-history":[{"count":3,"href":"https:\/\/nitu.mx\/index.php\/wp-json\/wp\/v2\/posts\/35982\/revisions"}],"predecessor-version":[{"id":36010,"href":"https:\/\/nitu.mx\/index.php\/wp-json\/wp\/v2\/posts\/35982\/revisions\/36010"}],"wp:featuredmedia":[{"embeddable":true,"href":"https:\/\/nitu.mx\/index.php\/wp-json\/wp\/v2\/media\/36009"}],"wp:attachment":[{"href":"https:\/\/nitu.mx\/index.php\/wp-json\/wp\/v2\/media?parent=35982"}],"wp:term":[{"taxonomy":"category","embeddable":true,"href":"https:\/\/nitu.mx\/index.php\/wp-json\/wp\/v2\/categories?post=35982"},{"taxonomy":"post_tag","embeddable":true,"href":"https:\/\/nitu.mx\/index.php\/wp-json\/wp\/v2\/tags?post=35982"}],"curies":[{"name":"wp","href":"https:\/\/api.w.org\/{rel}","templated":true}]}}