{"id":3590,"date":"2016-11-04T00:44:39","date_gmt":"2016-11-04T05:44:39","guid":{"rendered":"http:\/\/www.dev.nitu.mx\/?p=3590"},"modified":"2016-11-04T00:50:12","modified_gmt":"2016-11-04T05:50:12","slug":"quetzalcoatl-de-aeromexico-hara-su-primer-vuelo-trasatlantico-con-enrique-de-la-madrid-bordo","status":"publish","type":"post","link":"https:\/\/nitu.mx\/index.php\/2016\/11\/04\/quetzalcoatl-de-aeromexico-hara-su-primer-vuelo-trasatlantico-con-enrique-de-la-madrid-bordo\/","title":{"rendered":"Quetzalc\u00f3atl de Aerom\u00e9xico har\u00e1 su primer vuelo trasatl\u00e1ntico con De la Madrid a bordo"},"content":{"rendered":"<p>Ser\u00e1 Enrique de la Madrid, secretario de Turismo federal, el personaje que estrenar\u00e1 el 787-9 de Aerom\u00e9xico, Quetzalc\u00f3atl, que realizar\u00e1 este s\u00e1bado su primer vuelo trasatl\u00e1ntico y que coincidi\u00f3 con el inicio del World Travel Market de Londres.<\/p>\n<p>Recientemente informamos, que la empresa Aerom\u00e9xico present\u00f3 al &#8220;Quetzalc\u00f3atl&#8221;, el primer Boeing 787-9 Dreamliner de los 10 que se integrar\u00e1n a su flota para volar a Madrid, Par\u00eds, Londres, \u00c1msterdam, Tokio, Shangh\u00e1i, Nueva York y Santiago de Chile.<\/p>\n<p>Dinero revela que en el aeropuerto de Heathrow, habr\u00e1 una peque\u00f1a ceremonia por el inicio de operaciones del que se considera el avi\u00f3n m\u00e1s moderno de Am\u00e9rica.<\/p>\n<p>El Boeing 787-9 es m\u00e1s ligero y amigable con el medio ambiente comparado con otros de su categor\u00eda, por su estructura de fibra de carbono. Emite 57 por ciento menos contaminaci\u00f3n auditiva en el despegue y aterrizaje, y consume 23 por ciento menos combustible, lo que representa 20 por ciento menos emisiones de di\u00f3xido de carbono.<\/p>\n<p>El avi\u00f3n cuenta con WiFi, lo que permitir\u00e1 a los pasajeros navegar en internet a bordo.<\/p>\n<p>Aerom\u00e9xico opera m\u00e1s de 600 vuelos diarios. Su red de destinos alcanza 45 ciudades en M\u00e9xico, 18 en Estados Unidos, 15 en Latinoam\u00e9rica, cuatro en Europa, tres en Canad\u00e1, y dos en Asia.<\/p>\n<p>Este avi\u00f3n lleg\u00f3 el pasado 13 de octubre, al hangar de Aerom\u00e9xico ubicado en la Terminal 2, del Aeropuerto Internacional de la Ciudad de M\u00e9xico, proveniente de Seattle. Tiene impreso el dise\u00f1o del \u00e1guila azteca, resultado del concurso &#8220;El dise\u00f1o est\u00e1 en el aire&#8221;, como se inform\u00f3 en <em><strong>NITU.mx\u00a0<\/strong><\/em>(<a href=\"http:\/\/www.dev.nitu.mx\/index.php\/2016\/09\/06\/mexicano-nuevo-dremliner-787-9-aeromexico\/\" target=\"_blank\">Muy mexicano el nuevo Dreamliner 787-9 de Aerom\u00e9xico<\/a>)<\/p>\n","protected":false},"excerpt":{"rendered":"<p>Ser\u00e1 Enrique de la Madrid, secretario de Turismo federal, el personaje que estrenar\u00e1 el 787-9 de Aerom\u00e9xico, Quetzalc\u00f3atl, que realizar\u00e1 este s\u00e1bado su primer vuelo trasatl\u00e1ntico y que coincidi\u00f3 con el inicio del World Travel Market de Londres. Recientemente informamos, que la empresa Aerom\u00e9xico present\u00f3 al &#8220;Quetzalc\u00f3atl&#8221;, el primer Boeing 787-9 Dreamliner de los 10 [&hellip;]<\/p>\n","protected":false},"author":17,"featured_media":1603,"comment_status":"open","ping_status":"open","sticky":false,"template":"","format":"standard","meta":{"footnotes":""},"categories":[29,5],"tags":[30,484,258,1478,1031,176,100,120,69,1479,126,68,452,1087,150,124,1480,1232,1481,1477],"yoast_head":"<!-- This site is optimized with the Yoast SEO plugin v22.2 - https:\/\/yoast.com\/wordpress\/plugins\/seo\/ -->\n<title>Quetzalc\u00f3atl de Aerom\u00e9xico har\u00e1 su primer vuelo trasatl\u00e1ntico con De la Madrid a bordo - Nitu - Noticias de la Industria Turistica<\/title>\n<meta name=\"description\" content=\"Ser\u00e1 Enrique de la Madrid, quien estrenar\u00e1 el 787-9 de Aerom\u00e9xico, Quetzalc\u00f3atl, que realizar\u00e1 este s\u00e1bado su primer vuelo trasatl\u00e1ntico.\" \/>\n<meta name=\"robots\" content=\"index, follow, max-snippet:-1, max-image-preview:large, max-video-preview:-1\" \/>\n<link rel=\"canonical\" href=\"https:\/\/nitu.mx\/index.php\/2016\/11\/04\/quetzalcoatl-de-aeromexico-hara-su-primer-vuelo-trasatlantico-con-enrique-de-la-madrid-bordo\/\" \/>\n<meta name=\"twitter:card\" content=\"summary_large_image\" \/>\n<meta name=\"twitter:title\" content=\"Quetzalc\u00f3atl de Aerom\u00e9xico har\u00e1 su primer vuelo trasatl\u00e1ntico con De la Madrid a bordo - Nitu - Noticias de la Industria Turistica\" \/>\n<meta name=\"twitter:description\" content=\"Ser\u00e1 Enrique de la Madrid, quien estrenar\u00e1 el 787-9 de Aerom\u00e9xico, Quetzalc\u00f3atl, que realizar\u00e1 este s\u00e1bado su primer vuelo trasatl\u00e1ntico.\" \/>\n<meta name=\"twitter:image\" content=\"https:\/\/nitu.mx\/wp-content\/uploads\/2016\/09\/1472840677509930.jpg\" \/>\n<meta name=\"twitter:creator\" content=\"@NITUmx\" \/>\n<meta name=\"twitter:site\" content=\"@Arturo_Medina_G\" \/>\n<meta name=\"twitter:label1\" content=\"Escrito por\" \/>\n\t<meta name=\"twitter:data1\" content=\"Redacci\u00f3n\" \/>\n\t<meta name=\"twitter:label2\" content=\"Tiempo de lectura\" \/>\n\t<meta name=\"twitter:data2\" content=\"1 minuto\" \/>\n<script type=\"application\/ld+json\" class=\"yoast-schema-graph\">{\"@context\":\"https:\/\/schema.org\",\"@graph\":[{\"@type\":\"Article\",\"@id\":\"https:\/\/nitu.mx\/index.php\/2016\/11\/04\/quetzalcoatl-de-aeromexico-hara-su-primer-vuelo-trasatlantico-con-enrique-de-la-madrid-bordo\/#article\",\"isPartOf\":{\"@id\":\"https:\/\/nitu.mx\/index.php\/2016\/11\/04\/quetzalcoatl-de-aeromexico-hara-su-primer-vuelo-trasatlantico-con-enrique-de-la-madrid-bordo\/\"},\"author\":{\"name\":\"Redacci\u00f3n\",\"@id\":\"https:\/\/nitu.mx\/#\/schema\/person\/4a28fe9bd65924f7c90623773daf1b0b\"},\"headline\":\"Quetzalc\u00f3atl de Aerom\u00e9xico har\u00e1 su primer vuelo trasatl\u00e1ntico con De la Madrid a bordo\",\"datePublished\":\"2016-11-04T05:44:39+00:00\",\"dateModified\":\"2016-11-04T05:50:12+00:00\",\"mainEntityOfPage\":{\"@id\":\"https:\/\/nitu.mx\/index.php\/2016\/11\/04\/quetzalcoatl-de-aeromexico-hara-su-primer-vuelo-trasatlantico-con-enrique-de-la-madrid-bordo\/\"},\"wordCount\":301,\"commentCount\":0,\"publisher\":{\"@id\":\"https:\/\/nitu.mx\/#\/schema\/person\/ae7a53426417292d3dd07b45a33e01bc\"},\"image\":{\"@id\":\"https:\/\/nitu.mx\/index.php\/2016\/11\/04\/quetzalcoatl-de-aeromexico-hara-su-primer-vuelo-trasatlantico-con-enrique-de-la-madrid-bordo\/#primaryimage\"},\"thumbnailUrl\":\"https:\/\/nitu.mx\/wp-content\/uploads\/2016\/09\/1472840677509930.jpg\",\"keywords\":[\"Aerom\u00e9xico\",\"Amsterdam\",\"Asia\",\"Boeing 787-9 Dreamliner\",\"Canad\u00e1\",\"Enrique de la Madrid\",\"Estados Unidos\",\"Europa\",\"Latinoam\u00e9rica\",\"Londres\",\"Madrid\",\"M\u00e9xico\",\"Nueva York\",\"Par\u00eds\",\"Quetzalc\u00f3atl\",\"Santiago de Chile\",\"Shangh\u00e1i\",\"Tokio\",\"WiFi\",\"World Travel Market de Londres\"],\"articleSection\":[\"Aerol\u00edneas\",\"Destinos\"],\"inLanguage\":\"es-MX\",\"potentialAction\":[{\"@type\":\"CommentAction\",\"name\":\"Comment\",\"target\":[\"https:\/\/nitu.mx\/index.php\/2016\/11\/04\/quetzalcoatl-de-aeromexico-hara-su-primer-vuelo-trasatlantico-con-enrique-de-la-madrid-bordo\/#respond\"]}]},{\"@type\":\"WebPage\",\"@id\":\"https:\/\/nitu.mx\/index.php\/2016\/11\/04\/quetzalcoatl-de-aeromexico-hara-su-primer-vuelo-trasatlantico-con-enrique-de-la-madrid-bordo\/\",\"url\":\"https:\/\/nitu.mx\/index.php\/2016\/11\/04\/quetzalcoatl-de-aeromexico-hara-su-primer-vuelo-trasatlantico-con-enrique-de-la-madrid-bordo\/\",\"name\":\"Quetzalc\u00f3atl de Aerom\u00e9xico har\u00e1 su primer vuelo trasatl\u00e1ntico con De la Madrid a bordo - Nitu - Noticias de la Industria Turistica\",\"isPartOf\":{\"@id\":\"https:\/\/nitu.mx\/#website\"},\"primaryImageOfPage\":{\"@id\":\"https:\/\/nitu.mx\/index.php\/2016\/11\/04\/quetzalcoatl-de-aeromexico-hara-su-primer-vuelo-trasatlantico-con-enrique-de-la-madrid-bordo\/#primaryimage\"},\"image\":{\"@id\":\"https:\/\/nitu.mx\/index.php\/2016\/11\/04\/quetzalcoatl-de-aeromexico-hara-su-primer-vuelo-trasatlantico-con-enrique-de-la-madrid-bordo\/#primaryimage\"},\"thumbnailUrl\":\"https:\/\/nitu.mx\/wp-content\/uploads\/2016\/09\/1472840677509930.jpg\",\"datePublished\":\"2016-11-04T05:44:39+00:00\",\"dateModified\":\"2016-11-04T05:50:12+00:00\",\"description\":\"Ser\u00e1 Enrique de la Madrid, quien estrenar\u00e1 el 787-9 de Aerom\u00e9xico, Quetzalc\u00f3atl, que realizar\u00e1 este s\u00e1bado su primer vuelo trasatl\u00e1ntico.\",\"breadcrumb\":{\"@id\":\"https:\/\/nitu.mx\/index.php\/2016\/11\/04\/quetzalcoatl-de-aeromexico-hara-su-primer-vuelo-trasatlantico-con-enrique-de-la-madrid-bordo\/#breadcrumb\"},\"inLanguage\":\"es-MX\",\"potentialAction\":[{\"@type\":\"ReadAction\",\"target\":[\"https:\/\/nitu.mx\/index.php\/2016\/11\/04\/quetzalcoatl-de-aeromexico-hara-su-primer-vuelo-trasatlantico-con-enrique-de-la-madrid-bordo\/\"]}]},{\"@type\":\"ImageObject\",\"inLanguage\":\"es-MX\",\"@id\":\"https:\/\/nitu.mx\/index.php\/2016\/11\/04\/quetzalcoatl-de-aeromexico-hara-su-primer-vuelo-trasatlantico-con-enrique-de-la-madrid-bordo\/#primaryimage\",\"url\":\"https:\/\/nitu.mx\/wp-content\/uploads\/2016\/09\/1472840677509930.jpg\",\"contentUrl\":\"https:\/\/nitu.mx\/wp-content\/uploads\/2016\/09\/1472840677509930.jpg\",\"width\":720,\"height\":540,\"caption\":\"Quetzalc\u00f3atl\"},{\"@type\":\"BreadcrumbList\",\"@id\":\"https:\/\/nitu.mx\/index.php\/2016\/11\/04\/quetzalcoatl-de-aeromexico-hara-su-primer-vuelo-trasatlantico-con-enrique-de-la-madrid-bordo\/#breadcrumb\",\"itemListElement\":[{\"@type\":\"ListItem\",\"position\":1,\"name\":\"Inicio\",\"item\":\"https:\/\/nitu.mx\/\"},{\"@type\":\"ListItem\",\"position\":2,\"name\":\"Quetzalc\u00f3atl de Aerom\u00e9xico har\u00e1 su primer vuelo trasatl\u00e1ntico con De la Madrid a bordo\"}]},{\"@type\":\"WebSite\",\"@id\":\"https:\/\/nitu.mx\/#website\",\"url\":\"https:\/\/nitu.mx\/\",\"name\":\"Nitu - Noticias de la Industria Turistica\",\"description\":\"Noticias de la Industria Turistica\",\"publisher\":{\"@id\":\"https:\/\/nitu.mx\/#\/schema\/person\/ae7a53426417292d3dd07b45a33e01bc\"},\"alternateName\":\"Noticias de la Industria Turistica\",\"potentialAction\":[{\"@type\":\"SearchAction\",\"target\":{\"@type\":\"EntryPoint\",\"urlTemplate\":\"https:\/\/nitu.mx\/?s={search_term_string}\"},\"query-input\":\"required name=search_term_string\"}],\"inLanguage\":\"es-MX\"},{\"@type\":[\"Person\",\"Organization\"],\"@id\":\"https:\/\/nitu.mx\/#\/schema\/person\/ae7a53426417292d3dd07b45a33e01bc\",\"name\":\"Arturo Medina\",\"image\":{\"@type\":\"ImageObject\",\"inLanguage\":\"es-MX\",\"@id\":\"https:\/\/nitu.mx\/#\/schema\/person\/image\/\",\"url\":\"https:\/\/nitu.mx\/wp-content\/uploads\/2024\/04\/4A315622-1904-4D5C-B022-878CDC840E04-90x90-1.jpeg\",\"contentUrl\":\"https:\/\/nitu.mx\/wp-content\/uploads\/2024\/04\/4A315622-1904-4D5C-B022-878CDC840E04-90x90-1.jpeg\",\"width\":90,\"height\":90,\"caption\":\"Arturo Medina\"},\"logo\":{\"@id\":\"https:\/\/nitu.mx\/#\/schema\/person\/image\/\"},\"description\":\"Director NITU.mx, Egresado de la Escuela de Periodismo Carlos Septi\u00e9n Garc\u00eda. Periodista y analista especializado en turismo desde hace 35 a\u00f1os, radicado en Canc\u00fan Q.Roo. arturo@nitu.mx\",\"sameAs\":[\"https:\/\/nitu.mx\",\"https:\/\/www.facebook.com\/NITUmx\/\",\"medinacancun\",\"https:\/\/twitter.com\/@Arturo_Medina_G\"]},{\"@type\":\"Person\",\"@id\":\"https:\/\/nitu.mx\/#\/schema\/person\/4a28fe9bd65924f7c90623773daf1b0b\",\"name\":\"Redacci\u00f3n\",\"image\":{\"@type\":\"ImageObject\",\"inLanguage\":\"es-MX\",\"@id\":\"https:\/\/nitu.mx\/#\/schema\/person\/image\/\",\"url\":\"https:\/\/secure.gravatar.com\/avatar\/5dd011c8ccfc5cd7e4c81e42252aab38?s=96&d=mm&r=g\",\"contentUrl\":\"https:\/\/secure.gravatar.com\/avatar\/5dd011c8ccfc5cd7e4c81e42252aab38?s=96&d=mm&r=g\",\"caption\":\"Redacci\u00f3n\"},\"url\":\"https:\/\/nitu.mx\/index.php\/author\/redaccion\/\"}]}<\/script>\n<!-- \/ Yoast SEO plugin. -->","yoast_head_json":{"title":"Quetzalc\u00f3atl de Aerom\u00e9xico har\u00e1 su primer vuelo trasatl\u00e1ntico con De la Madrid a bordo - Nitu - Noticias de la Industria Turistica","description":"Ser\u00e1 Enrique de la Madrid, quien estrenar\u00e1 el 787-9 de Aerom\u00e9xico, Quetzalc\u00f3atl, que realizar\u00e1 este s\u00e1bado su primer vuelo trasatl\u00e1ntico.","robots":{"index":"index","follow":"follow","max-snippet":"max-snippet:-1","max-image-preview":"max-image-preview:large","max-video-preview":"max-video-preview:-1"},"canonical":"https:\/\/nitu.mx\/index.php\/2016\/11\/04\/quetzalcoatl-de-aeromexico-hara-su-primer-vuelo-trasatlantico-con-enrique-de-la-madrid-bordo\/","twitter_card":"summary_large_image","twitter_title":"Quetzalc\u00f3atl de Aerom\u00e9xico har\u00e1 su primer vuelo trasatl\u00e1ntico con De la Madrid a bordo - Nitu - Noticias de la Industria Turistica","twitter_description":"Ser\u00e1 Enrique de la Madrid, quien estrenar\u00e1 el 787-9 de Aerom\u00e9xico, Quetzalc\u00f3atl, que realizar\u00e1 este s\u00e1bado su primer vuelo trasatl\u00e1ntico.","twitter_image":"https:\/\/nitu.mx\/wp-content\/uploads\/2016\/09\/1472840677509930.jpg","twitter_creator":"@NITUmx","twitter_site":"@Arturo_Medina_G","twitter_misc":{"Escrito por":"Redacci\u00f3n","Tiempo de lectura":"1 minuto"},"schema":{"@context":"https:\/\/schema.org","@graph":[{"@type":"Article","@id":"https:\/\/nitu.mx\/index.php\/2016\/11\/04\/quetzalcoatl-de-aeromexico-hara-su-primer-vuelo-trasatlantico-con-enrique-de-la-madrid-bordo\/#article","isPartOf":{"@id":"https:\/\/nitu.mx\/index.php\/2016\/11\/04\/quetzalcoatl-de-aeromexico-hara-su-primer-vuelo-trasatlantico-con-enrique-de-la-madrid-bordo\/"},"author":{"name":"Redacci\u00f3n","@id":"https:\/\/nitu.mx\/#\/schema\/person\/4a28fe9bd65924f7c90623773daf1b0b"},"headline":"Quetzalc\u00f3atl de Aerom\u00e9xico har\u00e1 su primer vuelo trasatl\u00e1ntico con De la Madrid a bordo","datePublished":"2016-11-04T05:44:39+00:00","dateModified":"2016-11-04T05:50:12+00:00","mainEntityOfPage":{"@id":"https:\/\/nitu.mx\/index.php\/2016\/11\/04\/quetzalcoatl-de-aeromexico-hara-su-primer-vuelo-trasatlantico-con-enrique-de-la-madrid-bordo\/"},"wordCount":301,"commentCount":0,"publisher":{"@id":"https:\/\/nitu.mx\/#\/schema\/person\/ae7a53426417292d3dd07b45a33e01bc"},"image":{"@id":"https:\/\/nitu.mx\/index.php\/2016\/11\/04\/quetzalcoatl-de-aeromexico-hara-su-primer-vuelo-trasatlantico-con-enrique-de-la-madrid-bordo\/#primaryimage"},"thumbnailUrl":"https:\/\/nitu.mx\/wp-content\/uploads\/2016\/09\/1472840677509930.jpg","keywords":["Aerom\u00e9xico","Amsterdam","Asia","Boeing 787-9 Dreamliner","Canad\u00e1","Enrique de la Madrid","Estados Unidos","Europa","Latinoam\u00e9rica","Londres","Madrid","M\u00e9xico","Nueva York","Par\u00eds","Quetzalc\u00f3atl","Santiago de Chile","Shangh\u00e1i","Tokio","WiFi","World Travel Market de Londres"],"articleSection":["Aerol\u00edneas","Destinos"],"inLanguage":"es-MX","potentialAction":[{"@type":"CommentAction","name":"Comment","target":["https:\/\/nitu.mx\/index.php\/2016\/11\/04\/quetzalcoatl-de-aeromexico-hara-su-primer-vuelo-trasatlantico-con-enrique-de-la-madrid-bordo\/#respond"]}]},{"@type":"WebPage","@id":"https:\/\/nitu.mx\/index.php\/2016\/11\/04\/quetzalcoatl-de-aeromexico-hara-su-primer-vuelo-trasatlantico-con-enrique-de-la-madrid-bordo\/","url":"https:\/\/nitu.mx\/index.php\/2016\/11\/04\/quetzalcoatl-de-aeromexico-hara-su-primer-vuelo-trasatlantico-con-enrique-de-la-madrid-bordo\/","name":"Quetzalc\u00f3atl de Aerom\u00e9xico har\u00e1 su primer vuelo trasatl\u00e1ntico con De la Madrid a bordo - Nitu - Noticias de la Industria Turistica","isPartOf":{"@id":"https:\/\/nitu.mx\/#website"},"primaryImageOfPage":{"@id":"https:\/\/nitu.mx\/index.php\/2016\/11\/04\/quetzalcoatl-de-aeromexico-hara-su-primer-vuelo-trasatlantico-con-enrique-de-la-madrid-bordo\/#primaryimage"},"image":{"@id":"https:\/\/nitu.mx\/index.php\/2016\/11\/04\/quetzalcoatl-de-aeromexico-hara-su-primer-vuelo-trasatlantico-con-enrique-de-la-madrid-bordo\/#primaryimage"},"thumbnailUrl":"https:\/\/nitu.mx\/wp-content\/uploads\/2016\/09\/1472840677509930.jpg","datePublished":"2016-11-04T05:44:39+00:00","dateModified":"2016-11-04T05:50:12+00:00","description":"Ser\u00e1 Enrique de la Madrid, quien estrenar\u00e1 el 787-9 de Aerom\u00e9xico, Quetzalc\u00f3atl, que realizar\u00e1 este s\u00e1bado su primer vuelo trasatl\u00e1ntico.","breadcrumb":{"@id":"https:\/\/nitu.mx\/index.php\/2016\/11\/04\/quetzalcoatl-de-aeromexico-hara-su-primer-vuelo-trasatlantico-con-enrique-de-la-madrid-bordo\/#breadcrumb"},"inLanguage":"es-MX","potentialAction":[{"@type":"ReadAction","target":["https:\/\/nitu.mx\/index.php\/2016\/11\/04\/quetzalcoatl-de-aeromexico-hara-su-primer-vuelo-trasatlantico-con-enrique-de-la-madrid-bordo\/"]}]},{"@type":"ImageObject","inLanguage":"es-MX","@id":"https:\/\/nitu.mx\/index.php\/2016\/11\/04\/quetzalcoatl-de-aeromexico-hara-su-primer-vuelo-trasatlantico-con-enrique-de-la-madrid-bordo\/#primaryimage","url":"https:\/\/nitu.mx\/wp-content\/uploads\/2016\/09\/1472840677509930.jpg","contentUrl":"https:\/\/nitu.mx\/wp-content\/uploads\/2016\/09\/1472840677509930.jpg","width":720,"height":540,"caption":"Quetzalc\u00f3atl"},{"@type":"BreadcrumbList","@id":"https:\/\/nitu.mx\/index.php\/2016\/11\/04\/quetzalcoatl-de-aeromexico-hara-su-primer-vuelo-trasatlantico-con-enrique-de-la-madrid-bordo\/#breadcrumb","itemListElement":[{"@type":"ListItem","position":1,"name":"Inicio","item":"https:\/\/nitu.mx\/"},{"@type":"ListItem","position":2,"name":"Quetzalc\u00f3atl de Aerom\u00e9xico har\u00e1 su primer vuelo trasatl\u00e1ntico con De la Madrid a bordo"}]},{"@type":"WebSite","@id":"https:\/\/nitu.mx\/#website","url":"https:\/\/nitu.mx\/","name":"Nitu - Noticias de la Industria Turistica","description":"Noticias de la Industria Turistica","publisher":{"@id":"https:\/\/nitu.mx\/#\/schema\/person\/ae7a53426417292d3dd07b45a33e01bc"},"alternateName":"Noticias de la Industria Turistica","potentialAction":[{"@type":"SearchAction","target":{"@type":"EntryPoint","urlTemplate":"https:\/\/nitu.mx\/?s={search_term_string}"},"query-input":"required name=search_term_string"}],"inLanguage":"es-MX"},{"@type":["Person","Organization"],"@id":"https:\/\/nitu.mx\/#\/schema\/person\/ae7a53426417292d3dd07b45a33e01bc","name":"Arturo Medina","image":{"@type":"ImageObject","inLanguage":"es-MX","@id":"https:\/\/nitu.mx\/#\/schema\/person\/image\/","url":"https:\/\/nitu.mx\/wp-content\/uploads\/2024\/04\/4A315622-1904-4D5C-B022-878CDC840E04-90x90-1.jpeg","contentUrl":"https:\/\/nitu.mx\/wp-content\/uploads\/2024\/04\/4A315622-1904-4D5C-B022-878CDC840E04-90x90-1.jpeg","width":90,"height":90,"caption":"Arturo Medina"},"logo":{"@id":"https:\/\/nitu.mx\/#\/schema\/person\/image\/"},"description":"Director NITU.mx, Egresado de la Escuela de Periodismo Carlos Septi\u00e9n Garc\u00eda. Periodista y analista especializado en turismo desde hace 35 a\u00f1os, radicado en Canc\u00fan Q.Roo. arturo@nitu.mx","sameAs":["https:\/\/nitu.mx","https:\/\/www.facebook.com\/NITUmx\/","medinacancun","https:\/\/twitter.com\/@Arturo_Medina_G"]},{"@type":"Person","@id":"https:\/\/nitu.mx\/#\/schema\/person\/4a28fe9bd65924f7c90623773daf1b0b","name":"Redacci\u00f3n","image":{"@type":"ImageObject","inLanguage":"es-MX","@id":"https:\/\/nitu.mx\/#\/schema\/person\/image\/","url":"https:\/\/secure.gravatar.com\/avatar\/5dd011c8ccfc5cd7e4c81e42252aab38?s=96&d=mm&r=g","contentUrl":"https:\/\/secure.gravatar.com\/avatar\/5dd011c8ccfc5cd7e4c81e42252aab38?s=96&d=mm&r=g","caption":"Redacci\u00f3n"},"url":"https:\/\/nitu.mx\/index.php\/author\/redaccion\/"}]}},"views":385,"_links":{"self":[{"href":"https:\/\/nitu.mx\/index.php\/wp-json\/wp\/v2\/posts\/3590"}],"collection":[{"href":"https:\/\/nitu.mx\/index.php\/wp-json\/wp\/v2\/posts"}],"about":[{"href":"https:\/\/nitu.mx\/index.php\/wp-json\/wp\/v2\/types\/post"}],"author":[{"embeddable":true,"href":"https:\/\/nitu.mx\/index.php\/wp-json\/wp\/v2\/users\/17"}],"replies":[{"embeddable":true,"href":"https:\/\/nitu.mx\/index.php\/wp-json\/wp\/v2\/comments?post=3590"}],"version-history":[{"count":5,"href":"https:\/\/nitu.mx\/index.php\/wp-json\/wp\/v2\/posts\/3590\/revisions"}],"predecessor-version":[{"id":3612,"href":"https:\/\/nitu.mx\/index.php\/wp-json\/wp\/v2\/posts\/3590\/revisions\/3612"}],"wp:featuredmedia":[{"embeddable":true,"href":"https:\/\/nitu.mx\/index.php\/wp-json\/wp\/v2\/media\/1603"}],"wp:attachment":[{"href":"https:\/\/nitu.mx\/index.php\/wp-json\/wp\/v2\/media?parent=3590"}],"wp:term":[{"taxonomy":"category","embeddable":true,"href":"https:\/\/nitu.mx\/index.php\/wp-json\/wp\/v2\/categories?post=3590"},{"taxonomy":"post_tag","embeddable":true,"href":"https:\/\/nitu.mx\/index.php\/wp-json\/wp\/v2\/tags?post=3590"}],"curies":[{"name":"wp","href":"https:\/\/api.w.org\/{rel}","templated":true}]}}