{"id":35784,"date":"2019-09-24T19:35:56","date_gmt":"2019-09-25T00:35:56","guid":{"rendered":"https:\/\/www.dev.nitu.mx\/?p=35784"},"modified":"2019-09-24T19:38:08","modified_gmt":"2019-09-25T00:38:08","slug":"sectur-minimiza-el-impacto-del-cierre-de-thomas-cook-en-mexico","status":"publish","type":"post","link":"https:\/\/nitu.mx\/index.php\/2019\/09\/24\/sectur-minimiza-el-impacto-del-cierre-de-thomas-cook-en-mexico\/","title":{"rendered":"Sectur minimiza el impacto del cierre de Thomas Cook en M\u00e9xico"},"content":{"rendered":"<p>&nbsp;<\/p>\n<p>Por la \u201cmarginal\u201d aportaci\u00f3n de divisas que ingresaba Thomas Cook a nuestro pa\u00eds y el hecho de que solo volaba a Canc\u00fan, la Secretar\u00eda de Turismo federal (Sectur) desestima que el cierre del gigante de viajes brit\u00e1nico impacte en el turismo en M\u00e9xico.<\/p>\n<p>La dependencia federal a cargo de Miguel Torruco Marqu\u00e9s se\u00f1ala que los 100 millones de d\u00f3lares, que gener\u00f3 el gasto por turistas que ingres\u00f3 Thomas Cook en 2018, representaron apenas 0.4 por ciento del total de divisas por turismo que recibi\u00f3 M\u00e9xico el a\u00f1o pasado.<\/p>\n<p>En su an\u00e1lisis, Sectur destaca que en caso de perderse el total de viajeros que ten\u00edan contemplado un viaje a Canc\u00fan con Thomas Cook entre octubre y diciembre, el golpe ser\u00eda de apenas 23 millones de d\u00f3lares, lo que representa el 0.1 por ciento del total de ingresos anuales.<\/p>\n<p>Lo anterior se debe a que la temporada fuerte en que operaba la agencia de viajes brit\u00e1nica hacia el polo tur\u00edstico del Caribe mexicano, era de abril a septiembre, en donde concentraba 70 por ciento de su oferta.<\/p>\n<p>Con un optimismo que dista de la visi\u00f3n del empresariado tur\u00edstico, Sectur conf\u00eda que el cierre de la agencia de viajes m\u00e1s longeva del mundo no impactar\u00e1 en el flujo de turistas que llegan del Reino Unido a M\u00e9xico, ante la presencia de otras compa\u00f1\u00edas como TUI, Wamos o Transat, \u201cque seguramente cubrir\u00e1n en el mercado la ausencia de Thomas Cook\u201d, se\u00f1ala el documento.\u00a0<a title=\"Personal de Thomas Cook en Q.Roo a la expectativa, en tanto Wamos Air, TUI y British apoya traslado de turistas\" href=\"https:\/\/www.dev.nitu.mx\/index.php\/2019\/09\/23\/personal-de-thomas-cook-en-caribe-mexicano-a-la-expectativa-en-tanto-wamos-air-apoya-traslado-de-turistas\/\" rel=\"bookmark\">(Personal de Thomas Cook en Q.Roo a la expectativa, en tanto Wamos Air, TUI y British apoya traslado de turistas<\/a>).<\/p>\n<p>En n\u00fameros fr\u00edos, la compa\u00f1\u00eda del Reino Unido ofreci\u00f3 112 mil 864 asientos en 2018, de los cuales 664 asientos proven\u00edan de Belfast; 12 mil 739, de Glasgow; 33 mil 548, de Londres y 66 mil 933, de Manchester.<\/p>\n<p>De enero-julio de 2019, realiz\u00f3 401 vuelos y transport\u00f3 a 122 mil 894 pasajeros, y para lo que resta del a\u00f1o la oferta de asientos hacia Canc\u00fan era de Glasgow, 2 mil 512; de Londres, 6 mil 594; y procedentes de Manchester, 18 mil 142, para dar un total de 27 mil 248 asientos.<\/p>\n<p>Sectur federal reiter\u00f3 tambi\u00e9n que se mantiene atenta a los esfuerzos de la Secretar\u00eda de Turismo de Quintana Roo para ayudar a los ciudadanos del Reino Unido que se quedaron varados en la entidad.<\/p>\n","protected":false},"excerpt":{"rendered":"<p>&nbsp; Por la \u201cmarginal\u201d aportaci\u00f3n de divisas que ingresaba Thomas Cook a nuestro pa\u00eds y el hecho de que solo volaba a Canc\u00fan, la Secretar\u00eda de Turismo federal (Sectur) desestima que el cierre del gigante de viajes brit\u00e1nico impacte en el turismo en M\u00e9xico. La dependencia federal a cargo de Miguel Torruco Marqu\u00e9s se\u00f1ala que [&hellip;]<\/p>\n","protected":false},"author":5,"featured_media":35739,"comment_status":"open","ping_status":"open","sticky":false,"template":"","format":"standard","meta":{"footnotes":""},"categories":[29,3],"tags":[43,17425,910,78,93,3749],"yoast_head":"<!-- This site is optimized with the Yoast SEO plugin v22.2 - https:\/\/yoast.com\/wordpress\/plugins\/seo\/ -->\n<title>Sectur minimiza el impacto del cierre de Thomas Cook en M\u00e9xico - Nitu - Noticias de la Industria Turistica<\/title>\n<meta name=\"description\" content=\"Sectur desestima que el cierre de Thomas Cook impacte en el turismo en M\u00e9xico, por la \u201cmarginal\u201d aportaci\u00f3n de divisas que ingresaba a nuestro pa\u00eds.\" \/>\n<meta name=\"robots\" content=\"index, follow, max-snippet:-1, max-image-preview:large, max-video-preview:-1\" \/>\n<link rel=\"canonical\" href=\"https:\/\/nitu.mx\/index.php\/2019\/09\/24\/sectur-minimiza-el-impacto-del-cierre-de-thomas-cook-en-mexico\/\" \/>\n<meta name=\"twitter:card\" content=\"summary_large_image\" \/>\n<meta name=\"twitter:title\" content=\"Sectur minimiza el impacto del cierre de Thomas Cook en M\u00e9xico - Nitu - Noticias de la Industria Turistica\" \/>\n<meta name=\"twitter:description\" content=\"Sectur desestima que el cierre de Thomas Cook impacte en el turismo en M\u00e9xico, por la \u201cmarginal\u201d aportaci\u00f3n de divisas que ingresaba a nuestro pa\u00eds.\" \/>\n<meta name=\"twitter:image\" content=\"https:\/\/nitu.mx\/wp-content\/uploads\/2019\/09\/Thomas-Cook-Canc\u00fan.jpg\" \/>\n<meta name=\"twitter:creator\" content=\"@NITUmx\" \/>\n<meta name=\"twitter:site\" content=\"@Arturo_Medina_G\" \/>\n<meta name=\"twitter:label1\" content=\"Escrito por\" \/>\n\t<meta name=\"twitter:data1\" content=\"Mari Soto\" \/>\n\t<meta name=\"twitter:label2\" content=\"Tiempo de lectura\" \/>\n\t<meta name=\"twitter:data2\" content=\"2 minutos\" \/>\n<script type=\"application\/ld+json\" class=\"yoast-schema-graph\">{\"@context\":\"https:\/\/schema.org\",\"@graph\":[{\"@type\":\"Article\",\"@id\":\"https:\/\/nitu.mx\/index.php\/2019\/09\/24\/sectur-minimiza-el-impacto-del-cierre-de-thomas-cook-en-mexico\/#article\",\"isPartOf\":{\"@id\":\"https:\/\/nitu.mx\/index.php\/2019\/09\/24\/sectur-minimiza-el-impacto-del-cierre-de-thomas-cook-en-mexico\/\"},\"author\":{\"name\":\"Mari Soto\",\"@id\":\"https:\/\/nitu.mx\/#\/schema\/person\/afc52e313e27e660739556d421d3d6b4\"},\"headline\":\"Sectur minimiza el impacto del cierre de Thomas Cook en M\u00e9xico\",\"datePublished\":\"2019-09-25T00:35:56+00:00\",\"dateModified\":\"2019-09-25T00:38:08+00:00\",\"mainEntityOfPage\":{\"@id\":\"https:\/\/nitu.mx\/index.php\/2019\/09\/24\/sectur-minimiza-el-impacto-del-cierre-de-thomas-cook-en-mexico\/\"},\"wordCount\":406,\"commentCount\":0,\"publisher\":{\"@id\":\"https:\/\/nitu.mx\/#\/schema\/person\/ae7a53426417292d3dd07b45a33e01bc\"},\"image\":{\"@id\":\"https:\/\/nitu.mx\/index.php\/2019\/09\/24\/sectur-minimiza-el-impacto-del-cierre-de-thomas-cook-en-mexico\/#primaryimage\"},\"thumbnailUrl\":\"https:\/\/nitu.mx\/wp-content\/uploads\/2019\/09\/Thomas-Cook-Canc\u00fan.jpg\",\"keywords\":[\"Canc\u00fan\",\"divisas por turismo\",\"Miguel Torruco\",\"Reino Unido\",\"Sectur\",\"Thomas Cook\"],\"articleSection\":[\"Aerol\u00edneas\",\"Agencias de Viajes\"],\"inLanguage\":\"es-MX\",\"potentialAction\":[{\"@type\":\"CommentAction\",\"name\":\"Comment\",\"target\":[\"https:\/\/nitu.mx\/index.php\/2019\/09\/24\/sectur-minimiza-el-impacto-del-cierre-de-thomas-cook-en-mexico\/#respond\"]}]},{\"@type\":\"WebPage\",\"@id\":\"https:\/\/nitu.mx\/index.php\/2019\/09\/24\/sectur-minimiza-el-impacto-del-cierre-de-thomas-cook-en-mexico\/\",\"url\":\"https:\/\/nitu.mx\/index.php\/2019\/09\/24\/sectur-minimiza-el-impacto-del-cierre-de-thomas-cook-en-mexico\/\",\"name\":\"Sectur minimiza el impacto del cierre de Thomas Cook en M\u00e9xico - Nitu - Noticias de la Industria Turistica\",\"isPartOf\":{\"@id\":\"https:\/\/nitu.mx\/#website\"},\"primaryImageOfPage\":{\"@id\":\"https:\/\/nitu.mx\/index.php\/2019\/09\/24\/sectur-minimiza-el-impacto-del-cierre-de-thomas-cook-en-mexico\/#primaryimage\"},\"image\":{\"@id\":\"https:\/\/nitu.mx\/index.php\/2019\/09\/24\/sectur-minimiza-el-impacto-del-cierre-de-thomas-cook-en-mexico\/#primaryimage\"},\"thumbnailUrl\":\"https:\/\/nitu.mx\/wp-content\/uploads\/2019\/09\/Thomas-Cook-Canc\u00fan.jpg\",\"datePublished\":\"2019-09-25T00:35:56+00:00\",\"dateModified\":\"2019-09-25T00:38:08+00:00\",\"description\":\"Sectur desestima que el cierre de Thomas Cook impacte en el turismo en M\u00e9xico, por la \u201cmarginal\u201d aportaci\u00f3n de divisas que ingresaba a nuestro pa\u00eds.\",\"breadcrumb\":{\"@id\":\"https:\/\/nitu.mx\/index.php\/2019\/09\/24\/sectur-minimiza-el-impacto-del-cierre-de-thomas-cook-en-mexico\/#breadcrumb\"},\"inLanguage\":\"es-MX\",\"potentialAction\":[{\"@type\":\"ReadAction\",\"target\":[\"https:\/\/nitu.mx\/index.php\/2019\/09\/24\/sectur-minimiza-el-impacto-del-cierre-de-thomas-cook-en-mexico\/\"]}]},{\"@type\":\"ImageObject\",\"inLanguage\":\"es-MX\",\"@id\":\"https:\/\/nitu.mx\/index.php\/2019\/09\/24\/sectur-minimiza-el-impacto-del-cierre-de-thomas-cook-en-mexico\/#primaryimage\",\"url\":\"https:\/\/nitu.mx\/wp-content\/uploads\/2019\/09\/Thomas-Cook-Canc\u00fan.jpg\",\"contentUrl\":\"https:\/\/nitu.mx\/wp-content\/uploads\/2019\/09\/Thomas-Cook-Canc\u00fan.jpg\",\"width\":850,\"height\":480,\"caption\":\"Thomas Cook Fematur\"},{\"@type\":\"BreadcrumbList\",\"@id\":\"https:\/\/nitu.mx\/index.php\/2019\/09\/24\/sectur-minimiza-el-impacto-del-cierre-de-thomas-cook-en-mexico\/#breadcrumb\",\"itemListElement\":[{\"@type\":\"ListItem\",\"position\":1,\"name\":\"Inicio\",\"item\":\"https:\/\/nitu.mx\/\"},{\"@type\":\"ListItem\",\"position\":2,\"name\":\"Sectur minimiza el impacto del cierre de Thomas Cook en M\u00e9xico\"}]},{\"@type\":\"WebSite\",\"@id\":\"https:\/\/nitu.mx\/#website\",\"url\":\"https:\/\/nitu.mx\/\",\"name\":\"Nitu - Noticias de la Industria Turistica\",\"description\":\"Noticias de la Industria Turistica\",\"publisher\":{\"@id\":\"https:\/\/nitu.mx\/#\/schema\/person\/ae7a53426417292d3dd07b45a33e01bc\"},\"alternateName\":\"Noticias de la Industria Turistica\",\"potentialAction\":[{\"@type\":\"SearchAction\",\"target\":{\"@type\":\"EntryPoint\",\"urlTemplate\":\"https:\/\/nitu.mx\/?s={search_term_string}\"},\"query-input\":\"required name=search_term_string\"}],\"inLanguage\":\"es-MX\"},{\"@type\":[\"Person\",\"Organization\"],\"@id\":\"https:\/\/nitu.mx\/#\/schema\/person\/ae7a53426417292d3dd07b45a33e01bc\",\"name\":\"Arturo Medina\",\"image\":{\"@type\":\"ImageObject\",\"inLanguage\":\"es-MX\",\"@id\":\"https:\/\/nitu.mx\/#\/schema\/person\/image\/\",\"url\":\"https:\/\/nitu.mx\/wp-content\/uploads\/2024\/04\/4A315622-1904-4D5C-B022-878CDC840E04-90x90-1.jpeg\",\"contentUrl\":\"https:\/\/nitu.mx\/wp-content\/uploads\/2024\/04\/4A315622-1904-4D5C-B022-878CDC840E04-90x90-1.jpeg\",\"width\":90,\"height\":90,\"caption\":\"Arturo Medina\"},\"logo\":{\"@id\":\"https:\/\/nitu.mx\/#\/schema\/person\/image\/\"},\"description\":\"Director NITU.mx, Egresado de la Escuela de Periodismo Carlos Septi\u00e9n Garc\u00eda. Periodista y analista especializado en turismo desde hace 35 a\u00f1os, radicado en Canc\u00fan Q.Roo. arturo@nitu.mx\",\"sameAs\":[\"https:\/\/nitu.mx\",\"https:\/\/www.facebook.com\/NITUmx\/\",\"medinacancun\",\"https:\/\/twitter.com\/@Arturo_Medina_G\"]},{\"@type\":\"Person\",\"@id\":\"https:\/\/nitu.mx\/#\/schema\/person\/afc52e313e27e660739556d421d3d6b4\",\"name\":\"Mari Soto\",\"image\":{\"@type\":\"ImageObject\",\"inLanguage\":\"es-MX\",\"@id\":\"https:\/\/nitu.mx\/#\/schema\/person\/image\/\",\"url\":\"https:\/\/secure.gravatar.com\/avatar\/2619c282a180a20d89fcaea82a6736e2?s=96&d=mm&r=g\",\"contentUrl\":\"https:\/\/secure.gravatar.com\/avatar\/2619c282a180a20d89fcaea82a6736e2?s=96&d=mm&r=g\",\"caption\":\"Mari Soto\"},\"sameAs\":[\"https:\/\/nitu.mx\"],\"url\":\"https:\/\/nitu.mx\/index.php\/author\/guadalupe\/\"}]}<\/script>\n<!-- \/ Yoast SEO plugin. -->","yoast_head_json":{"title":"Sectur minimiza el impacto del cierre de Thomas Cook en M\u00e9xico - Nitu - Noticias de la Industria Turistica","description":"Sectur desestima que el cierre de Thomas Cook impacte en el turismo en M\u00e9xico, por la \u201cmarginal\u201d aportaci\u00f3n de divisas que ingresaba a nuestro pa\u00eds.","robots":{"index":"index","follow":"follow","max-snippet":"max-snippet:-1","max-image-preview":"max-image-preview:large","max-video-preview":"max-video-preview:-1"},"canonical":"https:\/\/nitu.mx\/index.php\/2019\/09\/24\/sectur-minimiza-el-impacto-del-cierre-de-thomas-cook-en-mexico\/","twitter_card":"summary_large_image","twitter_title":"Sectur minimiza el impacto del cierre de Thomas Cook en M\u00e9xico - Nitu - Noticias de la Industria Turistica","twitter_description":"Sectur desestima que el cierre de Thomas Cook impacte en el turismo en M\u00e9xico, por la \u201cmarginal\u201d aportaci\u00f3n de divisas que ingresaba a nuestro pa\u00eds.","twitter_image":"https:\/\/nitu.mx\/wp-content\/uploads\/2019\/09\/Thomas-Cook-Canc\u00fan.jpg","twitter_creator":"@NITUmx","twitter_site":"@Arturo_Medina_G","twitter_misc":{"Escrito por":"Mari Soto","Tiempo de lectura":"2 minutos"},"schema":{"@context":"https:\/\/schema.org","@graph":[{"@type":"Article","@id":"https:\/\/nitu.mx\/index.php\/2019\/09\/24\/sectur-minimiza-el-impacto-del-cierre-de-thomas-cook-en-mexico\/#article","isPartOf":{"@id":"https:\/\/nitu.mx\/index.php\/2019\/09\/24\/sectur-minimiza-el-impacto-del-cierre-de-thomas-cook-en-mexico\/"},"author":{"name":"Mari Soto","@id":"https:\/\/nitu.mx\/#\/schema\/person\/afc52e313e27e660739556d421d3d6b4"},"headline":"Sectur minimiza el impacto del cierre de Thomas Cook en M\u00e9xico","datePublished":"2019-09-25T00:35:56+00:00","dateModified":"2019-09-25T00:38:08+00:00","mainEntityOfPage":{"@id":"https:\/\/nitu.mx\/index.php\/2019\/09\/24\/sectur-minimiza-el-impacto-del-cierre-de-thomas-cook-en-mexico\/"},"wordCount":406,"commentCount":0,"publisher":{"@id":"https:\/\/nitu.mx\/#\/schema\/person\/ae7a53426417292d3dd07b45a33e01bc"},"image":{"@id":"https:\/\/nitu.mx\/index.php\/2019\/09\/24\/sectur-minimiza-el-impacto-del-cierre-de-thomas-cook-en-mexico\/#primaryimage"},"thumbnailUrl":"https:\/\/nitu.mx\/wp-content\/uploads\/2019\/09\/Thomas-Cook-Canc\u00fan.jpg","keywords":["Canc\u00fan","divisas por turismo","Miguel Torruco","Reino Unido","Sectur","Thomas Cook"],"articleSection":["Aerol\u00edneas","Agencias de Viajes"],"inLanguage":"es-MX","potentialAction":[{"@type":"CommentAction","name":"Comment","target":["https:\/\/nitu.mx\/index.php\/2019\/09\/24\/sectur-minimiza-el-impacto-del-cierre-de-thomas-cook-en-mexico\/#respond"]}]},{"@type":"WebPage","@id":"https:\/\/nitu.mx\/index.php\/2019\/09\/24\/sectur-minimiza-el-impacto-del-cierre-de-thomas-cook-en-mexico\/","url":"https:\/\/nitu.mx\/index.php\/2019\/09\/24\/sectur-minimiza-el-impacto-del-cierre-de-thomas-cook-en-mexico\/","name":"Sectur minimiza el impacto del cierre de Thomas Cook en M\u00e9xico - Nitu - Noticias de la Industria Turistica","isPartOf":{"@id":"https:\/\/nitu.mx\/#website"},"primaryImageOfPage":{"@id":"https:\/\/nitu.mx\/index.php\/2019\/09\/24\/sectur-minimiza-el-impacto-del-cierre-de-thomas-cook-en-mexico\/#primaryimage"},"image":{"@id":"https:\/\/nitu.mx\/index.php\/2019\/09\/24\/sectur-minimiza-el-impacto-del-cierre-de-thomas-cook-en-mexico\/#primaryimage"},"thumbnailUrl":"https:\/\/nitu.mx\/wp-content\/uploads\/2019\/09\/Thomas-Cook-Canc\u00fan.jpg","datePublished":"2019-09-25T00:35:56+00:00","dateModified":"2019-09-25T00:38:08+00:00","description":"Sectur desestima que el cierre de Thomas Cook impacte en el turismo en M\u00e9xico, por la \u201cmarginal\u201d aportaci\u00f3n de divisas que ingresaba a nuestro pa\u00eds.","breadcrumb":{"@id":"https:\/\/nitu.mx\/index.php\/2019\/09\/24\/sectur-minimiza-el-impacto-del-cierre-de-thomas-cook-en-mexico\/#breadcrumb"},"inLanguage":"es-MX","potentialAction":[{"@type":"ReadAction","target":["https:\/\/nitu.mx\/index.php\/2019\/09\/24\/sectur-minimiza-el-impacto-del-cierre-de-thomas-cook-en-mexico\/"]}]},{"@type":"ImageObject","inLanguage":"es-MX","@id":"https:\/\/nitu.mx\/index.php\/2019\/09\/24\/sectur-minimiza-el-impacto-del-cierre-de-thomas-cook-en-mexico\/#primaryimage","url":"https:\/\/nitu.mx\/wp-content\/uploads\/2019\/09\/Thomas-Cook-Canc\u00fan.jpg","contentUrl":"https:\/\/nitu.mx\/wp-content\/uploads\/2019\/09\/Thomas-Cook-Canc\u00fan.jpg","width":850,"height":480,"caption":"Thomas Cook Fematur"},{"@type":"BreadcrumbList","@id":"https:\/\/nitu.mx\/index.php\/2019\/09\/24\/sectur-minimiza-el-impacto-del-cierre-de-thomas-cook-en-mexico\/#breadcrumb","itemListElement":[{"@type":"ListItem","position":1,"name":"Inicio","item":"https:\/\/nitu.mx\/"},{"@type":"ListItem","position":2,"name":"Sectur minimiza el impacto del cierre de Thomas Cook en M\u00e9xico"}]},{"@type":"WebSite","@id":"https:\/\/nitu.mx\/#website","url":"https:\/\/nitu.mx\/","name":"Nitu - Noticias de la Industria Turistica","description":"Noticias de la Industria Turistica","publisher":{"@id":"https:\/\/nitu.mx\/#\/schema\/person\/ae7a53426417292d3dd07b45a33e01bc"},"alternateName":"Noticias de la Industria Turistica","potentialAction":[{"@type":"SearchAction","target":{"@type":"EntryPoint","urlTemplate":"https:\/\/nitu.mx\/?s={search_term_string}"},"query-input":"required name=search_term_string"}],"inLanguage":"es-MX"},{"@type":["Person","Organization"],"@id":"https:\/\/nitu.mx\/#\/schema\/person\/ae7a53426417292d3dd07b45a33e01bc","name":"Arturo Medina","image":{"@type":"ImageObject","inLanguage":"es-MX","@id":"https:\/\/nitu.mx\/#\/schema\/person\/image\/","url":"https:\/\/nitu.mx\/wp-content\/uploads\/2024\/04\/4A315622-1904-4D5C-B022-878CDC840E04-90x90-1.jpeg","contentUrl":"https:\/\/nitu.mx\/wp-content\/uploads\/2024\/04\/4A315622-1904-4D5C-B022-878CDC840E04-90x90-1.jpeg","width":90,"height":90,"caption":"Arturo Medina"},"logo":{"@id":"https:\/\/nitu.mx\/#\/schema\/person\/image\/"},"description":"Director NITU.mx, Egresado de la Escuela de Periodismo Carlos Septi\u00e9n Garc\u00eda. Periodista y analista especializado en turismo desde hace 35 a\u00f1os, radicado en Canc\u00fan Q.Roo. arturo@nitu.mx","sameAs":["https:\/\/nitu.mx","https:\/\/www.facebook.com\/NITUmx\/","medinacancun","https:\/\/twitter.com\/@Arturo_Medina_G"]},{"@type":"Person","@id":"https:\/\/nitu.mx\/#\/schema\/person\/afc52e313e27e660739556d421d3d6b4","name":"Mari Soto","image":{"@type":"ImageObject","inLanguage":"es-MX","@id":"https:\/\/nitu.mx\/#\/schema\/person\/image\/","url":"https:\/\/secure.gravatar.com\/avatar\/2619c282a180a20d89fcaea82a6736e2?s=96&d=mm&r=g","contentUrl":"https:\/\/secure.gravatar.com\/avatar\/2619c282a180a20d89fcaea82a6736e2?s=96&d=mm&r=g","caption":"Mari Soto"},"sameAs":["https:\/\/nitu.mx"],"url":"https:\/\/nitu.mx\/index.php\/author\/guadalupe\/"}]}},"views":301,"_links":{"self":[{"href":"https:\/\/nitu.mx\/index.php\/wp-json\/wp\/v2\/posts\/35784"}],"collection":[{"href":"https:\/\/nitu.mx\/index.php\/wp-json\/wp\/v2\/posts"}],"about":[{"href":"https:\/\/nitu.mx\/index.php\/wp-json\/wp\/v2\/types\/post"}],"author":[{"embeddable":true,"href":"https:\/\/nitu.mx\/index.php\/wp-json\/wp\/v2\/users\/5"}],"replies":[{"embeddable":true,"href":"https:\/\/nitu.mx\/index.php\/wp-json\/wp\/v2\/comments?post=35784"}],"version-history":[{"count":2,"href":"https:\/\/nitu.mx\/index.php\/wp-json\/wp\/v2\/posts\/35784\/revisions"}],"predecessor-version":[{"id":35786,"href":"https:\/\/nitu.mx\/index.php\/wp-json\/wp\/v2\/posts\/35784\/revisions\/35786"}],"wp:featuredmedia":[{"embeddable":true,"href":"https:\/\/nitu.mx\/index.php\/wp-json\/wp\/v2\/media\/35739"}],"wp:attachment":[{"href":"https:\/\/nitu.mx\/index.php\/wp-json\/wp\/v2\/media?parent=35784"}],"wp:term":[{"taxonomy":"category","embeddable":true,"href":"https:\/\/nitu.mx\/index.php\/wp-json\/wp\/v2\/categories?post=35784"},{"taxonomy":"post_tag","embeddable":true,"href":"https:\/\/nitu.mx\/index.php\/wp-json\/wp\/v2\/tags?post=35784"}],"curies":[{"name":"wp","href":"https:\/\/api.w.org\/{rel}","templated":true}]}}