{"id":35267,"date":"2019-09-06T11:17:13","date_gmt":"2019-09-06T16:17:13","guid":{"rendered":"https:\/\/www.dev.nitu.mx\/?p=35267"},"modified":"2019-09-06T11:18:35","modified_gmt":"2019-09-06T16:18:35","slug":"ligera-baja-de-pasajeros-en-aeropuerto-de-cancun-en-agosto-respecto-a-2018","status":"publish","type":"post","link":"https:\/\/nitu.mx\/index.php\/2019\/09\/06\/ligera-baja-de-pasajeros-en-aeropuerto-de-cancun-en-agosto-respecto-a-2018\/","title":{"rendered":"Ligera baja de pasajeros en Aeropuerto de Canc\u00fan en agosto respecto a 2018"},"content":{"rendered":"<p>Canc\u00fan tuvo una ligera disminuci\u00f3n en el n\u00famero de pasajeros transportados en el Aeropuerto Internacional de Canc\u00fan durante el mes de agosto, comparado con las cifras del mismo periodo del 2018.<\/p>\n<p>La baja es poco significativa pero deja en evidencia el a\u00f1o complicado para el principal destino tur\u00edstico de M\u00e9xico, debido a la desaparici\u00f3n del Consejo de Promoci\u00f3n Tur\u00edstica de M\u00e9xico (CPTM) y la presencia masiva del sargazo.<\/p>\n<p>El descenso en el n\u00famero de pasajeros es solo de 1.3 por ciento pero es significativo por el constante crecimiento del destino, esta cifra representa poco menos de 15 mil pasajeros, en agosto de 2018 llegaron 2 millones 198 mil 733 pasajeros por 2 millones 169 mil 055 de este a\u00f1o.<\/p>\n<p>En la suma total del a\u00f1o, el Aeropuerto de Canc\u00fan ha recibido uno por ciento m\u00e1s de pasajeros que en los primeros 8 meses del a\u00f1o anterior, lo que significan casi 180 mil pasajeros m\u00e1s.\u00a0<a title=\"Baja tr\u00e1fico de pasajeros de ASUR en M\u00e9xico, pero sube en otras latitudes\" href=\"https:\/\/www.dev.nitu.mx\/index.php\/2019\/08\/05\/baja-trafico-de-pasajeros-de-asur-en-mexico-pero-sube-en-otras-latitudes\/\" rel=\"bookmark\">(Baja tr\u00e1fico de pasajeros de ASUR en M\u00e9xico, pero sube en otras latitudes<\/a>).<\/p>\n<p>&nbsp;<\/p>\n<p><a href=\"https:\/\/www.dev.nitu.mx\/wp-content\/uploads\/2019\/09\/Tabla-1.jpg\" target=\"_blank\" rel=\"noopener\"><img decoding=\"async\" loading=\"lazy\" class=\"wp-image-35270 size-full aligncenter\" src=\"https:\/\/www.dev.nitu.mx\/wp-content\/uploads\/2019\/09\/Tabla-1.jpg\" alt=\"\" width=\"742\" height=\"555\" srcset=\"https:\/\/nitu.mx\/wp-content\/uploads\/2019\/09\/Tabla-1.jpg 742w, https:\/\/nitu.mx\/wp-content\/uploads\/2019\/09\/Tabla-1-300x224.jpg 300w\" sizes=\"(max-width: 742px) 100vw, 742px\" \/><\/a><\/p>\n<p>&nbsp;<\/p>\n<p><a href=\"https:\/\/www.dev.nitu.mx\/wp-content\/uploads\/2019\/09\/Tabla-2.jpg\" target=\"_blank\" rel=\"noopener\"><img decoding=\"async\" loading=\"lazy\" class=\"size-full wp-image-35273 aligncenter\" src=\"https:\/\/www.dev.nitu.mx\/wp-content\/uploads\/2019\/09\/Tabla-2.jpg\" alt=\"\" width=\"755\" height=\"644\" srcset=\"https:\/\/nitu.mx\/wp-content\/uploads\/2019\/09\/Tabla-2.jpg 755w, https:\/\/nitu.mx\/wp-content\/uploads\/2019\/09\/Tabla-2-300x256.jpg 300w\" sizes=\"(max-width: 755px) 100vw, 755px\" \/><\/a><\/p>\n","protected":false},"excerpt":{"rendered":"<p>Canc\u00fan tuvo una ligera disminuci\u00f3n en el n\u00famero de pasajeros transportados en el Aeropuerto Internacional de Canc\u00fan durante el mes de agosto, comparado con las cifras del mismo periodo del 2018. La baja es poco significativa pero deja en evidencia el a\u00f1o complicado para el principal destino tur\u00edstico de M\u00e9xico, debido a la desaparici\u00f3n del [&hellip;]<\/p>\n","protected":false},"author":2,"featured_media":11228,"comment_status":"open","ping_status":"open","sticky":false,"template":"","format":"standard","meta":{"footnotes":""},"categories":[29],"tags":[3233,198,241],"yoast_head":"<!-- This site is optimized with the Yoast SEO plugin v22.2 - https:\/\/yoast.com\/wordpress\/plugins\/seo\/ -->\n<title>Ligera baja de pasajeros en Aeropuerto de Canc\u00fan en agosto respecto a 2018 - Nitu - Noticias de la Industria Turistica<\/title>\n<meta name=\"description\" content=\"Hubo una ligera disminuci\u00f3n en el n\u00famero de pasajeros transportados en el Aeropuerto de Canc\u00fan durante el mes de agosto, comparado con 2018.\" \/>\n<meta name=\"robots\" content=\"index, follow, max-snippet:-1, max-image-preview:large, max-video-preview:-1\" \/>\n<link rel=\"canonical\" href=\"https:\/\/nitu.mx\/index.php\/2019\/09\/06\/ligera-baja-de-pasajeros-en-aeropuerto-de-cancun-en-agosto-respecto-a-2018\/\" \/>\n<meta name=\"twitter:card\" content=\"summary_large_image\" \/>\n<meta name=\"twitter:title\" content=\"Ligera baja de pasajeros en Aeropuerto de Canc\u00fan en agosto respecto a 2018 - Nitu - Noticias de la Industria Turistica\" \/>\n<meta name=\"twitter:description\" content=\"Hubo una ligera disminuci\u00f3n en el n\u00famero de pasajeros transportados en el Aeropuerto de Canc\u00fan durante el mes de agosto, comparado con 2018.\" \/>\n<meta name=\"twitter:image\" content=\"https:\/\/nitu.mx\/wp-content\/uploads\/2017\/07\/aeropuertos-asur.jpg\" \/>\n<meta name=\"twitter:creator\" content=\"@Arturo_Medina_G\" \/>\n<meta name=\"twitter:site\" content=\"@Arturo_Medina_G\" \/>\n<meta name=\"twitter:label1\" content=\"Escrito por\" \/>\n\t<meta name=\"twitter:data1\" content=\"Arturo Medina\" \/>\n\t<meta name=\"twitter:label2\" content=\"Tiempo de lectura\" \/>\n\t<meta name=\"twitter:data2\" content=\"1 minuto\" \/>\n<script type=\"application\/ld+json\" class=\"yoast-schema-graph\">{\"@context\":\"https:\/\/schema.org\",\"@graph\":[{\"@type\":\"Article\",\"@id\":\"https:\/\/nitu.mx\/index.php\/2019\/09\/06\/ligera-baja-de-pasajeros-en-aeropuerto-de-cancun-en-agosto-respecto-a-2018\/#article\",\"isPartOf\":{\"@id\":\"https:\/\/nitu.mx\/index.php\/2019\/09\/06\/ligera-baja-de-pasajeros-en-aeropuerto-de-cancun-en-agosto-respecto-a-2018\/\"},\"author\":{\"name\":\"Arturo Medina\",\"@id\":\"https:\/\/nitu.mx\/#\/schema\/person\/ae7a53426417292d3dd07b45a33e01bc\"},\"headline\":\"Ligera baja de pasajeros en Aeropuerto de Canc\u00fan en agosto respecto a 2018\",\"datePublished\":\"2019-09-06T16:17:13+00:00\",\"dateModified\":\"2019-09-06T16:18:35+00:00\",\"mainEntityOfPage\":{\"@id\":\"https:\/\/nitu.mx\/index.php\/2019\/09\/06\/ligera-baja-de-pasajeros-en-aeropuerto-de-cancun-en-agosto-respecto-a-2018\/\"},\"wordCount\":190,\"commentCount\":0,\"publisher\":{\"@id\":\"https:\/\/nitu.mx\/#\/schema\/person\/ae7a53426417292d3dd07b45a33e01bc\"},\"image\":{\"@id\":\"https:\/\/nitu.mx\/index.php\/2019\/09\/06\/ligera-baja-de-pasajeros-en-aeropuerto-de-cancun-en-agosto-respecto-a-2018\/#primaryimage\"},\"thumbnailUrl\":\"https:\/\/nitu.mx\/wp-content\/uploads\/2017\/07\/aeropuertos-asur.jpg\",\"keywords\":[\"Aeropuerto de Canc\u00fan\",\"ASUR\",\"CPTM\"],\"articleSection\":[\"Aerol\u00edneas\"],\"inLanguage\":\"es-MX\",\"potentialAction\":[{\"@type\":\"CommentAction\",\"name\":\"Comment\",\"target\":[\"https:\/\/nitu.mx\/index.php\/2019\/09\/06\/ligera-baja-de-pasajeros-en-aeropuerto-de-cancun-en-agosto-respecto-a-2018\/#respond\"]}]},{\"@type\":\"WebPage\",\"@id\":\"https:\/\/nitu.mx\/index.php\/2019\/09\/06\/ligera-baja-de-pasajeros-en-aeropuerto-de-cancun-en-agosto-respecto-a-2018\/\",\"url\":\"https:\/\/nitu.mx\/index.php\/2019\/09\/06\/ligera-baja-de-pasajeros-en-aeropuerto-de-cancun-en-agosto-respecto-a-2018\/\",\"name\":\"Ligera baja de pasajeros en Aeropuerto de Canc\u00fan en agosto respecto a 2018 - Nitu - Noticias de la Industria Turistica\",\"isPartOf\":{\"@id\":\"https:\/\/nitu.mx\/#website\"},\"primaryImageOfPage\":{\"@id\":\"https:\/\/nitu.mx\/index.php\/2019\/09\/06\/ligera-baja-de-pasajeros-en-aeropuerto-de-cancun-en-agosto-respecto-a-2018\/#primaryimage\"},\"image\":{\"@id\":\"https:\/\/nitu.mx\/index.php\/2019\/09\/06\/ligera-baja-de-pasajeros-en-aeropuerto-de-cancun-en-agosto-respecto-a-2018\/#primaryimage\"},\"thumbnailUrl\":\"https:\/\/nitu.mx\/wp-content\/uploads\/2017\/07\/aeropuertos-asur.jpg\",\"datePublished\":\"2019-09-06T16:17:13+00:00\",\"dateModified\":\"2019-09-06T16:18:35+00:00\",\"description\":\"Hubo una ligera disminuci\u00f3n en el n\u00famero de pasajeros transportados en el Aeropuerto de Canc\u00fan durante el mes de agosto, comparado con 2018.\",\"breadcrumb\":{\"@id\":\"https:\/\/nitu.mx\/index.php\/2019\/09\/06\/ligera-baja-de-pasajeros-en-aeropuerto-de-cancun-en-agosto-respecto-a-2018\/#breadcrumb\"},\"inLanguage\":\"es-MX\",\"potentialAction\":[{\"@type\":\"ReadAction\",\"target\":[\"https:\/\/nitu.mx\/index.php\/2019\/09\/06\/ligera-baja-de-pasajeros-en-aeropuerto-de-cancun-en-agosto-respecto-a-2018\/\"]}]},{\"@type\":\"ImageObject\",\"inLanguage\":\"es-MX\",\"@id\":\"https:\/\/nitu.mx\/index.php\/2019\/09\/06\/ligera-baja-de-pasajeros-en-aeropuerto-de-cancun-en-agosto-respecto-a-2018\/#primaryimage\",\"url\":\"https:\/\/nitu.mx\/wp-content\/uploads\/2017\/07\/aeropuertos-asur.jpg\",\"contentUrl\":\"https:\/\/nitu.mx\/wp-content\/uploads\/2017\/07\/aeropuertos-asur.jpg\",\"width\":850,\"height\":480,\"caption\":\"aeropuerto de Canc\u00fan asur CPTQ\"},{\"@type\":\"BreadcrumbList\",\"@id\":\"https:\/\/nitu.mx\/index.php\/2019\/09\/06\/ligera-baja-de-pasajeros-en-aeropuerto-de-cancun-en-agosto-respecto-a-2018\/#breadcrumb\",\"itemListElement\":[{\"@type\":\"ListItem\",\"position\":1,\"name\":\"Inicio\",\"item\":\"https:\/\/nitu.mx\/\"},{\"@type\":\"ListItem\",\"position\":2,\"name\":\"Ligera baja de pasajeros en Aeropuerto de Canc\u00fan en agosto respecto a 2018\"}]},{\"@type\":\"WebSite\",\"@id\":\"https:\/\/nitu.mx\/#website\",\"url\":\"https:\/\/nitu.mx\/\",\"name\":\"Nitu - Noticias de la Industria Turistica\",\"description\":\"Noticias de la Industria Turistica\",\"publisher\":{\"@id\":\"https:\/\/nitu.mx\/#\/schema\/person\/ae7a53426417292d3dd07b45a33e01bc\"},\"alternateName\":\"Noticias de la Industria Turistica\",\"potentialAction\":[{\"@type\":\"SearchAction\",\"target\":{\"@type\":\"EntryPoint\",\"urlTemplate\":\"https:\/\/nitu.mx\/?s={search_term_string}\"},\"query-input\":\"required name=search_term_string\"}],\"inLanguage\":\"es-MX\"},{\"@type\":[\"Person\",\"Organization\"],\"@id\":\"https:\/\/nitu.mx\/#\/schema\/person\/ae7a53426417292d3dd07b45a33e01bc\",\"name\":\"Arturo Medina\",\"image\":{\"@type\":\"ImageObject\",\"inLanguage\":\"es-MX\",\"@id\":\"https:\/\/nitu.mx\/#\/schema\/person\/image\/\",\"url\":\"https:\/\/nitu.mx\/wp-content\/uploads\/2024\/04\/4A315622-1904-4D5C-B022-878CDC840E04-90x90-1.jpeg\",\"contentUrl\":\"https:\/\/nitu.mx\/wp-content\/uploads\/2024\/04\/4A315622-1904-4D5C-B022-878CDC840E04-90x90-1.jpeg\",\"width\":90,\"height\":90,\"caption\":\"Arturo Medina\"},\"logo\":{\"@id\":\"https:\/\/nitu.mx\/#\/schema\/person\/image\/\"},\"description\":\"Director NITU.mx, Egresado de la Escuela de Periodismo Carlos Septi\u00e9n Garc\u00eda. Periodista y analista especializado en turismo desde hace 35 a\u00f1os, radicado en Canc\u00fan Q.Roo. arturo@nitu.mx\",\"sameAs\":[\"https:\/\/nitu.mx\",\"https:\/\/www.facebook.com\/NITUmx\/\",\"medinacancun\",\"https:\/\/twitter.com\/@Arturo_Medina_G\"],\"url\":\"https:\/\/nitu.mx\/index.php\/author\/arturo-medina\/\"}]}<\/script>\n<!-- \/ Yoast SEO plugin. -->","yoast_head_json":{"title":"Ligera baja de pasajeros en Aeropuerto de Canc\u00fan en agosto respecto a 2018 - Nitu - Noticias de la Industria Turistica","description":"Hubo una ligera disminuci\u00f3n en el n\u00famero de pasajeros transportados en el Aeropuerto de Canc\u00fan durante el mes de agosto, comparado con 2018.","robots":{"index":"index","follow":"follow","max-snippet":"max-snippet:-1","max-image-preview":"max-image-preview:large","max-video-preview":"max-video-preview:-1"},"canonical":"https:\/\/nitu.mx\/index.php\/2019\/09\/06\/ligera-baja-de-pasajeros-en-aeropuerto-de-cancun-en-agosto-respecto-a-2018\/","twitter_card":"summary_large_image","twitter_title":"Ligera baja de pasajeros en Aeropuerto de Canc\u00fan en agosto respecto a 2018 - Nitu - Noticias de la Industria Turistica","twitter_description":"Hubo una ligera disminuci\u00f3n en el n\u00famero de pasajeros transportados en el Aeropuerto de Canc\u00fan durante el mes de agosto, comparado con 2018.","twitter_image":"https:\/\/nitu.mx\/wp-content\/uploads\/2017\/07\/aeropuertos-asur.jpg","twitter_creator":"@Arturo_Medina_G","twitter_site":"@Arturo_Medina_G","twitter_misc":{"Escrito por":"Arturo Medina","Tiempo de lectura":"1 minuto"},"schema":{"@context":"https:\/\/schema.org","@graph":[{"@type":"Article","@id":"https:\/\/nitu.mx\/index.php\/2019\/09\/06\/ligera-baja-de-pasajeros-en-aeropuerto-de-cancun-en-agosto-respecto-a-2018\/#article","isPartOf":{"@id":"https:\/\/nitu.mx\/index.php\/2019\/09\/06\/ligera-baja-de-pasajeros-en-aeropuerto-de-cancun-en-agosto-respecto-a-2018\/"},"author":{"name":"Arturo Medina","@id":"https:\/\/nitu.mx\/#\/schema\/person\/ae7a53426417292d3dd07b45a33e01bc"},"headline":"Ligera baja de pasajeros en Aeropuerto de Canc\u00fan en agosto respecto a 2018","datePublished":"2019-09-06T16:17:13+00:00","dateModified":"2019-09-06T16:18:35+00:00","mainEntityOfPage":{"@id":"https:\/\/nitu.mx\/index.php\/2019\/09\/06\/ligera-baja-de-pasajeros-en-aeropuerto-de-cancun-en-agosto-respecto-a-2018\/"},"wordCount":190,"commentCount":0,"publisher":{"@id":"https:\/\/nitu.mx\/#\/schema\/person\/ae7a53426417292d3dd07b45a33e01bc"},"image":{"@id":"https:\/\/nitu.mx\/index.php\/2019\/09\/06\/ligera-baja-de-pasajeros-en-aeropuerto-de-cancun-en-agosto-respecto-a-2018\/#primaryimage"},"thumbnailUrl":"https:\/\/nitu.mx\/wp-content\/uploads\/2017\/07\/aeropuertos-asur.jpg","keywords":["Aeropuerto de Canc\u00fan","ASUR","CPTM"],"articleSection":["Aerol\u00edneas"],"inLanguage":"es-MX","potentialAction":[{"@type":"CommentAction","name":"Comment","target":["https:\/\/nitu.mx\/index.php\/2019\/09\/06\/ligera-baja-de-pasajeros-en-aeropuerto-de-cancun-en-agosto-respecto-a-2018\/#respond"]}]},{"@type":"WebPage","@id":"https:\/\/nitu.mx\/index.php\/2019\/09\/06\/ligera-baja-de-pasajeros-en-aeropuerto-de-cancun-en-agosto-respecto-a-2018\/","url":"https:\/\/nitu.mx\/index.php\/2019\/09\/06\/ligera-baja-de-pasajeros-en-aeropuerto-de-cancun-en-agosto-respecto-a-2018\/","name":"Ligera baja de pasajeros en Aeropuerto de Canc\u00fan en agosto respecto a 2018 - Nitu - Noticias de la Industria Turistica","isPartOf":{"@id":"https:\/\/nitu.mx\/#website"},"primaryImageOfPage":{"@id":"https:\/\/nitu.mx\/index.php\/2019\/09\/06\/ligera-baja-de-pasajeros-en-aeropuerto-de-cancun-en-agosto-respecto-a-2018\/#primaryimage"},"image":{"@id":"https:\/\/nitu.mx\/index.php\/2019\/09\/06\/ligera-baja-de-pasajeros-en-aeropuerto-de-cancun-en-agosto-respecto-a-2018\/#primaryimage"},"thumbnailUrl":"https:\/\/nitu.mx\/wp-content\/uploads\/2017\/07\/aeropuertos-asur.jpg","datePublished":"2019-09-06T16:17:13+00:00","dateModified":"2019-09-06T16:18:35+00:00","description":"Hubo una ligera disminuci\u00f3n en el n\u00famero de pasajeros transportados en el Aeropuerto de Canc\u00fan durante el mes de agosto, comparado con 2018.","breadcrumb":{"@id":"https:\/\/nitu.mx\/index.php\/2019\/09\/06\/ligera-baja-de-pasajeros-en-aeropuerto-de-cancun-en-agosto-respecto-a-2018\/#breadcrumb"},"inLanguage":"es-MX","potentialAction":[{"@type":"ReadAction","target":["https:\/\/nitu.mx\/index.php\/2019\/09\/06\/ligera-baja-de-pasajeros-en-aeropuerto-de-cancun-en-agosto-respecto-a-2018\/"]}]},{"@type":"ImageObject","inLanguage":"es-MX","@id":"https:\/\/nitu.mx\/index.php\/2019\/09\/06\/ligera-baja-de-pasajeros-en-aeropuerto-de-cancun-en-agosto-respecto-a-2018\/#primaryimage","url":"https:\/\/nitu.mx\/wp-content\/uploads\/2017\/07\/aeropuertos-asur.jpg","contentUrl":"https:\/\/nitu.mx\/wp-content\/uploads\/2017\/07\/aeropuertos-asur.jpg","width":850,"height":480,"caption":"aeropuerto de Canc\u00fan asur CPTQ"},{"@type":"BreadcrumbList","@id":"https:\/\/nitu.mx\/index.php\/2019\/09\/06\/ligera-baja-de-pasajeros-en-aeropuerto-de-cancun-en-agosto-respecto-a-2018\/#breadcrumb","itemListElement":[{"@type":"ListItem","position":1,"name":"Inicio","item":"https:\/\/nitu.mx\/"},{"@type":"ListItem","position":2,"name":"Ligera baja de pasajeros en Aeropuerto de Canc\u00fan en agosto respecto a 2018"}]},{"@type":"WebSite","@id":"https:\/\/nitu.mx\/#website","url":"https:\/\/nitu.mx\/","name":"Nitu - Noticias de la Industria Turistica","description":"Noticias de la Industria Turistica","publisher":{"@id":"https:\/\/nitu.mx\/#\/schema\/person\/ae7a53426417292d3dd07b45a33e01bc"},"alternateName":"Noticias de la Industria Turistica","potentialAction":[{"@type":"SearchAction","target":{"@type":"EntryPoint","urlTemplate":"https:\/\/nitu.mx\/?s={search_term_string}"},"query-input":"required name=search_term_string"}],"inLanguage":"es-MX"},{"@type":["Person","Organization"],"@id":"https:\/\/nitu.mx\/#\/schema\/person\/ae7a53426417292d3dd07b45a33e01bc","name":"Arturo Medina","image":{"@type":"ImageObject","inLanguage":"es-MX","@id":"https:\/\/nitu.mx\/#\/schema\/person\/image\/","url":"https:\/\/nitu.mx\/wp-content\/uploads\/2024\/04\/4A315622-1904-4D5C-B022-878CDC840E04-90x90-1.jpeg","contentUrl":"https:\/\/nitu.mx\/wp-content\/uploads\/2024\/04\/4A315622-1904-4D5C-B022-878CDC840E04-90x90-1.jpeg","width":90,"height":90,"caption":"Arturo Medina"},"logo":{"@id":"https:\/\/nitu.mx\/#\/schema\/person\/image\/"},"description":"Director NITU.mx, Egresado de la Escuela de Periodismo Carlos Septi\u00e9n Garc\u00eda. Periodista y analista especializado en turismo desde hace 35 a\u00f1os, radicado en Canc\u00fan Q.Roo. arturo@nitu.mx","sameAs":["https:\/\/nitu.mx","https:\/\/www.facebook.com\/NITUmx\/","medinacancun","https:\/\/twitter.com\/@Arturo_Medina_G"],"url":"https:\/\/nitu.mx\/index.php\/author\/arturo-medina\/"}]}},"views":216,"_links":{"self":[{"href":"https:\/\/nitu.mx\/index.php\/wp-json\/wp\/v2\/posts\/35267"}],"collection":[{"href":"https:\/\/nitu.mx\/index.php\/wp-json\/wp\/v2\/posts"}],"about":[{"href":"https:\/\/nitu.mx\/index.php\/wp-json\/wp\/v2\/types\/post"}],"author":[{"embeddable":true,"href":"https:\/\/nitu.mx\/index.php\/wp-json\/wp\/v2\/users\/2"}],"replies":[{"embeddable":true,"href":"https:\/\/nitu.mx\/index.php\/wp-json\/wp\/v2\/comments?post=35267"}],"version-history":[{"count":5,"href":"https:\/\/nitu.mx\/index.php\/wp-json\/wp\/v2\/posts\/35267\/revisions"}],"predecessor-version":[{"id":35276,"href":"https:\/\/nitu.mx\/index.php\/wp-json\/wp\/v2\/posts\/35267\/revisions\/35276"}],"wp:featuredmedia":[{"embeddable":true,"href":"https:\/\/nitu.mx\/index.php\/wp-json\/wp\/v2\/media\/11228"}],"wp:attachment":[{"href":"https:\/\/nitu.mx\/index.php\/wp-json\/wp\/v2\/media?parent=35267"}],"wp:term":[{"taxonomy":"category","embeddable":true,"href":"https:\/\/nitu.mx\/index.php\/wp-json\/wp\/v2\/categories?post=35267"},{"taxonomy":"post_tag","embeddable":true,"href":"https:\/\/nitu.mx\/index.php\/wp-json\/wp\/v2\/tags?post=35267"}],"curies":[{"name":"wp","href":"https:\/\/api.w.org\/{rel}","templated":true}]}}