{"id":35184,"date":"2019-09-04T22:30:56","date_gmt":"2019-09-05T03:30:56","guid":{"rendered":"https:\/\/www.dev.nitu.mx\/?p=35184"},"modified":"2019-09-05T00:12:43","modified_gmt":"2019-09-05T05:12:43","slug":"reporta-viva-aerobus-crecimiento-de-mas-de-20-durante-agosto","status":"publish","type":"post","link":"https:\/\/nitu.mx\/index.php\/2019\/09\/04\/reporta-viva-aerobus-crecimiento-de-mas-de-20-durante-agosto\/","title":{"rendered":"Reporta Viva Aerobus crecimiento de m\u00e1s de 20% durante agosto"},"content":{"rendered":"<p>Siguiendo con la constante de crecimiento Viva Aerobus, a la cabeza de Juan Carlos Zuazua, la aerol\u00ednea registr\u00f3 durante el mes de agosto un crecimiento de 21 por ciento de pasajeros lo que se traduce en\u00a0m\u00e1s de un mill\u00f3n 170 mil viajeros, en comparaci\u00f3n con el mismo periodo que el a\u00f1o pasado, as\u00ed como un factor de ocupaci\u00f3n promedio de 88 por ciento.<\/p>\n<p>El director de Viva Aerobus destac\u00f3 que el modelo que sigue la aerol\u00ednea ya es tendencia, pues durante todo el a\u00f1o han mantenido\u00a0un aumento a doble d\u00edgito en el tr\u00e1fico de pasajeros. &#8220;Entre enero y agosto recibimos la confianza de m\u00e1s de 7.7 millones de clientes, lo que representa un aumento de 20 por ciento en comparaci\u00f3n con el a\u00f1o pasado\u201d, dijo\u00a0 Zuazua.<\/p>\n<p>Durante este a\u00f1o, la l\u00ednea a\u00e9rea ha marcado hitos en t\u00e9rminos de su expansi\u00f3n y crecimiento. Tan solo durante el mes de mayo, Viva Aerobus logr\u00f3 un primer r\u00e9cord al haber superado los 900 mil clientes, seguido de tres meses (junio, julio y agosto) con m\u00e1s de un mill\u00f3n de pasajeros. A la par, Viva ha incorporado, en lo que va del a\u00f1o, 23 rutas a su oferta de vuelos, alcanzando as\u00ed sus hist\u00f3ricas 100 rutas nacionales y otras 18 rutas internacionales.\u00a0<a title=\"Viva Aerobus llega a 100 rutas nacionales con el nuevo vuelo: PVR-TIJ\" href=\"https:\/\/www.dev.nitu.mx\/index.php\/2019\/08\/22\/viva-aerobus-llega-a-100-rutas-nacionales-con-el-nuevo-vuelo-pvr-tij\/\" rel=\"bookmark\">(Viva Aerobus llega a 100 rutas nacionales con el nuevo vuelo: PVR-TIJ<\/a>).<\/p>\n<p>En agosto, Viva Aerobus tambi\u00e9n increment\u00f3 su capacidad, medida en asientos disponibles por kil\u00f3metro, en 29 por ciento en comparaci\u00f3n con el mismo periodo del a\u00f1o pasado, y su capacidad total medida de enero a agosto en asientos disponibles por kil\u00f3metro, increment\u00f3 en 24 por ciento respecto al mismo periodo del 2018.<\/p>\n","protected":false},"excerpt":{"rendered":"<p>Siguiendo con la constante de crecimiento Viva Aerobus, a la cabeza de Juan Carlos Zuazua, la aerol\u00ednea registr\u00f3 durante el mes de agosto un crecimiento de 21 por ciento de pasajeros lo que se traduce en\u00a0m\u00e1s de un mill\u00f3n 170 mil viajeros, en comparaci\u00f3n con el mismo periodo que el a\u00f1o pasado, as\u00ed como un [&hellip;]<\/p>\n","protected":false},"author":17,"featured_media":10972,"comment_status":"open","ping_status":"open","sticky":false,"template":"","format":"standard","meta":{"footnotes":""},"categories":[29],"tags":[295,2102],"yoast_head":"<!-- This site is optimized with the Yoast SEO plugin v22.2 - https:\/\/yoast.com\/wordpress\/plugins\/seo\/ -->\n<title>Reporta Viva Aerobus crecimiento de m\u00e1s de 20% durante agosto - Nitu - Noticias de la Industria Turistica<\/title>\n<meta name=\"description\" content=\"Viva Aerobus registr\u00f3 durante el mes de agosto un crecimiento de 21 por ciento de pasajeros lo que se traduce en\u00a0m\u00e1s de un mill\u00f3n 170 mil viajeros.\" \/>\n<meta name=\"robots\" content=\"index, follow, max-snippet:-1, max-image-preview:large, max-video-preview:-1\" \/>\n<link rel=\"canonical\" href=\"https:\/\/nitu.mx\/index.php\/2019\/09\/04\/reporta-viva-aerobus-crecimiento-de-mas-de-20-durante-agosto\/\" \/>\n<meta name=\"twitter:card\" content=\"summary_large_image\" \/>\n<meta name=\"twitter:title\" content=\"Reporta Viva Aerobus crecimiento de m\u00e1s de 20% durante agosto - Nitu - Noticias de la Industria Turistica\" \/>\n<meta name=\"twitter:description\" content=\"Viva Aerobus registr\u00f3 durante el mes de agosto un crecimiento de 21 por ciento de pasajeros lo que se traduce en\u00a0m\u00e1s de un mill\u00f3n 170 mil viajeros.\" \/>\n<meta name=\"twitter:image\" content=\"https:\/\/nitu.mx\/wp-content\/uploads\/2017\/06\/vivaaerobus-1.jpg\" \/>\n<meta name=\"twitter:creator\" content=\"@NITUmx\" \/>\n<meta name=\"twitter:site\" content=\"@Arturo_Medina_G\" \/>\n<meta name=\"twitter:label1\" content=\"Escrito por\" \/>\n\t<meta name=\"twitter:data1\" content=\"Redacci\u00f3n\" \/>\n\t<meta name=\"twitter:label2\" content=\"Tiempo de lectura\" \/>\n\t<meta name=\"twitter:data2\" content=\"1 minuto\" \/>\n<script type=\"application\/ld+json\" class=\"yoast-schema-graph\">{\"@context\":\"https:\/\/schema.org\",\"@graph\":[{\"@type\":\"Article\",\"@id\":\"https:\/\/nitu.mx\/index.php\/2019\/09\/04\/reporta-viva-aerobus-crecimiento-de-mas-de-20-durante-agosto\/#article\",\"isPartOf\":{\"@id\":\"https:\/\/nitu.mx\/index.php\/2019\/09\/04\/reporta-viva-aerobus-crecimiento-de-mas-de-20-durante-agosto\/\"},\"author\":{\"name\":\"Redacci\u00f3n\",\"@id\":\"https:\/\/nitu.mx\/#\/schema\/person\/4a28fe9bd65924f7c90623773daf1b0b\"},\"headline\":\"Reporta Viva Aerobus crecimiento de m\u00e1s de 20% durante agosto\",\"datePublished\":\"2019-09-05T03:30:56+00:00\",\"dateModified\":\"2019-09-05T05:12:43+00:00\",\"mainEntityOfPage\":{\"@id\":\"https:\/\/nitu.mx\/index.php\/2019\/09\/04\/reporta-viva-aerobus-crecimiento-de-mas-de-20-durante-agosto\/\"},\"wordCount\":299,\"commentCount\":0,\"publisher\":{\"@id\":\"https:\/\/nitu.mx\/#\/schema\/person\/ae7a53426417292d3dd07b45a33e01bc\"},\"image\":{\"@id\":\"https:\/\/nitu.mx\/index.php\/2019\/09\/04\/reporta-viva-aerobus-crecimiento-de-mas-de-20-durante-agosto\/#primaryimage\"},\"thumbnailUrl\":\"https:\/\/nitu.mx\/wp-content\/uploads\/2017\/06\/vivaaerobus-1.jpg\",\"keywords\":[\"Juan Carlos Zuazua\",\"Viva Aerobus\"],\"articleSection\":[\"Aerol\u00edneas\"],\"inLanguage\":\"es-MX\",\"potentialAction\":[{\"@type\":\"CommentAction\",\"name\":\"Comment\",\"target\":[\"https:\/\/nitu.mx\/index.php\/2019\/09\/04\/reporta-viva-aerobus-crecimiento-de-mas-de-20-durante-agosto\/#respond\"]}]},{\"@type\":\"WebPage\",\"@id\":\"https:\/\/nitu.mx\/index.php\/2019\/09\/04\/reporta-viva-aerobus-crecimiento-de-mas-de-20-durante-agosto\/\",\"url\":\"https:\/\/nitu.mx\/index.php\/2019\/09\/04\/reporta-viva-aerobus-crecimiento-de-mas-de-20-durante-agosto\/\",\"name\":\"Reporta Viva Aerobus crecimiento de m\u00e1s de 20% durante agosto - Nitu - Noticias de la Industria Turistica\",\"isPartOf\":{\"@id\":\"https:\/\/nitu.mx\/#website\"},\"primaryImageOfPage\":{\"@id\":\"https:\/\/nitu.mx\/index.php\/2019\/09\/04\/reporta-viva-aerobus-crecimiento-de-mas-de-20-durante-agosto\/#primaryimage\"},\"image\":{\"@id\":\"https:\/\/nitu.mx\/index.php\/2019\/09\/04\/reporta-viva-aerobus-crecimiento-de-mas-de-20-durante-agosto\/#primaryimage\"},\"thumbnailUrl\":\"https:\/\/nitu.mx\/wp-content\/uploads\/2017\/06\/vivaaerobus-1.jpg\",\"datePublished\":\"2019-09-05T03:30:56+00:00\",\"dateModified\":\"2019-09-05T05:12:43+00:00\",\"description\":\"Viva Aerobus registr\u00f3 durante el mes de agosto un crecimiento de 21 por ciento de pasajeros lo que se traduce en\u00a0m\u00e1s de un mill\u00f3n 170 mil viajeros.\",\"breadcrumb\":{\"@id\":\"https:\/\/nitu.mx\/index.php\/2019\/09\/04\/reporta-viva-aerobus-crecimiento-de-mas-de-20-durante-agosto\/#breadcrumb\"},\"inLanguage\":\"es-MX\",\"potentialAction\":[{\"@type\":\"ReadAction\",\"target\":[\"https:\/\/nitu.mx\/index.php\/2019\/09\/04\/reporta-viva-aerobus-crecimiento-de-mas-de-20-durante-agosto\/\"]}]},{\"@type\":\"ImageObject\",\"inLanguage\":\"es-MX\",\"@id\":\"https:\/\/nitu.mx\/index.php\/2019\/09\/04\/reporta-viva-aerobus-crecimiento-de-mas-de-20-durante-agosto\/#primaryimage\",\"url\":\"https:\/\/nitu.mx\/wp-content\/uploads\/2017\/06\/vivaaerobus-1.jpg\",\"contentUrl\":\"https:\/\/nitu.mx\/wp-content\/uploads\/2017\/06\/vivaaerobus-1.jpg\",\"width\":850,\"height\":480,\"caption\":\"viva aerobus\"},{\"@type\":\"BreadcrumbList\",\"@id\":\"https:\/\/nitu.mx\/index.php\/2019\/09\/04\/reporta-viva-aerobus-crecimiento-de-mas-de-20-durante-agosto\/#breadcrumb\",\"itemListElement\":[{\"@type\":\"ListItem\",\"position\":1,\"name\":\"Inicio\",\"item\":\"https:\/\/nitu.mx\/\"},{\"@type\":\"ListItem\",\"position\":2,\"name\":\"Reporta Viva Aerobus crecimiento de m\u00e1s de 20% durante agosto\"}]},{\"@type\":\"WebSite\",\"@id\":\"https:\/\/nitu.mx\/#website\",\"url\":\"https:\/\/nitu.mx\/\",\"name\":\"Nitu - Noticias de la Industria Turistica\",\"description\":\"Noticias de la Industria Turistica\",\"publisher\":{\"@id\":\"https:\/\/nitu.mx\/#\/schema\/person\/ae7a53426417292d3dd07b45a33e01bc\"},\"alternateName\":\"Noticias de la Industria Turistica\",\"potentialAction\":[{\"@type\":\"SearchAction\",\"target\":{\"@type\":\"EntryPoint\",\"urlTemplate\":\"https:\/\/nitu.mx\/?s={search_term_string}\"},\"query-input\":\"required name=search_term_string\"}],\"inLanguage\":\"es-MX\"},{\"@type\":[\"Person\",\"Organization\"],\"@id\":\"https:\/\/nitu.mx\/#\/schema\/person\/ae7a53426417292d3dd07b45a33e01bc\",\"name\":\"Arturo Medina\",\"image\":{\"@type\":\"ImageObject\",\"inLanguage\":\"es-MX\",\"@id\":\"https:\/\/nitu.mx\/#\/schema\/person\/image\/\",\"url\":\"https:\/\/nitu.mx\/wp-content\/uploads\/2024\/04\/4A315622-1904-4D5C-B022-878CDC840E04-90x90-1.jpeg\",\"contentUrl\":\"https:\/\/nitu.mx\/wp-content\/uploads\/2024\/04\/4A315622-1904-4D5C-B022-878CDC840E04-90x90-1.jpeg\",\"width\":90,\"height\":90,\"caption\":\"Arturo Medina\"},\"logo\":{\"@id\":\"https:\/\/nitu.mx\/#\/schema\/person\/image\/\"},\"description\":\"Director NITU.mx, Egresado de la Escuela de Periodismo Carlos Septi\u00e9n Garc\u00eda. Periodista y analista especializado en turismo desde hace 35 a\u00f1os, radicado en Canc\u00fan Q.Roo. arturo@nitu.mx\",\"sameAs\":[\"https:\/\/nitu.mx\",\"https:\/\/www.facebook.com\/NITUmx\/\",\"medinacancun\",\"https:\/\/twitter.com\/@Arturo_Medina_G\"]},{\"@type\":\"Person\",\"@id\":\"https:\/\/nitu.mx\/#\/schema\/person\/4a28fe9bd65924f7c90623773daf1b0b\",\"name\":\"Redacci\u00f3n\",\"image\":{\"@type\":\"ImageObject\",\"inLanguage\":\"es-MX\",\"@id\":\"https:\/\/nitu.mx\/#\/schema\/person\/image\/\",\"url\":\"https:\/\/secure.gravatar.com\/avatar\/5dd011c8ccfc5cd7e4c81e42252aab38?s=96&d=mm&r=g\",\"contentUrl\":\"https:\/\/secure.gravatar.com\/avatar\/5dd011c8ccfc5cd7e4c81e42252aab38?s=96&d=mm&r=g\",\"caption\":\"Redacci\u00f3n\"},\"url\":\"https:\/\/nitu.mx\/index.php\/author\/redaccion\/\"}]}<\/script>\n<!-- \/ Yoast SEO plugin. -->","yoast_head_json":{"title":"Reporta Viva Aerobus crecimiento de m\u00e1s de 20% durante agosto - Nitu - Noticias de la Industria Turistica","description":"Viva Aerobus registr\u00f3 durante el mes de agosto un crecimiento de 21 por ciento de pasajeros lo que se traduce en\u00a0m\u00e1s de un mill\u00f3n 170 mil viajeros.","robots":{"index":"index","follow":"follow","max-snippet":"max-snippet:-1","max-image-preview":"max-image-preview:large","max-video-preview":"max-video-preview:-1"},"canonical":"https:\/\/nitu.mx\/index.php\/2019\/09\/04\/reporta-viva-aerobus-crecimiento-de-mas-de-20-durante-agosto\/","twitter_card":"summary_large_image","twitter_title":"Reporta Viva Aerobus crecimiento de m\u00e1s de 20% durante agosto - Nitu - Noticias de la Industria Turistica","twitter_description":"Viva Aerobus registr\u00f3 durante el mes de agosto un crecimiento de 21 por ciento de pasajeros lo que se traduce en\u00a0m\u00e1s de un mill\u00f3n 170 mil viajeros.","twitter_image":"https:\/\/nitu.mx\/wp-content\/uploads\/2017\/06\/vivaaerobus-1.jpg","twitter_creator":"@NITUmx","twitter_site":"@Arturo_Medina_G","twitter_misc":{"Escrito por":"Redacci\u00f3n","Tiempo de lectura":"1 minuto"},"schema":{"@context":"https:\/\/schema.org","@graph":[{"@type":"Article","@id":"https:\/\/nitu.mx\/index.php\/2019\/09\/04\/reporta-viva-aerobus-crecimiento-de-mas-de-20-durante-agosto\/#article","isPartOf":{"@id":"https:\/\/nitu.mx\/index.php\/2019\/09\/04\/reporta-viva-aerobus-crecimiento-de-mas-de-20-durante-agosto\/"},"author":{"name":"Redacci\u00f3n","@id":"https:\/\/nitu.mx\/#\/schema\/person\/4a28fe9bd65924f7c90623773daf1b0b"},"headline":"Reporta Viva Aerobus crecimiento de m\u00e1s de 20% durante agosto","datePublished":"2019-09-05T03:30:56+00:00","dateModified":"2019-09-05T05:12:43+00:00","mainEntityOfPage":{"@id":"https:\/\/nitu.mx\/index.php\/2019\/09\/04\/reporta-viva-aerobus-crecimiento-de-mas-de-20-durante-agosto\/"},"wordCount":299,"commentCount":0,"publisher":{"@id":"https:\/\/nitu.mx\/#\/schema\/person\/ae7a53426417292d3dd07b45a33e01bc"},"image":{"@id":"https:\/\/nitu.mx\/index.php\/2019\/09\/04\/reporta-viva-aerobus-crecimiento-de-mas-de-20-durante-agosto\/#primaryimage"},"thumbnailUrl":"https:\/\/nitu.mx\/wp-content\/uploads\/2017\/06\/vivaaerobus-1.jpg","keywords":["Juan Carlos Zuazua","Viva Aerobus"],"articleSection":["Aerol\u00edneas"],"inLanguage":"es-MX","potentialAction":[{"@type":"CommentAction","name":"Comment","target":["https:\/\/nitu.mx\/index.php\/2019\/09\/04\/reporta-viva-aerobus-crecimiento-de-mas-de-20-durante-agosto\/#respond"]}]},{"@type":"WebPage","@id":"https:\/\/nitu.mx\/index.php\/2019\/09\/04\/reporta-viva-aerobus-crecimiento-de-mas-de-20-durante-agosto\/","url":"https:\/\/nitu.mx\/index.php\/2019\/09\/04\/reporta-viva-aerobus-crecimiento-de-mas-de-20-durante-agosto\/","name":"Reporta Viva Aerobus crecimiento de m\u00e1s de 20% durante agosto - Nitu - Noticias de la Industria Turistica","isPartOf":{"@id":"https:\/\/nitu.mx\/#website"},"primaryImageOfPage":{"@id":"https:\/\/nitu.mx\/index.php\/2019\/09\/04\/reporta-viva-aerobus-crecimiento-de-mas-de-20-durante-agosto\/#primaryimage"},"image":{"@id":"https:\/\/nitu.mx\/index.php\/2019\/09\/04\/reporta-viva-aerobus-crecimiento-de-mas-de-20-durante-agosto\/#primaryimage"},"thumbnailUrl":"https:\/\/nitu.mx\/wp-content\/uploads\/2017\/06\/vivaaerobus-1.jpg","datePublished":"2019-09-05T03:30:56+00:00","dateModified":"2019-09-05T05:12:43+00:00","description":"Viva Aerobus registr\u00f3 durante el mes de agosto un crecimiento de 21 por ciento de pasajeros lo que se traduce en\u00a0m\u00e1s de un mill\u00f3n 170 mil viajeros.","breadcrumb":{"@id":"https:\/\/nitu.mx\/index.php\/2019\/09\/04\/reporta-viva-aerobus-crecimiento-de-mas-de-20-durante-agosto\/#breadcrumb"},"inLanguage":"es-MX","potentialAction":[{"@type":"ReadAction","target":["https:\/\/nitu.mx\/index.php\/2019\/09\/04\/reporta-viva-aerobus-crecimiento-de-mas-de-20-durante-agosto\/"]}]},{"@type":"ImageObject","inLanguage":"es-MX","@id":"https:\/\/nitu.mx\/index.php\/2019\/09\/04\/reporta-viva-aerobus-crecimiento-de-mas-de-20-durante-agosto\/#primaryimage","url":"https:\/\/nitu.mx\/wp-content\/uploads\/2017\/06\/vivaaerobus-1.jpg","contentUrl":"https:\/\/nitu.mx\/wp-content\/uploads\/2017\/06\/vivaaerobus-1.jpg","width":850,"height":480,"caption":"viva aerobus"},{"@type":"BreadcrumbList","@id":"https:\/\/nitu.mx\/index.php\/2019\/09\/04\/reporta-viva-aerobus-crecimiento-de-mas-de-20-durante-agosto\/#breadcrumb","itemListElement":[{"@type":"ListItem","position":1,"name":"Inicio","item":"https:\/\/nitu.mx\/"},{"@type":"ListItem","position":2,"name":"Reporta Viva Aerobus crecimiento de m\u00e1s de 20% durante agosto"}]},{"@type":"WebSite","@id":"https:\/\/nitu.mx\/#website","url":"https:\/\/nitu.mx\/","name":"Nitu - Noticias de la Industria Turistica","description":"Noticias de la Industria Turistica","publisher":{"@id":"https:\/\/nitu.mx\/#\/schema\/person\/ae7a53426417292d3dd07b45a33e01bc"},"alternateName":"Noticias de la Industria Turistica","potentialAction":[{"@type":"SearchAction","target":{"@type":"EntryPoint","urlTemplate":"https:\/\/nitu.mx\/?s={search_term_string}"},"query-input":"required name=search_term_string"}],"inLanguage":"es-MX"},{"@type":["Person","Organization"],"@id":"https:\/\/nitu.mx\/#\/schema\/person\/ae7a53426417292d3dd07b45a33e01bc","name":"Arturo Medina","image":{"@type":"ImageObject","inLanguage":"es-MX","@id":"https:\/\/nitu.mx\/#\/schema\/person\/image\/","url":"https:\/\/nitu.mx\/wp-content\/uploads\/2024\/04\/4A315622-1904-4D5C-B022-878CDC840E04-90x90-1.jpeg","contentUrl":"https:\/\/nitu.mx\/wp-content\/uploads\/2024\/04\/4A315622-1904-4D5C-B022-878CDC840E04-90x90-1.jpeg","width":90,"height":90,"caption":"Arturo Medina"},"logo":{"@id":"https:\/\/nitu.mx\/#\/schema\/person\/image\/"},"description":"Director NITU.mx, Egresado de la Escuela de Periodismo Carlos Septi\u00e9n Garc\u00eda. Periodista y analista especializado en turismo desde hace 35 a\u00f1os, radicado en Canc\u00fan Q.Roo. arturo@nitu.mx","sameAs":["https:\/\/nitu.mx","https:\/\/www.facebook.com\/NITUmx\/","medinacancun","https:\/\/twitter.com\/@Arturo_Medina_G"]},{"@type":"Person","@id":"https:\/\/nitu.mx\/#\/schema\/person\/4a28fe9bd65924f7c90623773daf1b0b","name":"Redacci\u00f3n","image":{"@type":"ImageObject","inLanguage":"es-MX","@id":"https:\/\/nitu.mx\/#\/schema\/person\/image\/","url":"https:\/\/secure.gravatar.com\/avatar\/5dd011c8ccfc5cd7e4c81e42252aab38?s=96&d=mm&r=g","contentUrl":"https:\/\/secure.gravatar.com\/avatar\/5dd011c8ccfc5cd7e4c81e42252aab38?s=96&d=mm&r=g","caption":"Redacci\u00f3n"},"url":"https:\/\/nitu.mx\/index.php\/author\/redaccion\/"}]}},"views":219,"_links":{"self":[{"href":"https:\/\/nitu.mx\/index.php\/wp-json\/wp\/v2\/posts\/35184"}],"collection":[{"href":"https:\/\/nitu.mx\/index.php\/wp-json\/wp\/v2\/posts"}],"about":[{"href":"https:\/\/nitu.mx\/index.php\/wp-json\/wp\/v2\/types\/post"}],"author":[{"embeddable":true,"href":"https:\/\/nitu.mx\/index.php\/wp-json\/wp\/v2\/users\/17"}],"replies":[{"embeddable":true,"href":"https:\/\/nitu.mx\/index.php\/wp-json\/wp\/v2\/comments?post=35184"}],"version-history":[{"count":3,"href":"https:\/\/nitu.mx\/index.php\/wp-json\/wp\/v2\/posts\/35184\/revisions"}],"predecessor-version":[{"id":35203,"href":"https:\/\/nitu.mx\/index.php\/wp-json\/wp\/v2\/posts\/35184\/revisions\/35203"}],"wp:featuredmedia":[{"embeddable":true,"href":"https:\/\/nitu.mx\/index.php\/wp-json\/wp\/v2\/media\/10972"}],"wp:attachment":[{"href":"https:\/\/nitu.mx\/index.php\/wp-json\/wp\/v2\/media?parent=35184"}],"wp:term":[{"taxonomy":"category","embeddable":true,"href":"https:\/\/nitu.mx\/index.php\/wp-json\/wp\/v2\/categories?post=35184"},{"taxonomy":"post_tag","embeddable":true,"href":"https:\/\/nitu.mx\/index.php\/wp-json\/wp\/v2\/tags?post=35184"}],"curies":[{"name":"wp","href":"https:\/\/api.w.org\/{rel}","templated":true}]}}