{"id":35118,"date":"2019-09-02T23:56:26","date_gmt":"2019-09-03T04:56:26","guid":{"rendered":"https:\/\/www.dev.nitu.mx\/?p=35118"},"modified":"2019-09-03T00:08:59","modified_gmt":"2019-09-03T05:08:59","slug":"aeropuerto-internacional-de-cancun-tiene-12-vuelos-cancelados-por-dorian","status":"publish","type":"post","link":"https:\/\/nitu.mx\/index.php\/2019\/09\/02\/aeropuerto-internacional-de-cancun-tiene-12-vuelos-cancelados-por-dorian\/","title":{"rendered":"Aeropuerto Internacional de Canc\u00fan tiene 12 vuelos cancelados por Dorian"},"content":{"rendered":"<p>Un total de 12 vuelos que deb\u00edan aterrizar y salir del Aeropuerto Internacional de Canc\u00fan fueron cancelados debido a que el hurac\u00e1n Dorian golpe\u00f3 con furia la isla de Gran Bahamas y ahora se dirige a la costa este de los Estados Unidos uno de los destinos m\u00e1s importantes para el Caribe Mexicano.<\/p>\n<p>Los vientos sostenidos de la tormenta han alcanzado los 285 km\/h, donde desat\u00f3 &#8220;condiciones catastr\u00f3ficas&#8221; en las Islas \u00c1baco y Gran Bahamas, de acuerdo a los reportes.<\/p>\n<p>Los r\u00e9cords determinaron a Dorian como uno de los huracanes &#8220;m\u00e1s intensos y catastr\u00f3ficos&#8221; desde que se tienen registros.<\/p>\n<p>El vocero de Grupo Aeroportuario del Sureste (ASUR), del Aeropuerto Internacional de Canc\u00fan (AIC), Eduardo Rivadeneyra, inform\u00f3 que el pasado 2 de septiembre de las 391 operaciones programadas para el d\u00eda de las cuales 191 eran nacionales y 200 internacionales, se cancelaron 12. (<a title=\"Falla en radar del Aeropuerto Internacional de Canc\u00fan afecta 75 vuelos\" href=\"https:\/\/www.dev.nitu.mx\/index.php\/2019\/04\/03\/falla-en-radar-del-aeropuerto-internacional-de-cancun-afecta-75-vuelos\/\" rel=\"bookmark\">Falla en radar del Aeropuerto Internacional de Canc\u00fan afecta 75 vuelos<\/a>).<\/p>\n<p>Los vuelos cancelados fueron: el de Jet Blue 1796 Canc\u00fan-Fort Lauderdale; Spirit Airlines 705 Fort Lauderdale-Canc\u00fan y 948 Canc\u00fan-Dallas; Spirit Airlines 893 Dallas-Canc\u00fan y 710 Canc\u00fan-Fort Lauderdale; Jet Blue 2695 Fort Lauderdale-Canc\u00fan y 2696 Canc\u00fan-Fort Lauderdale; Southwest 5362 Fort Lauderdale-Canc\u00fan, 1608 Canc\u00fan-Baltimore; Jet Blue 1795 Fort Lauderdale-Canc\u00fan; Jet Blue 351 Nueva York-Canc\u00fan y 652 Canc\u00fan-Nueva York.<\/p>\n","protected":false},"excerpt":{"rendered":"<p>Un total de 12 vuelos que deb\u00edan aterrizar y salir del Aeropuerto Internacional de Canc\u00fan fueron cancelados debido a que el hurac\u00e1n Dorian golpe\u00f3 con furia la isla de Gran Bahamas y ahora se dirige a la costa este de los Estados Unidos uno de los destinos m\u00e1s importantes para el Caribe Mexicano. Los vientos [&hellip;]<\/p>\n","protected":false},"author":3,"featured_media":35134,"comment_status":"open","ping_status":"open","sticky":false,"template":"","format":"standard","meta":{"footnotes":""},"categories":[29,5],"tags":[17227,17215,17226,17228,17225],"yoast_head":"<!-- This site is optimized with the Yoast SEO plugin v22.2 - https:\/\/yoast.com\/wordpress\/plugins\/seo\/ -->\n<title>Aeropuerto Internacional de Canc\u00fan tiene 12 vuelos cancelados por Dorian - Nitu - Noticias de la Industria Turistica<\/title>\n<meta name=\"description\" content=\"Un total de 12 vuelos que deb\u00edan aterrizar y salir del Aeropuerto Internacional de Canc\u00fan fueron cancelados debido al hurac\u00e1n Dorian.\" \/>\n<meta name=\"robots\" content=\"index, follow, max-snippet:-1, max-image-preview:large, max-video-preview:-1\" \/>\n<link rel=\"canonical\" href=\"https:\/\/nitu.mx\/index.php\/2019\/09\/02\/aeropuerto-internacional-de-cancun-tiene-12-vuelos-cancelados-por-dorian\/\" \/>\n<meta name=\"twitter:card\" content=\"summary_large_image\" \/>\n<meta name=\"twitter:title\" content=\"Aeropuerto Internacional de Canc\u00fan tiene 12 vuelos cancelados por Dorian - Nitu - Noticias de la Industria Turistica\" \/>\n<meta name=\"twitter:description\" content=\"Un total de 12 vuelos que deb\u00edan aterrizar y salir del Aeropuerto Internacional de Canc\u00fan fueron cancelados debido al hurac\u00e1n Dorian.\" \/>\n<meta name=\"twitter:image\" content=\"https:\/\/nitu.mx\/wp-content\/uploads\/2019\/09\/Huracan-Dorian-Cancun.jpg\" \/>\n<meta name=\"twitter:creator\" content=\"@NITUmx\" \/>\n<meta name=\"twitter:site\" content=\"@Arturo_Medina_G\" \/>\n<meta name=\"twitter:label1\" content=\"Escrito por\" \/>\n\t<meta name=\"twitter:data1\" content=\"Alejandra Moncisbays\" \/>\n\t<meta name=\"twitter:label2\" content=\"Tiempo de lectura\" \/>\n\t<meta name=\"twitter:data2\" content=\"1 minuto\" \/>\n<script type=\"application\/ld+json\" class=\"yoast-schema-graph\">{\"@context\":\"https:\/\/schema.org\",\"@graph\":[{\"@type\":\"Article\",\"@id\":\"https:\/\/nitu.mx\/index.php\/2019\/09\/02\/aeropuerto-internacional-de-cancun-tiene-12-vuelos-cancelados-por-dorian\/#article\",\"isPartOf\":{\"@id\":\"https:\/\/nitu.mx\/index.php\/2019\/09\/02\/aeropuerto-internacional-de-cancun-tiene-12-vuelos-cancelados-por-dorian\/\"},\"author\":{\"name\":\"Alejandra Moncisbays\",\"@id\":\"https:\/\/nitu.mx\/#\/schema\/person\/2ecd887b19dfd3382d1f14fc5acf24a8\"},\"headline\":\"Aeropuerto Internacional de Canc\u00fan tiene 12 vuelos cancelados por Dorian\",\"datePublished\":\"2019-09-03T04:56:26+00:00\",\"dateModified\":\"2019-09-03T05:08:59+00:00\",\"mainEntityOfPage\":{\"@id\":\"https:\/\/nitu.mx\/index.php\/2019\/09\/02\/aeropuerto-internacional-de-cancun-tiene-12-vuelos-cancelados-por-dorian\/\"},\"wordCount\":223,\"commentCount\":0,\"publisher\":{\"@id\":\"https:\/\/nitu.mx\/#\/schema\/person\/ae7a53426417292d3dd07b45a33e01bc\"},\"image\":{\"@id\":\"https:\/\/nitu.mx\/index.php\/2019\/09\/02\/aeropuerto-internacional-de-cancun-tiene-12-vuelos-cancelados-por-dorian\/#primaryimage\"},\"thumbnailUrl\":\"https:\/\/nitu.mx\/wp-content\/uploads\/2019\/09\/Huracan-Dorian-Cancun.jpg\",\"keywords\":[\"costa este de Florida\",\"Hurac\u00e1n Dorian\",\"isla de Gran Bahamas\",\"Islas \u00c1baco\",\"la tormenta\"],\"articleSection\":[\"Aerol\u00edneas\",\"Destinos\"],\"inLanguage\":\"es-MX\",\"potentialAction\":[{\"@type\":\"CommentAction\",\"name\":\"Comment\",\"target\":[\"https:\/\/nitu.mx\/index.php\/2019\/09\/02\/aeropuerto-internacional-de-cancun-tiene-12-vuelos-cancelados-por-dorian\/#respond\"]}]},{\"@type\":\"WebPage\",\"@id\":\"https:\/\/nitu.mx\/index.php\/2019\/09\/02\/aeropuerto-internacional-de-cancun-tiene-12-vuelos-cancelados-por-dorian\/\",\"url\":\"https:\/\/nitu.mx\/index.php\/2019\/09\/02\/aeropuerto-internacional-de-cancun-tiene-12-vuelos-cancelados-por-dorian\/\",\"name\":\"Aeropuerto Internacional de Canc\u00fan tiene 12 vuelos cancelados por Dorian - Nitu - Noticias de la Industria Turistica\",\"isPartOf\":{\"@id\":\"https:\/\/nitu.mx\/#website\"},\"primaryImageOfPage\":{\"@id\":\"https:\/\/nitu.mx\/index.php\/2019\/09\/02\/aeropuerto-internacional-de-cancun-tiene-12-vuelos-cancelados-por-dorian\/#primaryimage\"},\"image\":{\"@id\":\"https:\/\/nitu.mx\/index.php\/2019\/09\/02\/aeropuerto-internacional-de-cancun-tiene-12-vuelos-cancelados-por-dorian\/#primaryimage\"},\"thumbnailUrl\":\"https:\/\/nitu.mx\/wp-content\/uploads\/2019\/09\/Huracan-Dorian-Cancun.jpg\",\"datePublished\":\"2019-09-03T04:56:26+00:00\",\"dateModified\":\"2019-09-03T05:08:59+00:00\",\"description\":\"Un total de 12 vuelos que deb\u00edan aterrizar y salir del Aeropuerto Internacional de Canc\u00fan fueron cancelados debido al hurac\u00e1n Dorian.\",\"breadcrumb\":{\"@id\":\"https:\/\/nitu.mx\/index.php\/2019\/09\/02\/aeropuerto-internacional-de-cancun-tiene-12-vuelos-cancelados-por-dorian\/#breadcrumb\"},\"inLanguage\":\"es-MX\",\"potentialAction\":[{\"@type\":\"ReadAction\",\"target\":[\"https:\/\/nitu.mx\/index.php\/2019\/09\/02\/aeropuerto-internacional-de-cancun-tiene-12-vuelos-cancelados-por-dorian\/\"]}]},{\"@type\":\"ImageObject\",\"inLanguage\":\"es-MX\",\"@id\":\"https:\/\/nitu.mx\/index.php\/2019\/09\/02\/aeropuerto-internacional-de-cancun-tiene-12-vuelos-cancelados-por-dorian\/#primaryimage\",\"url\":\"https:\/\/nitu.mx\/wp-content\/uploads\/2019\/09\/Huracan-Dorian-Cancun.jpg\",\"contentUrl\":\"https:\/\/nitu.mx\/wp-content\/uploads\/2019\/09\/Huracan-Dorian-Cancun.jpg\",\"width\":850,\"height\":480,\"caption\":\"Huracan Dorian Cancun\"},{\"@type\":\"BreadcrumbList\",\"@id\":\"https:\/\/nitu.mx\/index.php\/2019\/09\/02\/aeropuerto-internacional-de-cancun-tiene-12-vuelos-cancelados-por-dorian\/#breadcrumb\",\"itemListElement\":[{\"@type\":\"ListItem\",\"position\":1,\"name\":\"Inicio\",\"item\":\"https:\/\/nitu.mx\/\"},{\"@type\":\"ListItem\",\"position\":2,\"name\":\"Aeropuerto Internacional de Canc\u00fan tiene 12 vuelos cancelados por Dorian\"}]},{\"@type\":\"WebSite\",\"@id\":\"https:\/\/nitu.mx\/#website\",\"url\":\"https:\/\/nitu.mx\/\",\"name\":\"Nitu - Noticias de la Industria Turistica\",\"description\":\"Noticias de la Industria Turistica\",\"publisher\":{\"@id\":\"https:\/\/nitu.mx\/#\/schema\/person\/ae7a53426417292d3dd07b45a33e01bc\"},\"alternateName\":\"Noticias de la Industria Turistica\",\"potentialAction\":[{\"@type\":\"SearchAction\",\"target\":{\"@type\":\"EntryPoint\",\"urlTemplate\":\"https:\/\/nitu.mx\/?s={search_term_string}\"},\"query-input\":\"required name=search_term_string\"}],\"inLanguage\":\"es-MX\"},{\"@type\":[\"Person\",\"Organization\"],\"@id\":\"https:\/\/nitu.mx\/#\/schema\/person\/ae7a53426417292d3dd07b45a33e01bc\",\"name\":\"Arturo Medina\",\"image\":{\"@type\":\"ImageObject\",\"inLanguage\":\"es-MX\",\"@id\":\"https:\/\/nitu.mx\/#\/schema\/person\/image\/\",\"url\":\"https:\/\/nitu.mx\/wp-content\/uploads\/2024\/04\/4A315622-1904-4D5C-B022-878CDC840E04-90x90-1.jpeg\",\"contentUrl\":\"https:\/\/nitu.mx\/wp-content\/uploads\/2024\/04\/4A315622-1904-4D5C-B022-878CDC840E04-90x90-1.jpeg\",\"width\":90,\"height\":90,\"caption\":\"Arturo Medina\"},\"logo\":{\"@id\":\"https:\/\/nitu.mx\/#\/schema\/person\/image\/\"},\"description\":\"Director NITU.mx, Egresado de la Escuela de Periodismo Carlos Septi\u00e9n Garc\u00eda. Periodista y analista especializado en turismo desde hace 35 a\u00f1os, radicado en Canc\u00fan Q.Roo. arturo@nitu.mx\",\"sameAs\":[\"https:\/\/nitu.mx\",\"https:\/\/www.facebook.com\/NITUmx\/\",\"medinacancun\",\"https:\/\/twitter.com\/@Arturo_Medina_G\"]},{\"@type\":\"Person\",\"@id\":\"https:\/\/nitu.mx\/#\/schema\/person\/2ecd887b19dfd3382d1f14fc5acf24a8\",\"name\":\"Alejandra Moncisbays\",\"image\":{\"@type\":\"ImageObject\",\"inLanguage\":\"es-MX\",\"@id\":\"https:\/\/nitu.mx\/#\/schema\/person\/image\/\",\"url\":\"https:\/\/secure.gravatar.com\/avatar\/e74f7af0be172b7804dacfd0bfbef787?s=96&d=mm&r=g\",\"contentUrl\":\"https:\/\/secure.gravatar.com\/avatar\/e74f7af0be172b7804dacfd0bfbef787?s=96&d=mm&r=g\",\"caption\":\"Alejandra Moncisbays\"},\"description\":\"Curs\u00e9 la carrera de Periodismo y Comunicaci\u00f3n en la Facultad de Estudios Profesionales Acatl\u00e1n. Vivo en Canc\u00fan desde hace 24 a\u00f1os. Fui reportera de La Tarde de Canc\u00fan, y Novedades de Quintana Roo, colabor\u00e9 en TVCUN, edit\u00e9 Cancun\u00edssimo y colabor\u00e9 en las revistas Latitud21, entre otras, con principal enfoque en los sectores empresarial y tur\u00edstico. Desde hace varios a\u00f1os soy Agente de Seguros con c\u00e9dula de la Comisi\u00f3n Nacional de Seguros y Fianzas. Actualmente, me desarrollo en los \u00e1mbitos del periodismo y el sector asegurador.\",\"sameAs\":[\"https:\/\/nitu.mx\"],\"url\":\"https:\/\/nitu.mx\/index.php\/author\/alejandra\/\"}]}<\/script>\n<!-- \/ Yoast SEO plugin. -->","yoast_head_json":{"title":"Aeropuerto Internacional de Canc\u00fan tiene 12 vuelos cancelados por Dorian - Nitu - Noticias de la Industria Turistica","description":"Un total de 12 vuelos que deb\u00edan aterrizar y salir del Aeropuerto Internacional de Canc\u00fan fueron cancelados debido al hurac\u00e1n Dorian.","robots":{"index":"index","follow":"follow","max-snippet":"max-snippet:-1","max-image-preview":"max-image-preview:large","max-video-preview":"max-video-preview:-1"},"canonical":"https:\/\/nitu.mx\/index.php\/2019\/09\/02\/aeropuerto-internacional-de-cancun-tiene-12-vuelos-cancelados-por-dorian\/","twitter_card":"summary_large_image","twitter_title":"Aeropuerto Internacional de Canc\u00fan tiene 12 vuelos cancelados por Dorian - Nitu - Noticias de la Industria Turistica","twitter_description":"Un total de 12 vuelos que deb\u00edan aterrizar y salir del Aeropuerto Internacional de Canc\u00fan fueron cancelados debido al hurac\u00e1n Dorian.","twitter_image":"https:\/\/nitu.mx\/wp-content\/uploads\/2019\/09\/Huracan-Dorian-Cancun.jpg","twitter_creator":"@NITUmx","twitter_site":"@Arturo_Medina_G","twitter_misc":{"Escrito por":"Alejandra Moncisbays","Tiempo de lectura":"1 minuto"},"schema":{"@context":"https:\/\/schema.org","@graph":[{"@type":"Article","@id":"https:\/\/nitu.mx\/index.php\/2019\/09\/02\/aeropuerto-internacional-de-cancun-tiene-12-vuelos-cancelados-por-dorian\/#article","isPartOf":{"@id":"https:\/\/nitu.mx\/index.php\/2019\/09\/02\/aeropuerto-internacional-de-cancun-tiene-12-vuelos-cancelados-por-dorian\/"},"author":{"name":"Alejandra Moncisbays","@id":"https:\/\/nitu.mx\/#\/schema\/person\/2ecd887b19dfd3382d1f14fc5acf24a8"},"headline":"Aeropuerto Internacional de Canc\u00fan tiene 12 vuelos cancelados por Dorian","datePublished":"2019-09-03T04:56:26+00:00","dateModified":"2019-09-03T05:08:59+00:00","mainEntityOfPage":{"@id":"https:\/\/nitu.mx\/index.php\/2019\/09\/02\/aeropuerto-internacional-de-cancun-tiene-12-vuelos-cancelados-por-dorian\/"},"wordCount":223,"commentCount":0,"publisher":{"@id":"https:\/\/nitu.mx\/#\/schema\/person\/ae7a53426417292d3dd07b45a33e01bc"},"image":{"@id":"https:\/\/nitu.mx\/index.php\/2019\/09\/02\/aeropuerto-internacional-de-cancun-tiene-12-vuelos-cancelados-por-dorian\/#primaryimage"},"thumbnailUrl":"https:\/\/nitu.mx\/wp-content\/uploads\/2019\/09\/Huracan-Dorian-Cancun.jpg","keywords":["costa este de Florida","Hurac\u00e1n Dorian","isla de Gran Bahamas","Islas \u00c1baco","la tormenta"],"articleSection":["Aerol\u00edneas","Destinos"],"inLanguage":"es-MX","potentialAction":[{"@type":"CommentAction","name":"Comment","target":["https:\/\/nitu.mx\/index.php\/2019\/09\/02\/aeropuerto-internacional-de-cancun-tiene-12-vuelos-cancelados-por-dorian\/#respond"]}]},{"@type":"WebPage","@id":"https:\/\/nitu.mx\/index.php\/2019\/09\/02\/aeropuerto-internacional-de-cancun-tiene-12-vuelos-cancelados-por-dorian\/","url":"https:\/\/nitu.mx\/index.php\/2019\/09\/02\/aeropuerto-internacional-de-cancun-tiene-12-vuelos-cancelados-por-dorian\/","name":"Aeropuerto Internacional de Canc\u00fan tiene 12 vuelos cancelados por Dorian - Nitu - Noticias de la Industria Turistica","isPartOf":{"@id":"https:\/\/nitu.mx\/#website"},"primaryImageOfPage":{"@id":"https:\/\/nitu.mx\/index.php\/2019\/09\/02\/aeropuerto-internacional-de-cancun-tiene-12-vuelos-cancelados-por-dorian\/#primaryimage"},"image":{"@id":"https:\/\/nitu.mx\/index.php\/2019\/09\/02\/aeropuerto-internacional-de-cancun-tiene-12-vuelos-cancelados-por-dorian\/#primaryimage"},"thumbnailUrl":"https:\/\/nitu.mx\/wp-content\/uploads\/2019\/09\/Huracan-Dorian-Cancun.jpg","datePublished":"2019-09-03T04:56:26+00:00","dateModified":"2019-09-03T05:08:59+00:00","description":"Un total de 12 vuelos que deb\u00edan aterrizar y salir del Aeropuerto Internacional de Canc\u00fan fueron cancelados debido al hurac\u00e1n Dorian.","breadcrumb":{"@id":"https:\/\/nitu.mx\/index.php\/2019\/09\/02\/aeropuerto-internacional-de-cancun-tiene-12-vuelos-cancelados-por-dorian\/#breadcrumb"},"inLanguage":"es-MX","potentialAction":[{"@type":"ReadAction","target":["https:\/\/nitu.mx\/index.php\/2019\/09\/02\/aeropuerto-internacional-de-cancun-tiene-12-vuelos-cancelados-por-dorian\/"]}]},{"@type":"ImageObject","inLanguage":"es-MX","@id":"https:\/\/nitu.mx\/index.php\/2019\/09\/02\/aeropuerto-internacional-de-cancun-tiene-12-vuelos-cancelados-por-dorian\/#primaryimage","url":"https:\/\/nitu.mx\/wp-content\/uploads\/2019\/09\/Huracan-Dorian-Cancun.jpg","contentUrl":"https:\/\/nitu.mx\/wp-content\/uploads\/2019\/09\/Huracan-Dorian-Cancun.jpg","width":850,"height":480,"caption":"Huracan Dorian Cancun"},{"@type":"BreadcrumbList","@id":"https:\/\/nitu.mx\/index.php\/2019\/09\/02\/aeropuerto-internacional-de-cancun-tiene-12-vuelos-cancelados-por-dorian\/#breadcrumb","itemListElement":[{"@type":"ListItem","position":1,"name":"Inicio","item":"https:\/\/nitu.mx\/"},{"@type":"ListItem","position":2,"name":"Aeropuerto Internacional de Canc\u00fan tiene 12 vuelos cancelados por Dorian"}]},{"@type":"WebSite","@id":"https:\/\/nitu.mx\/#website","url":"https:\/\/nitu.mx\/","name":"Nitu - Noticias de la Industria Turistica","description":"Noticias de la Industria Turistica","publisher":{"@id":"https:\/\/nitu.mx\/#\/schema\/person\/ae7a53426417292d3dd07b45a33e01bc"},"alternateName":"Noticias de la Industria Turistica","potentialAction":[{"@type":"SearchAction","target":{"@type":"EntryPoint","urlTemplate":"https:\/\/nitu.mx\/?s={search_term_string}"},"query-input":"required name=search_term_string"}],"inLanguage":"es-MX"},{"@type":["Person","Organization"],"@id":"https:\/\/nitu.mx\/#\/schema\/person\/ae7a53426417292d3dd07b45a33e01bc","name":"Arturo Medina","image":{"@type":"ImageObject","inLanguage":"es-MX","@id":"https:\/\/nitu.mx\/#\/schema\/person\/image\/","url":"https:\/\/nitu.mx\/wp-content\/uploads\/2024\/04\/4A315622-1904-4D5C-B022-878CDC840E04-90x90-1.jpeg","contentUrl":"https:\/\/nitu.mx\/wp-content\/uploads\/2024\/04\/4A315622-1904-4D5C-B022-878CDC840E04-90x90-1.jpeg","width":90,"height":90,"caption":"Arturo Medina"},"logo":{"@id":"https:\/\/nitu.mx\/#\/schema\/person\/image\/"},"description":"Director NITU.mx, Egresado de la Escuela de Periodismo Carlos Septi\u00e9n Garc\u00eda. Periodista y analista especializado en turismo desde hace 35 a\u00f1os, radicado en Canc\u00fan Q.Roo. arturo@nitu.mx","sameAs":["https:\/\/nitu.mx","https:\/\/www.facebook.com\/NITUmx\/","medinacancun","https:\/\/twitter.com\/@Arturo_Medina_G"]},{"@type":"Person","@id":"https:\/\/nitu.mx\/#\/schema\/person\/2ecd887b19dfd3382d1f14fc5acf24a8","name":"Alejandra Moncisbays","image":{"@type":"ImageObject","inLanguage":"es-MX","@id":"https:\/\/nitu.mx\/#\/schema\/person\/image\/","url":"https:\/\/secure.gravatar.com\/avatar\/e74f7af0be172b7804dacfd0bfbef787?s=96&d=mm&r=g","contentUrl":"https:\/\/secure.gravatar.com\/avatar\/e74f7af0be172b7804dacfd0bfbef787?s=96&d=mm&r=g","caption":"Alejandra Moncisbays"},"description":"Curs\u00e9 la carrera de Periodismo y Comunicaci\u00f3n en la Facultad de Estudios Profesionales Acatl\u00e1n. Vivo en Canc\u00fan desde hace 24 a\u00f1os. Fui reportera de La Tarde de Canc\u00fan, y Novedades de Quintana Roo, colabor\u00e9 en TVCUN, edit\u00e9 Cancun\u00edssimo y colabor\u00e9 en las revistas Latitud21, entre otras, con principal enfoque en los sectores empresarial y tur\u00edstico. Desde hace varios a\u00f1os soy Agente de Seguros con c\u00e9dula de la Comisi\u00f3n Nacional de Seguros y Fianzas. Actualmente, me desarrollo en los \u00e1mbitos del periodismo y el sector asegurador.","sameAs":["https:\/\/nitu.mx"],"url":"https:\/\/nitu.mx\/index.php\/author\/alejandra\/"}]}},"views":280,"_links":{"self":[{"href":"https:\/\/nitu.mx\/index.php\/wp-json\/wp\/v2\/posts\/35118"}],"collection":[{"href":"https:\/\/nitu.mx\/index.php\/wp-json\/wp\/v2\/posts"}],"about":[{"href":"https:\/\/nitu.mx\/index.php\/wp-json\/wp\/v2\/types\/post"}],"author":[{"embeddable":true,"href":"https:\/\/nitu.mx\/index.php\/wp-json\/wp\/v2\/users\/3"}],"replies":[{"embeddable":true,"href":"https:\/\/nitu.mx\/index.php\/wp-json\/wp\/v2\/comments?post=35118"}],"version-history":[{"count":3,"href":"https:\/\/nitu.mx\/index.php\/wp-json\/wp\/v2\/posts\/35118\/revisions"}],"predecessor-version":[{"id":35135,"href":"https:\/\/nitu.mx\/index.php\/wp-json\/wp\/v2\/posts\/35118\/revisions\/35135"}],"wp:featuredmedia":[{"embeddable":true,"href":"https:\/\/nitu.mx\/index.php\/wp-json\/wp\/v2\/media\/35134"}],"wp:attachment":[{"href":"https:\/\/nitu.mx\/index.php\/wp-json\/wp\/v2\/media?parent=35118"}],"wp:term":[{"taxonomy":"category","embeddable":true,"href":"https:\/\/nitu.mx\/index.php\/wp-json\/wp\/v2\/categories?post=35118"},{"taxonomy":"post_tag","embeddable":true,"href":"https:\/\/nitu.mx\/index.php\/wp-json\/wp\/v2\/tags?post=35118"}],"curies":[{"name":"wp","href":"https:\/\/api.w.org\/{rel}","templated":true}]}}