{"id":35111,"date":"2019-09-02T23:37:54","date_gmt":"2019-09-03T04:37:54","guid":{"rendered":"https:\/\/www.dev.nitu.mx\/?p=35111"},"modified":"2019-09-03T00:09:09","modified_gmt":"2019-09-03T05:09:09","slug":"375-vuelos-son-cancelados-por-huracan-dorian-american-airlines","status":"publish","type":"post","link":"https:\/\/nitu.mx\/index.php\/2019\/09\/02\/375-vuelos-son-cancelados-por-huracan-dorian-american-airlines\/","title":{"rendered":"375 vuelos son cancelados por hurac\u00e1n Dorian: American Airlines"},"content":{"rendered":"<p>American Airlines inform\u00f3 este lunes que ha cancelado 375 vuelos hasta el mi\u00e9rcoles debido al hurac\u00e1n &#8216;Dorian&#8217;.<\/p>\n<p>La aerol\u00ednea con sede en Fort Worth, Texas, indic\u00f3 que los vuelos fueron cancelados debido a que se suspendieron las operaciones en siete aeropuertos a los que vuela en Florida y las Bahamas.<\/p>\n<p>Se\u00f1al\u00f3 que podr\u00eda haber problemas y demoras adicionales durante la semana en otros aeropuertos de la costa este de Estados Unidos.<\/p>\n<p>Para ayudar a la gente a desalojar, American Airlines puso un tope de 499 d\u00f3lares para todas las tarifas de viaje sencillo en clase turista desde todas las ciudades en las que se hayan emitido alertas de viaje en Florida, Georgia, Carolina del Norte y Carolina del Sur. Tampoco cobrar\u00e1 cuotas por las maletas ni por mascotas. (<a title=\"American Airlines cancel\u00f3 115 vuelos con aviones Boeing 737 MAX hasta septiembre\" href=\"https:\/\/www.dev.nitu.mx\/index.php\/2019\/06\/09\/american-airlines-cancelo-115-vuelos-con-aviones-boeing-737-max-hasta-septiembre\/\" rel=\"bookmark\">American Airlines cancel\u00f3 115 vuelos con aviones Boeing 737 MAX hasta septiembre<\/a>).<\/p>\n<p>M\u00e1s temprano, el Gobierno de Bahamas inform\u00f3 de una \u201cdevastaci\u00f3n sin precedentes\u201d mientras el meteoro dejaba a su paso enormes inundaciones y hogares destruidos en la zona, despu\u00e9s de azotar al archipi\u00e9lago con tanta agua que las autoridades exhortaron a la poblaci\u00f3n a hacerse de recursos de flotaci\u00f3n y de martillos en caso de que sea necesario romper sus \u00e1ticos para escapar de las inundaciones. Por lo menos 5 decesos se han atribuido a la tormenta. (El Financiero)<\/p>\n","protected":false},"excerpt":{"rendered":"<p>American Airlines inform\u00f3 este lunes que ha cancelado 375 vuelos hasta el mi\u00e9rcoles debido al hurac\u00e1n &#8216;Dorian&#8217;. La aerol\u00ednea con sede en Fort Worth, Texas, indic\u00f3 que los vuelos fueron cancelados debido a que se suspendieron las operaciones en siete aeropuertos a los que vuela en Florida y las Bahamas. Se\u00f1al\u00f3 que podr\u00eda haber problemas [&hellip;]<\/p>\n","protected":false},"author":17,"featured_media":35126,"comment_status":"open","ping_status":"open","sticky":false,"template":"","format":"standard","meta":{"footnotes":""},"categories":[29,5],"tags":[481,6663,17221,9112,105],"yoast_head":"<!-- This site is optimized with the Yoast SEO plugin v22.2 - https:\/\/yoast.com\/wordpress\/plugins\/seo\/ -->\n<title>375 vuelos son cancelados por hurac\u00e1n Dorian: American Airlines - Nitu - Noticias de la Industria Turistica<\/title>\n<meta name=\"description\" content=\"La aerol\u00ednea American Airlines inform\u00f3 este lunes que ha cancelado 375 vuelos hasta el mi\u00e9rcoles debido al hurac\u00e1n &#039;Dorian&#039;.\" \/>\n<meta name=\"robots\" content=\"index, follow, max-snippet:-1, max-image-preview:large, max-video-preview:-1\" \/>\n<link rel=\"canonical\" href=\"https:\/\/nitu.mx\/index.php\/2019\/09\/02\/375-vuelos-son-cancelados-por-huracan-dorian-american-airlines\/\" \/>\n<meta name=\"twitter:card\" content=\"summary_large_image\" \/>\n<meta name=\"twitter:title\" content=\"375 vuelos son cancelados por hurac\u00e1n Dorian: American Airlines - Nitu - Noticias de la Industria Turistica\" \/>\n<meta name=\"twitter:description\" content=\"La aerol\u00ednea American Airlines inform\u00f3 este lunes que ha cancelado 375 vuelos hasta el mi\u00e9rcoles debido al hurac\u00e1n &#039;Dorian&#039;.\" \/>\n<meta name=\"twitter:image\" content=\"https:\/\/nitu.mx\/wp-content\/uploads\/2019\/09\/American-Airlines-Dorian.jpg\" \/>\n<meta name=\"twitter:creator\" content=\"@NITUmx\" \/>\n<meta name=\"twitter:site\" content=\"@Arturo_Medina_G\" \/>\n<meta name=\"twitter:label1\" content=\"Escrito por\" \/>\n\t<meta name=\"twitter:data1\" content=\"Redacci\u00f3n\" \/>\n\t<meta name=\"twitter:label2\" content=\"Tiempo de lectura\" \/>\n\t<meta name=\"twitter:data2\" content=\"1 minuto\" \/>\n<script type=\"application\/ld+json\" class=\"yoast-schema-graph\">{\"@context\":\"https:\/\/schema.org\",\"@graph\":[{\"@type\":\"Article\",\"@id\":\"https:\/\/nitu.mx\/index.php\/2019\/09\/02\/375-vuelos-son-cancelados-por-huracan-dorian-american-airlines\/#article\",\"isPartOf\":{\"@id\":\"https:\/\/nitu.mx\/index.php\/2019\/09\/02\/375-vuelos-son-cancelados-por-huracan-dorian-american-airlines\/\"},\"author\":{\"name\":\"Redacci\u00f3n\",\"@id\":\"https:\/\/nitu.mx\/#\/schema\/person\/4a28fe9bd65924f7c90623773daf1b0b\"},\"headline\":\"375 vuelos son cancelados por hurac\u00e1n Dorian: American Airlines\",\"datePublished\":\"2019-09-03T04:37:54+00:00\",\"dateModified\":\"2019-09-03T05:09:09+00:00\",\"mainEntityOfPage\":{\"@id\":\"https:\/\/nitu.mx\/index.php\/2019\/09\/02\/375-vuelos-son-cancelados-por-huracan-dorian-american-airlines\/\"},\"wordCount\":234,\"commentCount\":0,\"publisher\":{\"@id\":\"https:\/\/nitu.mx\/#\/schema\/person\/ae7a53426417292d3dd07b45a33e01bc\"},\"image\":{\"@id\":\"https:\/\/nitu.mx\/index.php\/2019\/09\/02\/375-vuelos-son-cancelados-por-huracan-dorian-american-airlines\/#primaryimage\"},\"thumbnailUrl\":\"https:\/\/nitu.mx\/wp-content\/uploads\/2019\/09\/American-Airlines-Dorian.jpg\",\"keywords\":[\"American AIrlines\",\"cancelaciones\",\"Dorian\",\"Fort Worth\",\"Texas\"],\"articleSection\":[\"Aerol\u00edneas\",\"Destinos\"],\"inLanguage\":\"es-MX\",\"potentialAction\":[{\"@type\":\"CommentAction\",\"name\":\"Comment\",\"target\":[\"https:\/\/nitu.mx\/index.php\/2019\/09\/02\/375-vuelos-son-cancelados-por-huracan-dorian-american-airlines\/#respond\"]}]},{\"@type\":\"WebPage\",\"@id\":\"https:\/\/nitu.mx\/index.php\/2019\/09\/02\/375-vuelos-son-cancelados-por-huracan-dorian-american-airlines\/\",\"url\":\"https:\/\/nitu.mx\/index.php\/2019\/09\/02\/375-vuelos-son-cancelados-por-huracan-dorian-american-airlines\/\",\"name\":\"375 vuelos son cancelados por hurac\u00e1n Dorian: American Airlines - Nitu - Noticias de la Industria Turistica\",\"isPartOf\":{\"@id\":\"https:\/\/nitu.mx\/#website\"},\"primaryImageOfPage\":{\"@id\":\"https:\/\/nitu.mx\/index.php\/2019\/09\/02\/375-vuelos-son-cancelados-por-huracan-dorian-american-airlines\/#primaryimage\"},\"image\":{\"@id\":\"https:\/\/nitu.mx\/index.php\/2019\/09\/02\/375-vuelos-son-cancelados-por-huracan-dorian-american-airlines\/#primaryimage\"},\"thumbnailUrl\":\"https:\/\/nitu.mx\/wp-content\/uploads\/2019\/09\/American-Airlines-Dorian.jpg\",\"datePublished\":\"2019-09-03T04:37:54+00:00\",\"dateModified\":\"2019-09-03T05:09:09+00:00\",\"description\":\"La aerol\u00ednea American Airlines inform\u00f3 este lunes que ha cancelado 375 vuelos hasta el mi\u00e9rcoles debido al hurac\u00e1n 'Dorian'.\",\"breadcrumb\":{\"@id\":\"https:\/\/nitu.mx\/index.php\/2019\/09\/02\/375-vuelos-son-cancelados-por-huracan-dorian-american-airlines\/#breadcrumb\"},\"inLanguage\":\"es-MX\",\"potentialAction\":[{\"@type\":\"ReadAction\",\"target\":[\"https:\/\/nitu.mx\/index.php\/2019\/09\/02\/375-vuelos-son-cancelados-por-huracan-dorian-american-airlines\/\"]}]},{\"@type\":\"ImageObject\",\"inLanguage\":\"es-MX\",\"@id\":\"https:\/\/nitu.mx\/index.php\/2019\/09\/02\/375-vuelos-son-cancelados-por-huracan-dorian-american-airlines\/#primaryimage\",\"url\":\"https:\/\/nitu.mx\/wp-content\/uploads\/2019\/09\/American-Airlines-Dorian.jpg\",\"contentUrl\":\"https:\/\/nitu.mx\/wp-content\/uploads\/2019\/09\/American-Airlines-Dorian.jpg\",\"width\":850,\"height\":480,\"caption\":\"American Airlines Dorian\"},{\"@type\":\"BreadcrumbList\",\"@id\":\"https:\/\/nitu.mx\/index.php\/2019\/09\/02\/375-vuelos-son-cancelados-por-huracan-dorian-american-airlines\/#breadcrumb\",\"itemListElement\":[{\"@type\":\"ListItem\",\"position\":1,\"name\":\"Inicio\",\"item\":\"https:\/\/nitu.mx\/\"},{\"@type\":\"ListItem\",\"position\":2,\"name\":\"375 vuelos son cancelados por hurac\u00e1n Dorian: American Airlines\"}]},{\"@type\":\"WebSite\",\"@id\":\"https:\/\/nitu.mx\/#website\",\"url\":\"https:\/\/nitu.mx\/\",\"name\":\"Nitu - Noticias de la Industria Turistica\",\"description\":\"Noticias de la Industria Turistica\",\"publisher\":{\"@id\":\"https:\/\/nitu.mx\/#\/schema\/person\/ae7a53426417292d3dd07b45a33e01bc\"},\"alternateName\":\"Noticias de la Industria Turistica\",\"potentialAction\":[{\"@type\":\"SearchAction\",\"target\":{\"@type\":\"EntryPoint\",\"urlTemplate\":\"https:\/\/nitu.mx\/?s={search_term_string}\"},\"query-input\":\"required name=search_term_string\"}],\"inLanguage\":\"es-MX\"},{\"@type\":[\"Person\",\"Organization\"],\"@id\":\"https:\/\/nitu.mx\/#\/schema\/person\/ae7a53426417292d3dd07b45a33e01bc\",\"name\":\"Arturo Medina\",\"image\":{\"@type\":\"ImageObject\",\"inLanguage\":\"es-MX\",\"@id\":\"https:\/\/nitu.mx\/#\/schema\/person\/image\/\",\"url\":\"https:\/\/nitu.mx\/wp-content\/uploads\/2024\/04\/4A315622-1904-4D5C-B022-878CDC840E04-90x90-1.jpeg\",\"contentUrl\":\"https:\/\/nitu.mx\/wp-content\/uploads\/2024\/04\/4A315622-1904-4D5C-B022-878CDC840E04-90x90-1.jpeg\",\"width\":90,\"height\":90,\"caption\":\"Arturo Medina\"},\"logo\":{\"@id\":\"https:\/\/nitu.mx\/#\/schema\/person\/image\/\"},\"description\":\"Director NITU.mx, Egresado de la Escuela de Periodismo Carlos Septi\u00e9n Garc\u00eda. Periodista y analista especializado en turismo desde hace 35 a\u00f1os, radicado en Canc\u00fan Q.Roo. arturo@nitu.mx\",\"sameAs\":[\"https:\/\/nitu.mx\",\"https:\/\/www.facebook.com\/NITUmx\/\",\"medinacancun\",\"https:\/\/twitter.com\/@Arturo_Medina_G\"]},{\"@type\":\"Person\",\"@id\":\"https:\/\/nitu.mx\/#\/schema\/person\/4a28fe9bd65924f7c90623773daf1b0b\",\"name\":\"Redacci\u00f3n\",\"image\":{\"@type\":\"ImageObject\",\"inLanguage\":\"es-MX\",\"@id\":\"https:\/\/nitu.mx\/#\/schema\/person\/image\/\",\"url\":\"https:\/\/secure.gravatar.com\/avatar\/5dd011c8ccfc5cd7e4c81e42252aab38?s=96&d=mm&r=g\",\"contentUrl\":\"https:\/\/secure.gravatar.com\/avatar\/5dd011c8ccfc5cd7e4c81e42252aab38?s=96&d=mm&r=g\",\"caption\":\"Redacci\u00f3n\"},\"url\":\"https:\/\/nitu.mx\/index.php\/author\/redaccion\/\"}]}<\/script>\n<!-- \/ Yoast SEO plugin. -->","yoast_head_json":{"title":"375 vuelos son cancelados por hurac\u00e1n Dorian: American Airlines - Nitu - Noticias de la Industria Turistica","description":"La aerol\u00ednea American Airlines inform\u00f3 este lunes que ha cancelado 375 vuelos hasta el mi\u00e9rcoles debido al hurac\u00e1n 'Dorian'.","robots":{"index":"index","follow":"follow","max-snippet":"max-snippet:-1","max-image-preview":"max-image-preview:large","max-video-preview":"max-video-preview:-1"},"canonical":"https:\/\/nitu.mx\/index.php\/2019\/09\/02\/375-vuelos-son-cancelados-por-huracan-dorian-american-airlines\/","twitter_card":"summary_large_image","twitter_title":"375 vuelos son cancelados por hurac\u00e1n Dorian: American Airlines - Nitu - Noticias de la Industria Turistica","twitter_description":"La aerol\u00ednea American Airlines inform\u00f3 este lunes que ha cancelado 375 vuelos hasta el mi\u00e9rcoles debido al hurac\u00e1n 'Dorian'.","twitter_image":"https:\/\/nitu.mx\/wp-content\/uploads\/2019\/09\/American-Airlines-Dorian.jpg","twitter_creator":"@NITUmx","twitter_site":"@Arturo_Medina_G","twitter_misc":{"Escrito por":"Redacci\u00f3n","Tiempo de lectura":"1 minuto"},"schema":{"@context":"https:\/\/schema.org","@graph":[{"@type":"Article","@id":"https:\/\/nitu.mx\/index.php\/2019\/09\/02\/375-vuelos-son-cancelados-por-huracan-dorian-american-airlines\/#article","isPartOf":{"@id":"https:\/\/nitu.mx\/index.php\/2019\/09\/02\/375-vuelos-son-cancelados-por-huracan-dorian-american-airlines\/"},"author":{"name":"Redacci\u00f3n","@id":"https:\/\/nitu.mx\/#\/schema\/person\/4a28fe9bd65924f7c90623773daf1b0b"},"headline":"375 vuelos son cancelados por hurac\u00e1n Dorian: American Airlines","datePublished":"2019-09-03T04:37:54+00:00","dateModified":"2019-09-03T05:09:09+00:00","mainEntityOfPage":{"@id":"https:\/\/nitu.mx\/index.php\/2019\/09\/02\/375-vuelos-son-cancelados-por-huracan-dorian-american-airlines\/"},"wordCount":234,"commentCount":0,"publisher":{"@id":"https:\/\/nitu.mx\/#\/schema\/person\/ae7a53426417292d3dd07b45a33e01bc"},"image":{"@id":"https:\/\/nitu.mx\/index.php\/2019\/09\/02\/375-vuelos-son-cancelados-por-huracan-dorian-american-airlines\/#primaryimage"},"thumbnailUrl":"https:\/\/nitu.mx\/wp-content\/uploads\/2019\/09\/American-Airlines-Dorian.jpg","keywords":["American AIrlines","cancelaciones","Dorian","Fort Worth","Texas"],"articleSection":["Aerol\u00edneas","Destinos"],"inLanguage":"es-MX","potentialAction":[{"@type":"CommentAction","name":"Comment","target":["https:\/\/nitu.mx\/index.php\/2019\/09\/02\/375-vuelos-son-cancelados-por-huracan-dorian-american-airlines\/#respond"]}]},{"@type":"WebPage","@id":"https:\/\/nitu.mx\/index.php\/2019\/09\/02\/375-vuelos-son-cancelados-por-huracan-dorian-american-airlines\/","url":"https:\/\/nitu.mx\/index.php\/2019\/09\/02\/375-vuelos-son-cancelados-por-huracan-dorian-american-airlines\/","name":"375 vuelos son cancelados por hurac\u00e1n Dorian: American Airlines - Nitu - Noticias de la Industria Turistica","isPartOf":{"@id":"https:\/\/nitu.mx\/#website"},"primaryImageOfPage":{"@id":"https:\/\/nitu.mx\/index.php\/2019\/09\/02\/375-vuelos-son-cancelados-por-huracan-dorian-american-airlines\/#primaryimage"},"image":{"@id":"https:\/\/nitu.mx\/index.php\/2019\/09\/02\/375-vuelos-son-cancelados-por-huracan-dorian-american-airlines\/#primaryimage"},"thumbnailUrl":"https:\/\/nitu.mx\/wp-content\/uploads\/2019\/09\/American-Airlines-Dorian.jpg","datePublished":"2019-09-03T04:37:54+00:00","dateModified":"2019-09-03T05:09:09+00:00","description":"La aerol\u00ednea American Airlines inform\u00f3 este lunes que ha cancelado 375 vuelos hasta el mi\u00e9rcoles debido al hurac\u00e1n 'Dorian'.","breadcrumb":{"@id":"https:\/\/nitu.mx\/index.php\/2019\/09\/02\/375-vuelos-son-cancelados-por-huracan-dorian-american-airlines\/#breadcrumb"},"inLanguage":"es-MX","potentialAction":[{"@type":"ReadAction","target":["https:\/\/nitu.mx\/index.php\/2019\/09\/02\/375-vuelos-son-cancelados-por-huracan-dorian-american-airlines\/"]}]},{"@type":"ImageObject","inLanguage":"es-MX","@id":"https:\/\/nitu.mx\/index.php\/2019\/09\/02\/375-vuelos-son-cancelados-por-huracan-dorian-american-airlines\/#primaryimage","url":"https:\/\/nitu.mx\/wp-content\/uploads\/2019\/09\/American-Airlines-Dorian.jpg","contentUrl":"https:\/\/nitu.mx\/wp-content\/uploads\/2019\/09\/American-Airlines-Dorian.jpg","width":850,"height":480,"caption":"American Airlines Dorian"},{"@type":"BreadcrumbList","@id":"https:\/\/nitu.mx\/index.php\/2019\/09\/02\/375-vuelos-son-cancelados-por-huracan-dorian-american-airlines\/#breadcrumb","itemListElement":[{"@type":"ListItem","position":1,"name":"Inicio","item":"https:\/\/nitu.mx\/"},{"@type":"ListItem","position":2,"name":"375 vuelos son cancelados por hurac\u00e1n Dorian: American Airlines"}]},{"@type":"WebSite","@id":"https:\/\/nitu.mx\/#website","url":"https:\/\/nitu.mx\/","name":"Nitu - Noticias de la Industria Turistica","description":"Noticias de la Industria Turistica","publisher":{"@id":"https:\/\/nitu.mx\/#\/schema\/person\/ae7a53426417292d3dd07b45a33e01bc"},"alternateName":"Noticias de la Industria Turistica","potentialAction":[{"@type":"SearchAction","target":{"@type":"EntryPoint","urlTemplate":"https:\/\/nitu.mx\/?s={search_term_string}"},"query-input":"required name=search_term_string"}],"inLanguage":"es-MX"},{"@type":["Person","Organization"],"@id":"https:\/\/nitu.mx\/#\/schema\/person\/ae7a53426417292d3dd07b45a33e01bc","name":"Arturo Medina","image":{"@type":"ImageObject","inLanguage":"es-MX","@id":"https:\/\/nitu.mx\/#\/schema\/person\/image\/","url":"https:\/\/nitu.mx\/wp-content\/uploads\/2024\/04\/4A315622-1904-4D5C-B022-878CDC840E04-90x90-1.jpeg","contentUrl":"https:\/\/nitu.mx\/wp-content\/uploads\/2024\/04\/4A315622-1904-4D5C-B022-878CDC840E04-90x90-1.jpeg","width":90,"height":90,"caption":"Arturo Medina"},"logo":{"@id":"https:\/\/nitu.mx\/#\/schema\/person\/image\/"},"description":"Director NITU.mx, Egresado de la Escuela de Periodismo Carlos Septi\u00e9n Garc\u00eda. Periodista y analista especializado en turismo desde hace 35 a\u00f1os, radicado en Canc\u00fan Q.Roo. arturo@nitu.mx","sameAs":["https:\/\/nitu.mx","https:\/\/www.facebook.com\/NITUmx\/","medinacancun","https:\/\/twitter.com\/@Arturo_Medina_G"]},{"@type":"Person","@id":"https:\/\/nitu.mx\/#\/schema\/person\/4a28fe9bd65924f7c90623773daf1b0b","name":"Redacci\u00f3n","image":{"@type":"ImageObject","inLanguage":"es-MX","@id":"https:\/\/nitu.mx\/#\/schema\/person\/image\/","url":"https:\/\/secure.gravatar.com\/avatar\/5dd011c8ccfc5cd7e4c81e42252aab38?s=96&d=mm&r=g","contentUrl":"https:\/\/secure.gravatar.com\/avatar\/5dd011c8ccfc5cd7e4c81e42252aab38?s=96&d=mm&r=g","caption":"Redacci\u00f3n"},"url":"https:\/\/nitu.mx\/index.php\/author\/redaccion\/"}]}},"views":272,"_links":{"self":[{"href":"https:\/\/nitu.mx\/index.php\/wp-json\/wp\/v2\/posts\/35111"}],"collection":[{"href":"https:\/\/nitu.mx\/index.php\/wp-json\/wp\/v2\/posts"}],"about":[{"href":"https:\/\/nitu.mx\/index.php\/wp-json\/wp\/v2\/types\/post"}],"author":[{"embeddable":true,"href":"https:\/\/nitu.mx\/index.php\/wp-json\/wp\/v2\/users\/17"}],"replies":[{"embeddable":true,"href":"https:\/\/nitu.mx\/index.php\/wp-json\/wp\/v2\/comments?post=35111"}],"version-history":[{"count":2,"href":"https:\/\/nitu.mx\/index.php\/wp-json\/wp\/v2\/posts\/35111\/revisions"}],"predecessor-version":[{"id":35128,"href":"https:\/\/nitu.mx\/index.php\/wp-json\/wp\/v2\/posts\/35111\/revisions\/35128"}],"wp:featuredmedia":[{"embeddable":true,"href":"https:\/\/nitu.mx\/index.php\/wp-json\/wp\/v2\/media\/35126"}],"wp:attachment":[{"href":"https:\/\/nitu.mx\/index.php\/wp-json\/wp\/v2\/media?parent=35111"}],"wp:term":[{"taxonomy":"category","embeddable":true,"href":"https:\/\/nitu.mx\/index.php\/wp-json\/wp\/v2\/categories?post=35111"},{"taxonomy":"post_tag","embeddable":true,"href":"https:\/\/nitu.mx\/index.php\/wp-json\/wp\/v2\/tags?post=35111"}],"curies":[{"name":"wp","href":"https:\/\/api.w.org\/{rel}","templated":true}]}}