{"id":3501,"date":"2016-11-01T00:20:38","date_gmt":"2016-11-01T05:20:38","guid":{"rendered":"http:\/\/www.dev.nitu.mx\/?p=3501"},"modified":"2016-11-01T00:37:00","modified_gmt":"2016-11-01T05:37:00","slug":"sectur-lidera-a-empresas-turisticas-en-buen-fin-a-realizarse-del-18-al-21-proximo","status":"publish","type":"post","link":"https:\/\/nitu.mx\/index.php\/2016\/11\/01\/sectur-lidera-a-empresas-turisticas-en-buen-fin-a-realizarse-del-18-al-21-proximo\/","title":{"rendered":"Sectur lidera a empresas tur\u00edsticas en el Buen Fin"},"content":{"rendered":"<p><span style=\"color: #000000; font-family: Calibri;\">Este a\u00f1o, la Secretar\u00eda de Turismo (Sectur) liderar\u00e1 la integraci\u00f3n del sector tur\u00edstico al Buen Fin con su programa &#8220;Viajemos Todos por M\u00e9xico&#8221;, que \u201ccontribuye a fortalecer la econom\u00eda interna\u201d, asever\u00f3 el titular de la dependencia, Enrique de la Madrid. As\u00ed empresas como: Aerom\u00e9xico, Volaris, Interjet, VivaAerobus, PriceTravel y BestDay, entre otras se integrar\u00e1n al programa a realizarse del 18 al 21 de noviembre pr\u00f3ximo.<\/span><\/p>\n<p><span style=\"color: #000000; font-family: Calibri;\">El secretario de Turismo, Enrique de la Madrid Cordero ha comentado que es muy relevante que el Movimiento Nacional \u201cViajemos todos por M\u00e9xico\u201d se sume al Programa Buen Fin, porque se trata de crear una industria tur\u00edstica m\u00e1s accesible e incluyente. Explic\u00f3: \u201ccuando hac\u00edamos referencia a este movimiento nacional, lo explic\u00e1bamos como un Buen Fin al que el sector privado impulsaba y hasta la fecha se han incorporado a \u00e9l mil 86 empresas que se estima promueven m\u00e1s de mil 300 recorridos por diversos destinos con un descuento de hasta un 60 por ciento en los precios y en los paquetes\u201d.<\/span><\/p>\n<p><span style=\"color: #000000; font-family: Calibri;\">Con \u201cViajemos todos por M\u00e9xico\u201d el compromiso de la Sectur, a trav\u00e9s del Consejo de Promoci\u00f3n Tur\u00edstica de M\u00e9xico (CPTM), es promover con una inversi\u00f3n de 200 millones de pesos en los pr\u00f3ximos tres meses dicho programa. (<\/span><a title=\"Viajemos Todos por M\u00e9xico se integra a El Buen Fin\" href=\"http:\/\/www.dev.nitu.mx\/index.php\/2016\/09\/28\/viajemos-todos-por-mexico-se-integra-al-buen-fin\/\" rel=\"bookmark\">Viajemos Todos por M\u00e9xico se integra a El Buen Fin<\/a>).<\/p>\n<p><span style=\"color: #000000; font-family: Calibri;\">En su momento, el presidente de la Confederaci\u00f3n de C\u00e1maras Nacionales de Comercio, Servicios y Turismo (Concanaco), Enrique Solana Sent\u00edes, afirm\u00f3 que El Buen Fin es uno de los motores m\u00e1s fuertes para incentivar el mercado interno.<\/span><\/p>\n<p><span style=\"color: #000000; font-family: Calibri;\">En el 2015 las principales aerol\u00edneas del pa\u00eds se unieron a &#8221;El Buen Fin&#8221; y ofrecieron vuelos redondos en tarifas especiales, as\u00ed como meses sin intereses y descuentos de hasta 70 por ciento. Por ejemplo Grupo Aerom\u00e9xico comenz\u00f3 sus promociones desde la v\u00edspera del programa (13 de noviembre) y termin\u00f3 el d\u00eda 16, en destinos nacionales e internacionales, desde dos mil 199 hasta tres mil 799 pesos para rutas dom\u00e9sticas, y desde 229 hasta mil 99 d\u00f3lares para los vuelos fuera del pa\u00eds.<\/span><\/p>\n<p><span style=\"color: #000000; font-family: Calibri;\">As\u00ed una por una las empresas participantes presentaron sus ofertas. Este a\u00f1o se espera que tambi\u00e9n ofrezcan importantes descuentos y promociones.<\/span><\/p>\n","protected":false},"excerpt":{"rendered":"<p>Este a\u00f1o, la Secretar\u00eda de Turismo (Sectur) liderar\u00e1 la integraci\u00f3n del sector tur\u00edstico al Buen Fin con su programa &#8220;Viajemos Todos por M\u00e9xico&#8221;, que \u201ccontribuye a fortalecer la econom\u00eda interna\u201d, asever\u00f3 el titular de la dependencia, Enrique de la Madrid. As\u00ed empresas como: Aerom\u00e9xico, Volaris, Interjet, VivaAerobus, PriceTravel y BestDay, entre otras se integrar\u00e1n al [&hellip;]<\/p>\n","protected":false},"author":3,"featured_media":3521,"comment_status":"open","ping_status":"open","sticky":false,"template":"","format":"standard","meta":{"footnotes":""},"categories":[3,6],"tags":[71,612,1416,1417,172,756,359,293,131],"yoast_head":"<!-- This site is optimized with the Yoast SEO plugin v22.2 - https:\/\/yoast.com\/wordpress\/plugins\/seo\/ -->\n<title>Sectur lidera a empresas tur\u00edsticas en el Buen Fin - Nitu - Noticias de la Industria Turistica<\/title>\n<meta name=\"robots\" content=\"index, follow, max-snippet:-1, max-image-preview:large, max-video-preview:-1\" \/>\n<link rel=\"canonical\" href=\"https:\/\/nitu.mx\/index.php\/2016\/11\/01\/sectur-lidera-a-empresas-turisticas-en-buen-fin-a-realizarse-del-18-al-21-proximo\/\" \/>\n<meta name=\"twitter:card\" content=\"summary_large_image\" \/>\n<meta name=\"twitter:title\" content=\"Sectur lidera a empresas tur\u00edsticas en el Buen Fin - Nitu - Noticias de la Industria Turistica\" \/>\n<meta name=\"twitter:description\" content=\"Este a\u00f1o, la Secretar\u00eda de Turismo (Sectur) liderar\u00e1 la integraci\u00f3n del sector tur\u00edstico al Buen Fin con su programa &#8220;Viajemos Todos por M\u00e9xico&#8221;, que \u201ccontribuye a fortalecer la econom\u00eda interna\u201d, asever\u00f3 el titular de la dependencia, Enrique de la Madrid. As\u00ed empresas como: Aerom\u00e9xico, Volaris, Interjet, VivaAerobus, PriceTravel y BestDay, entre otras se integrar\u00e1n al [&hellip;]\" \/>\n<meta name=\"twitter:image\" content=\"https:\/\/nitu.mx\/wp-content\/uploads\/2016\/11\/SECTUR-BUEN-FIN.jpg\" \/>\n<meta name=\"twitter:creator\" content=\"@NITUmx\" \/>\n<meta name=\"twitter:site\" content=\"@Arturo_Medina_G\" \/>\n<meta name=\"twitter:label1\" content=\"Escrito por\" \/>\n\t<meta name=\"twitter:data1\" content=\"Alejandra Moncisbays\" \/>\n\t<meta name=\"twitter:label2\" content=\"Tiempo de lectura\" \/>\n\t<meta name=\"twitter:data2\" content=\"2 minutos\" \/>\n<script type=\"application\/ld+json\" class=\"yoast-schema-graph\">{\"@context\":\"https:\/\/schema.org\",\"@graph\":[{\"@type\":\"Article\",\"@id\":\"https:\/\/nitu.mx\/index.php\/2016\/11\/01\/sectur-lidera-a-empresas-turisticas-en-buen-fin-a-realizarse-del-18-al-21-proximo\/#article\",\"isPartOf\":{\"@id\":\"https:\/\/nitu.mx\/index.php\/2016\/11\/01\/sectur-lidera-a-empresas-turisticas-en-buen-fin-a-realizarse-del-18-al-21-proximo\/\"},\"author\":{\"name\":\"Alejandra Moncisbays\",\"@id\":\"https:\/\/nitu.mx\/#\/schema\/person\/2ecd887b19dfd3382d1f14fc5acf24a8\"},\"headline\":\"Sectur lidera a empresas tur\u00edsticas en el Buen Fin\",\"datePublished\":\"2016-11-01T05:20:38+00:00\",\"dateModified\":\"2016-11-01T05:37:00+00:00\",\"mainEntityOfPage\":{\"@id\":\"https:\/\/nitu.mx\/index.php\/2016\/11\/01\/sectur-lidera-a-empresas-turisticas-en-buen-fin-a-realizarse-del-18-al-21-proximo\/\"},\"wordCount\":387,\"commentCount\":0,\"publisher\":{\"@id\":\"https:\/\/nitu.mx\/#\/schema\/person\/ae7a53426417292d3dd07b45a33e01bc\"},\"image\":{\"@id\":\"https:\/\/nitu.mx\/index.php\/2016\/11\/01\/sectur-lidera-a-empresas-turisticas-en-buen-fin-a-realizarse-del-18-al-21-proximo\/#primaryimage\"},\"thumbnailUrl\":\"https:\/\/nitu.mx\/wp-content\/uploads\/2016\/11\/SECTUR-BUEN-FIN.jpg\",\"keywords\":[\"\u201cViajemos todos por M\u00e9xico\u201d\",\"Bestday\",\"Buen Fin\",\"Enrique de la Madrid. As\u00ed empresas como: Aerom\u00e9xico\",\"Interjet\",\"Price Travel\",\"Secretar\u00eda de Turismo (Sectur)\",\"VivaAerobus\",\"Volaris\"],\"articleSection\":[\"Agencias de Viajes\",\"M\u00e9xico\"],\"inLanguage\":\"es-MX\",\"potentialAction\":[{\"@type\":\"CommentAction\",\"name\":\"Comment\",\"target\":[\"https:\/\/nitu.mx\/index.php\/2016\/11\/01\/sectur-lidera-a-empresas-turisticas-en-buen-fin-a-realizarse-del-18-al-21-proximo\/#respond\"]}]},{\"@type\":\"WebPage\",\"@id\":\"https:\/\/nitu.mx\/index.php\/2016\/11\/01\/sectur-lidera-a-empresas-turisticas-en-buen-fin-a-realizarse-del-18-al-21-proximo\/\",\"url\":\"https:\/\/nitu.mx\/index.php\/2016\/11\/01\/sectur-lidera-a-empresas-turisticas-en-buen-fin-a-realizarse-del-18-al-21-proximo\/\",\"name\":\"Sectur lidera a empresas tur\u00edsticas en el Buen Fin - Nitu - Noticias de la Industria Turistica\",\"isPartOf\":{\"@id\":\"https:\/\/nitu.mx\/#website\"},\"primaryImageOfPage\":{\"@id\":\"https:\/\/nitu.mx\/index.php\/2016\/11\/01\/sectur-lidera-a-empresas-turisticas-en-buen-fin-a-realizarse-del-18-al-21-proximo\/#primaryimage\"},\"image\":{\"@id\":\"https:\/\/nitu.mx\/index.php\/2016\/11\/01\/sectur-lidera-a-empresas-turisticas-en-buen-fin-a-realizarse-del-18-al-21-proximo\/#primaryimage\"},\"thumbnailUrl\":\"https:\/\/nitu.mx\/wp-content\/uploads\/2016\/11\/SECTUR-BUEN-FIN.jpg\",\"datePublished\":\"2016-11-01T05:20:38+00:00\",\"dateModified\":\"2016-11-01T05:37:00+00:00\",\"breadcrumb\":{\"@id\":\"https:\/\/nitu.mx\/index.php\/2016\/11\/01\/sectur-lidera-a-empresas-turisticas-en-buen-fin-a-realizarse-del-18-al-21-proximo\/#breadcrumb\"},\"inLanguage\":\"es-MX\",\"potentialAction\":[{\"@type\":\"ReadAction\",\"target\":[\"https:\/\/nitu.mx\/index.php\/2016\/11\/01\/sectur-lidera-a-empresas-turisticas-en-buen-fin-a-realizarse-del-18-al-21-proximo\/\"]}]},{\"@type\":\"ImageObject\",\"inLanguage\":\"es-MX\",\"@id\":\"https:\/\/nitu.mx\/index.php\/2016\/11\/01\/sectur-lidera-a-empresas-turisticas-en-buen-fin-a-realizarse-del-18-al-21-proximo\/#primaryimage\",\"url\":\"https:\/\/nitu.mx\/wp-content\/uploads\/2016\/11\/SECTUR-BUEN-FIN.jpg\",\"contentUrl\":\"https:\/\/nitu.mx\/wp-content\/uploads\/2016\/11\/SECTUR-BUEN-FIN.jpg\",\"width\":1521,\"height\":987,\"caption\":\"Sectur Buen Fin\"},{\"@type\":\"BreadcrumbList\",\"@id\":\"https:\/\/nitu.mx\/index.php\/2016\/11\/01\/sectur-lidera-a-empresas-turisticas-en-buen-fin-a-realizarse-del-18-al-21-proximo\/#breadcrumb\",\"itemListElement\":[{\"@type\":\"ListItem\",\"position\":1,\"name\":\"Inicio\",\"item\":\"https:\/\/nitu.mx\/\"},{\"@type\":\"ListItem\",\"position\":2,\"name\":\"Sectur lidera a empresas tur\u00edsticas en el Buen Fin\"}]},{\"@type\":\"WebSite\",\"@id\":\"https:\/\/nitu.mx\/#website\",\"url\":\"https:\/\/nitu.mx\/\",\"name\":\"Nitu - Noticias de la Industria Turistica\",\"description\":\"Noticias de la Industria Turistica\",\"publisher\":{\"@id\":\"https:\/\/nitu.mx\/#\/schema\/person\/ae7a53426417292d3dd07b45a33e01bc\"},\"alternateName\":\"Noticias de la Industria Turistica\",\"potentialAction\":[{\"@type\":\"SearchAction\",\"target\":{\"@type\":\"EntryPoint\",\"urlTemplate\":\"https:\/\/nitu.mx\/?s={search_term_string}\"},\"query-input\":\"required name=search_term_string\"}],\"inLanguage\":\"es-MX\"},{\"@type\":[\"Person\",\"Organization\"],\"@id\":\"https:\/\/nitu.mx\/#\/schema\/person\/ae7a53426417292d3dd07b45a33e01bc\",\"name\":\"Arturo Medina\",\"image\":{\"@type\":\"ImageObject\",\"inLanguage\":\"es-MX\",\"@id\":\"https:\/\/nitu.mx\/#\/schema\/person\/image\/\",\"url\":\"https:\/\/nitu.mx\/wp-content\/uploads\/2024\/04\/4A315622-1904-4D5C-B022-878CDC840E04-90x90-1.jpeg\",\"contentUrl\":\"https:\/\/nitu.mx\/wp-content\/uploads\/2024\/04\/4A315622-1904-4D5C-B022-878CDC840E04-90x90-1.jpeg\",\"width\":90,\"height\":90,\"caption\":\"Arturo Medina\"},\"logo\":{\"@id\":\"https:\/\/nitu.mx\/#\/schema\/person\/image\/\"},\"description\":\"Director NITU.mx, Egresado de la Escuela de Periodismo Carlos Septi\u00e9n Garc\u00eda. Periodista y analista especializado en turismo desde hace 35 a\u00f1os, radicado en Canc\u00fan Q.Roo. arturo@nitu.mx\",\"sameAs\":[\"https:\/\/nitu.mx\",\"https:\/\/www.facebook.com\/NITUmx\/\",\"medinacancun\",\"https:\/\/twitter.com\/@Arturo_Medina_G\"]},{\"@type\":\"Person\",\"@id\":\"https:\/\/nitu.mx\/#\/schema\/person\/2ecd887b19dfd3382d1f14fc5acf24a8\",\"name\":\"Alejandra Moncisbays\",\"image\":{\"@type\":\"ImageObject\",\"inLanguage\":\"es-MX\",\"@id\":\"https:\/\/nitu.mx\/#\/schema\/person\/image\/\",\"url\":\"https:\/\/secure.gravatar.com\/avatar\/e74f7af0be172b7804dacfd0bfbef787?s=96&d=mm&r=g\",\"contentUrl\":\"https:\/\/secure.gravatar.com\/avatar\/e74f7af0be172b7804dacfd0bfbef787?s=96&d=mm&r=g\",\"caption\":\"Alejandra Moncisbays\"},\"description\":\"Curs\u00e9 la carrera de Periodismo y Comunicaci\u00f3n en la Facultad de Estudios Profesionales Acatl\u00e1n. Vivo en Canc\u00fan desde hace 24 a\u00f1os. Fui reportera de La Tarde de Canc\u00fan, y Novedades de Quintana Roo, colabor\u00e9 en TVCUN, edit\u00e9 Cancun\u00edssimo y colabor\u00e9 en las revistas Latitud21, entre otras, con principal enfoque en los sectores empresarial y tur\u00edstico. Desde hace varios a\u00f1os soy Agente de Seguros con c\u00e9dula de la Comisi\u00f3n Nacional de Seguros y Fianzas. Actualmente, me desarrollo en los \u00e1mbitos del periodismo y el sector asegurador.\",\"sameAs\":[\"https:\/\/nitu.mx\"],\"url\":\"https:\/\/nitu.mx\/index.php\/author\/alejandra\/\"}]}<\/script>\n<!-- \/ Yoast SEO plugin. -->","yoast_head_json":{"title":"Sectur lidera a empresas tur\u00edsticas en el Buen Fin - Nitu - Noticias de la Industria Turistica","robots":{"index":"index","follow":"follow","max-snippet":"max-snippet:-1","max-image-preview":"max-image-preview:large","max-video-preview":"max-video-preview:-1"},"canonical":"https:\/\/nitu.mx\/index.php\/2016\/11\/01\/sectur-lidera-a-empresas-turisticas-en-buen-fin-a-realizarse-del-18-al-21-proximo\/","twitter_card":"summary_large_image","twitter_title":"Sectur lidera a empresas tur\u00edsticas en el Buen Fin - Nitu - Noticias de la Industria Turistica","twitter_description":"Este a\u00f1o, la Secretar\u00eda de Turismo (Sectur) liderar\u00e1 la integraci\u00f3n del sector tur\u00edstico al Buen Fin con su programa &#8220;Viajemos Todos por M\u00e9xico&#8221;, que \u201ccontribuye a fortalecer la econom\u00eda interna\u201d, asever\u00f3 el titular de la dependencia, Enrique de la Madrid. As\u00ed empresas como: Aerom\u00e9xico, Volaris, Interjet, VivaAerobus, PriceTravel y BestDay, entre otras se integrar\u00e1n al [&hellip;]","twitter_image":"https:\/\/nitu.mx\/wp-content\/uploads\/2016\/11\/SECTUR-BUEN-FIN.jpg","twitter_creator":"@NITUmx","twitter_site":"@Arturo_Medina_G","twitter_misc":{"Escrito por":"Alejandra Moncisbays","Tiempo de lectura":"2 minutos"},"schema":{"@context":"https:\/\/schema.org","@graph":[{"@type":"Article","@id":"https:\/\/nitu.mx\/index.php\/2016\/11\/01\/sectur-lidera-a-empresas-turisticas-en-buen-fin-a-realizarse-del-18-al-21-proximo\/#article","isPartOf":{"@id":"https:\/\/nitu.mx\/index.php\/2016\/11\/01\/sectur-lidera-a-empresas-turisticas-en-buen-fin-a-realizarse-del-18-al-21-proximo\/"},"author":{"name":"Alejandra Moncisbays","@id":"https:\/\/nitu.mx\/#\/schema\/person\/2ecd887b19dfd3382d1f14fc5acf24a8"},"headline":"Sectur lidera a empresas tur\u00edsticas en el Buen Fin","datePublished":"2016-11-01T05:20:38+00:00","dateModified":"2016-11-01T05:37:00+00:00","mainEntityOfPage":{"@id":"https:\/\/nitu.mx\/index.php\/2016\/11\/01\/sectur-lidera-a-empresas-turisticas-en-buen-fin-a-realizarse-del-18-al-21-proximo\/"},"wordCount":387,"commentCount":0,"publisher":{"@id":"https:\/\/nitu.mx\/#\/schema\/person\/ae7a53426417292d3dd07b45a33e01bc"},"image":{"@id":"https:\/\/nitu.mx\/index.php\/2016\/11\/01\/sectur-lidera-a-empresas-turisticas-en-buen-fin-a-realizarse-del-18-al-21-proximo\/#primaryimage"},"thumbnailUrl":"https:\/\/nitu.mx\/wp-content\/uploads\/2016\/11\/SECTUR-BUEN-FIN.jpg","keywords":["\u201cViajemos todos por M\u00e9xico\u201d","Bestday","Buen Fin","Enrique de la Madrid. As\u00ed empresas como: Aerom\u00e9xico","Interjet","Price Travel","Secretar\u00eda de Turismo (Sectur)","VivaAerobus","Volaris"],"articleSection":["Agencias de Viajes","M\u00e9xico"],"inLanguage":"es-MX","potentialAction":[{"@type":"CommentAction","name":"Comment","target":["https:\/\/nitu.mx\/index.php\/2016\/11\/01\/sectur-lidera-a-empresas-turisticas-en-buen-fin-a-realizarse-del-18-al-21-proximo\/#respond"]}]},{"@type":"WebPage","@id":"https:\/\/nitu.mx\/index.php\/2016\/11\/01\/sectur-lidera-a-empresas-turisticas-en-buen-fin-a-realizarse-del-18-al-21-proximo\/","url":"https:\/\/nitu.mx\/index.php\/2016\/11\/01\/sectur-lidera-a-empresas-turisticas-en-buen-fin-a-realizarse-del-18-al-21-proximo\/","name":"Sectur lidera a empresas tur\u00edsticas en el Buen Fin - Nitu - Noticias de la Industria Turistica","isPartOf":{"@id":"https:\/\/nitu.mx\/#website"},"primaryImageOfPage":{"@id":"https:\/\/nitu.mx\/index.php\/2016\/11\/01\/sectur-lidera-a-empresas-turisticas-en-buen-fin-a-realizarse-del-18-al-21-proximo\/#primaryimage"},"image":{"@id":"https:\/\/nitu.mx\/index.php\/2016\/11\/01\/sectur-lidera-a-empresas-turisticas-en-buen-fin-a-realizarse-del-18-al-21-proximo\/#primaryimage"},"thumbnailUrl":"https:\/\/nitu.mx\/wp-content\/uploads\/2016\/11\/SECTUR-BUEN-FIN.jpg","datePublished":"2016-11-01T05:20:38+00:00","dateModified":"2016-11-01T05:37:00+00:00","breadcrumb":{"@id":"https:\/\/nitu.mx\/index.php\/2016\/11\/01\/sectur-lidera-a-empresas-turisticas-en-buen-fin-a-realizarse-del-18-al-21-proximo\/#breadcrumb"},"inLanguage":"es-MX","potentialAction":[{"@type":"ReadAction","target":["https:\/\/nitu.mx\/index.php\/2016\/11\/01\/sectur-lidera-a-empresas-turisticas-en-buen-fin-a-realizarse-del-18-al-21-proximo\/"]}]},{"@type":"ImageObject","inLanguage":"es-MX","@id":"https:\/\/nitu.mx\/index.php\/2016\/11\/01\/sectur-lidera-a-empresas-turisticas-en-buen-fin-a-realizarse-del-18-al-21-proximo\/#primaryimage","url":"https:\/\/nitu.mx\/wp-content\/uploads\/2016\/11\/SECTUR-BUEN-FIN.jpg","contentUrl":"https:\/\/nitu.mx\/wp-content\/uploads\/2016\/11\/SECTUR-BUEN-FIN.jpg","width":1521,"height":987,"caption":"Sectur Buen Fin"},{"@type":"BreadcrumbList","@id":"https:\/\/nitu.mx\/index.php\/2016\/11\/01\/sectur-lidera-a-empresas-turisticas-en-buen-fin-a-realizarse-del-18-al-21-proximo\/#breadcrumb","itemListElement":[{"@type":"ListItem","position":1,"name":"Inicio","item":"https:\/\/nitu.mx\/"},{"@type":"ListItem","position":2,"name":"Sectur lidera a empresas tur\u00edsticas en el Buen Fin"}]},{"@type":"WebSite","@id":"https:\/\/nitu.mx\/#website","url":"https:\/\/nitu.mx\/","name":"Nitu - Noticias de la Industria Turistica","description":"Noticias de la Industria Turistica","publisher":{"@id":"https:\/\/nitu.mx\/#\/schema\/person\/ae7a53426417292d3dd07b45a33e01bc"},"alternateName":"Noticias de la Industria Turistica","potentialAction":[{"@type":"SearchAction","target":{"@type":"EntryPoint","urlTemplate":"https:\/\/nitu.mx\/?s={search_term_string}"},"query-input":"required name=search_term_string"}],"inLanguage":"es-MX"},{"@type":["Person","Organization"],"@id":"https:\/\/nitu.mx\/#\/schema\/person\/ae7a53426417292d3dd07b45a33e01bc","name":"Arturo Medina","image":{"@type":"ImageObject","inLanguage":"es-MX","@id":"https:\/\/nitu.mx\/#\/schema\/person\/image\/","url":"https:\/\/nitu.mx\/wp-content\/uploads\/2024\/04\/4A315622-1904-4D5C-B022-878CDC840E04-90x90-1.jpeg","contentUrl":"https:\/\/nitu.mx\/wp-content\/uploads\/2024\/04\/4A315622-1904-4D5C-B022-878CDC840E04-90x90-1.jpeg","width":90,"height":90,"caption":"Arturo Medina"},"logo":{"@id":"https:\/\/nitu.mx\/#\/schema\/person\/image\/"},"description":"Director NITU.mx, Egresado de la Escuela de Periodismo Carlos Septi\u00e9n Garc\u00eda. Periodista y analista especializado en turismo desde hace 35 a\u00f1os, radicado en Canc\u00fan Q.Roo. arturo@nitu.mx","sameAs":["https:\/\/nitu.mx","https:\/\/www.facebook.com\/NITUmx\/","medinacancun","https:\/\/twitter.com\/@Arturo_Medina_G"]},{"@type":"Person","@id":"https:\/\/nitu.mx\/#\/schema\/person\/2ecd887b19dfd3382d1f14fc5acf24a8","name":"Alejandra Moncisbays","image":{"@type":"ImageObject","inLanguage":"es-MX","@id":"https:\/\/nitu.mx\/#\/schema\/person\/image\/","url":"https:\/\/secure.gravatar.com\/avatar\/e74f7af0be172b7804dacfd0bfbef787?s=96&d=mm&r=g","contentUrl":"https:\/\/secure.gravatar.com\/avatar\/e74f7af0be172b7804dacfd0bfbef787?s=96&d=mm&r=g","caption":"Alejandra Moncisbays"},"description":"Curs\u00e9 la carrera de Periodismo y Comunicaci\u00f3n en la Facultad de Estudios Profesionales Acatl\u00e1n. Vivo en Canc\u00fan desde hace 24 a\u00f1os. Fui reportera de La Tarde de Canc\u00fan, y Novedades de Quintana Roo, colabor\u00e9 en TVCUN, edit\u00e9 Cancun\u00edssimo y colabor\u00e9 en las revistas Latitud21, entre otras, con principal enfoque en los sectores empresarial y tur\u00edstico. Desde hace varios a\u00f1os soy Agente de Seguros con c\u00e9dula de la Comisi\u00f3n Nacional de Seguros y Fianzas. Actualmente, me desarrollo en los \u00e1mbitos del periodismo y el sector asegurador.","sameAs":["https:\/\/nitu.mx"],"url":"https:\/\/nitu.mx\/index.php\/author\/alejandra\/"}]}},"views":339,"_links":{"self":[{"href":"https:\/\/nitu.mx\/index.php\/wp-json\/wp\/v2\/posts\/3501"}],"collection":[{"href":"https:\/\/nitu.mx\/index.php\/wp-json\/wp\/v2\/posts"}],"about":[{"href":"https:\/\/nitu.mx\/index.php\/wp-json\/wp\/v2\/types\/post"}],"author":[{"embeddable":true,"href":"https:\/\/nitu.mx\/index.php\/wp-json\/wp\/v2\/users\/3"}],"replies":[{"embeddable":true,"href":"https:\/\/nitu.mx\/index.php\/wp-json\/wp\/v2\/comments?post=3501"}],"version-history":[{"count":4,"href":"https:\/\/nitu.mx\/index.php\/wp-json\/wp\/v2\/posts\/3501\/revisions"}],"predecessor-version":[{"id":3517,"href":"https:\/\/nitu.mx\/index.php\/wp-json\/wp\/v2\/posts\/3501\/revisions\/3517"}],"wp:featuredmedia":[{"embeddable":true,"href":"https:\/\/nitu.mx\/index.php\/wp-json\/wp\/v2\/media\/3521"}],"wp:attachment":[{"href":"https:\/\/nitu.mx\/index.php\/wp-json\/wp\/v2\/media?parent=3501"}],"wp:term":[{"taxonomy":"category","embeddable":true,"href":"https:\/\/nitu.mx\/index.php\/wp-json\/wp\/v2\/categories?post=3501"},{"taxonomy":"post_tag","embeddable":true,"href":"https:\/\/nitu.mx\/index.php\/wp-json\/wp\/v2\/tags?post=3501"}],"curies":[{"name":"wp","href":"https:\/\/api.w.org\/{rel}","templated":true}]}}