{"id":34991,"date":"2019-08-28T23:31:03","date_gmt":"2019-08-29T04:31:03","guid":{"rendered":"https:\/\/www.dev.nitu.mx\/?p=34991"},"modified":"2019-08-29T00:20:21","modified_gmt":"2019-08-29T05:20:21","slug":"participa-dario-flota-ocampo-en-congreso-turistico-en-colombia","status":"publish","type":"post","link":"https:\/\/nitu.mx\/index.php\/2019\/08\/28\/participa-dario-flota-ocampo-en-congreso-turistico-en-colombia\/","title":{"rendered":"Participa Dar\u00edo Flota Ocampo en Congreso Tur\u00edstico en Colombia"},"content":{"rendered":"<p>Para promover los destinos tur\u00edsticos del estado, el Consejo de Promoci\u00f3n Tur\u00edstica de Quintana Roo (CPTQ) a cargo de Dar\u00edo Flota Ocampo, particip\u00f3 en el 7\u00ba Congreso Iberoamericano de Producto Tur\u00edstico en Colombia.<\/p>\n<p>El objetivo del evento, realizado del 21 al 23 de agosto, fue reunir a los profesionales del turismo para capacitarlos y estimular la creaci\u00f3n de productos tur\u00edsticos, para que lleguen m\u00e1s visitantes al estado que generan derrama econ\u00f3mica en beneficio de las familias que dependen de esta actividad econ\u00f3mica.<\/p>\n<p>Flota Ocampo en conferencia promocion\u00f3 los destinos tur\u00edsticos del Caribe mexicano, como Riviera Maya y Playa del Carmen. As\u00ed mismo, mostr\u00f3 el crecimiento que ha tenido en Quintana Roo el mercado colombiano\u00a0en los \u00faltimos a\u00f1o, pasando de 45 mil 720 turistas en 2012 a 211 mil 834 en 2018, lo que representa un crecimiento de 463 por ciento, en su mayor\u00eda viajando con familiares y con un promedio de estancia de seis d\u00edas. (Canc\u00fanactivo.com).\u00a0<a title=\"Inauguran consulado de Colombia en Canc\u00fan para incrementar turismo e inversi\u00f3n\" href=\"https:\/\/www.dev.nitu.mx\/index.php\/2019\/05\/03\/inauguran-consulado-de-colombia-en-cancun-para-incrementar-turismo-e-inversion\/\" rel=\"bookmark\">(Inauguran consulado de Colombia en Canc\u00fan para incrementar turismo e inversi\u00f3n<\/a>).<\/p>\n","protected":false},"excerpt":{"rendered":"<p>Para promover los destinos tur\u00edsticos del estado, el Consejo de Promoci\u00f3n Tur\u00edstica de Quintana Roo (CPTQ) a cargo de Dar\u00edo Flota Ocampo, particip\u00f3 en el 7\u00ba Congreso Iberoamericano de Producto Tur\u00edstico en Colombia. El objetivo del evento, realizado del 21 al 23 de agosto, fue reunir a los profesionales del turismo para capacitarlos y estimular [&hellip;]<\/p>\n","protected":false},"author":17,"featured_media":34997,"comment_status":"open","ping_status":"open","sticky":false,"template":"","format":"standard","meta":{"footnotes":""},"categories":[5,12],"tags":[17174,224,3161,8145,874,17172],"yoast_head":"<!-- This site is optimized with the Yoast SEO plugin v22.2 - https:\/\/yoast.com\/wordpress\/plugins\/seo\/ -->\n<title>Participa Dar\u00edo Flota Ocampo en Congreso Tur\u00edstico en Colombia - Nitu - Noticias de la Industria Turistica<\/title>\n<meta name=\"description\" content=\"El Consejo de Promoci\u00f3n Tur\u00edstica de Quintana Roo (CPTQ) particip\u00f3 en el 7\u00ba Congreso Iberoamericano de Producto Tur\u00edstico en Colombia.\" \/>\n<meta name=\"robots\" content=\"index, follow, max-snippet:-1, max-image-preview:large, max-video-preview:-1\" \/>\n<link rel=\"canonical\" href=\"https:\/\/nitu.mx\/index.php\/2019\/08\/28\/participa-dario-flota-ocampo-en-congreso-turistico-en-colombia\/\" \/>\n<meta name=\"twitter:card\" content=\"summary_large_image\" \/>\n<meta name=\"twitter:title\" content=\"Participa Dar\u00edo Flota Ocampo en Congreso Tur\u00edstico en Colombia - Nitu - Noticias de la Industria Turistica\" \/>\n<meta name=\"twitter:description\" content=\"El Consejo de Promoci\u00f3n Tur\u00edstica de Quintana Roo (CPTQ) particip\u00f3 en el 7\u00ba Congreso Iberoamericano de Producto Tur\u00edstico en Colombia.\" \/>\n<meta name=\"twitter:image\" content=\"https:\/\/nitu.mx\/wp-content\/uploads\/2019\/08\/Congreso-Iberoamericano.jpg\" \/>\n<meta name=\"twitter:creator\" content=\"@NITUmx\" \/>\n<meta name=\"twitter:site\" content=\"@Arturo_Medina_G\" \/>\n<meta name=\"twitter:label1\" content=\"Escrito por\" \/>\n\t<meta name=\"twitter:data1\" content=\"Redacci\u00f3n\" \/>\n\t<meta name=\"twitter:label2\" content=\"Tiempo de lectura\" \/>\n\t<meta name=\"twitter:data2\" content=\"1 minuto\" \/>\n<script type=\"application\/ld+json\" class=\"yoast-schema-graph\">{\"@context\":\"https:\/\/schema.org\",\"@graph\":[{\"@type\":\"Article\",\"@id\":\"https:\/\/nitu.mx\/index.php\/2019\/08\/28\/participa-dario-flota-ocampo-en-congreso-turistico-en-colombia\/#article\",\"isPartOf\":{\"@id\":\"https:\/\/nitu.mx\/index.php\/2019\/08\/28\/participa-dario-flota-ocampo-en-congreso-turistico-en-colombia\/\"},\"author\":{\"name\":\"Redacci\u00f3n\",\"@id\":\"https:\/\/nitu.mx\/#\/schema\/person\/4a28fe9bd65924f7c90623773daf1b0b\"},\"headline\":\"Participa Dar\u00edo Flota Ocampo en Congreso Tur\u00edstico en Colombia\",\"datePublished\":\"2019-08-29T04:31:03+00:00\",\"dateModified\":\"2019-08-29T05:20:21+00:00\",\"mainEntityOfPage\":{\"@id\":\"https:\/\/nitu.mx\/index.php\/2019\/08\/28\/participa-dario-flota-ocampo-en-congreso-turistico-en-colombia\/\"},\"wordCount\":187,\"commentCount\":0,\"publisher\":{\"@id\":\"https:\/\/nitu.mx\/#\/schema\/person\/ae7a53426417292d3dd07b45a33e01bc\"},\"image\":{\"@id\":\"https:\/\/nitu.mx\/index.php\/2019\/08\/28\/participa-dario-flota-ocampo-en-congreso-turistico-en-colombia\/#primaryimage\"},\"thumbnailUrl\":\"https:\/\/nitu.mx\/wp-content\/uploads\/2019\/08\/Congreso-Iberoamericano.jpg\",\"keywords\":[\"7\u00ba Congreso Iberoamericano de Producto Tur\u00edstico en Colombia\",\"Colombia\",\"Consejo de Promoci\u00f3n Tur\u00edstica de Quintana Roo\",\"CPTQ\",\"Dar\u00edo Flota Ocampo\",\"destinos tur\u00edsticos del Estado\"],\"articleSection\":[\"Destinos\",\"Marketing\"],\"inLanguage\":\"es-MX\",\"potentialAction\":[{\"@type\":\"CommentAction\",\"name\":\"Comment\",\"target\":[\"https:\/\/nitu.mx\/index.php\/2019\/08\/28\/participa-dario-flota-ocampo-en-congreso-turistico-en-colombia\/#respond\"]}]},{\"@type\":\"WebPage\",\"@id\":\"https:\/\/nitu.mx\/index.php\/2019\/08\/28\/participa-dario-flota-ocampo-en-congreso-turistico-en-colombia\/\",\"url\":\"https:\/\/nitu.mx\/index.php\/2019\/08\/28\/participa-dario-flota-ocampo-en-congreso-turistico-en-colombia\/\",\"name\":\"Participa Dar\u00edo Flota Ocampo en Congreso Tur\u00edstico en Colombia - Nitu - Noticias de la Industria Turistica\",\"isPartOf\":{\"@id\":\"https:\/\/nitu.mx\/#website\"},\"primaryImageOfPage\":{\"@id\":\"https:\/\/nitu.mx\/index.php\/2019\/08\/28\/participa-dario-flota-ocampo-en-congreso-turistico-en-colombia\/#primaryimage\"},\"image\":{\"@id\":\"https:\/\/nitu.mx\/index.php\/2019\/08\/28\/participa-dario-flota-ocampo-en-congreso-turistico-en-colombia\/#primaryimage\"},\"thumbnailUrl\":\"https:\/\/nitu.mx\/wp-content\/uploads\/2019\/08\/Congreso-Iberoamericano.jpg\",\"datePublished\":\"2019-08-29T04:31:03+00:00\",\"dateModified\":\"2019-08-29T05:20:21+00:00\",\"description\":\"El Consejo de Promoci\u00f3n Tur\u00edstica de Quintana Roo (CPTQ) particip\u00f3 en el 7\u00ba Congreso Iberoamericano de Producto Tur\u00edstico en Colombia.\",\"breadcrumb\":{\"@id\":\"https:\/\/nitu.mx\/index.php\/2019\/08\/28\/participa-dario-flota-ocampo-en-congreso-turistico-en-colombia\/#breadcrumb\"},\"inLanguage\":\"es-MX\",\"potentialAction\":[{\"@type\":\"ReadAction\",\"target\":[\"https:\/\/nitu.mx\/index.php\/2019\/08\/28\/participa-dario-flota-ocampo-en-congreso-turistico-en-colombia\/\"]}]},{\"@type\":\"ImageObject\",\"inLanguage\":\"es-MX\",\"@id\":\"https:\/\/nitu.mx\/index.php\/2019\/08\/28\/participa-dario-flota-ocampo-en-congreso-turistico-en-colombia\/#primaryimage\",\"url\":\"https:\/\/nitu.mx\/wp-content\/uploads\/2019\/08\/Congreso-Iberoamericano.jpg\",\"contentUrl\":\"https:\/\/nitu.mx\/wp-content\/uploads\/2019\/08\/Congreso-Iberoamericano.jpg\",\"width\":850,\"height\":480,\"caption\":\"Colombia\"},{\"@type\":\"BreadcrumbList\",\"@id\":\"https:\/\/nitu.mx\/index.php\/2019\/08\/28\/participa-dario-flota-ocampo-en-congreso-turistico-en-colombia\/#breadcrumb\",\"itemListElement\":[{\"@type\":\"ListItem\",\"position\":1,\"name\":\"Inicio\",\"item\":\"https:\/\/nitu.mx\/\"},{\"@type\":\"ListItem\",\"position\":2,\"name\":\"Participa Dar\u00edo Flota Ocampo en Congreso Tur\u00edstico en Colombia\"}]},{\"@type\":\"WebSite\",\"@id\":\"https:\/\/nitu.mx\/#website\",\"url\":\"https:\/\/nitu.mx\/\",\"name\":\"Nitu - Noticias de la Industria Turistica\",\"description\":\"Noticias de la Industria Turistica\",\"publisher\":{\"@id\":\"https:\/\/nitu.mx\/#\/schema\/person\/ae7a53426417292d3dd07b45a33e01bc\"},\"alternateName\":\"Noticias de la Industria Turistica\",\"potentialAction\":[{\"@type\":\"SearchAction\",\"target\":{\"@type\":\"EntryPoint\",\"urlTemplate\":\"https:\/\/nitu.mx\/?s={search_term_string}\"},\"query-input\":\"required name=search_term_string\"}],\"inLanguage\":\"es-MX\"},{\"@type\":[\"Person\",\"Organization\"],\"@id\":\"https:\/\/nitu.mx\/#\/schema\/person\/ae7a53426417292d3dd07b45a33e01bc\",\"name\":\"Arturo Medina\",\"image\":{\"@type\":\"ImageObject\",\"inLanguage\":\"es-MX\",\"@id\":\"https:\/\/nitu.mx\/#\/schema\/person\/image\/\",\"url\":\"https:\/\/nitu.mx\/wp-content\/uploads\/2024\/04\/4A315622-1904-4D5C-B022-878CDC840E04-90x90-1.jpeg\",\"contentUrl\":\"https:\/\/nitu.mx\/wp-content\/uploads\/2024\/04\/4A315622-1904-4D5C-B022-878CDC840E04-90x90-1.jpeg\",\"width\":90,\"height\":90,\"caption\":\"Arturo Medina\"},\"logo\":{\"@id\":\"https:\/\/nitu.mx\/#\/schema\/person\/image\/\"},\"description\":\"Director NITU.mx, Egresado de la Escuela de Periodismo Carlos Septi\u00e9n Garc\u00eda. Periodista y analista especializado en turismo desde hace 35 a\u00f1os, radicado en Canc\u00fan Q.Roo. arturo@nitu.mx\",\"sameAs\":[\"https:\/\/nitu.mx\",\"https:\/\/www.facebook.com\/NITUmx\/\",\"medinacancun\",\"https:\/\/twitter.com\/@Arturo_Medina_G\"]},{\"@type\":\"Person\",\"@id\":\"https:\/\/nitu.mx\/#\/schema\/person\/4a28fe9bd65924f7c90623773daf1b0b\",\"name\":\"Redacci\u00f3n\",\"image\":{\"@type\":\"ImageObject\",\"inLanguage\":\"es-MX\",\"@id\":\"https:\/\/nitu.mx\/#\/schema\/person\/image\/\",\"url\":\"https:\/\/secure.gravatar.com\/avatar\/5dd011c8ccfc5cd7e4c81e42252aab38?s=96&d=mm&r=g\",\"contentUrl\":\"https:\/\/secure.gravatar.com\/avatar\/5dd011c8ccfc5cd7e4c81e42252aab38?s=96&d=mm&r=g\",\"caption\":\"Redacci\u00f3n\"},\"url\":\"https:\/\/nitu.mx\/index.php\/author\/redaccion\/\"}]}<\/script>\n<!-- \/ Yoast SEO plugin. -->","yoast_head_json":{"title":"Participa Dar\u00edo Flota Ocampo en Congreso Tur\u00edstico en Colombia - Nitu - Noticias de la Industria Turistica","description":"El Consejo de Promoci\u00f3n Tur\u00edstica de Quintana Roo (CPTQ) particip\u00f3 en el 7\u00ba Congreso Iberoamericano de Producto Tur\u00edstico en Colombia.","robots":{"index":"index","follow":"follow","max-snippet":"max-snippet:-1","max-image-preview":"max-image-preview:large","max-video-preview":"max-video-preview:-1"},"canonical":"https:\/\/nitu.mx\/index.php\/2019\/08\/28\/participa-dario-flota-ocampo-en-congreso-turistico-en-colombia\/","twitter_card":"summary_large_image","twitter_title":"Participa Dar\u00edo Flota Ocampo en Congreso Tur\u00edstico en Colombia - Nitu - Noticias de la Industria Turistica","twitter_description":"El Consejo de Promoci\u00f3n Tur\u00edstica de Quintana Roo (CPTQ) particip\u00f3 en el 7\u00ba Congreso Iberoamericano de Producto Tur\u00edstico en Colombia.","twitter_image":"https:\/\/nitu.mx\/wp-content\/uploads\/2019\/08\/Congreso-Iberoamericano.jpg","twitter_creator":"@NITUmx","twitter_site":"@Arturo_Medina_G","twitter_misc":{"Escrito por":"Redacci\u00f3n","Tiempo de lectura":"1 minuto"},"schema":{"@context":"https:\/\/schema.org","@graph":[{"@type":"Article","@id":"https:\/\/nitu.mx\/index.php\/2019\/08\/28\/participa-dario-flota-ocampo-en-congreso-turistico-en-colombia\/#article","isPartOf":{"@id":"https:\/\/nitu.mx\/index.php\/2019\/08\/28\/participa-dario-flota-ocampo-en-congreso-turistico-en-colombia\/"},"author":{"name":"Redacci\u00f3n","@id":"https:\/\/nitu.mx\/#\/schema\/person\/4a28fe9bd65924f7c90623773daf1b0b"},"headline":"Participa Dar\u00edo Flota Ocampo en Congreso Tur\u00edstico en Colombia","datePublished":"2019-08-29T04:31:03+00:00","dateModified":"2019-08-29T05:20:21+00:00","mainEntityOfPage":{"@id":"https:\/\/nitu.mx\/index.php\/2019\/08\/28\/participa-dario-flota-ocampo-en-congreso-turistico-en-colombia\/"},"wordCount":187,"commentCount":0,"publisher":{"@id":"https:\/\/nitu.mx\/#\/schema\/person\/ae7a53426417292d3dd07b45a33e01bc"},"image":{"@id":"https:\/\/nitu.mx\/index.php\/2019\/08\/28\/participa-dario-flota-ocampo-en-congreso-turistico-en-colombia\/#primaryimage"},"thumbnailUrl":"https:\/\/nitu.mx\/wp-content\/uploads\/2019\/08\/Congreso-Iberoamericano.jpg","keywords":["7\u00ba Congreso Iberoamericano de Producto Tur\u00edstico en Colombia","Colombia","Consejo de Promoci\u00f3n Tur\u00edstica de Quintana Roo","CPTQ","Dar\u00edo Flota Ocampo","destinos tur\u00edsticos del Estado"],"articleSection":["Destinos","Marketing"],"inLanguage":"es-MX","potentialAction":[{"@type":"CommentAction","name":"Comment","target":["https:\/\/nitu.mx\/index.php\/2019\/08\/28\/participa-dario-flota-ocampo-en-congreso-turistico-en-colombia\/#respond"]}]},{"@type":"WebPage","@id":"https:\/\/nitu.mx\/index.php\/2019\/08\/28\/participa-dario-flota-ocampo-en-congreso-turistico-en-colombia\/","url":"https:\/\/nitu.mx\/index.php\/2019\/08\/28\/participa-dario-flota-ocampo-en-congreso-turistico-en-colombia\/","name":"Participa Dar\u00edo Flota Ocampo en Congreso Tur\u00edstico en Colombia - Nitu - Noticias de la Industria Turistica","isPartOf":{"@id":"https:\/\/nitu.mx\/#website"},"primaryImageOfPage":{"@id":"https:\/\/nitu.mx\/index.php\/2019\/08\/28\/participa-dario-flota-ocampo-en-congreso-turistico-en-colombia\/#primaryimage"},"image":{"@id":"https:\/\/nitu.mx\/index.php\/2019\/08\/28\/participa-dario-flota-ocampo-en-congreso-turistico-en-colombia\/#primaryimage"},"thumbnailUrl":"https:\/\/nitu.mx\/wp-content\/uploads\/2019\/08\/Congreso-Iberoamericano.jpg","datePublished":"2019-08-29T04:31:03+00:00","dateModified":"2019-08-29T05:20:21+00:00","description":"El Consejo de Promoci\u00f3n Tur\u00edstica de Quintana Roo (CPTQ) particip\u00f3 en el 7\u00ba Congreso Iberoamericano de Producto Tur\u00edstico en Colombia.","breadcrumb":{"@id":"https:\/\/nitu.mx\/index.php\/2019\/08\/28\/participa-dario-flota-ocampo-en-congreso-turistico-en-colombia\/#breadcrumb"},"inLanguage":"es-MX","potentialAction":[{"@type":"ReadAction","target":["https:\/\/nitu.mx\/index.php\/2019\/08\/28\/participa-dario-flota-ocampo-en-congreso-turistico-en-colombia\/"]}]},{"@type":"ImageObject","inLanguage":"es-MX","@id":"https:\/\/nitu.mx\/index.php\/2019\/08\/28\/participa-dario-flota-ocampo-en-congreso-turistico-en-colombia\/#primaryimage","url":"https:\/\/nitu.mx\/wp-content\/uploads\/2019\/08\/Congreso-Iberoamericano.jpg","contentUrl":"https:\/\/nitu.mx\/wp-content\/uploads\/2019\/08\/Congreso-Iberoamericano.jpg","width":850,"height":480,"caption":"Colombia"},{"@type":"BreadcrumbList","@id":"https:\/\/nitu.mx\/index.php\/2019\/08\/28\/participa-dario-flota-ocampo-en-congreso-turistico-en-colombia\/#breadcrumb","itemListElement":[{"@type":"ListItem","position":1,"name":"Inicio","item":"https:\/\/nitu.mx\/"},{"@type":"ListItem","position":2,"name":"Participa Dar\u00edo Flota Ocampo en Congreso Tur\u00edstico en Colombia"}]},{"@type":"WebSite","@id":"https:\/\/nitu.mx\/#website","url":"https:\/\/nitu.mx\/","name":"Nitu - Noticias de la Industria Turistica","description":"Noticias de la Industria Turistica","publisher":{"@id":"https:\/\/nitu.mx\/#\/schema\/person\/ae7a53426417292d3dd07b45a33e01bc"},"alternateName":"Noticias de la Industria Turistica","potentialAction":[{"@type":"SearchAction","target":{"@type":"EntryPoint","urlTemplate":"https:\/\/nitu.mx\/?s={search_term_string}"},"query-input":"required name=search_term_string"}],"inLanguage":"es-MX"},{"@type":["Person","Organization"],"@id":"https:\/\/nitu.mx\/#\/schema\/person\/ae7a53426417292d3dd07b45a33e01bc","name":"Arturo Medina","image":{"@type":"ImageObject","inLanguage":"es-MX","@id":"https:\/\/nitu.mx\/#\/schema\/person\/image\/","url":"https:\/\/nitu.mx\/wp-content\/uploads\/2024\/04\/4A315622-1904-4D5C-B022-878CDC840E04-90x90-1.jpeg","contentUrl":"https:\/\/nitu.mx\/wp-content\/uploads\/2024\/04\/4A315622-1904-4D5C-B022-878CDC840E04-90x90-1.jpeg","width":90,"height":90,"caption":"Arturo Medina"},"logo":{"@id":"https:\/\/nitu.mx\/#\/schema\/person\/image\/"},"description":"Director NITU.mx, Egresado de la Escuela de Periodismo Carlos Septi\u00e9n Garc\u00eda. Periodista y analista especializado en turismo desde hace 35 a\u00f1os, radicado en Canc\u00fan Q.Roo. arturo@nitu.mx","sameAs":["https:\/\/nitu.mx","https:\/\/www.facebook.com\/NITUmx\/","medinacancun","https:\/\/twitter.com\/@Arturo_Medina_G"]},{"@type":"Person","@id":"https:\/\/nitu.mx\/#\/schema\/person\/4a28fe9bd65924f7c90623773daf1b0b","name":"Redacci\u00f3n","image":{"@type":"ImageObject","inLanguage":"es-MX","@id":"https:\/\/nitu.mx\/#\/schema\/person\/image\/","url":"https:\/\/secure.gravatar.com\/avatar\/5dd011c8ccfc5cd7e4c81e42252aab38?s=96&d=mm&r=g","contentUrl":"https:\/\/secure.gravatar.com\/avatar\/5dd011c8ccfc5cd7e4c81e42252aab38?s=96&d=mm&r=g","caption":"Redacci\u00f3n"},"url":"https:\/\/nitu.mx\/index.php\/author\/redaccion\/"}]}},"views":222,"_links":{"self":[{"href":"https:\/\/nitu.mx\/index.php\/wp-json\/wp\/v2\/posts\/34991"}],"collection":[{"href":"https:\/\/nitu.mx\/index.php\/wp-json\/wp\/v2\/posts"}],"about":[{"href":"https:\/\/nitu.mx\/index.php\/wp-json\/wp\/v2\/types\/post"}],"author":[{"embeddable":true,"href":"https:\/\/nitu.mx\/index.php\/wp-json\/wp\/v2\/users\/17"}],"replies":[{"embeddable":true,"href":"https:\/\/nitu.mx\/index.php\/wp-json\/wp\/v2\/comments?post=34991"}],"version-history":[{"count":3,"href":"https:\/\/nitu.mx\/index.php\/wp-json\/wp\/v2\/posts\/34991\/revisions"}],"predecessor-version":[{"id":34998,"href":"https:\/\/nitu.mx\/index.php\/wp-json\/wp\/v2\/posts\/34991\/revisions\/34998"}],"wp:featuredmedia":[{"embeddable":true,"href":"https:\/\/nitu.mx\/index.php\/wp-json\/wp\/v2\/media\/34997"}],"wp:attachment":[{"href":"https:\/\/nitu.mx\/index.php\/wp-json\/wp\/v2\/media?parent=34991"}],"wp:term":[{"taxonomy":"category","embeddable":true,"href":"https:\/\/nitu.mx\/index.php\/wp-json\/wp\/v2\/categories?post=34991"},{"taxonomy":"post_tag","embeddable":true,"href":"https:\/\/nitu.mx\/index.php\/wp-json\/wp\/v2\/tags?post=34991"}],"curies":[{"name":"wp","href":"https:\/\/api.w.org\/{rel}","templated":true}]}}