{"id":34984,"date":"2019-08-28T23:59:44","date_gmt":"2019-08-29T04:59:44","guid":{"rendered":"https:\/\/www.dev.nitu.mx\/?p=34984"},"modified":"2019-08-29T00:19:30","modified_gmt":"2019-08-29T05:19:30","slug":"nueva-mesa-directiva-de-mpi-busca-mantener-al-caribe-mexicano-como-lider","status":"publish","type":"post","link":"https:\/\/nitu.mx\/index.php\/2019\/08\/28\/nueva-mesa-directiva-de-mpi-busca-mantener-al-caribe-mexicano-como-lider\/","title":{"rendered":"Nueva mesa directiva de MPI busca mantener al Caribe Mexicano como l\u00edder"},"content":{"rendered":"<p>Las experiencias basadas en el profesionalismo es la base del turismo MICE que busca el Caribe Mexicano, que al contrario de otros segmentos de turismo, sigue creciendo porque este segmento no es s\u00f3lo de reuniones por negocios, sino el de generar experiencias, por lo que las empresas invierten en estos productos ya que se benefician de su propio desarrollo. Se destac\u00f3 durante la toma de protesta de la mesa directiva 2019-2021, del cap\u00edtulo Caribe Mexicano del MPI.<\/p>\n<p>La mesa directiva 2019-2021 del nuevo cap\u00edtulo de MPI M\u00e9xico, cap\u00edtulo Caribe Mexicano, se cre\u00f3 para continuar impulsando el crecimiento de congresos, convenciones, incentivos y exhibiciones de los destinos tur\u00edsticos de Quintana Roo, Yucat\u00e1n y Campeche, tom\u00f3 protesta ante los 58 socios e invitados que asistieron al evento organizado en colaboraci\u00f3n con Atelier de Hoteles en Costa Mujeres.<\/p>\n<p>Con la presencia de Jimena Laza directora de protecci\u00f3n de ni\u00f1os, ni\u00f1as y adolescentes en representaci\u00f3n de la Lic. Mara Lezama, presidente municipal de Benito Ju\u00e1rez y Max Garc\u00eda, subsecretario de Promoci\u00f3n Tur\u00edstica de Quintana Roo los nuevos miembros de la mesa directiva compartieron mensajes sobre la importancia de pertenecer a la Asociaci\u00f3n m\u00e1s importante en el turismo de reuniones MPI, adem\u00e1s de presentar los objetivos enfocados en generar m\u00e1s oportunidades de negocio para todos sus socios y mantener e incrementar la competitividad con la que cuentan los estados de Quintan Roo, Yucat\u00e1n y Campeche dentro de la industria de turismo de reuniones que para los destinos del Caribe Mexicano representa el 30% de las reservaciones.<\/p>\n<p>Al respecto Valeria Serrano, presidenta de MPI cap\u00edtulo Caribe Mexicano coment\u00f3: \u201cBuscamos ser agentes de cambio, un parteaguas entre el hoy y el futuro de nuestros destinos\u201d.<\/p>\n<p>Un primer estudio del 2014, reflej\u00f3 que el 1.9 por ciento del PIB, es la representaci\u00f3n de turismo de reuniones dentro de M\u00e9xico, hace dos a\u00f1os despu\u00e9s estaba en 2.4 datos duros, que siguen creciendo.<\/p>\n<p>Asimismo el organismo busca generar programas educativos. Adem\u00e1s de hacer \u00e9nfasis en el tema sustentable, dentro del \u00e1rea de turismo de reuniones y a nivel internacional es un tema que es un must, por lo que se resalt\u00f3 que se debe empezar a poner empe\u00f1o en todas las cuestiones sustentables. Esto es que en la p\u00e1gina web del MPI nacionalidad, hay una serie de normas y reglas que se usan alrededor del mundo para el turismo de reuniones que se basan en la sustentabilidad y el apoyo a la comunidad, que son factores para decidir a d\u00f3nde van; las empresas buscan dejar algo en la comunidad que van y para eso existen ya varios programas en la entidad.<\/p>\n<p>El m\u00e1s reciente cap\u00edtulo creado por MPI desde 2012, el del Caribe Mexicano, tiene entre sus principales objetivos: Crear oportunidades de negocio B2B para sus socios a trav\u00e9s de viajes de familiarizaci\u00f3n nacionales e internacionales, as\u00ed como viajes de promoci\u00f3n en conjunto con las asociaciones de hoteles de Canc\u00fan y Riviera Maya, el Consejo de Promoci\u00f3n Tur\u00edstica de Quintana Roo y secretarias de turismo de Quintana Roo, Campeche y Yucat\u00e1n. (<a title=\"MPI cap\u00edtulo Caribe Mexicano se prepara para mantener turismo MICE\" href=\"https:\/\/www.dev.nitu.mx\/index.php\/2019\/08\/22\/mpi-capitulo-caribe-mexicano-se-prepara-para-mantener-turismo-mice\/\" rel=\"bookmark\">MPI cap\u00edtulo Caribe Mexicano se prepara para mantener turismo MICE<\/a>).<\/p>\n<p>La mesa directiva de MPI Cap\u00edtulo Caribe Mexicano est\u00e1 integrada por: Guadalupe \u00c1vila, secretaria; Andy Ortiz, vicepresidente de Membres\u00edas; Vicente Madrigal, vicepresidente de Administraci\u00f3n y Finanzas; Salvador Bernal, vicepresidente de Educaci\u00f3n; Bernardo Santillana, vicepresidente Comercial; Manuel Saracho, vicepresidente de Relaciones Institucionales; Roc\u00edo Gonz\u00e1lez, vicepresidente de Comunicaci\u00f3n; Danielle van der Kwartell, asesor y Valeria Serrano, presidente.<\/p>\n<p>Para Quintana Roo, esto representa la capacitaci\u00f3n y profesionalizaci\u00f3n de los l\u00edderes de la industria local, acceso a m\u00e1s de 1,400 compradores que hacen negocios con M\u00e9xico, promoci\u00f3n y presencia del estado y su oferta ante m\u00e1s de 60,000 miembros de la industria MPI en M\u00e9xico, Estados Unidos, Canad\u00e1, Latinoam\u00e9rica y Europa.<\/p>\n","protected":false},"excerpt":{"rendered":"<p>Las experiencias basadas en el profesionalismo es la base del turismo MICE que busca el Caribe Mexicano, que al contrario de otros segmentos de turismo, sigue creciendo porque este segmento no es s\u00f3lo de reuniones por negocios, sino el de generar experiencias, por lo que las empresas invierten en estos productos ya que se benefician [&hellip;]<\/p>\n","protected":false},"author":3,"featured_media":35000,"comment_status":"open","ping_status":"open","sticky":false,"template":"","format":"standard","meta":{"footnotes":""},"categories":[5,6],"tags":[1252,400,3724,17171,14028,17170,17167,14967,260],"yoast_head":"<!-- This site is optimized with the Yoast SEO plugin v22.2 - https:\/\/yoast.com\/wordpress\/plugins\/seo\/ -->\n<title>Nueva mesa directiva de MPI busca mantener al Caribe Mexicano como l\u00edder - Nitu - Noticias de la Industria Turistica<\/title>\n<meta name=\"description\" content=\"La mesa directiva 2019-2021 del nuevo cap\u00edtulo de MPI M\u00e9xico, cap\u00edtulo Caribe Mexicano, se cre\u00f3 para continuar impulsando el crecimiento de congresos.\" \/>\n<meta name=\"robots\" content=\"index, follow, max-snippet:-1, max-image-preview:large, max-video-preview:-1\" \/>\n<link rel=\"canonical\" href=\"https:\/\/nitu.mx\/index.php\/2019\/08\/28\/nueva-mesa-directiva-de-mpi-busca-mantener-al-caribe-mexicano-como-lider\/\" \/>\n<meta name=\"twitter:card\" content=\"summary_large_image\" \/>\n<meta name=\"twitter:title\" content=\"Nueva mesa directiva de MPI busca mantener al Caribe Mexicano como l\u00edder - Nitu - Noticias de la Industria Turistica\" \/>\n<meta name=\"twitter:description\" content=\"La mesa directiva 2019-2021 del nuevo cap\u00edtulo de MPI M\u00e9xico, cap\u00edtulo Caribe Mexicano, se cre\u00f3 para continuar impulsando el crecimiento de congresos.\" \/>\n<meta name=\"twitter:image\" content=\"https:\/\/nitu.mx\/wp-content\/uploads\/2019\/08\/MPI-caribe.jpg\" \/>\n<meta name=\"twitter:creator\" content=\"@NITUmx\" \/>\n<meta name=\"twitter:site\" content=\"@Arturo_Medina_G\" \/>\n<meta name=\"twitter:label1\" content=\"Escrito por\" \/>\n\t<meta name=\"twitter:data1\" content=\"Alejandra Moncisbays\" \/>\n\t<meta name=\"twitter:label2\" content=\"Tiempo de lectura\" \/>\n\t<meta name=\"twitter:data2\" content=\"3 minutos\" \/>\n<script type=\"application\/ld+json\" class=\"yoast-schema-graph\">{\"@context\":\"https:\/\/schema.org\",\"@graph\":[{\"@type\":\"Article\",\"@id\":\"https:\/\/nitu.mx\/index.php\/2019\/08\/28\/nueva-mesa-directiva-de-mpi-busca-mantener-al-caribe-mexicano-como-lider\/#article\",\"isPartOf\":{\"@id\":\"https:\/\/nitu.mx\/index.php\/2019\/08\/28\/nueva-mesa-directiva-de-mpi-busca-mantener-al-caribe-mexicano-como-lider\/\"},\"author\":{\"name\":\"Alejandra Moncisbays\",\"@id\":\"https:\/\/nitu.mx\/#\/schema\/person\/2ecd887b19dfd3382d1f14fc5acf24a8\"},\"headline\":\"Nueva mesa directiva de MPI busca mantener al Caribe Mexicano como l\u00edder\",\"datePublished\":\"2019-08-29T04:59:44+00:00\",\"dateModified\":\"2019-08-29T05:19:30+00:00\",\"mainEntityOfPage\":{\"@id\":\"https:\/\/nitu.mx\/index.php\/2019\/08\/28\/nueva-mesa-directiva-de-mpi-busca-mantener-al-caribe-mexicano-como-lider\/\"},\"wordCount\":680,\"commentCount\":0,\"publisher\":{\"@id\":\"https:\/\/nitu.mx\/#\/schema\/person\/ae7a53426417292d3dd07b45a33e01bc\"},\"image\":{\"@id\":\"https:\/\/nitu.mx\/index.php\/2019\/08\/28\/nueva-mesa-directiva-de-mpi-busca-mantener-al-caribe-mexicano-como-lider\/#primaryimage\"},\"thumbnailUrl\":\"https:\/\/nitu.mx\/wp-content\/uploads\/2019\/08\/MPI-caribe.jpg\",\"keywords\":[\"Atelier de Hoteles\",\"Campeche\",\"Congresos\",\"e Promoci\u00f3n Tur\u00edstica de Quintana Roo\",\"Mara Lezama\",\"Max Garc\u00eda\",\"mesa directiva 2019-2021\",\"MPI M\u00e9xico\",\"Quintana Roo\"],\"articleSection\":[\"Destinos\",\"M\u00e9xico\"],\"inLanguage\":\"es-MX\",\"potentialAction\":[{\"@type\":\"CommentAction\",\"name\":\"Comment\",\"target\":[\"https:\/\/nitu.mx\/index.php\/2019\/08\/28\/nueva-mesa-directiva-de-mpi-busca-mantener-al-caribe-mexicano-como-lider\/#respond\"]}]},{\"@type\":\"WebPage\",\"@id\":\"https:\/\/nitu.mx\/index.php\/2019\/08\/28\/nueva-mesa-directiva-de-mpi-busca-mantener-al-caribe-mexicano-como-lider\/\",\"url\":\"https:\/\/nitu.mx\/index.php\/2019\/08\/28\/nueva-mesa-directiva-de-mpi-busca-mantener-al-caribe-mexicano-como-lider\/\",\"name\":\"Nueva mesa directiva de MPI busca mantener al Caribe Mexicano como l\u00edder - Nitu - Noticias de la Industria Turistica\",\"isPartOf\":{\"@id\":\"https:\/\/nitu.mx\/#website\"},\"primaryImageOfPage\":{\"@id\":\"https:\/\/nitu.mx\/index.php\/2019\/08\/28\/nueva-mesa-directiva-de-mpi-busca-mantener-al-caribe-mexicano-como-lider\/#primaryimage\"},\"image\":{\"@id\":\"https:\/\/nitu.mx\/index.php\/2019\/08\/28\/nueva-mesa-directiva-de-mpi-busca-mantener-al-caribe-mexicano-como-lider\/#primaryimage\"},\"thumbnailUrl\":\"https:\/\/nitu.mx\/wp-content\/uploads\/2019\/08\/MPI-caribe.jpg\",\"datePublished\":\"2019-08-29T04:59:44+00:00\",\"dateModified\":\"2019-08-29T05:19:30+00:00\",\"description\":\"La mesa directiva 2019-2021 del nuevo cap\u00edtulo de MPI M\u00e9xico, cap\u00edtulo Caribe Mexicano, se cre\u00f3 para continuar impulsando el crecimiento de congresos.\",\"breadcrumb\":{\"@id\":\"https:\/\/nitu.mx\/index.php\/2019\/08\/28\/nueva-mesa-directiva-de-mpi-busca-mantener-al-caribe-mexicano-como-lider\/#breadcrumb\"},\"inLanguage\":\"es-MX\",\"potentialAction\":[{\"@type\":\"ReadAction\",\"target\":[\"https:\/\/nitu.mx\/index.php\/2019\/08\/28\/nueva-mesa-directiva-de-mpi-busca-mantener-al-caribe-mexicano-como-lider\/\"]}]},{\"@type\":\"ImageObject\",\"inLanguage\":\"es-MX\",\"@id\":\"https:\/\/nitu.mx\/index.php\/2019\/08\/28\/nueva-mesa-directiva-de-mpi-busca-mantener-al-caribe-mexicano-como-lider\/#primaryimage\",\"url\":\"https:\/\/nitu.mx\/wp-content\/uploads\/2019\/08\/MPI-caribe.jpg\",\"contentUrl\":\"https:\/\/nitu.mx\/wp-content\/uploads\/2019\/08\/MPI-caribe.jpg\",\"width\":850,\"height\":480,\"caption\":\"MPI caribe\"},{\"@type\":\"BreadcrumbList\",\"@id\":\"https:\/\/nitu.mx\/index.php\/2019\/08\/28\/nueva-mesa-directiva-de-mpi-busca-mantener-al-caribe-mexicano-como-lider\/#breadcrumb\",\"itemListElement\":[{\"@type\":\"ListItem\",\"position\":1,\"name\":\"Inicio\",\"item\":\"https:\/\/nitu.mx\/\"},{\"@type\":\"ListItem\",\"position\":2,\"name\":\"Nueva mesa directiva de MPI busca mantener al Caribe Mexicano como l\u00edder\"}]},{\"@type\":\"WebSite\",\"@id\":\"https:\/\/nitu.mx\/#website\",\"url\":\"https:\/\/nitu.mx\/\",\"name\":\"Nitu - Noticias de la Industria Turistica\",\"description\":\"Noticias de la Industria Turistica\",\"publisher\":{\"@id\":\"https:\/\/nitu.mx\/#\/schema\/person\/ae7a53426417292d3dd07b45a33e01bc\"},\"alternateName\":\"Noticias de la Industria Turistica\",\"potentialAction\":[{\"@type\":\"SearchAction\",\"target\":{\"@type\":\"EntryPoint\",\"urlTemplate\":\"https:\/\/nitu.mx\/?s={search_term_string}\"},\"query-input\":\"required name=search_term_string\"}],\"inLanguage\":\"es-MX\"},{\"@type\":[\"Person\",\"Organization\"],\"@id\":\"https:\/\/nitu.mx\/#\/schema\/person\/ae7a53426417292d3dd07b45a33e01bc\",\"name\":\"Arturo Medina\",\"image\":{\"@type\":\"ImageObject\",\"inLanguage\":\"es-MX\",\"@id\":\"https:\/\/nitu.mx\/#\/schema\/person\/image\/\",\"url\":\"https:\/\/nitu.mx\/wp-content\/uploads\/2024\/04\/4A315622-1904-4D5C-B022-878CDC840E04-90x90-1.jpeg\",\"contentUrl\":\"https:\/\/nitu.mx\/wp-content\/uploads\/2024\/04\/4A315622-1904-4D5C-B022-878CDC840E04-90x90-1.jpeg\",\"width\":90,\"height\":90,\"caption\":\"Arturo Medina\"},\"logo\":{\"@id\":\"https:\/\/nitu.mx\/#\/schema\/person\/image\/\"},\"description\":\"Director NITU.mx, Egresado de la Escuela de Periodismo Carlos Septi\u00e9n Garc\u00eda. Periodista y analista especializado en turismo desde hace 35 a\u00f1os, radicado en Canc\u00fan Q.Roo. arturo@nitu.mx\",\"sameAs\":[\"https:\/\/nitu.mx\",\"https:\/\/www.facebook.com\/NITUmx\/\",\"medinacancun\",\"https:\/\/twitter.com\/@Arturo_Medina_G\"]},{\"@type\":\"Person\",\"@id\":\"https:\/\/nitu.mx\/#\/schema\/person\/2ecd887b19dfd3382d1f14fc5acf24a8\",\"name\":\"Alejandra Moncisbays\",\"image\":{\"@type\":\"ImageObject\",\"inLanguage\":\"es-MX\",\"@id\":\"https:\/\/nitu.mx\/#\/schema\/person\/image\/\",\"url\":\"https:\/\/secure.gravatar.com\/avatar\/e74f7af0be172b7804dacfd0bfbef787?s=96&d=mm&r=g\",\"contentUrl\":\"https:\/\/secure.gravatar.com\/avatar\/e74f7af0be172b7804dacfd0bfbef787?s=96&d=mm&r=g\",\"caption\":\"Alejandra Moncisbays\"},\"description\":\"Curs\u00e9 la carrera de Periodismo y Comunicaci\u00f3n en la Facultad de Estudios Profesionales Acatl\u00e1n. Vivo en Canc\u00fan desde hace 24 a\u00f1os. Fui reportera de La Tarde de Canc\u00fan, y Novedades de Quintana Roo, colabor\u00e9 en TVCUN, edit\u00e9 Cancun\u00edssimo y colabor\u00e9 en las revistas Latitud21, entre otras, con principal enfoque en los sectores empresarial y tur\u00edstico. Desde hace varios a\u00f1os soy Agente de Seguros con c\u00e9dula de la Comisi\u00f3n Nacional de Seguros y Fianzas. Actualmente, me desarrollo en los \u00e1mbitos del periodismo y el sector asegurador.\",\"sameAs\":[\"https:\/\/nitu.mx\"],\"url\":\"https:\/\/nitu.mx\/index.php\/author\/alejandra\/\"}]}<\/script>\n<!-- \/ Yoast SEO plugin. -->","yoast_head_json":{"title":"Nueva mesa directiva de MPI busca mantener al Caribe Mexicano como l\u00edder - Nitu - Noticias de la Industria Turistica","description":"La mesa directiva 2019-2021 del nuevo cap\u00edtulo de MPI M\u00e9xico, cap\u00edtulo Caribe Mexicano, se cre\u00f3 para continuar impulsando el crecimiento de congresos.","robots":{"index":"index","follow":"follow","max-snippet":"max-snippet:-1","max-image-preview":"max-image-preview:large","max-video-preview":"max-video-preview:-1"},"canonical":"https:\/\/nitu.mx\/index.php\/2019\/08\/28\/nueva-mesa-directiva-de-mpi-busca-mantener-al-caribe-mexicano-como-lider\/","twitter_card":"summary_large_image","twitter_title":"Nueva mesa directiva de MPI busca mantener al Caribe Mexicano como l\u00edder - Nitu - Noticias de la Industria Turistica","twitter_description":"La mesa directiva 2019-2021 del nuevo cap\u00edtulo de MPI M\u00e9xico, cap\u00edtulo Caribe Mexicano, se cre\u00f3 para continuar impulsando el crecimiento de congresos.","twitter_image":"https:\/\/nitu.mx\/wp-content\/uploads\/2019\/08\/MPI-caribe.jpg","twitter_creator":"@NITUmx","twitter_site":"@Arturo_Medina_G","twitter_misc":{"Escrito por":"Alejandra Moncisbays","Tiempo de lectura":"3 minutos"},"schema":{"@context":"https:\/\/schema.org","@graph":[{"@type":"Article","@id":"https:\/\/nitu.mx\/index.php\/2019\/08\/28\/nueva-mesa-directiva-de-mpi-busca-mantener-al-caribe-mexicano-como-lider\/#article","isPartOf":{"@id":"https:\/\/nitu.mx\/index.php\/2019\/08\/28\/nueva-mesa-directiva-de-mpi-busca-mantener-al-caribe-mexicano-como-lider\/"},"author":{"name":"Alejandra Moncisbays","@id":"https:\/\/nitu.mx\/#\/schema\/person\/2ecd887b19dfd3382d1f14fc5acf24a8"},"headline":"Nueva mesa directiva de MPI busca mantener al Caribe Mexicano como l\u00edder","datePublished":"2019-08-29T04:59:44+00:00","dateModified":"2019-08-29T05:19:30+00:00","mainEntityOfPage":{"@id":"https:\/\/nitu.mx\/index.php\/2019\/08\/28\/nueva-mesa-directiva-de-mpi-busca-mantener-al-caribe-mexicano-como-lider\/"},"wordCount":680,"commentCount":0,"publisher":{"@id":"https:\/\/nitu.mx\/#\/schema\/person\/ae7a53426417292d3dd07b45a33e01bc"},"image":{"@id":"https:\/\/nitu.mx\/index.php\/2019\/08\/28\/nueva-mesa-directiva-de-mpi-busca-mantener-al-caribe-mexicano-como-lider\/#primaryimage"},"thumbnailUrl":"https:\/\/nitu.mx\/wp-content\/uploads\/2019\/08\/MPI-caribe.jpg","keywords":["Atelier de Hoteles","Campeche","Congresos","e Promoci\u00f3n Tur\u00edstica de Quintana Roo","Mara Lezama","Max Garc\u00eda","mesa directiva 2019-2021","MPI M\u00e9xico","Quintana Roo"],"articleSection":["Destinos","M\u00e9xico"],"inLanguage":"es-MX","potentialAction":[{"@type":"CommentAction","name":"Comment","target":["https:\/\/nitu.mx\/index.php\/2019\/08\/28\/nueva-mesa-directiva-de-mpi-busca-mantener-al-caribe-mexicano-como-lider\/#respond"]}]},{"@type":"WebPage","@id":"https:\/\/nitu.mx\/index.php\/2019\/08\/28\/nueva-mesa-directiva-de-mpi-busca-mantener-al-caribe-mexicano-como-lider\/","url":"https:\/\/nitu.mx\/index.php\/2019\/08\/28\/nueva-mesa-directiva-de-mpi-busca-mantener-al-caribe-mexicano-como-lider\/","name":"Nueva mesa directiva de MPI busca mantener al Caribe Mexicano como l\u00edder - Nitu - Noticias de la Industria Turistica","isPartOf":{"@id":"https:\/\/nitu.mx\/#website"},"primaryImageOfPage":{"@id":"https:\/\/nitu.mx\/index.php\/2019\/08\/28\/nueva-mesa-directiva-de-mpi-busca-mantener-al-caribe-mexicano-como-lider\/#primaryimage"},"image":{"@id":"https:\/\/nitu.mx\/index.php\/2019\/08\/28\/nueva-mesa-directiva-de-mpi-busca-mantener-al-caribe-mexicano-como-lider\/#primaryimage"},"thumbnailUrl":"https:\/\/nitu.mx\/wp-content\/uploads\/2019\/08\/MPI-caribe.jpg","datePublished":"2019-08-29T04:59:44+00:00","dateModified":"2019-08-29T05:19:30+00:00","description":"La mesa directiva 2019-2021 del nuevo cap\u00edtulo de MPI M\u00e9xico, cap\u00edtulo Caribe Mexicano, se cre\u00f3 para continuar impulsando el crecimiento de congresos.","breadcrumb":{"@id":"https:\/\/nitu.mx\/index.php\/2019\/08\/28\/nueva-mesa-directiva-de-mpi-busca-mantener-al-caribe-mexicano-como-lider\/#breadcrumb"},"inLanguage":"es-MX","potentialAction":[{"@type":"ReadAction","target":["https:\/\/nitu.mx\/index.php\/2019\/08\/28\/nueva-mesa-directiva-de-mpi-busca-mantener-al-caribe-mexicano-como-lider\/"]}]},{"@type":"ImageObject","inLanguage":"es-MX","@id":"https:\/\/nitu.mx\/index.php\/2019\/08\/28\/nueva-mesa-directiva-de-mpi-busca-mantener-al-caribe-mexicano-como-lider\/#primaryimage","url":"https:\/\/nitu.mx\/wp-content\/uploads\/2019\/08\/MPI-caribe.jpg","contentUrl":"https:\/\/nitu.mx\/wp-content\/uploads\/2019\/08\/MPI-caribe.jpg","width":850,"height":480,"caption":"MPI caribe"},{"@type":"BreadcrumbList","@id":"https:\/\/nitu.mx\/index.php\/2019\/08\/28\/nueva-mesa-directiva-de-mpi-busca-mantener-al-caribe-mexicano-como-lider\/#breadcrumb","itemListElement":[{"@type":"ListItem","position":1,"name":"Inicio","item":"https:\/\/nitu.mx\/"},{"@type":"ListItem","position":2,"name":"Nueva mesa directiva de MPI busca mantener al Caribe Mexicano como l\u00edder"}]},{"@type":"WebSite","@id":"https:\/\/nitu.mx\/#website","url":"https:\/\/nitu.mx\/","name":"Nitu - Noticias de la Industria Turistica","description":"Noticias de la Industria Turistica","publisher":{"@id":"https:\/\/nitu.mx\/#\/schema\/person\/ae7a53426417292d3dd07b45a33e01bc"},"alternateName":"Noticias de la Industria Turistica","potentialAction":[{"@type":"SearchAction","target":{"@type":"EntryPoint","urlTemplate":"https:\/\/nitu.mx\/?s={search_term_string}"},"query-input":"required name=search_term_string"}],"inLanguage":"es-MX"},{"@type":["Person","Organization"],"@id":"https:\/\/nitu.mx\/#\/schema\/person\/ae7a53426417292d3dd07b45a33e01bc","name":"Arturo Medina","image":{"@type":"ImageObject","inLanguage":"es-MX","@id":"https:\/\/nitu.mx\/#\/schema\/person\/image\/","url":"https:\/\/nitu.mx\/wp-content\/uploads\/2024\/04\/4A315622-1904-4D5C-B022-878CDC840E04-90x90-1.jpeg","contentUrl":"https:\/\/nitu.mx\/wp-content\/uploads\/2024\/04\/4A315622-1904-4D5C-B022-878CDC840E04-90x90-1.jpeg","width":90,"height":90,"caption":"Arturo Medina"},"logo":{"@id":"https:\/\/nitu.mx\/#\/schema\/person\/image\/"},"description":"Director NITU.mx, Egresado de la Escuela de Periodismo Carlos Septi\u00e9n Garc\u00eda. Periodista y analista especializado en turismo desde hace 35 a\u00f1os, radicado en Canc\u00fan Q.Roo. arturo@nitu.mx","sameAs":["https:\/\/nitu.mx","https:\/\/www.facebook.com\/NITUmx\/","medinacancun","https:\/\/twitter.com\/@Arturo_Medina_G"]},{"@type":"Person","@id":"https:\/\/nitu.mx\/#\/schema\/person\/2ecd887b19dfd3382d1f14fc5acf24a8","name":"Alejandra Moncisbays","image":{"@type":"ImageObject","inLanguage":"es-MX","@id":"https:\/\/nitu.mx\/#\/schema\/person\/image\/","url":"https:\/\/secure.gravatar.com\/avatar\/e74f7af0be172b7804dacfd0bfbef787?s=96&d=mm&r=g","contentUrl":"https:\/\/secure.gravatar.com\/avatar\/e74f7af0be172b7804dacfd0bfbef787?s=96&d=mm&r=g","caption":"Alejandra Moncisbays"},"description":"Curs\u00e9 la carrera de Periodismo y Comunicaci\u00f3n en la Facultad de Estudios Profesionales Acatl\u00e1n. Vivo en Canc\u00fan desde hace 24 a\u00f1os. Fui reportera de La Tarde de Canc\u00fan, y Novedades de Quintana Roo, colabor\u00e9 en TVCUN, edit\u00e9 Cancun\u00edssimo y colabor\u00e9 en las revistas Latitud21, entre otras, con principal enfoque en los sectores empresarial y tur\u00edstico. Desde hace varios a\u00f1os soy Agente de Seguros con c\u00e9dula de la Comisi\u00f3n Nacional de Seguros y Fianzas. Actualmente, me desarrollo en los \u00e1mbitos del periodismo y el sector asegurador.","sameAs":["https:\/\/nitu.mx"],"url":"https:\/\/nitu.mx\/index.php\/author\/alejandra\/"}]}},"views":396,"_links":{"self":[{"href":"https:\/\/nitu.mx\/index.php\/wp-json\/wp\/v2\/posts\/34984"}],"collection":[{"href":"https:\/\/nitu.mx\/index.php\/wp-json\/wp\/v2\/posts"}],"about":[{"href":"https:\/\/nitu.mx\/index.php\/wp-json\/wp\/v2\/types\/post"}],"author":[{"embeddable":true,"href":"https:\/\/nitu.mx\/index.php\/wp-json\/wp\/v2\/users\/3"}],"replies":[{"embeddable":true,"href":"https:\/\/nitu.mx\/index.php\/wp-json\/wp\/v2\/comments?post=34984"}],"version-history":[{"count":4,"href":"https:\/\/nitu.mx\/index.php\/wp-json\/wp\/v2\/posts\/34984\/revisions"}],"predecessor-version":[{"id":35002,"href":"https:\/\/nitu.mx\/index.php\/wp-json\/wp\/v2\/posts\/34984\/revisions\/35002"}],"wp:featuredmedia":[{"embeddable":true,"href":"https:\/\/nitu.mx\/index.php\/wp-json\/wp\/v2\/media\/35000"}],"wp:attachment":[{"href":"https:\/\/nitu.mx\/index.php\/wp-json\/wp\/v2\/media?parent=34984"}],"wp:term":[{"taxonomy":"category","embeddable":true,"href":"https:\/\/nitu.mx\/index.php\/wp-json\/wp\/v2\/categories?post=34984"},{"taxonomy":"post_tag","embeddable":true,"href":"https:\/\/nitu.mx\/index.php\/wp-json\/wp\/v2\/tags?post=34984"}],"curies":[{"name":"wp","href":"https:\/\/api.w.org\/{rel}","templated":true}]}}