{"id":34967,"date":"2019-08-28T22:40:51","date_gmt":"2019-08-29T03:40:51","guid":{"rendered":"https:\/\/www.dev.nitu.mx\/?p=34967"},"modified":"2019-08-29T00:18:49","modified_gmt":"2019-08-29T05:18:49","slug":"anch-preve-una-mayor-caida-en-el-turismo-al-cierre-del-ano","status":"publish","type":"post","link":"https:\/\/nitu.mx\/index.php\/2019\/08\/28\/anch-preve-una-mayor-caida-en-el-turismo-al-cierre-del-ano\/","title":{"rendered":"ANCH prev\u00e9 una mayor ca\u00edda en el turismo al cierre del a\u00f1o"},"content":{"rendered":"<p>La\u00a0Asociaci\u00f3n Nacional de Cadenas de Hoteles\u00a0(ANCH) prev\u00e9 una mayor ca\u00edda en el sector turismo al cierre del a\u00f1o, se\u00f1al\u00f3 este mi\u00e9rcoles\u00a0Braulio Arsuaga, presidente del organismo empresarial.<\/p>\n<p>&#8220;Estamos esperando se\u00a0agrave la ca\u00edda durante este a\u00f1o, esto es derivado de un a\u00f1o de retos, de desaceleraci\u00f3n en donde en el estado de resultados se ha visto una ca\u00edda en el flujo operativo (EBITDA, por sus siglas en ingl\u00e9s)&#8221;, revel\u00f3 Arsuaga en conferencia de prensa.<\/p>\n<p>La ANCH tiene\u00a0afiliadas a 27 cadenas hoteleras\u00a0en M\u00e9xico con cerca de 133 mil habitantes repartidas en los puntos tur\u00edsticos nacionales.<\/p>\n<p>Como\u00a0El Financiero\u00a0inform\u00f3, durante el primer semestre del a\u00f1o, los hoteleros registraron una\u00a0ca\u00edda del 18 por ciento\u00a0en promedio en sus flujos operativos, esto ante una\u00a0menor llegada de turistas a M\u00e9xico y a la baja de precios en tarifas hoteleras.\u00a0<a title=\"Bajar las tarifas no es la soluci\u00f3n para elevar la ocupaci\u00f3n: Fabi\u00e1n S\u00e1nchez\" href=\"https:\/\/www.dev.nitu.mx\/index.php\/2019\/08\/26\/bajar-las-tarifas-no-es-la-solucion-para-elevar-la-ocupacion-fabian-sanchez\/\" rel=\"bookmark\">(Bajar las tarifas no es la soluci\u00f3n para elevar la ocupaci\u00f3n: Fabi\u00e1n S\u00e1nchez<\/a>).<\/p>\n<p>Arsuaga agreg\u00f3 que\u00a0la industria hotelera est\u00e1 preocupada por la falta de promoci\u00f3n tur\u00edstica, as\u00ed como la ausencia de un organismo que pueda hacer frente a la\u00a0crisis de percepci\u00f3n de inseguridad en el pa\u00eds, adem\u00e1s de las contingencias ambientales como el\u00a0sargazo\u00a0en la Riviera Maya. (El Financiero)<\/p>\n","protected":false},"excerpt":{"rendered":"<p>La\u00a0Asociaci\u00f3n Nacional de Cadenas de Hoteles\u00a0(ANCH) prev\u00e9 una mayor ca\u00edda en el sector turismo al cierre del a\u00f1o, se\u00f1al\u00f3 este mi\u00e9rcoles\u00a0Braulio Arsuaga, presidente del organismo empresarial. &#8220;Estamos esperando se\u00a0agrave la ca\u00edda durante este a\u00f1o, esto es derivado de un a\u00f1o de retos, de desaceleraci\u00f3n en donde en el estado de resultados se ha visto una [&hellip;]<\/p>\n","protected":false},"author":17,"featured_media":33323,"comment_status":"open","ping_status":"open","sticky":false,"template":"","format":"standard","meta":{"footnotes":""},"categories":[2,6],"tags":[1928,4195,2546,3591,421],"yoast_head":"<!-- This site is optimized with the Yoast SEO plugin v22.2 - https:\/\/yoast.com\/wordpress\/plugins\/seo\/ -->\n<title>ANCH prev\u00e9 una mayor ca\u00edda en el turismo al cierre del a\u00f1o - Nitu - Noticias de la Industria Turistica<\/title>\n<meta name=\"description\" content=\"La\u00a0ANCH prev\u00e9 una mayor ca\u00edda en el sector turismo al cierre del a\u00f1o, se\u00f1al\u00f3 este mi\u00e9rcoles\u00a0Braulio Arsuaga, presidente del organismo empresarial.\" \/>\n<meta name=\"robots\" content=\"index, follow, max-snippet:-1, max-image-preview:large, max-video-preview:-1\" \/>\n<link rel=\"canonical\" href=\"https:\/\/nitu.mx\/index.php\/2019\/08\/28\/anch-preve-una-mayor-caida-en-el-turismo-al-cierre-del-ano\/\" \/>\n<meta name=\"twitter:card\" content=\"summary_large_image\" \/>\n<meta name=\"twitter:title\" content=\"ANCH prev\u00e9 una mayor ca\u00edda en el turismo al cierre del a\u00f1o - Nitu - Noticias de la Industria Turistica\" \/>\n<meta name=\"twitter:description\" content=\"La\u00a0ANCH prev\u00e9 una mayor ca\u00edda en el sector turismo al cierre del a\u00f1o, se\u00f1al\u00f3 este mi\u00e9rcoles\u00a0Braulio Arsuaga, presidente del organismo empresarial.\" \/>\n<meta name=\"twitter:image\" content=\"https:\/\/nitu.mx\/wp-content\/uploads\/2019\/07\/Mazatl\u00e1n-playa.jpg\" \/>\n<meta name=\"twitter:creator\" content=\"@NITUmx\" \/>\n<meta name=\"twitter:site\" content=\"@Arturo_Medina_G\" \/>\n<meta name=\"twitter:label1\" content=\"Escrito por\" \/>\n\t<meta name=\"twitter:data1\" content=\"Redacci\u00f3n\" \/>\n\t<meta name=\"twitter:label2\" content=\"Tiempo de lectura\" \/>\n\t<meta name=\"twitter:data2\" content=\"1 minuto\" \/>\n<script type=\"application\/ld+json\" class=\"yoast-schema-graph\">{\"@context\":\"https:\/\/schema.org\",\"@graph\":[{\"@type\":\"Article\",\"@id\":\"https:\/\/nitu.mx\/index.php\/2019\/08\/28\/anch-preve-una-mayor-caida-en-el-turismo-al-cierre-del-ano\/#article\",\"isPartOf\":{\"@id\":\"https:\/\/nitu.mx\/index.php\/2019\/08\/28\/anch-preve-una-mayor-caida-en-el-turismo-al-cierre-del-ano\/\"},\"author\":{\"name\":\"Redacci\u00f3n\",\"@id\":\"https:\/\/nitu.mx\/#\/schema\/person\/4a28fe9bd65924f7c90623773daf1b0b\"},\"headline\":\"ANCH prev\u00e9 una mayor ca\u00edda en el turismo al cierre del a\u00f1o\",\"datePublished\":\"2019-08-29T03:40:51+00:00\",\"dateModified\":\"2019-08-29T05:18:49+00:00\",\"mainEntityOfPage\":{\"@id\":\"https:\/\/nitu.mx\/index.php\/2019\/08\/28\/anch-preve-una-mayor-caida-en-el-turismo-al-cierre-del-ano\/\"},\"wordCount\":239,\"commentCount\":0,\"publisher\":{\"@id\":\"https:\/\/nitu.mx\/#\/schema\/person\/ae7a53426417292d3dd07b45a33e01bc\"},\"image\":{\"@id\":\"https:\/\/nitu.mx\/index.php\/2019\/08\/28\/anch-preve-una-mayor-caida-en-el-turismo-al-cierre-del-ano\/#primaryimage\"},\"thumbnailUrl\":\"https:\/\/nitu.mx\/wp-content\/uploads\/2019\/07\/Mazatl\u00e1n-playa.jpg\",\"keywords\":[\"ANCH\",\"Braulio Arsuaga\",\"EBITDA\",\"Hoteles\",\"turismo\"],\"articleSection\":[\"Hoteles\",\"M\u00e9xico\"],\"inLanguage\":\"es-MX\",\"potentialAction\":[{\"@type\":\"CommentAction\",\"name\":\"Comment\",\"target\":[\"https:\/\/nitu.mx\/index.php\/2019\/08\/28\/anch-preve-una-mayor-caida-en-el-turismo-al-cierre-del-ano\/#respond\"]}]},{\"@type\":\"WebPage\",\"@id\":\"https:\/\/nitu.mx\/index.php\/2019\/08\/28\/anch-preve-una-mayor-caida-en-el-turismo-al-cierre-del-ano\/\",\"url\":\"https:\/\/nitu.mx\/index.php\/2019\/08\/28\/anch-preve-una-mayor-caida-en-el-turismo-al-cierre-del-ano\/\",\"name\":\"ANCH prev\u00e9 una mayor ca\u00edda en el turismo al cierre del a\u00f1o - Nitu - Noticias de la Industria Turistica\",\"isPartOf\":{\"@id\":\"https:\/\/nitu.mx\/#website\"},\"primaryImageOfPage\":{\"@id\":\"https:\/\/nitu.mx\/index.php\/2019\/08\/28\/anch-preve-una-mayor-caida-en-el-turismo-al-cierre-del-ano\/#primaryimage\"},\"image\":{\"@id\":\"https:\/\/nitu.mx\/index.php\/2019\/08\/28\/anch-preve-una-mayor-caida-en-el-turismo-al-cierre-del-ano\/#primaryimage\"},\"thumbnailUrl\":\"https:\/\/nitu.mx\/wp-content\/uploads\/2019\/07\/Mazatl\u00e1n-playa.jpg\",\"datePublished\":\"2019-08-29T03:40:51+00:00\",\"dateModified\":\"2019-08-29T05:18:49+00:00\",\"description\":\"La\u00a0ANCH prev\u00e9 una mayor ca\u00edda en el sector turismo al cierre del a\u00f1o, se\u00f1al\u00f3 este mi\u00e9rcoles\u00a0Braulio Arsuaga, presidente del organismo empresarial.\",\"breadcrumb\":{\"@id\":\"https:\/\/nitu.mx\/index.php\/2019\/08\/28\/anch-preve-una-mayor-caida-en-el-turismo-al-cierre-del-ano\/#breadcrumb\"},\"inLanguage\":\"es-MX\",\"potentialAction\":[{\"@type\":\"ReadAction\",\"target\":[\"https:\/\/nitu.mx\/index.php\/2019\/08\/28\/anch-preve-una-mayor-caida-en-el-turismo-al-cierre-del-ano\/\"]}]},{\"@type\":\"ImageObject\",\"inLanguage\":\"es-MX\",\"@id\":\"https:\/\/nitu.mx\/index.php\/2019\/08\/28\/anch-preve-una-mayor-caida-en-el-turismo-al-cierre-del-ano\/#primaryimage\",\"url\":\"https:\/\/nitu.mx\/wp-content\/uploads\/2019\/07\/Mazatl\u00e1n-playa.jpg\",\"contentUrl\":\"https:\/\/nitu.mx\/wp-content\/uploads\/2019\/07\/Mazatl\u00e1n-playa.jpg\",\"width\":850,\"height\":480,\"caption\":\"fines de semana largos ANCH\"},{\"@type\":\"BreadcrumbList\",\"@id\":\"https:\/\/nitu.mx\/index.php\/2019\/08\/28\/anch-preve-una-mayor-caida-en-el-turismo-al-cierre-del-ano\/#breadcrumb\",\"itemListElement\":[{\"@type\":\"ListItem\",\"position\":1,\"name\":\"Inicio\",\"item\":\"https:\/\/nitu.mx\/\"},{\"@type\":\"ListItem\",\"position\":2,\"name\":\"ANCH prev\u00e9 una mayor ca\u00edda en el turismo al cierre del a\u00f1o\"}]},{\"@type\":\"WebSite\",\"@id\":\"https:\/\/nitu.mx\/#website\",\"url\":\"https:\/\/nitu.mx\/\",\"name\":\"Nitu - Noticias de la Industria Turistica\",\"description\":\"Noticias de la Industria Turistica\",\"publisher\":{\"@id\":\"https:\/\/nitu.mx\/#\/schema\/person\/ae7a53426417292d3dd07b45a33e01bc\"},\"alternateName\":\"Noticias de la Industria Turistica\",\"potentialAction\":[{\"@type\":\"SearchAction\",\"target\":{\"@type\":\"EntryPoint\",\"urlTemplate\":\"https:\/\/nitu.mx\/?s={search_term_string}\"},\"query-input\":\"required name=search_term_string\"}],\"inLanguage\":\"es-MX\"},{\"@type\":[\"Person\",\"Organization\"],\"@id\":\"https:\/\/nitu.mx\/#\/schema\/person\/ae7a53426417292d3dd07b45a33e01bc\",\"name\":\"Arturo Medina\",\"image\":{\"@type\":\"ImageObject\",\"inLanguage\":\"es-MX\",\"@id\":\"https:\/\/nitu.mx\/#\/schema\/person\/image\/\",\"url\":\"https:\/\/nitu.mx\/wp-content\/uploads\/2024\/04\/4A315622-1904-4D5C-B022-878CDC840E04-90x90-1.jpeg\",\"contentUrl\":\"https:\/\/nitu.mx\/wp-content\/uploads\/2024\/04\/4A315622-1904-4D5C-B022-878CDC840E04-90x90-1.jpeg\",\"width\":90,\"height\":90,\"caption\":\"Arturo Medina\"},\"logo\":{\"@id\":\"https:\/\/nitu.mx\/#\/schema\/person\/image\/\"},\"description\":\"Director NITU.mx, Egresado de la Escuela de Periodismo Carlos Septi\u00e9n Garc\u00eda. Periodista y analista especializado en turismo desde hace 35 a\u00f1os, radicado en Canc\u00fan Q.Roo. arturo@nitu.mx\",\"sameAs\":[\"https:\/\/nitu.mx\",\"https:\/\/www.facebook.com\/NITUmx\/\",\"medinacancun\",\"https:\/\/twitter.com\/@Arturo_Medina_G\"]},{\"@type\":\"Person\",\"@id\":\"https:\/\/nitu.mx\/#\/schema\/person\/4a28fe9bd65924f7c90623773daf1b0b\",\"name\":\"Redacci\u00f3n\",\"image\":{\"@type\":\"ImageObject\",\"inLanguage\":\"es-MX\",\"@id\":\"https:\/\/nitu.mx\/#\/schema\/person\/image\/\",\"url\":\"https:\/\/secure.gravatar.com\/avatar\/5dd011c8ccfc5cd7e4c81e42252aab38?s=96&d=mm&r=g\",\"contentUrl\":\"https:\/\/secure.gravatar.com\/avatar\/5dd011c8ccfc5cd7e4c81e42252aab38?s=96&d=mm&r=g\",\"caption\":\"Redacci\u00f3n\"},\"url\":\"https:\/\/nitu.mx\/index.php\/author\/redaccion\/\"}]}<\/script>\n<!-- \/ Yoast SEO plugin. -->","yoast_head_json":{"title":"ANCH prev\u00e9 una mayor ca\u00edda en el turismo al cierre del a\u00f1o - Nitu - Noticias de la Industria Turistica","description":"La\u00a0ANCH prev\u00e9 una mayor ca\u00edda en el sector turismo al cierre del a\u00f1o, se\u00f1al\u00f3 este mi\u00e9rcoles\u00a0Braulio Arsuaga, presidente del organismo empresarial.","robots":{"index":"index","follow":"follow","max-snippet":"max-snippet:-1","max-image-preview":"max-image-preview:large","max-video-preview":"max-video-preview:-1"},"canonical":"https:\/\/nitu.mx\/index.php\/2019\/08\/28\/anch-preve-una-mayor-caida-en-el-turismo-al-cierre-del-ano\/","twitter_card":"summary_large_image","twitter_title":"ANCH prev\u00e9 una mayor ca\u00edda en el turismo al cierre del a\u00f1o - Nitu - Noticias de la Industria Turistica","twitter_description":"La\u00a0ANCH prev\u00e9 una mayor ca\u00edda en el sector turismo al cierre del a\u00f1o, se\u00f1al\u00f3 este mi\u00e9rcoles\u00a0Braulio Arsuaga, presidente del organismo empresarial.","twitter_image":"https:\/\/nitu.mx\/wp-content\/uploads\/2019\/07\/Mazatl\u00e1n-playa.jpg","twitter_creator":"@NITUmx","twitter_site":"@Arturo_Medina_G","twitter_misc":{"Escrito por":"Redacci\u00f3n","Tiempo de lectura":"1 minuto"},"schema":{"@context":"https:\/\/schema.org","@graph":[{"@type":"Article","@id":"https:\/\/nitu.mx\/index.php\/2019\/08\/28\/anch-preve-una-mayor-caida-en-el-turismo-al-cierre-del-ano\/#article","isPartOf":{"@id":"https:\/\/nitu.mx\/index.php\/2019\/08\/28\/anch-preve-una-mayor-caida-en-el-turismo-al-cierre-del-ano\/"},"author":{"name":"Redacci\u00f3n","@id":"https:\/\/nitu.mx\/#\/schema\/person\/4a28fe9bd65924f7c90623773daf1b0b"},"headline":"ANCH prev\u00e9 una mayor ca\u00edda en el turismo al cierre del a\u00f1o","datePublished":"2019-08-29T03:40:51+00:00","dateModified":"2019-08-29T05:18:49+00:00","mainEntityOfPage":{"@id":"https:\/\/nitu.mx\/index.php\/2019\/08\/28\/anch-preve-una-mayor-caida-en-el-turismo-al-cierre-del-ano\/"},"wordCount":239,"commentCount":0,"publisher":{"@id":"https:\/\/nitu.mx\/#\/schema\/person\/ae7a53426417292d3dd07b45a33e01bc"},"image":{"@id":"https:\/\/nitu.mx\/index.php\/2019\/08\/28\/anch-preve-una-mayor-caida-en-el-turismo-al-cierre-del-ano\/#primaryimage"},"thumbnailUrl":"https:\/\/nitu.mx\/wp-content\/uploads\/2019\/07\/Mazatl\u00e1n-playa.jpg","keywords":["ANCH","Braulio Arsuaga","EBITDA","Hoteles","turismo"],"articleSection":["Hoteles","M\u00e9xico"],"inLanguage":"es-MX","potentialAction":[{"@type":"CommentAction","name":"Comment","target":["https:\/\/nitu.mx\/index.php\/2019\/08\/28\/anch-preve-una-mayor-caida-en-el-turismo-al-cierre-del-ano\/#respond"]}]},{"@type":"WebPage","@id":"https:\/\/nitu.mx\/index.php\/2019\/08\/28\/anch-preve-una-mayor-caida-en-el-turismo-al-cierre-del-ano\/","url":"https:\/\/nitu.mx\/index.php\/2019\/08\/28\/anch-preve-una-mayor-caida-en-el-turismo-al-cierre-del-ano\/","name":"ANCH prev\u00e9 una mayor ca\u00edda en el turismo al cierre del a\u00f1o - Nitu - Noticias de la Industria Turistica","isPartOf":{"@id":"https:\/\/nitu.mx\/#website"},"primaryImageOfPage":{"@id":"https:\/\/nitu.mx\/index.php\/2019\/08\/28\/anch-preve-una-mayor-caida-en-el-turismo-al-cierre-del-ano\/#primaryimage"},"image":{"@id":"https:\/\/nitu.mx\/index.php\/2019\/08\/28\/anch-preve-una-mayor-caida-en-el-turismo-al-cierre-del-ano\/#primaryimage"},"thumbnailUrl":"https:\/\/nitu.mx\/wp-content\/uploads\/2019\/07\/Mazatl\u00e1n-playa.jpg","datePublished":"2019-08-29T03:40:51+00:00","dateModified":"2019-08-29T05:18:49+00:00","description":"La\u00a0ANCH prev\u00e9 una mayor ca\u00edda en el sector turismo al cierre del a\u00f1o, se\u00f1al\u00f3 este mi\u00e9rcoles\u00a0Braulio Arsuaga, presidente del organismo empresarial.","breadcrumb":{"@id":"https:\/\/nitu.mx\/index.php\/2019\/08\/28\/anch-preve-una-mayor-caida-en-el-turismo-al-cierre-del-ano\/#breadcrumb"},"inLanguage":"es-MX","potentialAction":[{"@type":"ReadAction","target":["https:\/\/nitu.mx\/index.php\/2019\/08\/28\/anch-preve-una-mayor-caida-en-el-turismo-al-cierre-del-ano\/"]}]},{"@type":"ImageObject","inLanguage":"es-MX","@id":"https:\/\/nitu.mx\/index.php\/2019\/08\/28\/anch-preve-una-mayor-caida-en-el-turismo-al-cierre-del-ano\/#primaryimage","url":"https:\/\/nitu.mx\/wp-content\/uploads\/2019\/07\/Mazatl\u00e1n-playa.jpg","contentUrl":"https:\/\/nitu.mx\/wp-content\/uploads\/2019\/07\/Mazatl\u00e1n-playa.jpg","width":850,"height":480,"caption":"fines de semana largos ANCH"},{"@type":"BreadcrumbList","@id":"https:\/\/nitu.mx\/index.php\/2019\/08\/28\/anch-preve-una-mayor-caida-en-el-turismo-al-cierre-del-ano\/#breadcrumb","itemListElement":[{"@type":"ListItem","position":1,"name":"Inicio","item":"https:\/\/nitu.mx\/"},{"@type":"ListItem","position":2,"name":"ANCH prev\u00e9 una mayor ca\u00edda en el turismo al cierre del a\u00f1o"}]},{"@type":"WebSite","@id":"https:\/\/nitu.mx\/#website","url":"https:\/\/nitu.mx\/","name":"Nitu - Noticias de la Industria Turistica","description":"Noticias de la Industria Turistica","publisher":{"@id":"https:\/\/nitu.mx\/#\/schema\/person\/ae7a53426417292d3dd07b45a33e01bc"},"alternateName":"Noticias de la Industria Turistica","potentialAction":[{"@type":"SearchAction","target":{"@type":"EntryPoint","urlTemplate":"https:\/\/nitu.mx\/?s={search_term_string}"},"query-input":"required name=search_term_string"}],"inLanguage":"es-MX"},{"@type":["Person","Organization"],"@id":"https:\/\/nitu.mx\/#\/schema\/person\/ae7a53426417292d3dd07b45a33e01bc","name":"Arturo Medina","image":{"@type":"ImageObject","inLanguage":"es-MX","@id":"https:\/\/nitu.mx\/#\/schema\/person\/image\/","url":"https:\/\/nitu.mx\/wp-content\/uploads\/2024\/04\/4A315622-1904-4D5C-B022-878CDC840E04-90x90-1.jpeg","contentUrl":"https:\/\/nitu.mx\/wp-content\/uploads\/2024\/04\/4A315622-1904-4D5C-B022-878CDC840E04-90x90-1.jpeg","width":90,"height":90,"caption":"Arturo Medina"},"logo":{"@id":"https:\/\/nitu.mx\/#\/schema\/person\/image\/"},"description":"Director NITU.mx, Egresado de la Escuela de Periodismo Carlos Septi\u00e9n Garc\u00eda. Periodista y analista especializado en turismo desde hace 35 a\u00f1os, radicado en Canc\u00fan Q.Roo. arturo@nitu.mx","sameAs":["https:\/\/nitu.mx","https:\/\/www.facebook.com\/NITUmx\/","medinacancun","https:\/\/twitter.com\/@Arturo_Medina_G"]},{"@type":"Person","@id":"https:\/\/nitu.mx\/#\/schema\/person\/4a28fe9bd65924f7c90623773daf1b0b","name":"Redacci\u00f3n","image":{"@type":"ImageObject","inLanguage":"es-MX","@id":"https:\/\/nitu.mx\/#\/schema\/person\/image\/","url":"https:\/\/secure.gravatar.com\/avatar\/5dd011c8ccfc5cd7e4c81e42252aab38?s=96&d=mm&r=g","contentUrl":"https:\/\/secure.gravatar.com\/avatar\/5dd011c8ccfc5cd7e4c81e42252aab38?s=96&d=mm&r=g","caption":"Redacci\u00f3n"},"url":"https:\/\/nitu.mx\/index.php\/author\/redaccion\/"}]}},"views":255,"_links":{"self":[{"href":"https:\/\/nitu.mx\/index.php\/wp-json\/wp\/v2\/posts\/34967"}],"collection":[{"href":"https:\/\/nitu.mx\/index.php\/wp-json\/wp\/v2\/posts"}],"about":[{"href":"https:\/\/nitu.mx\/index.php\/wp-json\/wp\/v2\/types\/post"}],"author":[{"embeddable":true,"href":"https:\/\/nitu.mx\/index.php\/wp-json\/wp\/v2\/users\/17"}],"replies":[{"embeddable":true,"href":"https:\/\/nitu.mx\/index.php\/wp-json\/wp\/v2\/comments?post=34967"}],"version-history":[{"count":2,"href":"https:\/\/nitu.mx\/index.php\/wp-json\/wp\/v2\/posts\/34967\/revisions"}],"predecessor-version":[{"id":34982,"href":"https:\/\/nitu.mx\/index.php\/wp-json\/wp\/v2\/posts\/34967\/revisions\/34982"}],"wp:featuredmedia":[{"embeddable":true,"href":"https:\/\/nitu.mx\/index.php\/wp-json\/wp\/v2\/media\/33323"}],"wp:attachment":[{"href":"https:\/\/nitu.mx\/index.php\/wp-json\/wp\/v2\/media?parent=34967"}],"wp:term":[{"taxonomy":"category","embeddable":true,"href":"https:\/\/nitu.mx\/index.php\/wp-json\/wp\/v2\/categories?post=34967"},{"taxonomy":"post_tag","embeddable":true,"href":"https:\/\/nitu.mx\/index.php\/wp-json\/wp\/v2\/tags?post=34967"}],"curies":[{"name":"wp","href":"https:\/\/api.w.org\/{rel}","templated":true}]}}