{"id":34934,"date":"2019-08-28T00:02:19","date_gmt":"2019-08-28T05:02:19","guid":{"rendered":"https:\/\/www.dev.nitu.mx\/?p=34934"},"modified":"2019-08-28T00:21:05","modified_gmt":"2019-08-28T05:21:05","slug":"ut-organiza-el-iv-congreso-internacional-de-gastronomia","status":"publish","type":"post","link":"https:\/\/nitu.mx\/index.php\/2019\/08\/28\/ut-organiza-el-iv-congreso-internacional-de-gastronomia\/","title":{"rendered":"UT organiza el IV Congreso Internacional de Gastronom\u00eda"},"content":{"rendered":"<p>La Universidad Tecnol\u00f3gica de Canc\u00fan BIS organiza el IV Congreso Internacional de Gastronom\u00eda a celebrarse del 12 al 14 de septiembre, durante el cual se contar\u00e1 con exponentes de Francia, Per\u00fa, Colombia y Costa Rica. As\u00ed mismo se realizar\u00e1n 26 ponencias, conferencias magistrales y cooking demo de distintas regiones del mundo para beneficiar a unos 250 estudiantes de diversas universidades tecnol\u00f3gicas y estatales, que se dar\u00e1n cita en este encuentro.<\/p>\n<p>El rector de la UT Canc\u00fan BIS, Mtro. Juli\u00e1n Aguilar Estrada, refiri\u00f3 que este congreso va a permitir a los participantes actualizarse en el mundo de la gastronom\u00eda, por lo cual no solo lo integrar\u00e1n estudiantes, sino tambi\u00e9n quienes forman parte de la industria gastron\u00f3mica, ya que todos conforman el sector del turismo.<\/p>\n<p>\u201cSin duda alguna, los chefs y las chefs que vienen son personas que han estado trabajando para hacer investigaci\u00f3n, para poder resaltar lo que ellos han logrado y que se pueda compartir a trav\u00e9s de la academia, que eso es lo m\u00e1s importante. Una universidad requiere y necesita impartir, pero adem\u00e1s investigar y poder producir este conocimiento\u201d, puntualiz\u00f3 el rector.<\/p>\n<p>Afirm\u00f3 que este IV Congreso confirma que lo que empieza la UT Canc\u00fan BIS, lo contin\u00faa y fortalece. Es por ello que sostuvo que seguir\u00e1n trabajando para realizar eventos en los que se sumen otros pa\u00edses para enriquecer el intercambio de experiencias y conocimientos.<\/p>\n<p>Por su parte, el encargado de la Secretar\u00eda Acad\u00e9mica, Manuel Rivero Rivero, precis\u00f3 que el congreso est\u00e1 dirigido hacia el p\u00fablico en general, empresarios del sector interesados en conocer lo que se est\u00e1 trabajando actualmente en el \u00e1rea gastron\u00f3mica, as\u00ed como a los alumnos que ven esta oportunidad como complemento de su formaci\u00f3n acad\u00e9mica y para los docentes investigadores que deseen compartir el trabajo realizado en la investigaci\u00f3n.<\/p>\n<p>Rivero Rivero manifest\u00f3 que los ponentes internacionales que participar\u00e1n en el congreso, compartir\u00e1n parte de la experiencia que se maneja en la gastronom\u00eda actual, el potencial que tiene a nivel tur\u00edstico y de la conservaci\u00f3n del patrimonio de cada uno de los pa\u00edses y el potencial econ\u00f3mico que tiene como una industria s\u00f3lida.<\/p>\n<p>La profesora de tiempo completo, Socorro Castillo, dio a conocer los ejes tem\u00e1ticos del congreso: Intercultural, Internacional, Global y Local para lo cual hay cuatro mesas tem\u00e1ticas con 26 ponencias registradas de maestros y alumnos, quienes expondr\u00e1n sus trabajos de investigaci\u00f3n.<\/p>\n<p>Dio a conocer que la primera mesa lleva por nombre Patrimonio Inmaterial Gastron\u00f3mico, para abordar temas relacionados con la gastronom\u00eda como un producto inmaterial de las comunidades; la segunda mesa se enfoca en la Formaci\u00f3n profesional para analizar la pertinencia de los programas educativos; la tercera mesa est\u00e1 dedicada al Enlace empresa-universidad y su relaci\u00f3n con el tema de la sustentabilidad y la responsabilidad social y, en la cuarta mesa se trabajar\u00e1n Estudios de caso.<\/p>\n<p>La maestra refiri\u00f3 que se est\u00e1 teniendo un buen acercamiento y respuesta de los empresarios locales, por lo que \u201ca partir de la academia y la investigaci\u00f3n necesitamos con los empresarios locales impulsar y profesionalizar lo que es el ejercicio de la gastronom\u00eda\u201d.<\/p>\n<p>Por su parte, el maestro Cid Alejandro Silva, profesor de tiempo completo y encargado de las actividades de conferencias magistrales, hizo referencia al nutrido programa que tendr\u00e1n desde el jueves 12 de septiembre con la inauguraci\u00f3n del evento en el hotel Fairfield, para posteriormente tener conferencias magistrales, panel de expertos, cooking demo y, para los otros dos d\u00edas, las actividades ser\u00e1n en las instalaciones de la UT Canc\u00fan BIS, donde los participantes pondr\u00e1n en pr\u00e1ctica los conocimientos con el cooking demo de cocina francesa, tailandesa, libanesa, entre otras.\u00a0<a title=\"La UT de Riviera Maya gana el Intercolegial Gastron\u00f3mico del s\u00e9ptimo Festival de los Oc\u00e9anos\" href=\"https:\/\/www.dev.nitu.mx\/index.php\/2019\/05\/26\/la-ut-de-riviera-maya-gana-el-intercolegial-gastronomico-del-septimo-festival-de-los-oceanos\/\" rel=\"bookmark\">(La UT de Riviera Maya gana el Intercolegial Gastron\u00f3mico del s\u00e9ptimo Festival de los Oc\u00e9anos<\/a>).<\/p>\n","protected":false},"excerpt":{"rendered":"<p>La Universidad Tecnol\u00f3gica de Canc\u00fan BIS organiza el IV Congreso Internacional de Gastronom\u00eda a celebrarse del 12 al 14 de septiembre, durante el cual se contar\u00e1 con exponentes de Francia, Per\u00fa, Colombia y Costa Rica. As\u00ed mismo se realizar\u00e1n 26 ponencias, conferencias magistrales y cooking demo de distintas regiones del mundo para beneficiar a unos [&hellip;]<\/p>\n","protected":false},"author":17,"featured_media":34960,"comment_status":"open","ping_status":"open","sticky":false,"template":"","format":"standard","meta":{"footnotes":""},"categories":[5,6],"tags":[17156,43,17161,17158,421,4374,17157],"yoast_head":"<!-- This site is optimized with the Yoast SEO plugin v22.2 - https:\/\/yoast.com\/wordpress\/plugins\/seo\/ -->\n<title>UT organiza el IV Congreso Internacional de Gastronom\u00eda - Nitu - Noticias de la Industria Turistica<\/title>\n<meta name=\"description\" content=\"La Universidad Tecnol\u00f3gica de Canc\u00fan BIS organiza el IV Congreso Internacional de Gastronom\u00eda a celebrarse del 12 al 14 de septiembre.\" \/>\n<meta name=\"robots\" content=\"index, follow, max-snippet:-1, max-image-preview:large, max-video-preview:-1\" \/>\n<link rel=\"canonical\" href=\"https:\/\/nitu.mx\/index.php\/2019\/08\/28\/ut-organiza-el-iv-congreso-internacional-de-gastronomia\/\" \/>\n<meta name=\"twitter:card\" content=\"summary_large_image\" \/>\n<meta name=\"twitter:title\" content=\"UT organiza el IV Congreso Internacional de Gastronom\u00eda - Nitu - Noticias de la Industria Turistica\" \/>\n<meta name=\"twitter:description\" content=\"La Universidad Tecnol\u00f3gica de Canc\u00fan BIS organiza el IV Congreso Internacional de Gastronom\u00eda a celebrarse del 12 al 14 de septiembre.\" \/>\n<meta name=\"twitter:image\" content=\"https:\/\/nitu.mx\/wp-content\/uploads\/2019\/08\/UT-IV-Congreso-Internacional-de-Gastronom\u00eda.jpg\" \/>\n<meta name=\"twitter:creator\" content=\"@NITUmx\" \/>\n<meta name=\"twitter:site\" content=\"@Arturo_Medina_G\" \/>\n<meta name=\"twitter:label1\" content=\"Escrito por\" \/>\n\t<meta name=\"twitter:data1\" content=\"Redacci\u00f3n\" \/>\n\t<meta name=\"twitter:label2\" content=\"Tiempo de lectura\" \/>\n\t<meta name=\"twitter:data2\" content=\"3 minutos\" \/>\n<script type=\"application\/ld+json\" class=\"yoast-schema-graph\">{\"@context\":\"https:\/\/schema.org\",\"@graph\":[{\"@type\":\"Article\",\"@id\":\"https:\/\/nitu.mx\/index.php\/2019\/08\/28\/ut-organiza-el-iv-congreso-internacional-de-gastronomia\/#article\",\"isPartOf\":{\"@id\":\"https:\/\/nitu.mx\/index.php\/2019\/08\/28\/ut-organiza-el-iv-congreso-internacional-de-gastronomia\/\"},\"author\":{\"name\":\"Redacci\u00f3n\",\"@id\":\"https:\/\/nitu.mx\/#\/schema\/person\/4a28fe9bd65924f7c90623773daf1b0b\"},\"headline\":\"UT organiza el IV Congreso Internacional de Gastronom\u00eda\",\"datePublished\":\"2019-08-28T05:02:19+00:00\",\"dateModified\":\"2019-08-28T05:21:05+00:00\",\"mainEntityOfPage\":{\"@id\":\"https:\/\/nitu.mx\/index.php\/2019\/08\/28\/ut-organiza-el-iv-congreso-internacional-de-gastronomia\/\"},\"wordCount\":669,\"commentCount\":0,\"publisher\":{\"@id\":\"https:\/\/nitu.mx\/#\/schema\/person\/ae7a53426417292d3dd07b45a33e01bc\"},\"image\":{\"@id\":\"https:\/\/nitu.mx\/index.php\/2019\/08\/28\/ut-organiza-el-iv-congreso-internacional-de-gastronomia\/#primaryimage\"},\"thumbnailUrl\":\"https:\/\/nitu.mx\/wp-content\/uploads\/2019\/08\/UT-IV-Congreso-Internacional-de-Gastronom\u00eda.jpg\",\"keywords\":[\"BIS\",\"Canc\u00fan\",\"Congreso Internacional de Gastronom\u00eda\",\"Juli\u00e1n Aguilar Estrada\",\"turismo\",\"Universidad Tecnol\u00f3gica de Canc\u00fan\",\"UT\"],\"articleSection\":[\"Destinos\",\"M\u00e9xico\"],\"inLanguage\":\"es-MX\",\"potentialAction\":[{\"@type\":\"CommentAction\",\"name\":\"Comment\",\"target\":[\"https:\/\/nitu.mx\/index.php\/2019\/08\/28\/ut-organiza-el-iv-congreso-internacional-de-gastronomia\/#respond\"]}]},{\"@type\":\"WebPage\",\"@id\":\"https:\/\/nitu.mx\/index.php\/2019\/08\/28\/ut-organiza-el-iv-congreso-internacional-de-gastronomia\/\",\"url\":\"https:\/\/nitu.mx\/index.php\/2019\/08\/28\/ut-organiza-el-iv-congreso-internacional-de-gastronomia\/\",\"name\":\"UT organiza el IV Congreso Internacional de Gastronom\u00eda - Nitu - Noticias de la Industria Turistica\",\"isPartOf\":{\"@id\":\"https:\/\/nitu.mx\/#website\"},\"primaryImageOfPage\":{\"@id\":\"https:\/\/nitu.mx\/index.php\/2019\/08\/28\/ut-organiza-el-iv-congreso-internacional-de-gastronomia\/#primaryimage\"},\"image\":{\"@id\":\"https:\/\/nitu.mx\/index.php\/2019\/08\/28\/ut-organiza-el-iv-congreso-internacional-de-gastronomia\/#primaryimage\"},\"thumbnailUrl\":\"https:\/\/nitu.mx\/wp-content\/uploads\/2019\/08\/UT-IV-Congreso-Internacional-de-Gastronom\u00eda.jpg\",\"datePublished\":\"2019-08-28T05:02:19+00:00\",\"dateModified\":\"2019-08-28T05:21:05+00:00\",\"description\":\"La Universidad Tecnol\u00f3gica de Canc\u00fan BIS organiza el IV Congreso Internacional de Gastronom\u00eda a celebrarse del 12 al 14 de septiembre.\",\"breadcrumb\":{\"@id\":\"https:\/\/nitu.mx\/index.php\/2019\/08\/28\/ut-organiza-el-iv-congreso-internacional-de-gastronomia\/#breadcrumb\"},\"inLanguage\":\"es-MX\",\"potentialAction\":[{\"@type\":\"ReadAction\",\"target\":[\"https:\/\/nitu.mx\/index.php\/2019\/08\/28\/ut-organiza-el-iv-congreso-internacional-de-gastronomia\/\"]}]},{\"@type\":\"ImageObject\",\"inLanguage\":\"es-MX\",\"@id\":\"https:\/\/nitu.mx\/index.php\/2019\/08\/28\/ut-organiza-el-iv-congreso-internacional-de-gastronomia\/#primaryimage\",\"url\":\"https:\/\/nitu.mx\/wp-content\/uploads\/2019\/08\/UT-IV-Congreso-Internacional-de-Gastronom\u00eda.jpg\",\"contentUrl\":\"https:\/\/nitu.mx\/wp-content\/uploads\/2019\/08\/UT-IV-Congreso-Internacional-de-Gastronom\u00eda.jpg\",\"width\":850,\"height\":480,\"caption\":\"Congreso Internacional de Gastronom\u00eda\"},{\"@type\":\"BreadcrumbList\",\"@id\":\"https:\/\/nitu.mx\/index.php\/2019\/08\/28\/ut-organiza-el-iv-congreso-internacional-de-gastronomia\/#breadcrumb\",\"itemListElement\":[{\"@type\":\"ListItem\",\"position\":1,\"name\":\"Inicio\",\"item\":\"https:\/\/nitu.mx\/\"},{\"@type\":\"ListItem\",\"position\":2,\"name\":\"UT organiza el IV Congreso Internacional de Gastronom\u00eda\"}]},{\"@type\":\"WebSite\",\"@id\":\"https:\/\/nitu.mx\/#website\",\"url\":\"https:\/\/nitu.mx\/\",\"name\":\"Nitu - Noticias de la Industria Turistica\",\"description\":\"Noticias de la Industria Turistica\",\"publisher\":{\"@id\":\"https:\/\/nitu.mx\/#\/schema\/person\/ae7a53426417292d3dd07b45a33e01bc\"},\"alternateName\":\"Noticias de la Industria Turistica\",\"potentialAction\":[{\"@type\":\"SearchAction\",\"target\":{\"@type\":\"EntryPoint\",\"urlTemplate\":\"https:\/\/nitu.mx\/?s={search_term_string}\"},\"query-input\":\"required name=search_term_string\"}],\"inLanguage\":\"es-MX\"},{\"@type\":[\"Person\",\"Organization\"],\"@id\":\"https:\/\/nitu.mx\/#\/schema\/person\/ae7a53426417292d3dd07b45a33e01bc\",\"name\":\"Arturo Medina\",\"image\":{\"@type\":\"ImageObject\",\"inLanguage\":\"es-MX\",\"@id\":\"https:\/\/nitu.mx\/#\/schema\/person\/image\/\",\"url\":\"https:\/\/nitu.mx\/wp-content\/uploads\/2024\/04\/4A315622-1904-4D5C-B022-878CDC840E04-90x90-1.jpeg\",\"contentUrl\":\"https:\/\/nitu.mx\/wp-content\/uploads\/2024\/04\/4A315622-1904-4D5C-B022-878CDC840E04-90x90-1.jpeg\",\"width\":90,\"height\":90,\"caption\":\"Arturo Medina\"},\"logo\":{\"@id\":\"https:\/\/nitu.mx\/#\/schema\/person\/image\/\"},\"description\":\"Director NITU.mx, Egresado de la Escuela de Periodismo Carlos Septi\u00e9n Garc\u00eda. Periodista y analista especializado en turismo desde hace 35 a\u00f1os, radicado en Canc\u00fan Q.Roo. arturo@nitu.mx\",\"sameAs\":[\"https:\/\/nitu.mx\",\"https:\/\/www.facebook.com\/NITUmx\/\",\"medinacancun\",\"https:\/\/twitter.com\/@Arturo_Medina_G\"]},{\"@type\":\"Person\",\"@id\":\"https:\/\/nitu.mx\/#\/schema\/person\/4a28fe9bd65924f7c90623773daf1b0b\",\"name\":\"Redacci\u00f3n\",\"image\":{\"@type\":\"ImageObject\",\"inLanguage\":\"es-MX\",\"@id\":\"https:\/\/nitu.mx\/#\/schema\/person\/image\/\",\"url\":\"https:\/\/secure.gravatar.com\/avatar\/5dd011c8ccfc5cd7e4c81e42252aab38?s=96&d=mm&r=g\",\"contentUrl\":\"https:\/\/secure.gravatar.com\/avatar\/5dd011c8ccfc5cd7e4c81e42252aab38?s=96&d=mm&r=g\",\"caption\":\"Redacci\u00f3n\"},\"url\":\"https:\/\/nitu.mx\/index.php\/author\/redaccion\/\"}]}<\/script>\n<!-- \/ Yoast SEO plugin. -->","yoast_head_json":{"title":"UT organiza el IV Congreso Internacional de Gastronom\u00eda - Nitu - Noticias de la Industria Turistica","description":"La Universidad Tecnol\u00f3gica de Canc\u00fan BIS organiza el IV Congreso Internacional de Gastronom\u00eda a celebrarse del 12 al 14 de septiembre.","robots":{"index":"index","follow":"follow","max-snippet":"max-snippet:-1","max-image-preview":"max-image-preview:large","max-video-preview":"max-video-preview:-1"},"canonical":"https:\/\/nitu.mx\/index.php\/2019\/08\/28\/ut-organiza-el-iv-congreso-internacional-de-gastronomia\/","twitter_card":"summary_large_image","twitter_title":"UT organiza el IV Congreso Internacional de Gastronom\u00eda - Nitu - Noticias de la Industria Turistica","twitter_description":"La Universidad Tecnol\u00f3gica de Canc\u00fan BIS organiza el IV Congreso Internacional de Gastronom\u00eda a celebrarse del 12 al 14 de septiembre.","twitter_image":"https:\/\/nitu.mx\/wp-content\/uploads\/2019\/08\/UT-IV-Congreso-Internacional-de-Gastronom\u00eda.jpg","twitter_creator":"@NITUmx","twitter_site":"@Arturo_Medina_G","twitter_misc":{"Escrito por":"Redacci\u00f3n","Tiempo de lectura":"3 minutos"},"schema":{"@context":"https:\/\/schema.org","@graph":[{"@type":"Article","@id":"https:\/\/nitu.mx\/index.php\/2019\/08\/28\/ut-organiza-el-iv-congreso-internacional-de-gastronomia\/#article","isPartOf":{"@id":"https:\/\/nitu.mx\/index.php\/2019\/08\/28\/ut-organiza-el-iv-congreso-internacional-de-gastronomia\/"},"author":{"name":"Redacci\u00f3n","@id":"https:\/\/nitu.mx\/#\/schema\/person\/4a28fe9bd65924f7c90623773daf1b0b"},"headline":"UT organiza el IV Congreso Internacional de Gastronom\u00eda","datePublished":"2019-08-28T05:02:19+00:00","dateModified":"2019-08-28T05:21:05+00:00","mainEntityOfPage":{"@id":"https:\/\/nitu.mx\/index.php\/2019\/08\/28\/ut-organiza-el-iv-congreso-internacional-de-gastronomia\/"},"wordCount":669,"commentCount":0,"publisher":{"@id":"https:\/\/nitu.mx\/#\/schema\/person\/ae7a53426417292d3dd07b45a33e01bc"},"image":{"@id":"https:\/\/nitu.mx\/index.php\/2019\/08\/28\/ut-organiza-el-iv-congreso-internacional-de-gastronomia\/#primaryimage"},"thumbnailUrl":"https:\/\/nitu.mx\/wp-content\/uploads\/2019\/08\/UT-IV-Congreso-Internacional-de-Gastronom\u00eda.jpg","keywords":["BIS","Canc\u00fan","Congreso Internacional de Gastronom\u00eda","Juli\u00e1n Aguilar Estrada","turismo","Universidad Tecnol\u00f3gica de Canc\u00fan","UT"],"articleSection":["Destinos","M\u00e9xico"],"inLanguage":"es-MX","potentialAction":[{"@type":"CommentAction","name":"Comment","target":["https:\/\/nitu.mx\/index.php\/2019\/08\/28\/ut-organiza-el-iv-congreso-internacional-de-gastronomia\/#respond"]}]},{"@type":"WebPage","@id":"https:\/\/nitu.mx\/index.php\/2019\/08\/28\/ut-organiza-el-iv-congreso-internacional-de-gastronomia\/","url":"https:\/\/nitu.mx\/index.php\/2019\/08\/28\/ut-organiza-el-iv-congreso-internacional-de-gastronomia\/","name":"UT organiza el IV Congreso Internacional de Gastronom\u00eda - Nitu - Noticias de la Industria Turistica","isPartOf":{"@id":"https:\/\/nitu.mx\/#website"},"primaryImageOfPage":{"@id":"https:\/\/nitu.mx\/index.php\/2019\/08\/28\/ut-organiza-el-iv-congreso-internacional-de-gastronomia\/#primaryimage"},"image":{"@id":"https:\/\/nitu.mx\/index.php\/2019\/08\/28\/ut-organiza-el-iv-congreso-internacional-de-gastronomia\/#primaryimage"},"thumbnailUrl":"https:\/\/nitu.mx\/wp-content\/uploads\/2019\/08\/UT-IV-Congreso-Internacional-de-Gastronom\u00eda.jpg","datePublished":"2019-08-28T05:02:19+00:00","dateModified":"2019-08-28T05:21:05+00:00","description":"La Universidad Tecnol\u00f3gica de Canc\u00fan BIS organiza el IV Congreso Internacional de Gastronom\u00eda a celebrarse del 12 al 14 de septiembre.","breadcrumb":{"@id":"https:\/\/nitu.mx\/index.php\/2019\/08\/28\/ut-organiza-el-iv-congreso-internacional-de-gastronomia\/#breadcrumb"},"inLanguage":"es-MX","potentialAction":[{"@type":"ReadAction","target":["https:\/\/nitu.mx\/index.php\/2019\/08\/28\/ut-organiza-el-iv-congreso-internacional-de-gastronomia\/"]}]},{"@type":"ImageObject","inLanguage":"es-MX","@id":"https:\/\/nitu.mx\/index.php\/2019\/08\/28\/ut-organiza-el-iv-congreso-internacional-de-gastronomia\/#primaryimage","url":"https:\/\/nitu.mx\/wp-content\/uploads\/2019\/08\/UT-IV-Congreso-Internacional-de-Gastronom\u00eda.jpg","contentUrl":"https:\/\/nitu.mx\/wp-content\/uploads\/2019\/08\/UT-IV-Congreso-Internacional-de-Gastronom\u00eda.jpg","width":850,"height":480,"caption":"Congreso Internacional de Gastronom\u00eda"},{"@type":"BreadcrumbList","@id":"https:\/\/nitu.mx\/index.php\/2019\/08\/28\/ut-organiza-el-iv-congreso-internacional-de-gastronomia\/#breadcrumb","itemListElement":[{"@type":"ListItem","position":1,"name":"Inicio","item":"https:\/\/nitu.mx\/"},{"@type":"ListItem","position":2,"name":"UT organiza el IV Congreso Internacional de Gastronom\u00eda"}]},{"@type":"WebSite","@id":"https:\/\/nitu.mx\/#website","url":"https:\/\/nitu.mx\/","name":"Nitu - Noticias de la Industria Turistica","description":"Noticias de la Industria Turistica","publisher":{"@id":"https:\/\/nitu.mx\/#\/schema\/person\/ae7a53426417292d3dd07b45a33e01bc"},"alternateName":"Noticias de la Industria Turistica","potentialAction":[{"@type":"SearchAction","target":{"@type":"EntryPoint","urlTemplate":"https:\/\/nitu.mx\/?s={search_term_string}"},"query-input":"required name=search_term_string"}],"inLanguage":"es-MX"},{"@type":["Person","Organization"],"@id":"https:\/\/nitu.mx\/#\/schema\/person\/ae7a53426417292d3dd07b45a33e01bc","name":"Arturo Medina","image":{"@type":"ImageObject","inLanguage":"es-MX","@id":"https:\/\/nitu.mx\/#\/schema\/person\/image\/","url":"https:\/\/nitu.mx\/wp-content\/uploads\/2024\/04\/4A315622-1904-4D5C-B022-878CDC840E04-90x90-1.jpeg","contentUrl":"https:\/\/nitu.mx\/wp-content\/uploads\/2024\/04\/4A315622-1904-4D5C-B022-878CDC840E04-90x90-1.jpeg","width":90,"height":90,"caption":"Arturo Medina"},"logo":{"@id":"https:\/\/nitu.mx\/#\/schema\/person\/image\/"},"description":"Director NITU.mx, Egresado de la Escuela de Periodismo Carlos Septi\u00e9n Garc\u00eda. Periodista y analista especializado en turismo desde hace 35 a\u00f1os, radicado en Canc\u00fan Q.Roo. arturo@nitu.mx","sameAs":["https:\/\/nitu.mx","https:\/\/www.facebook.com\/NITUmx\/","medinacancun","https:\/\/twitter.com\/@Arturo_Medina_G"]},{"@type":"Person","@id":"https:\/\/nitu.mx\/#\/schema\/person\/4a28fe9bd65924f7c90623773daf1b0b","name":"Redacci\u00f3n","image":{"@type":"ImageObject","inLanguage":"es-MX","@id":"https:\/\/nitu.mx\/#\/schema\/person\/image\/","url":"https:\/\/secure.gravatar.com\/avatar\/5dd011c8ccfc5cd7e4c81e42252aab38?s=96&d=mm&r=g","contentUrl":"https:\/\/secure.gravatar.com\/avatar\/5dd011c8ccfc5cd7e4c81e42252aab38?s=96&d=mm&r=g","caption":"Redacci\u00f3n"},"url":"https:\/\/nitu.mx\/index.php\/author\/redaccion\/"}]}},"views":249,"_links":{"self":[{"href":"https:\/\/nitu.mx\/index.php\/wp-json\/wp\/v2\/posts\/34934"}],"collection":[{"href":"https:\/\/nitu.mx\/index.php\/wp-json\/wp\/v2\/posts"}],"about":[{"href":"https:\/\/nitu.mx\/index.php\/wp-json\/wp\/v2\/types\/post"}],"author":[{"embeddable":true,"href":"https:\/\/nitu.mx\/index.php\/wp-json\/wp\/v2\/users\/17"}],"replies":[{"embeddable":true,"href":"https:\/\/nitu.mx\/index.php\/wp-json\/wp\/v2\/comments?post=34934"}],"version-history":[{"count":3,"href":"https:\/\/nitu.mx\/index.php\/wp-json\/wp\/v2\/posts\/34934\/revisions"}],"predecessor-version":[{"id":34961,"href":"https:\/\/nitu.mx\/index.php\/wp-json\/wp\/v2\/posts\/34934\/revisions\/34961"}],"wp:featuredmedia":[{"embeddable":true,"href":"https:\/\/nitu.mx\/index.php\/wp-json\/wp\/v2\/media\/34960"}],"wp:attachment":[{"href":"https:\/\/nitu.mx\/index.php\/wp-json\/wp\/v2\/media?parent=34934"}],"wp:term":[{"taxonomy":"category","embeddable":true,"href":"https:\/\/nitu.mx\/index.php\/wp-json\/wp\/v2\/categories?post=34934"},{"taxonomy":"post_tag","embeddable":true,"href":"https:\/\/nitu.mx\/index.php\/wp-json\/wp\/v2\/tags?post=34934"}],"curies":[{"name":"wp","href":"https:\/\/api.w.org\/{rel}","templated":true}]}}