{"id":34911,"date":"2019-08-27T18:03:55","date_gmt":"2019-08-27T23:03:55","guid":{"rendered":"https:\/\/www.dev.nitu.mx\/?p=34911"},"modified":"2019-08-27T18:05:17","modified_gmt":"2019-08-27T23:05:17","slug":"cede-sectur-a-particulares-la-concesion-de-la-plataforma-visitmexico","status":"publish","type":"post","link":"https:\/\/nitu.mx\/index.php\/2019\/08\/27\/cede-sectur-a-particulares-la-concesion-de-la-plataforma-visitmexico\/","title":{"rendered":"Cede Sectur a particulares la concesi\u00f3n de la plataforma VisitMexico"},"content":{"rendered":"<p>Tal como lo hizo con la marca M\u00e9xico, la secretaria de Turismo (Sectur) cedi\u00f3 a la iniciativa privada el desarrollo y comercializaci\u00f3n de la plataforma VisitMexico como parte de la estrategia de promoci\u00f3n y digitalizaci\u00f3n tur\u00edstica de los destinos de M\u00e9xico.<\/p>\n<p>La nueva plataforma se logr\u00f3 sin invertir un solo peso por parte del erario p\u00fablico, gracias a la alianza con empresas como Google, Microsoft, Fox Sports, Grupo Posadas, entre otros importantes organismos del sector, quienes bajo el cobijo de la marca, propiedad de Sectur, tendr\u00e1n la misi\u00f3n de crear una robusta plataforma que adem\u00e1s de difundir los atractivos de M\u00e9xico a los viajeros, ser\u00e1 una herramienta de trabajo para los empresarios del ramo tur\u00edstico.<\/p>\n<p>El titular de la dependencia, Miguel Torruco Marqu\u00e9s, coment\u00f3 que la p\u00e1gina de VisitMexico \u201ccumpli\u00f3 su ciclo, y ahora la nueva plataforma ser\u00e1 uno de los ejes de promoci\u00f3n, junto con el Consejo de Diplomacia Tur\u00edstica que se trabaja con la Secretar\u00eda de Relaciones Exteriores y la Operaci\u00f3n Toca Puertas.\u00a0<a title=\"Instalan Sectur y SRE Consejo de Diplomacia Tur\u00edstica para promover a M\u00e9xico en el extranjero\" href=\"https:\/\/www.dev.nitu.mx\/index.php\/2019\/07\/11\/instalan-sectur-y-sre-consejo-de-diplomacia-turistica-para-promover-a-mexico-en-el-extranjero\/\" rel=\"bookmark\">(Instalan Sectur y SRE Consejo de Diplomacia Tur\u00edstica para promover a M\u00e9xico en el extranjero<\/a>).<\/p>\n<p>El presidente de VisitMexico, Marcos Achar, detall\u00f3 que la nueva plataforma es un desarrollo completamente nuevo e incluyente en donde participar\u00e1n los tres niveles de gobierno, la Iniciativa Privada, y adem\u00e1s de ello, ser\u00e1 autofinanciable.<\/p>\n<p>Contar\u00e1 con un micro sitio para cada uno de los 32 estados del pa\u00eds, en el que se pueda trabajar una \u201cpromoci\u00f3n personalizada\u201d, contenidos exclusivos para agentes de viajes, tour operadores, entre otras compa\u00f1\u00edas del sector, una plataforma de capacitaci\u00f3n y un plan de digitalizaci\u00f3n para que las empresas se sumen a las nuevas tecnolog\u00edas.<\/p>\n<p>\u201cVisitMexico se apoyar\u00e1 de la data que generen las herramientas digitales, para atraer a m\u00e1s viajeros internacionales e impulsar el gasto promedio por viajero\u201d. De acuerdo con Achar, de esta manera M\u00e9xico entrar\u00e1 en el Top 10 de pa\u00edses con mayor ingreso por divisas tur\u00edsticas, ranking en el que actualmente se ubica en la posici\u00f3n 16.\u00a0<a title=\"Mientras M\u00e9xico la cierra, Turqu\u00eda abre su oficina de Promoci\u00f3n Tur\u00edstica\" href=\"https:\/\/www.dev.nitu.mx\/index.php\/2019\/08\/26\/mientras-mexico-la-cierra-turquia-abre-su-oficina-de-promocion-turistica\/\" rel=\"bookmark\">(Mientras M\u00e9xico la cierra, Turqu\u00eda abre su oficina de Promoci\u00f3n Tur\u00edstica<\/a>).<\/p>\n<p>Ser\u00e1 en septiembre pr\u00f3ximo cuando se conozcan los primeros avances de esta robusta plataforma, que gradualmente incorporar\u00e1 las herramientas descritas para verse concretada totalmente en junio de 2020.<\/p>\n<p>La difusi\u00f3n de la informaci\u00f3n de los estados ser\u00e1 gratuita para ellos, a menos que los gobiernos estatales y municipales deseen mayor visualizaci\u00f3n, en cuyo caso deber\u00e1n destinar parte de sus recursos locales para promoci\u00f3n. Mientras que a las empresas se les ofrecen distintos paquetes de participaci\u00f3n a precios competitivos, de acuerdo con los ejecutivos de VisitMexico.<\/p>\n<p>Con m\u00e1s dudas que respuestas, pero con el optimismo del sector empresarial, la nueva estrategia de promoci\u00f3n y digitalizaci\u00f3n tur\u00edstica de M\u00e9xico llega tras el cierre del Consejo de Promoci\u00f3n Tur\u00edstica de M\u00e9xico (CPTM) y de haberse desechado las acciones que hab\u00edan desarrollado las administraciones pasadas en materia tur\u00edstica.\u00a0<a title=\"Senado pedir\u00e1 cuentas a Torruco por cierre del CPTM\" href=\"https:\/\/www.dev.nitu.mx\/index.php\/2019\/04\/30\/senado-pedira-cuentas-a-torruco-por-cierre-del-cptm\/\" rel=\"bookmark\">(Senado pedir\u00e1 cuentas a Torruco por cierre del CPTM<\/a>).<\/p>\n","protected":false},"excerpt":{"rendered":"<p>Tal como lo hizo con la marca M\u00e9xico, la secretaria de Turismo (Sectur) cedi\u00f3 a la iniciativa privada el desarrollo y comercializaci\u00f3n de la plataforma VisitMexico como parte de la estrategia de promoci\u00f3n y digitalizaci\u00f3n tur\u00edstica de los destinos de M\u00e9xico. La nueva plataforma se logr\u00f3 sin invertir un solo peso por parte del erario [&hellip;]<\/p>\n","protected":false},"author":18,"featured_media":34913,"comment_status":"open","ping_status":"open","sticky":false,"template":"","format":"standard","meta":{"footnotes":""},"categories":[12,6],"tags":[16460,241,7389,17144,910,1152,93,17143],"yoast_head":"<!-- This site is optimized with the Yoast SEO plugin v22.2 - https:\/\/yoast.com\/wordpress\/plugins\/seo\/ -->\n<title>Cede Sectur a particulares la concesi\u00f3n de la plataforma VisitMexico - Nitu - Noticias de la Industria Turistica<\/title>\n<meta name=\"description\" content=\"Tal como lo hizo con la marca M\u00e9xico, Sectur cedi\u00f3 a la iniciativa privada el desarrollo y comercializaci\u00f3n de la plataforma VisitMexico.\" \/>\n<meta name=\"robots\" content=\"index, follow, max-snippet:-1, max-image-preview:large, max-video-preview:-1\" \/>\n<link rel=\"canonical\" href=\"https:\/\/nitu.mx\/index.php\/2019\/08\/27\/cede-sectur-a-particulares-la-concesion-de-la-plataforma-visitmexico\/\" \/>\n<meta name=\"twitter:card\" content=\"summary_large_image\" \/>\n<meta name=\"twitter:title\" content=\"Cede Sectur a particulares la concesi\u00f3n de la plataforma VisitMexico - Nitu - Noticias de la Industria Turistica\" \/>\n<meta name=\"twitter:description\" content=\"Tal como lo hizo con la marca M\u00e9xico, Sectur cedi\u00f3 a la iniciativa privada el desarrollo y comercializaci\u00f3n de la plataforma VisitMexico.\" \/>\n<meta name=\"twitter:image\" content=\"https:\/\/nitu.mx\/wp-content\/uploads\/2019\/08\/VisitMexico-presentaci\u00f3n.jpg\" \/>\n<meta name=\"twitter:creator\" content=\"@NITUmx\" \/>\n<meta name=\"twitter:site\" content=\"@Arturo_Medina_G\" \/>\n<meta name=\"twitter:label1\" content=\"Escrito por\" \/>\n\t<meta name=\"twitter:data1\" content=\"Guadalupe Sixto\" \/>\n\t<meta name=\"twitter:label2\" content=\"Tiempo de lectura\" \/>\n\t<meta name=\"twitter:data2\" content=\"3 minutos\" \/>\n<script type=\"application\/ld+json\" class=\"yoast-schema-graph\">{\"@context\":\"https:\/\/schema.org\",\"@graph\":[{\"@type\":\"Article\",\"@id\":\"https:\/\/nitu.mx\/index.php\/2019\/08\/27\/cede-sectur-a-particulares-la-concesion-de-la-plataforma-visitmexico\/#article\",\"isPartOf\":{\"@id\":\"https:\/\/nitu.mx\/index.php\/2019\/08\/27\/cede-sectur-a-particulares-la-concesion-de-la-plataforma-visitmexico\/\"},\"author\":{\"name\":\"Guadalupe Sixto\",\"@id\":\"https:\/\/nitu.mx\/#\/schema\/person\/3df3082b5e46037e3f13614d28ee0b77\"},\"headline\":\"Cede Sectur a particulares la concesi\u00f3n de la plataforma VisitMexico\",\"datePublished\":\"2019-08-27T23:03:55+00:00\",\"dateModified\":\"2019-08-27T23:05:17+00:00\",\"mainEntityOfPage\":{\"@id\":\"https:\/\/nitu.mx\/index.php\/2019\/08\/27\/cede-sectur-a-particulares-la-concesion-de-la-plataforma-visitmexico\/\"},\"wordCount\":541,\"commentCount\":0,\"publisher\":{\"@id\":\"https:\/\/nitu.mx\/#\/schema\/person\/ae7a53426417292d3dd07b45a33e01bc\"},\"image\":{\"@id\":\"https:\/\/nitu.mx\/index.php\/2019\/08\/27\/cede-sectur-a-particulares-la-concesion-de-la-plataforma-visitmexico\/#primaryimage\"},\"thumbnailUrl\":\"https:\/\/nitu.mx\/wp-content\/uploads\/2019\/08\/VisitMexico-presentaci\u00f3n.jpg\",\"keywords\":[\"Consejo de Diplomacia Tur\u00edstica\",\"CPTM\",\"Google\",\"Marcos Achar\",\"Miguel Torruco\",\"Promoci\u00f3n Tur\u00edstica\",\"Sectur\",\"VisitMexico\"],\"articleSection\":[\"Marketing\",\"M\u00e9xico\"],\"inLanguage\":\"es-MX\",\"potentialAction\":[{\"@type\":\"CommentAction\",\"name\":\"Comment\",\"target\":[\"https:\/\/nitu.mx\/index.php\/2019\/08\/27\/cede-sectur-a-particulares-la-concesion-de-la-plataforma-visitmexico\/#respond\"]}]},{\"@type\":\"WebPage\",\"@id\":\"https:\/\/nitu.mx\/index.php\/2019\/08\/27\/cede-sectur-a-particulares-la-concesion-de-la-plataforma-visitmexico\/\",\"url\":\"https:\/\/nitu.mx\/index.php\/2019\/08\/27\/cede-sectur-a-particulares-la-concesion-de-la-plataforma-visitmexico\/\",\"name\":\"Cede Sectur a particulares la concesi\u00f3n de la plataforma VisitMexico - Nitu - Noticias de la Industria Turistica\",\"isPartOf\":{\"@id\":\"https:\/\/nitu.mx\/#website\"},\"primaryImageOfPage\":{\"@id\":\"https:\/\/nitu.mx\/index.php\/2019\/08\/27\/cede-sectur-a-particulares-la-concesion-de-la-plataforma-visitmexico\/#primaryimage\"},\"image\":{\"@id\":\"https:\/\/nitu.mx\/index.php\/2019\/08\/27\/cede-sectur-a-particulares-la-concesion-de-la-plataforma-visitmexico\/#primaryimage\"},\"thumbnailUrl\":\"https:\/\/nitu.mx\/wp-content\/uploads\/2019\/08\/VisitMexico-presentaci\u00f3n.jpg\",\"datePublished\":\"2019-08-27T23:03:55+00:00\",\"dateModified\":\"2019-08-27T23:05:17+00:00\",\"description\":\"Tal como lo hizo con la marca M\u00e9xico, Sectur cedi\u00f3 a la iniciativa privada el desarrollo y comercializaci\u00f3n de la plataforma VisitMexico.\",\"breadcrumb\":{\"@id\":\"https:\/\/nitu.mx\/index.php\/2019\/08\/27\/cede-sectur-a-particulares-la-concesion-de-la-plataforma-visitmexico\/#breadcrumb\"},\"inLanguage\":\"es-MX\",\"potentialAction\":[{\"@type\":\"ReadAction\",\"target\":[\"https:\/\/nitu.mx\/index.php\/2019\/08\/27\/cede-sectur-a-particulares-la-concesion-de-la-plataforma-visitmexico\/\"]}]},{\"@type\":\"ImageObject\",\"inLanguage\":\"es-MX\",\"@id\":\"https:\/\/nitu.mx\/index.php\/2019\/08\/27\/cede-sectur-a-particulares-la-concesion-de-la-plataforma-visitmexico\/#primaryimage\",\"url\":\"https:\/\/nitu.mx\/wp-content\/uploads\/2019\/08\/VisitMexico-presentaci\u00f3n.jpg\",\"contentUrl\":\"https:\/\/nitu.mx\/wp-content\/uploads\/2019\/08\/VisitMexico-presentaci\u00f3n.jpg\",\"width\":850,\"height\":480,\"caption\":\"VisitMexico\"},{\"@type\":\"BreadcrumbList\",\"@id\":\"https:\/\/nitu.mx\/index.php\/2019\/08\/27\/cede-sectur-a-particulares-la-concesion-de-la-plataforma-visitmexico\/#breadcrumb\",\"itemListElement\":[{\"@type\":\"ListItem\",\"position\":1,\"name\":\"Inicio\",\"item\":\"https:\/\/nitu.mx\/\"},{\"@type\":\"ListItem\",\"position\":2,\"name\":\"Cede Sectur a particulares la concesi\u00f3n de la plataforma VisitMexico\"}]},{\"@type\":\"WebSite\",\"@id\":\"https:\/\/nitu.mx\/#website\",\"url\":\"https:\/\/nitu.mx\/\",\"name\":\"Nitu - Noticias de la Industria Turistica\",\"description\":\"Noticias de la Industria Turistica\",\"publisher\":{\"@id\":\"https:\/\/nitu.mx\/#\/schema\/person\/ae7a53426417292d3dd07b45a33e01bc\"},\"alternateName\":\"Noticias de la Industria Turistica\",\"potentialAction\":[{\"@type\":\"SearchAction\",\"target\":{\"@type\":\"EntryPoint\",\"urlTemplate\":\"https:\/\/nitu.mx\/?s={search_term_string}\"},\"query-input\":\"required name=search_term_string\"}],\"inLanguage\":\"es-MX\"},{\"@type\":[\"Person\",\"Organization\"],\"@id\":\"https:\/\/nitu.mx\/#\/schema\/person\/ae7a53426417292d3dd07b45a33e01bc\",\"name\":\"Arturo Medina\",\"image\":{\"@type\":\"ImageObject\",\"inLanguage\":\"es-MX\",\"@id\":\"https:\/\/nitu.mx\/#\/schema\/person\/image\/\",\"url\":\"https:\/\/nitu.mx\/wp-content\/uploads\/2024\/04\/4A315622-1904-4D5C-B022-878CDC840E04-90x90-1.jpeg\",\"contentUrl\":\"https:\/\/nitu.mx\/wp-content\/uploads\/2024\/04\/4A315622-1904-4D5C-B022-878CDC840E04-90x90-1.jpeg\",\"width\":90,\"height\":90,\"caption\":\"Arturo Medina\"},\"logo\":{\"@id\":\"https:\/\/nitu.mx\/#\/schema\/person\/image\/\"},\"description\":\"Director NITU.mx, Egresado de la Escuela de Periodismo Carlos Septi\u00e9n Garc\u00eda. Periodista y analista especializado en turismo desde hace 35 a\u00f1os, radicado en Canc\u00fan Q.Roo. arturo@nitu.mx\",\"sameAs\":[\"https:\/\/nitu.mx\",\"https:\/\/www.facebook.com\/NITUmx\/\",\"medinacancun\",\"https:\/\/twitter.com\/@Arturo_Medina_G\"]},{\"@type\":\"Person\",\"@id\":\"https:\/\/nitu.mx\/#\/schema\/person\/3df3082b5e46037e3f13614d28ee0b77\",\"name\":\"Guadalupe Sixto\",\"image\":{\"@type\":\"ImageObject\",\"inLanguage\":\"es-MX\",\"@id\":\"https:\/\/nitu.mx\/#\/schema\/person\/image\/\",\"url\":\"https:\/\/secure.gravatar.com\/avatar\/13914e1b0e1919e91f9539de4dc584c4?s=96&d=mm&r=g\",\"contentUrl\":\"https:\/\/secure.gravatar.com\/avatar\/13914e1b0e1919e91f9539de4dc584c4?s=96&d=mm&r=g\",\"caption\":\"Guadalupe Sixto\"},\"url\":\"https:\/\/nitu.mx\/index.php\/author\/gsixto\/\"}]}<\/script>\n<!-- \/ Yoast SEO plugin. -->","yoast_head_json":{"title":"Cede Sectur a particulares la concesi\u00f3n de la plataforma VisitMexico - Nitu - Noticias de la Industria Turistica","description":"Tal como lo hizo con la marca M\u00e9xico, Sectur cedi\u00f3 a la iniciativa privada el desarrollo y comercializaci\u00f3n de la plataforma VisitMexico.","robots":{"index":"index","follow":"follow","max-snippet":"max-snippet:-1","max-image-preview":"max-image-preview:large","max-video-preview":"max-video-preview:-1"},"canonical":"https:\/\/nitu.mx\/index.php\/2019\/08\/27\/cede-sectur-a-particulares-la-concesion-de-la-plataforma-visitmexico\/","twitter_card":"summary_large_image","twitter_title":"Cede Sectur a particulares la concesi\u00f3n de la plataforma VisitMexico - Nitu - Noticias de la Industria Turistica","twitter_description":"Tal como lo hizo con la marca M\u00e9xico, Sectur cedi\u00f3 a la iniciativa privada el desarrollo y comercializaci\u00f3n de la plataforma VisitMexico.","twitter_image":"https:\/\/nitu.mx\/wp-content\/uploads\/2019\/08\/VisitMexico-presentaci\u00f3n.jpg","twitter_creator":"@NITUmx","twitter_site":"@Arturo_Medina_G","twitter_misc":{"Escrito por":"Guadalupe Sixto","Tiempo de lectura":"3 minutos"},"schema":{"@context":"https:\/\/schema.org","@graph":[{"@type":"Article","@id":"https:\/\/nitu.mx\/index.php\/2019\/08\/27\/cede-sectur-a-particulares-la-concesion-de-la-plataforma-visitmexico\/#article","isPartOf":{"@id":"https:\/\/nitu.mx\/index.php\/2019\/08\/27\/cede-sectur-a-particulares-la-concesion-de-la-plataforma-visitmexico\/"},"author":{"name":"Guadalupe Sixto","@id":"https:\/\/nitu.mx\/#\/schema\/person\/3df3082b5e46037e3f13614d28ee0b77"},"headline":"Cede Sectur a particulares la concesi\u00f3n de la plataforma VisitMexico","datePublished":"2019-08-27T23:03:55+00:00","dateModified":"2019-08-27T23:05:17+00:00","mainEntityOfPage":{"@id":"https:\/\/nitu.mx\/index.php\/2019\/08\/27\/cede-sectur-a-particulares-la-concesion-de-la-plataforma-visitmexico\/"},"wordCount":541,"commentCount":0,"publisher":{"@id":"https:\/\/nitu.mx\/#\/schema\/person\/ae7a53426417292d3dd07b45a33e01bc"},"image":{"@id":"https:\/\/nitu.mx\/index.php\/2019\/08\/27\/cede-sectur-a-particulares-la-concesion-de-la-plataforma-visitmexico\/#primaryimage"},"thumbnailUrl":"https:\/\/nitu.mx\/wp-content\/uploads\/2019\/08\/VisitMexico-presentaci\u00f3n.jpg","keywords":["Consejo de Diplomacia Tur\u00edstica","CPTM","Google","Marcos Achar","Miguel Torruco","Promoci\u00f3n Tur\u00edstica","Sectur","VisitMexico"],"articleSection":["Marketing","M\u00e9xico"],"inLanguage":"es-MX","potentialAction":[{"@type":"CommentAction","name":"Comment","target":["https:\/\/nitu.mx\/index.php\/2019\/08\/27\/cede-sectur-a-particulares-la-concesion-de-la-plataforma-visitmexico\/#respond"]}]},{"@type":"WebPage","@id":"https:\/\/nitu.mx\/index.php\/2019\/08\/27\/cede-sectur-a-particulares-la-concesion-de-la-plataforma-visitmexico\/","url":"https:\/\/nitu.mx\/index.php\/2019\/08\/27\/cede-sectur-a-particulares-la-concesion-de-la-plataforma-visitmexico\/","name":"Cede Sectur a particulares la concesi\u00f3n de la plataforma VisitMexico - Nitu - Noticias de la Industria Turistica","isPartOf":{"@id":"https:\/\/nitu.mx\/#website"},"primaryImageOfPage":{"@id":"https:\/\/nitu.mx\/index.php\/2019\/08\/27\/cede-sectur-a-particulares-la-concesion-de-la-plataforma-visitmexico\/#primaryimage"},"image":{"@id":"https:\/\/nitu.mx\/index.php\/2019\/08\/27\/cede-sectur-a-particulares-la-concesion-de-la-plataforma-visitmexico\/#primaryimage"},"thumbnailUrl":"https:\/\/nitu.mx\/wp-content\/uploads\/2019\/08\/VisitMexico-presentaci\u00f3n.jpg","datePublished":"2019-08-27T23:03:55+00:00","dateModified":"2019-08-27T23:05:17+00:00","description":"Tal como lo hizo con la marca M\u00e9xico, Sectur cedi\u00f3 a la iniciativa privada el desarrollo y comercializaci\u00f3n de la plataforma VisitMexico.","breadcrumb":{"@id":"https:\/\/nitu.mx\/index.php\/2019\/08\/27\/cede-sectur-a-particulares-la-concesion-de-la-plataforma-visitmexico\/#breadcrumb"},"inLanguage":"es-MX","potentialAction":[{"@type":"ReadAction","target":["https:\/\/nitu.mx\/index.php\/2019\/08\/27\/cede-sectur-a-particulares-la-concesion-de-la-plataforma-visitmexico\/"]}]},{"@type":"ImageObject","inLanguage":"es-MX","@id":"https:\/\/nitu.mx\/index.php\/2019\/08\/27\/cede-sectur-a-particulares-la-concesion-de-la-plataforma-visitmexico\/#primaryimage","url":"https:\/\/nitu.mx\/wp-content\/uploads\/2019\/08\/VisitMexico-presentaci\u00f3n.jpg","contentUrl":"https:\/\/nitu.mx\/wp-content\/uploads\/2019\/08\/VisitMexico-presentaci\u00f3n.jpg","width":850,"height":480,"caption":"VisitMexico"},{"@type":"BreadcrumbList","@id":"https:\/\/nitu.mx\/index.php\/2019\/08\/27\/cede-sectur-a-particulares-la-concesion-de-la-plataforma-visitmexico\/#breadcrumb","itemListElement":[{"@type":"ListItem","position":1,"name":"Inicio","item":"https:\/\/nitu.mx\/"},{"@type":"ListItem","position":2,"name":"Cede Sectur a particulares la concesi\u00f3n de la plataforma VisitMexico"}]},{"@type":"WebSite","@id":"https:\/\/nitu.mx\/#website","url":"https:\/\/nitu.mx\/","name":"Nitu - Noticias de la Industria Turistica","description":"Noticias de la Industria Turistica","publisher":{"@id":"https:\/\/nitu.mx\/#\/schema\/person\/ae7a53426417292d3dd07b45a33e01bc"},"alternateName":"Noticias de la Industria Turistica","potentialAction":[{"@type":"SearchAction","target":{"@type":"EntryPoint","urlTemplate":"https:\/\/nitu.mx\/?s={search_term_string}"},"query-input":"required name=search_term_string"}],"inLanguage":"es-MX"},{"@type":["Person","Organization"],"@id":"https:\/\/nitu.mx\/#\/schema\/person\/ae7a53426417292d3dd07b45a33e01bc","name":"Arturo Medina","image":{"@type":"ImageObject","inLanguage":"es-MX","@id":"https:\/\/nitu.mx\/#\/schema\/person\/image\/","url":"https:\/\/nitu.mx\/wp-content\/uploads\/2024\/04\/4A315622-1904-4D5C-B022-878CDC840E04-90x90-1.jpeg","contentUrl":"https:\/\/nitu.mx\/wp-content\/uploads\/2024\/04\/4A315622-1904-4D5C-B022-878CDC840E04-90x90-1.jpeg","width":90,"height":90,"caption":"Arturo Medina"},"logo":{"@id":"https:\/\/nitu.mx\/#\/schema\/person\/image\/"},"description":"Director NITU.mx, Egresado de la Escuela de Periodismo Carlos Septi\u00e9n Garc\u00eda. Periodista y analista especializado en turismo desde hace 35 a\u00f1os, radicado en Canc\u00fan Q.Roo. arturo@nitu.mx","sameAs":["https:\/\/nitu.mx","https:\/\/www.facebook.com\/NITUmx\/","medinacancun","https:\/\/twitter.com\/@Arturo_Medina_G"]},{"@type":"Person","@id":"https:\/\/nitu.mx\/#\/schema\/person\/3df3082b5e46037e3f13614d28ee0b77","name":"Guadalupe Sixto","image":{"@type":"ImageObject","inLanguage":"es-MX","@id":"https:\/\/nitu.mx\/#\/schema\/person\/image\/","url":"https:\/\/secure.gravatar.com\/avatar\/13914e1b0e1919e91f9539de4dc584c4?s=96&d=mm&r=g","contentUrl":"https:\/\/secure.gravatar.com\/avatar\/13914e1b0e1919e91f9539de4dc584c4?s=96&d=mm&r=g","caption":"Guadalupe Sixto"},"url":"https:\/\/nitu.mx\/index.php\/author\/gsixto\/"}]}},"views":274,"_links":{"self":[{"href":"https:\/\/nitu.mx\/index.php\/wp-json\/wp\/v2\/posts\/34911"}],"collection":[{"href":"https:\/\/nitu.mx\/index.php\/wp-json\/wp\/v2\/posts"}],"about":[{"href":"https:\/\/nitu.mx\/index.php\/wp-json\/wp\/v2\/types\/post"}],"author":[{"embeddable":true,"href":"https:\/\/nitu.mx\/index.php\/wp-json\/wp\/v2\/users\/18"}],"replies":[{"embeddable":true,"href":"https:\/\/nitu.mx\/index.php\/wp-json\/wp\/v2\/comments?post=34911"}],"version-history":[{"count":4,"href":"https:\/\/nitu.mx\/index.php\/wp-json\/wp\/v2\/posts\/34911\/revisions"}],"predecessor-version":[{"id":37192,"href":"https:\/\/nitu.mx\/index.php\/wp-json\/wp\/v2\/posts\/34911\/revisions\/37192"}],"wp:featuredmedia":[{"embeddable":true,"href":"https:\/\/nitu.mx\/index.php\/wp-json\/wp\/v2\/media\/34913"}],"wp:attachment":[{"href":"https:\/\/nitu.mx\/index.php\/wp-json\/wp\/v2\/media?parent=34911"}],"wp:term":[{"taxonomy":"category","embeddable":true,"href":"https:\/\/nitu.mx\/index.php\/wp-json\/wp\/v2\/categories?post=34911"},{"taxonomy":"post_tag","embeddable":true,"href":"https:\/\/nitu.mx\/index.php\/wp-json\/wp\/v2\/tags?post=34911"}],"curies":[{"name":"wp","href":"https:\/\/api.w.org\/{rel}","templated":true}]}}