{"id":34830,"date":"2019-08-25T21:30:39","date_gmt":"2019-08-26T02:30:39","guid":{"rendered":"https:\/\/www.dev.nitu.mx\/?p=34830"},"modified":"2019-08-26T00:40:28","modified_gmt":"2019-08-26T05:40:28","slug":"interjet-celebra-sus-alianzas-comerciales-con-14-aerolineas-extranjeras","status":"publish","type":"post","link":"https:\/\/nitu.mx\/index.php\/2019\/08\/25\/interjet-celebra-sus-alianzas-comerciales-con-14-aerolineas-extranjeras\/","title":{"rendered":"Interjet celebra sus alianzas comerciales con 14 aerol\u00edneas extranjeras"},"content":{"rendered":"<p>Rumbo al segundo semestre del a\u00f1o, Interjet celebra sus alianzas comerciales con 14 aerol\u00edneas extranjeras, as\u00ed como 12 acuerdos interlineales y cuatro c\u00f3digos compartidos, lo que demuestra la confianza de diferentes empresas internacionales, hacia la aerol\u00ednea que comanda William Shaw.<\/p>\n<p>Las rutas de Interjet, la aerol\u00ednea de alta eficiencia, abarcan 52 destinos en Me\u0301xico, Estados Unidos, Canada\u0301, Latinoame\u0301rica y el Caribe, pero el nu\u0301mero crece de forma exponencial por sus convenios con otras aeroli\u0301neas y sin los cuales no seri\u0301a posible llegar a nuevos lugares.<\/p>\n<p>El director general de la aerol\u00ednea se\u00f1al\u00f3 que otro beneficio de este tipo de acuerdos, es la comodidad de poder adquirir vuelos de otra compan\u0303i\u0301a ae\u0301rea con un mismo boleto, si comparten un punto de conexio\u0301n con Interjet.<\/p>\n<p>Durante el trimestre abril-junio del presente an\u0303o, la aeroli\u0301nea establecio\u0301 un acuerdo de co\u0301digo compartido con Alitalia, la principal li\u0301nea ae\u0301rea de ese pai\u0301s europeo, y con la cual ya sostiene una alianza comercial interlineal. Tambie\u0301n suscribio\u0301 otro con Qatar Airways, a trave\u0301s del cual, los pasajeros de la compan\u0303i\u0301a asia\u0301tica tienen acceso a toda la red de rutas de Interjet en el continente americano.\u00a0<a title=\"Firman Interjet y Alitalia c\u00f3digo compartido\" href=\"https:\/\/www.dev.nitu.mx\/index.php\/2019\/06\/03\/firman-interjet-y-alitalia-codigo-compartido\/\" rel=\"bookmark\">(Firman Interjet y Alitalia c\u00f3digo compartido<\/a>)<\/p>\n<p>Las alianzas con otras aeroli\u0301neas multinacionales han permitido a la firma mexicana fortalecer sus operaciones fora\u0301neas. En julio de 2019, Interjet reporto\u0301 un crecimiento de 22 por ciento en el mercado internacional de pasaje, al haber atendido a 436 mil 644 viajeros.<\/p>\n<p>Adema\u0301s de Alitalia y Qatar Airways, Interjet tiene alianzas comerciales con American Airlines, Emirates, Iberia, LATAM, British Airways, Japan Airlines, Lufthansa, All Nippon, Eva Air, Hainan Airlines, Air Canada y Han Air.<\/p>\n<p>En el caso de Emirates, la li\u0301nea ae\u0301rea mexicana tiene un acuerdo interlineal para conectar en Estados Unidos. Shaw advirti\u00f3 que la l\u00ednea a\u00e9rea se distingue por ser una empresa que brinda una alta experiencia de viaje, con un conjunto u\u0301nico de servicios que proporciona a los viajeros el equilibrio perfecto entre costo y beneficio.\u00a0<a title=\"Interjet incorpora TSA PRE gracias a asociaci\u00f3n con TSA\" href=\"https:\/\/www.dev.nitu.mx\/index.php\/2019\/08\/13\/interjet-incorpora-tsa-pre-gracias-a-asociacion-con-tsa\/\" rel=\"bookmark\">(Interjet incorpora TSA PRE gracias a asociaci\u00f3n con TSA<\/a>).<\/p>\n","protected":false},"excerpt":{"rendered":"<p>Rumbo al segundo semestre del a\u00f1o, Interjet celebra sus alianzas comerciales con 14 aerol\u00edneas extranjeras, as\u00ed como 12 acuerdos interlineales y cuatro c\u00f3digos compartidos, lo que demuestra la confianza de diferentes empresas internacionales, hacia la aerol\u00ednea que comanda William Shaw. Las rutas de Interjet, la aerol\u00ednea de alta eficiencia, abarcan 52 destinos en Me\u0301xico, Estados [&hellip;]<\/p>\n","protected":false},"author":17,"featured_media":32075,"comment_status":"open","ping_status":"open","sticky":false,"template":"","format":"standard","meta":{"footnotes":""},"categories":[29],"tags":[1308,3280,1304,172,1307,1006,14167],"yoast_head":"<!-- This site is optimized with the Yoast SEO plugin v22.2 - https:\/\/yoast.com\/wordpress\/plugins\/seo\/ -->\n<title>Interjet celebra sus alianzas comerciales con 14 aerol\u00edneas extranjeras - Nitu - Noticias de la Industria Turistica<\/title>\n<meta name=\"description\" content=\"Interjet celebra sus alianzas comerciales con 14 aerol\u00edneas extranjeras, as\u00ed como 12 acuerdos interlineales y cuatro c\u00f3digos compartidos.\" \/>\n<meta name=\"robots\" content=\"index, follow, max-snippet:-1, max-image-preview:large, max-video-preview:-1\" \/>\n<link rel=\"canonical\" href=\"https:\/\/nitu.mx\/index.php\/2019\/08\/25\/interjet-celebra-sus-alianzas-comerciales-con-14-aerolineas-extranjeras\/\" \/>\n<meta name=\"twitter:card\" content=\"summary_large_image\" \/>\n<meta name=\"twitter:title\" content=\"Interjet celebra sus alianzas comerciales con 14 aerol\u00edneas extranjeras - Nitu - Noticias de la Industria Turistica\" \/>\n<meta name=\"twitter:description\" content=\"Interjet celebra sus alianzas comerciales con 14 aerol\u00edneas extranjeras, as\u00ed como 12 acuerdos interlineales y cuatro c\u00f3digos compartidos.\" \/>\n<meta name=\"twitter:image\" content=\"https:\/\/nitu.mx\/wp-content\/uploads\/2019\/05\/Interjet-qatar.jpg\" \/>\n<meta name=\"twitter:creator\" content=\"@NITUmx\" \/>\n<meta name=\"twitter:site\" content=\"@Arturo_Medina_G\" \/>\n<meta name=\"twitter:label1\" content=\"Escrito por\" \/>\n\t<meta name=\"twitter:data1\" content=\"Redacci\u00f3n\" \/>\n\t<meta name=\"twitter:label2\" content=\"Tiempo de lectura\" \/>\n\t<meta name=\"twitter:data2\" content=\"2 minutos\" \/>\n<script type=\"application\/ld+json\" class=\"yoast-schema-graph\">{\"@context\":\"https:\/\/schema.org\",\"@graph\":[{\"@type\":\"Article\",\"@id\":\"https:\/\/nitu.mx\/index.php\/2019\/08\/25\/interjet-celebra-sus-alianzas-comerciales-con-14-aerolineas-extranjeras\/#article\",\"isPartOf\":{\"@id\":\"https:\/\/nitu.mx\/index.php\/2019\/08\/25\/interjet-celebra-sus-alianzas-comerciales-con-14-aerolineas-extranjeras\/\"},\"author\":{\"name\":\"Redacci\u00f3n\",\"@id\":\"https:\/\/nitu.mx\/#\/schema\/person\/4a28fe9bd65924f7c90623773daf1b0b\"},\"headline\":\"Interjet celebra sus alianzas comerciales con 14 aerol\u00edneas extranjeras\",\"datePublished\":\"2019-08-26T02:30:39+00:00\",\"dateModified\":\"2019-08-26T05:40:28+00:00\",\"mainEntityOfPage\":{\"@id\":\"https:\/\/nitu.mx\/index.php\/2019\/08\/25\/interjet-celebra-sus-alianzas-comerciales-con-14-aerolineas-extranjeras\/\"},\"wordCount\":371,\"commentCount\":0,\"publisher\":{\"@id\":\"https:\/\/nitu.mx\/#\/schema\/person\/ae7a53426417292d3dd07b45a33e01bc\"},\"image\":{\"@id\":\"https:\/\/nitu.mx\/index.php\/2019\/08\/25\/interjet-celebra-sus-alianzas-comerciales-con-14-aerolineas-extranjeras\/#primaryimage\"},\"thumbnailUrl\":\"https:\/\/nitu.mx\/wp-content\/uploads\/2019\/05\/Interjet-qatar.jpg\",\"keywords\":[\"Alitalia\",\"Emirates\",\"Iberia\",\"Interjet\",\"Latam\",\"Qatar Airways\",\"William Shaw\"],\"articleSection\":[\"Aerol\u00edneas\"],\"inLanguage\":\"es-MX\",\"potentialAction\":[{\"@type\":\"CommentAction\",\"name\":\"Comment\",\"target\":[\"https:\/\/nitu.mx\/index.php\/2019\/08\/25\/interjet-celebra-sus-alianzas-comerciales-con-14-aerolineas-extranjeras\/#respond\"]}]},{\"@type\":\"WebPage\",\"@id\":\"https:\/\/nitu.mx\/index.php\/2019\/08\/25\/interjet-celebra-sus-alianzas-comerciales-con-14-aerolineas-extranjeras\/\",\"url\":\"https:\/\/nitu.mx\/index.php\/2019\/08\/25\/interjet-celebra-sus-alianzas-comerciales-con-14-aerolineas-extranjeras\/\",\"name\":\"Interjet celebra sus alianzas comerciales con 14 aerol\u00edneas extranjeras - Nitu - Noticias de la Industria Turistica\",\"isPartOf\":{\"@id\":\"https:\/\/nitu.mx\/#website\"},\"primaryImageOfPage\":{\"@id\":\"https:\/\/nitu.mx\/index.php\/2019\/08\/25\/interjet-celebra-sus-alianzas-comerciales-con-14-aerolineas-extranjeras\/#primaryimage\"},\"image\":{\"@id\":\"https:\/\/nitu.mx\/index.php\/2019\/08\/25\/interjet-celebra-sus-alianzas-comerciales-con-14-aerolineas-extranjeras\/#primaryimage\"},\"thumbnailUrl\":\"https:\/\/nitu.mx\/wp-content\/uploads\/2019\/05\/Interjet-qatar.jpg\",\"datePublished\":\"2019-08-26T02:30:39+00:00\",\"dateModified\":\"2019-08-26T05:40:28+00:00\",\"description\":\"Interjet celebra sus alianzas comerciales con 14 aerol\u00edneas extranjeras, as\u00ed como 12 acuerdos interlineales y cuatro c\u00f3digos compartidos.\",\"breadcrumb\":{\"@id\":\"https:\/\/nitu.mx\/index.php\/2019\/08\/25\/interjet-celebra-sus-alianzas-comerciales-con-14-aerolineas-extranjeras\/#breadcrumb\"},\"inLanguage\":\"es-MX\",\"potentialAction\":[{\"@type\":\"ReadAction\",\"target\":[\"https:\/\/nitu.mx\/index.php\/2019\/08\/25\/interjet-celebra-sus-alianzas-comerciales-con-14-aerolineas-extranjeras\/\"]}]},{\"@type\":\"ImageObject\",\"inLanguage\":\"es-MX\",\"@id\":\"https:\/\/nitu.mx\/index.php\/2019\/08\/25\/interjet-celebra-sus-alianzas-comerciales-con-14-aerolineas-extranjeras\/#primaryimage\",\"url\":\"https:\/\/nitu.mx\/wp-content\/uploads\/2019\/05\/Interjet-qatar.jpg\",\"contentUrl\":\"https:\/\/nitu.mx\/wp-content\/uploads\/2019\/05\/Interjet-qatar.jpg\",\"width\":850,\"height\":480,\"caption\":\"Interjet qatar narda\"},{\"@type\":\"BreadcrumbList\",\"@id\":\"https:\/\/nitu.mx\/index.php\/2019\/08\/25\/interjet-celebra-sus-alianzas-comerciales-con-14-aerolineas-extranjeras\/#breadcrumb\",\"itemListElement\":[{\"@type\":\"ListItem\",\"position\":1,\"name\":\"Inicio\",\"item\":\"https:\/\/nitu.mx\/\"},{\"@type\":\"ListItem\",\"position\":2,\"name\":\"Interjet celebra sus alianzas comerciales con 14 aerol\u00edneas extranjeras\"}]},{\"@type\":\"WebSite\",\"@id\":\"https:\/\/nitu.mx\/#website\",\"url\":\"https:\/\/nitu.mx\/\",\"name\":\"Nitu - Noticias de la Industria Turistica\",\"description\":\"Noticias de la Industria Turistica\",\"publisher\":{\"@id\":\"https:\/\/nitu.mx\/#\/schema\/person\/ae7a53426417292d3dd07b45a33e01bc\"},\"alternateName\":\"Noticias de la Industria Turistica\",\"potentialAction\":[{\"@type\":\"SearchAction\",\"target\":{\"@type\":\"EntryPoint\",\"urlTemplate\":\"https:\/\/nitu.mx\/?s={search_term_string}\"},\"query-input\":\"required name=search_term_string\"}],\"inLanguage\":\"es-MX\"},{\"@type\":[\"Person\",\"Organization\"],\"@id\":\"https:\/\/nitu.mx\/#\/schema\/person\/ae7a53426417292d3dd07b45a33e01bc\",\"name\":\"Arturo Medina\",\"image\":{\"@type\":\"ImageObject\",\"inLanguage\":\"es-MX\",\"@id\":\"https:\/\/nitu.mx\/#\/schema\/person\/image\/\",\"url\":\"https:\/\/nitu.mx\/wp-content\/uploads\/2024\/04\/4A315622-1904-4D5C-B022-878CDC840E04-90x90-1.jpeg\",\"contentUrl\":\"https:\/\/nitu.mx\/wp-content\/uploads\/2024\/04\/4A315622-1904-4D5C-B022-878CDC840E04-90x90-1.jpeg\",\"width\":90,\"height\":90,\"caption\":\"Arturo Medina\"},\"logo\":{\"@id\":\"https:\/\/nitu.mx\/#\/schema\/person\/image\/\"},\"description\":\"Director NITU.mx, Egresado de la Escuela de Periodismo Carlos Septi\u00e9n Garc\u00eda. Periodista y analista especializado en turismo desde hace 35 a\u00f1os, radicado en Canc\u00fan Q.Roo. arturo@nitu.mx\",\"sameAs\":[\"https:\/\/nitu.mx\",\"https:\/\/www.facebook.com\/NITUmx\/\",\"medinacancun\",\"https:\/\/twitter.com\/@Arturo_Medina_G\"]},{\"@type\":\"Person\",\"@id\":\"https:\/\/nitu.mx\/#\/schema\/person\/4a28fe9bd65924f7c90623773daf1b0b\",\"name\":\"Redacci\u00f3n\",\"image\":{\"@type\":\"ImageObject\",\"inLanguage\":\"es-MX\",\"@id\":\"https:\/\/nitu.mx\/#\/schema\/person\/image\/\",\"url\":\"https:\/\/secure.gravatar.com\/avatar\/5dd011c8ccfc5cd7e4c81e42252aab38?s=96&d=mm&r=g\",\"contentUrl\":\"https:\/\/secure.gravatar.com\/avatar\/5dd011c8ccfc5cd7e4c81e42252aab38?s=96&d=mm&r=g\",\"caption\":\"Redacci\u00f3n\"},\"url\":\"https:\/\/nitu.mx\/index.php\/author\/redaccion\/\"}]}<\/script>\n<!-- \/ Yoast SEO plugin. -->","yoast_head_json":{"title":"Interjet celebra sus alianzas comerciales con 14 aerol\u00edneas extranjeras - Nitu - Noticias de la Industria Turistica","description":"Interjet celebra sus alianzas comerciales con 14 aerol\u00edneas extranjeras, as\u00ed como 12 acuerdos interlineales y cuatro c\u00f3digos compartidos.","robots":{"index":"index","follow":"follow","max-snippet":"max-snippet:-1","max-image-preview":"max-image-preview:large","max-video-preview":"max-video-preview:-1"},"canonical":"https:\/\/nitu.mx\/index.php\/2019\/08\/25\/interjet-celebra-sus-alianzas-comerciales-con-14-aerolineas-extranjeras\/","twitter_card":"summary_large_image","twitter_title":"Interjet celebra sus alianzas comerciales con 14 aerol\u00edneas extranjeras - Nitu - Noticias de la Industria Turistica","twitter_description":"Interjet celebra sus alianzas comerciales con 14 aerol\u00edneas extranjeras, as\u00ed como 12 acuerdos interlineales y cuatro c\u00f3digos compartidos.","twitter_image":"https:\/\/nitu.mx\/wp-content\/uploads\/2019\/05\/Interjet-qatar.jpg","twitter_creator":"@NITUmx","twitter_site":"@Arturo_Medina_G","twitter_misc":{"Escrito por":"Redacci\u00f3n","Tiempo de lectura":"2 minutos"},"schema":{"@context":"https:\/\/schema.org","@graph":[{"@type":"Article","@id":"https:\/\/nitu.mx\/index.php\/2019\/08\/25\/interjet-celebra-sus-alianzas-comerciales-con-14-aerolineas-extranjeras\/#article","isPartOf":{"@id":"https:\/\/nitu.mx\/index.php\/2019\/08\/25\/interjet-celebra-sus-alianzas-comerciales-con-14-aerolineas-extranjeras\/"},"author":{"name":"Redacci\u00f3n","@id":"https:\/\/nitu.mx\/#\/schema\/person\/4a28fe9bd65924f7c90623773daf1b0b"},"headline":"Interjet celebra sus alianzas comerciales con 14 aerol\u00edneas extranjeras","datePublished":"2019-08-26T02:30:39+00:00","dateModified":"2019-08-26T05:40:28+00:00","mainEntityOfPage":{"@id":"https:\/\/nitu.mx\/index.php\/2019\/08\/25\/interjet-celebra-sus-alianzas-comerciales-con-14-aerolineas-extranjeras\/"},"wordCount":371,"commentCount":0,"publisher":{"@id":"https:\/\/nitu.mx\/#\/schema\/person\/ae7a53426417292d3dd07b45a33e01bc"},"image":{"@id":"https:\/\/nitu.mx\/index.php\/2019\/08\/25\/interjet-celebra-sus-alianzas-comerciales-con-14-aerolineas-extranjeras\/#primaryimage"},"thumbnailUrl":"https:\/\/nitu.mx\/wp-content\/uploads\/2019\/05\/Interjet-qatar.jpg","keywords":["Alitalia","Emirates","Iberia","Interjet","Latam","Qatar Airways","William Shaw"],"articleSection":["Aerol\u00edneas"],"inLanguage":"es-MX","potentialAction":[{"@type":"CommentAction","name":"Comment","target":["https:\/\/nitu.mx\/index.php\/2019\/08\/25\/interjet-celebra-sus-alianzas-comerciales-con-14-aerolineas-extranjeras\/#respond"]}]},{"@type":"WebPage","@id":"https:\/\/nitu.mx\/index.php\/2019\/08\/25\/interjet-celebra-sus-alianzas-comerciales-con-14-aerolineas-extranjeras\/","url":"https:\/\/nitu.mx\/index.php\/2019\/08\/25\/interjet-celebra-sus-alianzas-comerciales-con-14-aerolineas-extranjeras\/","name":"Interjet celebra sus alianzas comerciales con 14 aerol\u00edneas extranjeras - Nitu - Noticias de la Industria Turistica","isPartOf":{"@id":"https:\/\/nitu.mx\/#website"},"primaryImageOfPage":{"@id":"https:\/\/nitu.mx\/index.php\/2019\/08\/25\/interjet-celebra-sus-alianzas-comerciales-con-14-aerolineas-extranjeras\/#primaryimage"},"image":{"@id":"https:\/\/nitu.mx\/index.php\/2019\/08\/25\/interjet-celebra-sus-alianzas-comerciales-con-14-aerolineas-extranjeras\/#primaryimage"},"thumbnailUrl":"https:\/\/nitu.mx\/wp-content\/uploads\/2019\/05\/Interjet-qatar.jpg","datePublished":"2019-08-26T02:30:39+00:00","dateModified":"2019-08-26T05:40:28+00:00","description":"Interjet celebra sus alianzas comerciales con 14 aerol\u00edneas extranjeras, as\u00ed como 12 acuerdos interlineales y cuatro c\u00f3digos compartidos.","breadcrumb":{"@id":"https:\/\/nitu.mx\/index.php\/2019\/08\/25\/interjet-celebra-sus-alianzas-comerciales-con-14-aerolineas-extranjeras\/#breadcrumb"},"inLanguage":"es-MX","potentialAction":[{"@type":"ReadAction","target":["https:\/\/nitu.mx\/index.php\/2019\/08\/25\/interjet-celebra-sus-alianzas-comerciales-con-14-aerolineas-extranjeras\/"]}]},{"@type":"ImageObject","inLanguage":"es-MX","@id":"https:\/\/nitu.mx\/index.php\/2019\/08\/25\/interjet-celebra-sus-alianzas-comerciales-con-14-aerolineas-extranjeras\/#primaryimage","url":"https:\/\/nitu.mx\/wp-content\/uploads\/2019\/05\/Interjet-qatar.jpg","contentUrl":"https:\/\/nitu.mx\/wp-content\/uploads\/2019\/05\/Interjet-qatar.jpg","width":850,"height":480,"caption":"Interjet qatar narda"},{"@type":"BreadcrumbList","@id":"https:\/\/nitu.mx\/index.php\/2019\/08\/25\/interjet-celebra-sus-alianzas-comerciales-con-14-aerolineas-extranjeras\/#breadcrumb","itemListElement":[{"@type":"ListItem","position":1,"name":"Inicio","item":"https:\/\/nitu.mx\/"},{"@type":"ListItem","position":2,"name":"Interjet celebra sus alianzas comerciales con 14 aerol\u00edneas extranjeras"}]},{"@type":"WebSite","@id":"https:\/\/nitu.mx\/#website","url":"https:\/\/nitu.mx\/","name":"Nitu - Noticias de la Industria Turistica","description":"Noticias de la Industria Turistica","publisher":{"@id":"https:\/\/nitu.mx\/#\/schema\/person\/ae7a53426417292d3dd07b45a33e01bc"},"alternateName":"Noticias de la Industria Turistica","potentialAction":[{"@type":"SearchAction","target":{"@type":"EntryPoint","urlTemplate":"https:\/\/nitu.mx\/?s={search_term_string}"},"query-input":"required name=search_term_string"}],"inLanguage":"es-MX"},{"@type":["Person","Organization"],"@id":"https:\/\/nitu.mx\/#\/schema\/person\/ae7a53426417292d3dd07b45a33e01bc","name":"Arturo Medina","image":{"@type":"ImageObject","inLanguage":"es-MX","@id":"https:\/\/nitu.mx\/#\/schema\/person\/image\/","url":"https:\/\/nitu.mx\/wp-content\/uploads\/2024\/04\/4A315622-1904-4D5C-B022-878CDC840E04-90x90-1.jpeg","contentUrl":"https:\/\/nitu.mx\/wp-content\/uploads\/2024\/04\/4A315622-1904-4D5C-B022-878CDC840E04-90x90-1.jpeg","width":90,"height":90,"caption":"Arturo Medina"},"logo":{"@id":"https:\/\/nitu.mx\/#\/schema\/person\/image\/"},"description":"Director NITU.mx, Egresado de la Escuela de Periodismo Carlos Septi\u00e9n Garc\u00eda. Periodista y analista especializado en turismo desde hace 35 a\u00f1os, radicado en Canc\u00fan Q.Roo. arturo@nitu.mx","sameAs":["https:\/\/nitu.mx","https:\/\/www.facebook.com\/NITUmx\/","medinacancun","https:\/\/twitter.com\/@Arturo_Medina_G"]},{"@type":"Person","@id":"https:\/\/nitu.mx\/#\/schema\/person\/4a28fe9bd65924f7c90623773daf1b0b","name":"Redacci\u00f3n","image":{"@type":"ImageObject","inLanguage":"es-MX","@id":"https:\/\/nitu.mx\/#\/schema\/person\/image\/","url":"https:\/\/secure.gravatar.com\/avatar\/5dd011c8ccfc5cd7e4c81e42252aab38?s=96&d=mm&r=g","contentUrl":"https:\/\/secure.gravatar.com\/avatar\/5dd011c8ccfc5cd7e4c81e42252aab38?s=96&d=mm&r=g","caption":"Redacci\u00f3n"},"url":"https:\/\/nitu.mx\/index.php\/author\/redaccion\/"}]}},"views":265,"_links":{"self":[{"href":"https:\/\/nitu.mx\/index.php\/wp-json\/wp\/v2\/posts\/34830"}],"collection":[{"href":"https:\/\/nitu.mx\/index.php\/wp-json\/wp\/v2\/posts"}],"about":[{"href":"https:\/\/nitu.mx\/index.php\/wp-json\/wp\/v2\/types\/post"}],"author":[{"embeddable":true,"href":"https:\/\/nitu.mx\/index.php\/wp-json\/wp\/v2\/users\/17"}],"replies":[{"embeddable":true,"href":"https:\/\/nitu.mx\/index.php\/wp-json\/wp\/v2\/comments?post=34830"}],"version-history":[{"count":5,"href":"https:\/\/nitu.mx\/index.php\/wp-json\/wp\/v2\/posts\/34830\/revisions"}],"predecessor-version":[{"id":34838,"href":"https:\/\/nitu.mx\/index.php\/wp-json\/wp\/v2\/posts\/34830\/revisions\/34838"}],"wp:featuredmedia":[{"embeddable":true,"href":"https:\/\/nitu.mx\/index.php\/wp-json\/wp\/v2\/media\/32075"}],"wp:attachment":[{"href":"https:\/\/nitu.mx\/index.php\/wp-json\/wp\/v2\/media?parent=34830"}],"wp:term":[{"taxonomy":"category","embeddable":true,"href":"https:\/\/nitu.mx\/index.php\/wp-json\/wp\/v2\/categories?post=34830"},{"taxonomy":"post_tag","embeddable":true,"href":"https:\/\/nitu.mx\/index.php\/wp-json\/wp\/v2\/tags?post=34830"}],"curies":[{"name":"wp","href":"https:\/\/api.w.org\/{rel}","templated":true}]}}