{"id":34768,"date":"2019-08-22T22:28:04","date_gmt":"2019-08-23T03:28:04","guid":{"rendered":"https:\/\/www.dev.nitu.mx\/?p=34768"},"modified":"2019-08-23T00:04:09","modified_gmt":"2019-08-23T05:04:09","slug":"viva-aerobus-llega-a-100-rutas-nacionales-con-el-nuevo-vuelo-pvr-tij","status":"publish","type":"post","link":"https:\/\/nitu.mx\/index.php\/2019\/08\/22\/viva-aerobus-llega-a-100-rutas-nacionales-con-el-nuevo-vuelo-pvr-tij\/","title":{"rendered":"Viva Aerobus llega a 100 rutas nacionales con el nuevo vuelo: PVR-TIJ"},"content":{"rendered":"<p>La aerol\u00ednea, Viva Aerobus, al mando de Juan Carlos Zuazua, celebra la apertura de su ruta n\u00famero 100 con el pr\u00f3ximo vuelo de Puerto Vallarta-Tijuana que iniciar\u00e1 operaciones el 13 de diciembre con tres vuelos a la semana.<\/p>\n<p>Viva Aerobus mantiene 118 rutas: 100 nacionales y 18 internacionales, y contin\u00faa su crecimiento conectando ciudades del interior de la Rep\u00fablica Mexicana.<\/p>\n<p>El mes de julio fue hist\u00f3rico para la aerol\u00ednea, pues por primera vez se posicion\u00f3 como la segunda con el mayor n\u00famero de pasajeros nacionales.<\/p>\n<p>\u201cEstamos muy entusiasmados porque Viva Aerobus conecte a dos aeropuertos del Grupo Aeroportuario del Pac\u00edfico (GAP): el Aeropuerto de Puerto Vallarta, uno de los destinos tur\u00edsticos m\u00e1s importantes del pa\u00eds; con Tijuana, un aeropuerto reci\u00e9n remodelado y que facilita el paso de la frontera norte por el Cross Border Xpress (CBX).<\/p>\n<p>La regi\u00f3n se beneficia por un impulso a la conectividad, al turismo y a la derrama econ\u00f3mica local, sin\u00f3nimo de crecimiento y desarrollo para ambos destinos\u201d, mencion\u00f3 Ra\u00fal Revuelta, director general de GAP.<\/p>\n<p>Con esta nueva ruta, Viva Aerobus fortalece su presencia en estas dos ciudades. Por un lado, la aerol\u00ednea ya cuenta con 10 rutas en el Aeropuerto Internacional de Tijuana, una de sus cinco bases operativas, y se sit\u00faa como la segunda aerol\u00ednea que ofrece m\u00e1s destinos desde esta entidad.<\/p>\n<p>Incluso, este a\u00f1o, ha lanzado cuatro nuevas rutas en Tijuana. Este liderazgo en la ciudad fronteriza se ve respaldado por un significativo incremento en la preferencia de los pasajeros, siendo que Viva registr\u00f3 un aumento de 48 por ciento en su n\u00famero de clientes en los primeros seis meses del a\u00f1o desde\/hacia esta ciudad.<\/p>\n<p>La aerol\u00ednea ahora suma cinco rutas desde Puerto Vallarta, localidad donde tambi\u00e9n ha reportado un crecimiento de 17 por ciento en el total de sus pasajeros en la primera mitad del a\u00f1o en comparaci\u00f3n con el 2018.<\/p>\n<p>La ampliaci\u00f3n de la oferta de Viva Aerobus ha sido una constante durante el 2019, resultando en 23 rutas reci\u00e9n integradas a su portafolio en lo que va del a\u00f1o. En dos meses consecutivos, junio y julio, la aerol\u00ednea registr\u00f3 m\u00e1s de un mill\u00f3n de clientes.<\/p>\n<p>\u201cNo s\u00f3lo celebramos un hito para Viva Aerobus con nuestra ruta nacional n\u00famero 100, tambi\u00e9n para la conectividad del pa\u00eds en beneficio directo de todos los pasajeros. Guiados por nuestra vocaci\u00f3n como embajadores de M\u00e9xico, hemos dado un paso m\u00e1s con el claro objetivo de ofrecer la m\u00e1s amplia variedad de rutas nacionales a precios inigualables\u201d, se\u00f1al\u00f3 Juan Carlos Zuazua, director general de Viva Aerobus.\u00a0<a title=\"Durante temporada invernal, Viva Aerob\u00fas abrir\u00e1 nueva ruta Morelia-Chicago\" href=\"https:\/\/www.dev.nitu.mx\/index.php\/2019\/08\/15\/durante-temporada-invernal-viva-aerobus-abrira-nueva-ruta-morelia-chicago\/\" rel=\"bookmark\">(Durante temporada invernal, Viva Aerob\u00fas abrir\u00e1 nueva ruta Morelia-Chicago<\/a>).<\/p>\n","protected":false},"excerpt":{"rendered":"<p>La aerol\u00ednea, Viva Aerobus, al mando de Juan Carlos Zuazua, celebra la apertura de su ruta n\u00famero 100 con el pr\u00f3ximo vuelo de Puerto Vallarta-Tijuana que iniciar\u00e1 operaciones el 13 de diciembre con tres vuelos a la semana. Viva Aerobus mantiene 118 rutas: 100 nacionales y 18 internacionales, y contin\u00faa su crecimiento conectando ciudades del [&hellip;]<\/p>\n","protected":false},"author":17,"featured_media":31022,"comment_status":"open","ping_status":"open","sticky":false,"template":"","format":"standard","meta":{"footnotes":""},"categories":[1],"tags":[8035,295,471,14879,489,2102],"yoast_head":"<!-- This site is optimized with the Yoast SEO plugin v22.2 - https:\/\/yoast.com\/wordpress\/plugins\/seo\/ -->\n<title>Viva Aerobus llega a 100 rutas nacionales con el nuevo vuelo: PVR-TIJ - Nitu - Noticias de la Industria Turistica<\/title>\n<meta name=\"description\" content=\"Viva Aerobus celebra la apertura de su ruta n\u00famero 100 con el pr\u00f3ximo vuelo de Puerto Vallarta-Tijuana que iniciar\u00e1 operaciones el 13 de diciembre.\" \/>\n<meta name=\"robots\" content=\"index, follow, max-snippet:-1, max-image-preview:large, max-video-preview:-1\" \/>\n<link rel=\"canonical\" href=\"https:\/\/nitu.mx\/index.php\/2019\/08\/22\/viva-aerobus-llega-a-100-rutas-nacionales-con-el-nuevo-vuelo-pvr-tij\/\" \/>\n<meta name=\"twitter:card\" content=\"summary_large_image\" \/>\n<meta name=\"twitter:title\" content=\"Viva Aerobus llega a 100 rutas nacionales con el nuevo vuelo: PVR-TIJ - Nitu - Noticias de la Industria Turistica\" \/>\n<meta name=\"twitter:description\" content=\"Viva Aerobus celebra la apertura de su ruta n\u00famero 100 con el pr\u00f3ximo vuelo de Puerto Vallarta-Tijuana que iniciar\u00e1 operaciones el 13 de diciembre.\" \/>\n<meta name=\"twitter:image\" content=\"https:\/\/nitu.mx\/wp-content\/uploads\/2019\/04\/Viva-Aerobus-Tianguis.jpg\" \/>\n<meta name=\"twitter:creator\" content=\"@NITUmx\" \/>\n<meta name=\"twitter:site\" content=\"@Arturo_Medina_G\" \/>\n<meta name=\"twitter:label1\" content=\"Escrito por\" \/>\n\t<meta name=\"twitter:data1\" content=\"Redacci\u00f3n\" \/>\n\t<meta name=\"twitter:label2\" content=\"Tiempo de lectura\" \/>\n\t<meta name=\"twitter:data2\" content=\"2 minutos\" \/>\n<script type=\"application\/ld+json\" class=\"yoast-schema-graph\">{\"@context\":\"https:\/\/schema.org\",\"@graph\":[{\"@type\":\"Article\",\"@id\":\"https:\/\/nitu.mx\/index.php\/2019\/08\/22\/viva-aerobus-llega-a-100-rutas-nacionales-con-el-nuevo-vuelo-pvr-tij\/#article\",\"isPartOf\":{\"@id\":\"https:\/\/nitu.mx\/index.php\/2019\/08\/22\/viva-aerobus-llega-a-100-rutas-nacionales-con-el-nuevo-vuelo-pvr-tij\/\"},\"author\":{\"name\":\"Redacci\u00f3n\",\"@id\":\"https:\/\/nitu.mx\/#\/schema\/person\/4a28fe9bd65924f7c90623773daf1b0b\"},\"headline\":\"Viva Aerobus llega a 100 rutas nacionales con el nuevo vuelo: PVR-TIJ\",\"datePublished\":\"2019-08-23T03:28:04+00:00\",\"dateModified\":\"2019-08-23T05:04:09+00:00\",\"mainEntityOfPage\":{\"@id\":\"https:\/\/nitu.mx\/index.php\/2019\/08\/22\/viva-aerobus-llega-a-100-rutas-nacionales-con-el-nuevo-vuelo-pvr-tij\/\"},\"wordCount\":473,\"commentCount\":0,\"publisher\":{\"@id\":\"https:\/\/nitu.mx\/#\/schema\/person\/ae7a53426417292d3dd07b45a33e01bc\"},\"image\":{\"@id\":\"https:\/\/nitu.mx\/index.php\/2019\/08\/22\/viva-aerobus-llega-a-100-rutas-nacionales-con-el-nuevo-vuelo-pvr-tij\/#primaryimage\"},\"thumbnailUrl\":\"https:\/\/nitu.mx\/wp-content\/uploads\/2019\/04\/Viva-Aerobus-Tianguis.jpg\",\"keywords\":[\"Cross Border Xpress\",\"Juan Carlos Zuazua\",\"Puerto Vallarta\",\"Ra\u00fal Revuelta\",\"Tijuana\",\"Viva Aerobus\"],\"articleSection\":[\"Sin Categor\u00eda\"],\"inLanguage\":\"es-MX\",\"potentialAction\":[{\"@type\":\"CommentAction\",\"name\":\"Comment\",\"target\":[\"https:\/\/nitu.mx\/index.php\/2019\/08\/22\/viva-aerobus-llega-a-100-rutas-nacionales-con-el-nuevo-vuelo-pvr-tij\/#respond\"]}]},{\"@type\":\"WebPage\",\"@id\":\"https:\/\/nitu.mx\/index.php\/2019\/08\/22\/viva-aerobus-llega-a-100-rutas-nacionales-con-el-nuevo-vuelo-pvr-tij\/\",\"url\":\"https:\/\/nitu.mx\/index.php\/2019\/08\/22\/viva-aerobus-llega-a-100-rutas-nacionales-con-el-nuevo-vuelo-pvr-tij\/\",\"name\":\"Viva Aerobus llega a 100 rutas nacionales con el nuevo vuelo: PVR-TIJ - Nitu - Noticias de la Industria Turistica\",\"isPartOf\":{\"@id\":\"https:\/\/nitu.mx\/#website\"},\"primaryImageOfPage\":{\"@id\":\"https:\/\/nitu.mx\/index.php\/2019\/08\/22\/viva-aerobus-llega-a-100-rutas-nacionales-con-el-nuevo-vuelo-pvr-tij\/#primaryimage\"},\"image\":{\"@id\":\"https:\/\/nitu.mx\/index.php\/2019\/08\/22\/viva-aerobus-llega-a-100-rutas-nacionales-con-el-nuevo-vuelo-pvr-tij\/#primaryimage\"},\"thumbnailUrl\":\"https:\/\/nitu.mx\/wp-content\/uploads\/2019\/04\/Viva-Aerobus-Tianguis.jpg\",\"datePublished\":\"2019-08-23T03:28:04+00:00\",\"dateModified\":\"2019-08-23T05:04:09+00:00\",\"description\":\"Viva Aerobus celebra la apertura de su ruta n\u00famero 100 con el pr\u00f3ximo vuelo de Puerto Vallarta-Tijuana que iniciar\u00e1 operaciones el 13 de diciembre.\",\"breadcrumb\":{\"@id\":\"https:\/\/nitu.mx\/index.php\/2019\/08\/22\/viva-aerobus-llega-a-100-rutas-nacionales-con-el-nuevo-vuelo-pvr-tij\/#breadcrumb\"},\"inLanguage\":\"es-MX\",\"potentialAction\":[{\"@type\":\"ReadAction\",\"target\":[\"https:\/\/nitu.mx\/index.php\/2019\/08\/22\/viva-aerobus-llega-a-100-rutas-nacionales-con-el-nuevo-vuelo-pvr-tij\/\"]}]},{\"@type\":\"ImageObject\",\"inLanguage\":\"es-MX\",\"@id\":\"https:\/\/nitu.mx\/index.php\/2019\/08\/22\/viva-aerobus-llega-a-100-rutas-nacionales-con-el-nuevo-vuelo-pvr-tij\/#primaryimage\",\"url\":\"https:\/\/nitu.mx\/wp-content\/uploads\/2019\/04\/Viva-Aerobus-Tianguis.jpg\",\"contentUrl\":\"https:\/\/nitu.mx\/wp-content\/uploads\/2019\/04\/Viva-Aerobus-Tianguis.jpg\",\"width\":850,\"height\":480,\"caption\":\"Viva Aerobus Tianguis\"},{\"@type\":\"BreadcrumbList\",\"@id\":\"https:\/\/nitu.mx\/index.php\/2019\/08\/22\/viva-aerobus-llega-a-100-rutas-nacionales-con-el-nuevo-vuelo-pvr-tij\/#breadcrumb\",\"itemListElement\":[{\"@type\":\"ListItem\",\"position\":1,\"name\":\"Inicio\",\"item\":\"https:\/\/nitu.mx\/\"},{\"@type\":\"ListItem\",\"position\":2,\"name\":\"Viva Aerobus llega a 100 rutas nacionales con el nuevo vuelo: PVR-TIJ\"}]},{\"@type\":\"WebSite\",\"@id\":\"https:\/\/nitu.mx\/#website\",\"url\":\"https:\/\/nitu.mx\/\",\"name\":\"Nitu - Noticias de la Industria Turistica\",\"description\":\"Noticias de la Industria Turistica\",\"publisher\":{\"@id\":\"https:\/\/nitu.mx\/#\/schema\/person\/ae7a53426417292d3dd07b45a33e01bc\"},\"alternateName\":\"Noticias de la Industria Turistica\",\"potentialAction\":[{\"@type\":\"SearchAction\",\"target\":{\"@type\":\"EntryPoint\",\"urlTemplate\":\"https:\/\/nitu.mx\/?s={search_term_string}\"},\"query-input\":\"required name=search_term_string\"}],\"inLanguage\":\"es-MX\"},{\"@type\":[\"Person\",\"Organization\"],\"@id\":\"https:\/\/nitu.mx\/#\/schema\/person\/ae7a53426417292d3dd07b45a33e01bc\",\"name\":\"Arturo Medina\",\"image\":{\"@type\":\"ImageObject\",\"inLanguage\":\"es-MX\",\"@id\":\"https:\/\/nitu.mx\/#\/schema\/person\/image\/\",\"url\":\"https:\/\/nitu.mx\/wp-content\/uploads\/2024\/04\/4A315622-1904-4D5C-B022-878CDC840E04-90x90-1.jpeg\",\"contentUrl\":\"https:\/\/nitu.mx\/wp-content\/uploads\/2024\/04\/4A315622-1904-4D5C-B022-878CDC840E04-90x90-1.jpeg\",\"width\":90,\"height\":90,\"caption\":\"Arturo Medina\"},\"logo\":{\"@id\":\"https:\/\/nitu.mx\/#\/schema\/person\/image\/\"},\"description\":\"Director NITU.mx, Egresado de la Escuela de Periodismo Carlos Septi\u00e9n Garc\u00eda. Periodista y analista especializado en turismo desde hace 35 a\u00f1os, radicado en Canc\u00fan Q.Roo. arturo@nitu.mx\",\"sameAs\":[\"https:\/\/nitu.mx\",\"https:\/\/www.facebook.com\/NITUmx\/\",\"medinacancun\",\"https:\/\/twitter.com\/@Arturo_Medina_G\"]},{\"@type\":\"Person\",\"@id\":\"https:\/\/nitu.mx\/#\/schema\/person\/4a28fe9bd65924f7c90623773daf1b0b\",\"name\":\"Redacci\u00f3n\",\"image\":{\"@type\":\"ImageObject\",\"inLanguage\":\"es-MX\",\"@id\":\"https:\/\/nitu.mx\/#\/schema\/person\/image\/\",\"url\":\"https:\/\/secure.gravatar.com\/avatar\/5dd011c8ccfc5cd7e4c81e42252aab38?s=96&d=mm&r=g\",\"contentUrl\":\"https:\/\/secure.gravatar.com\/avatar\/5dd011c8ccfc5cd7e4c81e42252aab38?s=96&d=mm&r=g\",\"caption\":\"Redacci\u00f3n\"},\"url\":\"https:\/\/nitu.mx\/index.php\/author\/redaccion\/\"}]}<\/script>\n<!-- \/ Yoast SEO plugin. -->","yoast_head_json":{"title":"Viva Aerobus llega a 100 rutas nacionales con el nuevo vuelo: PVR-TIJ - Nitu - Noticias de la Industria Turistica","description":"Viva Aerobus celebra la apertura de su ruta n\u00famero 100 con el pr\u00f3ximo vuelo de Puerto Vallarta-Tijuana que iniciar\u00e1 operaciones el 13 de diciembre.","robots":{"index":"index","follow":"follow","max-snippet":"max-snippet:-1","max-image-preview":"max-image-preview:large","max-video-preview":"max-video-preview:-1"},"canonical":"https:\/\/nitu.mx\/index.php\/2019\/08\/22\/viva-aerobus-llega-a-100-rutas-nacionales-con-el-nuevo-vuelo-pvr-tij\/","twitter_card":"summary_large_image","twitter_title":"Viva Aerobus llega a 100 rutas nacionales con el nuevo vuelo: PVR-TIJ - Nitu - Noticias de la Industria Turistica","twitter_description":"Viva Aerobus celebra la apertura de su ruta n\u00famero 100 con el pr\u00f3ximo vuelo de Puerto Vallarta-Tijuana que iniciar\u00e1 operaciones el 13 de diciembre.","twitter_image":"https:\/\/nitu.mx\/wp-content\/uploads\/2019\/04\/Viva-Aerobus-Tianguis.jpg","twitter_creator":"@NITUmx","twitter_site":"@Arturo_Medina_G","twitter_misc":{"Escrito por":"Redacci\u00f3n","Tiempo de lectura":"2 minutos"},"schema":{"@context":"https:\/\/schema.org","@graph":[{"@type":"Article","@id":"https:\/\/nitu.mx\/index.php\/2019\/08\/22\/viva-aerobus-llega-a-100-rutas-nacionales-con-el-nuevo-vuelo-pvr-tij\/#article","isPartOf":{"@id":"https:\/\/nitu.mx\/index.php\/2019\/08\/22\/viva-aerobus-llega-a-100-rutas-nacionales-con-el-nuevo-vuelo-pvr-tij\/"},"author":{"name":"Redacci\u00f3n","@id":"https:\/\/nitu.mx\/#\/schema\/person\/4a28fe9bd65924f7c90623773daf1b0b"},"headline":"Viva Aerobus llega a 100 rutas nacionales con el nuevo vuelo: PVR-TIJ","datePublished":"2019-08-23T03:28:04+00:00","dateModified":"2019-08-23T05:04:09+00:00","mainEntityOfPage":{"@id":"https:\/\/nitu.mx\/index.php\/2019\/08\/22\/viva-aerobus-llega-a-100-rutas-nacionales-con-el-nuevo-vuelo-pvr-tij\/"},"wordCount":473,"commentCount":0,"publisher":{"@id":"https:\/\/nitu.mx\/#\/schema\/person\/ae7a53426417292d3dd07b45a33e01bc"},"image":{"@id":"https:\/\/nitu.mx\/index.php\/2019\/08\/22\/viva-aerobus-llega-a-100-rutas-nacionales-con-el-nuevo-vuelo-pvr-tij\/#primaryimage"},"thumbnailUrl":"https:\/\/nitu.mx\/wp-content\/uploads\/2019\/04\/Viva-Aerobus-Tianguis.jpg","keywords":["Cross Border Xpress","Juan Carlos Zuazua","Puerto Vallarta","Ra\u00fal Revuelta","Tijuana","Viva Aerobus"],"articleSection":["Sin Categor\u00eda"],"inLanguage":"es-MX","potentialAction":[{"@type":"CommentAction","name":"Comment","target":["https:\/\/nitu.mx\/index.php\/2019\/08\/22\/viva-aerobus-llega-a-100-rutas-nacionales-con-el-nuevo-vuelo-pvr-tij\/#respond"]}]},{"@type":"WebPage","@id":"https:\/\/nitu.mx\/index.php\/2019\/08\/22\/viva-aerobus-llega-a-100-rutas-nacionales-con-el-nuevo-vuelo-pvr-tij\/","url":"https:\/\/nitu.mx\/index.php\/2019\/08\/22\/viva-aerobus-llega-a-100-rutas-nacionales-con-el-nuevo-vuelo-pvr-tij\/","name":"Viva Aerobus llega a 100 rutas nacionales con el nuevo vuelo: PVR-TIJ - Nitu - Noticias de la Industria Turistica","isPartOf":{"@id":"https:\/\/nitu.mx\/#website"},"primaryImageOfPage":{"@id":"https:\/\/nitu.mx\/index.php\/2019\/08\/22\/viva-aerobus-llega-a-100-rutas-nacionales-con-el-nuevo-vuelo-pvr-tij\/#primaryimage"},"image":{"@id":"https:\/\/nitu.mx\/index.php\/2019\/08\/22\/viva-aerobus-llega-a-100-rutas-nacionales-con-el-nuevo-vuelo-pvr-tij\/#primaryimage"},"thumbnailUrl":"https:\/\/nitu.mx\/wp-content\/uploads\/2019\/04\/Viva-Aerobus-Tianguis.jpg","datePublished":"2019-08-23T03:28:04+00:00","dateModified":"2019-08-23T05:04:09+00:00","description":"Viva Aerobus celebra la apertura de su ruta n\u00famero 100 con el pr\u00f3ximo vuelo de Puerto Vallarta-Tijuana que iniciar\u00e1 operaciones el 13 de diciembre.","breadcrumb":{"@id":"https:\/\/nitu.mx\/index.php\/2019\/08\/22\/viva-aerobus-llega-a-100-rutas-nacionales-con-el-nuevo-vuelo-pvr-tij\/#breadcrumb"},"inLanguage":"es-MX","potentialAction":[{"@type":"ReadAction","target":["https:\/\/nitu.mx\/index.php\/2019\/08\/22\/viva-aerobus-llega-a-100-rutas-nacionales-con-el-nuevo-vuelo-pvr-tij\/"]}]},{"@type":"ImageObject","inLanguage":"es-MX","@id":"https:\/\/nitu.mx\/index.php\/2019\/08\/22\/viva-aerobus-llega-a-100-rutas-nacionales-con-el-nuevo-vuelo-pvr-tij\/#primaryimage","url":"https:\/\/nitu.mx\/wp-content\/uploads\/2019\/04\/Viva-Aerobus-Tianguis.jpg","contentUrl":"https:\/\/nitu.mx\/wp-content\/uploads\/2019\/04\/Viva-Aerobus-Tianguis.jpg","width":850,"height":480,"caption":"Viva Aerobus Tianguis"},{"@type":"BreadcrumbList","@id":"https:\/\/nitu.mx\/index.php\/2019\/08\/22\/viva-aerobus-llega-a-100-rutas-nacionales-con-el-nuevo-vuelo-pvr-tij\/#breadcrumb","itemListElement":[{"@type":"ListItem","position":1,"name":"Inicio","item":"https:\/\/nitu.mx\/"},{"@type":"ListItem","position":2,"name":"Viva Aerobus llega a 100 rutas nacionales con el nuevo vuelo: PVR-TIJ"}]},{"@type":"WebSite","@id":"https:\/\/nitu.mx\/#website","url":"https:\/\/nitu.mx\/","name":"Nitu - Noticias de la Industria Turistica","description":"Noticias de la Industria Turistica","publisher":{"@id":"https:\/\/nitu.mx\/#\/schema\/person\/ae7a53426417292d3dd07b45a33e01bc"},"alternateName":"Noticias de la Industria Turistica","potentialAction":[{"@type":"SearchAction","target":{"@type":"EntryPoint","urlTemplate":"https:\/\/nitu.mx\/?s={search_term_string}"},"query-input":"required name=search_term_string"}],"inLanguage":"es-MX"},{"@type":["Person","Organization"],"@id":"https:\/\/nitu.mx\/#\/schema\/person\/ae7a53426417292d3dd07b45a33e01bc","name":"Arturo Medina","image":{"@type":"ImageObject","inLanguage":"es-MX","@id":"https:\/\/nitu.mx\/#\/schema\/person\/image\/","url":"https:\/\/nitu.mx\/wp-content\/uploads\/2024\/04\/4A315622-1904-4D5C-B022-878CDC840E04-90x90-1.jpeg","contentUrl":"https:\/\/nitu.mx\/wp-content\/uploads\/2024\/04\/4A315622-1904-4D5C-B022-878CDC840E04-90x90-1.jpeg","width":90,"height":90,"caption":"Arturo Medina"},"logo":{"@id":"https:\/\/nitu.mx\/#\/schema\/person\/image\/"},"description":"Director NITU.mx, Egresado de la Escuela de Periodismo Carlos Septi\u00e9n Garc\u00eda. Periodista y analista especializado en turismo desde hace 35 a\u00f1os, radicado en Canc\u00fan Q.Roo. arturo@nitu.mx","sameAs":["https:\/\/nitu.mx","https:\/\/www.facebook.com\/NITUmx\/","medinacancun","https:\/\/twitter.com\/@Arturo_Medina_G"]},{"@type":"Person","@id":"https:\/\/nitu.mx\/#\/schema\/person\/4a28fe9bd65924f7c90623773daf1b0b","name":"Redacci\u00f3n","image":{"@type":"ImageObject","inLanguage":"es-MX","@id":"https:\/\/nitu.mx\/#\/schema\/person\/image\/","url":"https:\/\/secure.gravatar.com\/avatar\/5dd011c8ccfc5cd7e4c81e42252aab38?s=96&d=mm&r=g","contentUrl":"https:\/\/secure.gravatar.com\/avatar\/5dd011c8ccfc5cd7e4c81e42252aab38?s=96&d=mm&r=g","caption":"Redacci\u00f3n"},"url":"https:\/\/nitu.mx\/index.php\/author\/redaccion\/"}]}},"views":294,"_links":{"self":[{"href":"https:\/\/nitu.mx\/index.php\/wp-json\/wp\/v2\/posts\/34768"}],"collection":[{"href":"https:\/\/nitu.mx\/index.php\/wp-json\/wp\/v2\/posts"}],"about":[{"href":"https:\/\/nitu.mx\/index.php\/wp-json\/wp\/v2\/types\/post"}],"author":[{"embeddable":true,"href":"https:\/\/nitu.mx\/index.php\/wp-json\/wp\/v2\/users\/17"}],"replies":[{"embeddable":true,"href":"https:\/\/nitu.mx\/index.php\/wp-json\/wp\/v2\/comments?post=34768"}],"version-history":[{"count":5,"href":"https:\/\/nitu.mx\/index.php\/wp-json\/wp\/v2\/posts\/34768\/revisions"}],"predecessor-version":[{"id":34782,"href":"https:\/\/nitu.mx\/index.php\/wp-json\/wp\/v2\/posts\/34768\/revisions\/34782"}],"wp:featuredmedia":[{"embeddable":true,"href":"https:\/\/nitu.mx\/index.php\/wp-json\/wp\/v2\/media\/31022"}],"wp:attachment":[{"href":"https:\/\/nitu.mx\/index.php\/wp-json\/wp\/v2\/media?parent=34768"}],"wp:term":[{"taxonomy":"category","embeddable":true,"href":"https:\/\/nitu.mx\/index.php\/wp-json\/wp\/v2\/categories?post=34768"},{"taxonomy":"post_tag","embeddable":true,"href":"https:\/\/nitu.mx\/index.php\/wp-json\/wp\/v2\/tags?post=34768"}],"curies":[{"name":"wp","href":"https:\/\/api.w.org\/{rel}","templated":true}]}}