{"id":34744,"date":"2019-08-22T00:05:03","date_gmt":"2019-08-22T05:05:03","guid":{"rendered":"https:\/\/www.dev.nitu.mx\/?p=34744"},"modified":"2019-08-22T00:17:32","modified_gmt":"2019-08-22T05:17:32","slug":"por-posibles-afectaciones-al-ecosistema-juez-concede-suspension-definitiva-contra-autorizacion-de-santa-lucia","status":"publish","type":"post","link":"https:\/\/nitu.mx\/index.php\/2019\/08\/22\/por-posibles-afectaciones-al-ecosistema-juez-concede-suspension-definitiva-contra-autorizacion-de-santa-lucia\/","title":{"rendered":"Por posibles afectaciones al ecosistema juez concede suspensi\u00f3n definitiva contra autorizaci\u00f3n de Santa Luc\u00eda"},"content":{"rendered":"<p>El juez d\u00e9cimo de distrito del Estado de M\u00e9xico concedi\u00f3 este mi\u00e9rcoles\u00a0la suspensi\u00f3n definitiva contra la Autorizaci\u00f3n de Impacto Ambiental\u00a0que la Secretar\u00eda de Medio Ambiente y Recursos Naturales (Semarnat) otorg\u00f3 al proyecto aeroportuario que se ubicar\u00e1 en la base a\u00e9rea militar n\u00famero 1 de\u00a0Santa Luc\u00eda.<\/p>\n<p>&#8220;Se otorga debido a que la propia autorizaci\u00f3n de la Semanart reconoce que con la ejecuci\u00f3n del proyecto de Santa Luc\u00eda\u00a0se ocasionar\u00e1n da\u00f1os y afectaciones al ecosistema actual\u00a0de las regiones que impactar\u00e1 la obra aeroportuaria&#8221;, menciona el comunicado publicado por\u00a0Mexicanos Contra la Corrupci\u00f3n y la Impunidad (MCCI).<\/p>\n<p>Este recurso legal es uno de los amparos promovidos por el colectivo\u00a0#NoM\u00e1sDerroches\u00a0contra la edificaci\u00f3n del Aeropuerto Internacional de Santa Luc\u00eda (AISL), el cual, seg\u00fan la organizaci\u00f3n, no cumple con los requerimientos ambientales para ser construido.<\/p>\n<p>Con esta suspensi\u00f3n definitiva, el Gobierno est\u00e1 impedido para iniciar la obra en Santa Luc\u00eda mientras\u00a0no concluya el juicio de amparo\u00a0referente a la Manifestaci\u00f3n de Impacto Ambiental. (<a title=\"Construcci\u00f3n de Santa Luc\u00eda suspendida hasta aclaraci\u00f3n del NAIM\" href=\"https:\/\/www.dev.nitu.mx\/index.php\/2019\/08\/16\/construccion-de-santa-lucia-suspendida-hasta-aclaracion-del-naim\/\" rel=\"bookmark\">Construcci\u00f3n de Santa Luc\u00eda suspendida hasta aclaraci\u00f3n del NAIM<\/a>).<\/p>\n<p>&#8220;(La construcci\u00f3n) tendr\u00e1 que esperar a que se emita sentencia definitiva en el juicio de amparo, pues proh\u00edbe la ejecuci\u00f3n de la Autorizaci\u00f3n de Impacto Ambiental hasta que el juez analice si cumple con los principios en materia ambiental&#8221;, se\u00f1ala el documento.<\/p>\n<p>El 15 de agosto, un juez federal concedi\u00f3 una suspensi\u00f3n definitiva mediante la cual se ordena al Gobierno detener la construcci\u00f3n de la instalaci\u00f3n aeroportuaria en Santa Luc\u00eda hasta que se fundamente la cancelaci\u00f3n del puerto a\u00e9reo en Texcoco, iniciado por la administraci\u00f3n anterior.<\/p>\n<p>Javier Jim\u00e9nez Espri\u00fa, secretario de Comunicaciones y Transportes, asegur\u00f3 el martes que no &#8216;ten\u00eda idea&#8217; de cu\u00e1nto tiempo pueda estar detenida la obra, esto a ra\u00edz de las suspensiones definitivas que diversos jueces concedieron contra ese proyecto.<\/p>\n<p>&#8220;Se est\u00e1 esperando la soluci\u00f3n judicial de los amparos. No tengo idea de cu\u00e1nto (pueda estar detenido el proyecto&#8221;, coment\u00f3 el funcionario al salir de una reuni\u00f3n con el presidente Andr\u00e9s Manuel L\u00f3pez Obrador.<\/p>\n<p>El aeropuerto que pretende construir el Gobierno no ha podido &#8216;despegar&#8217; su construcci\u00f3n debido a una serie de 80 amparos que el colectivo #NoM\u00e1sDerroches ha interpuesto contra la edificaci\u00f3n del complejo. (El Financiero)<\/p>\n","protected":false},"excerpt":{"rendered":"<p>El juez d\u00e9cimo de distrito del Estado de M\u00e9xico concedi\u00f3 este mi\u00e9rcoles\u00a0la suspensi\u00f3n definitiva contra la Autorizaci\u00f3n de Impacto Ambiental\u00a0que la Secretar\u00eda de Medio Ambiente y Recursos Naturales (Semarnat) otorg\u00f3 al proyecto aeroportuario que se ubicar\u00e1 en la base a\u00e9rea militar n\u00famero 1 de\u00a0Santa Luc\u00eda. &#8220;Se otorga debido a que la propia autorizaci\u00f3n de la [&hellip;]<\/p>\n","protected":false},"author":17,"featured_media":25957,"comment_status":"open","ping_status":"open","sticky":false,"template":"","format":"standard","meta":{"footnotes":""},"categories":[29,6],"tags":[1883,11202,17087,13014,45],"yoast_head":"<!-- This site is optimized with the Yoast SEO plugin v22.2 - https:\/\/yoast.com\/wordpress\/plugins\/seo\/ -->\n<title>Por posibles afectaciones al ecosistema juez concede suspensi\u00f3n definitiva contra autorizaci\u00f3n de Santa Luc\u00eda - Nitu - Noticias de la Industria Turistica<\/title>\n<meta name=\"description\" content=\"Juez concede\u00a0la suspensi\u00f3n definitiva contra la Autorizaci\u00f3n que la Semarnat otorg\u00f3 al proyecto aeroportuario de la base a\u00e9rea militar en\u00a0Santa Luc\u00eda.\" \/>\n<meta name=\"robots\" content=\"index, follow, max-snippet:-1, max-image-preview:large, max-video-preview:-1\" \/>\n<link rel=\"canonical\" href=\"https:\/\/nitu.mx\/index.php\/2019\/08\/22\/por-posibles-afectaciones-al-ecosistema-juez-concede-suspension-definitiva-contra-autorizacion-de-santa-lucia\/\" \/>\n<meta name=\"twitter:card\" content=\"summary_large_image\" \/>\n<meta name=\"twitter:title\" content=\"Por posibles afectaciones al ecosistema juez concede suspensi\u00f3n definitiva contra autorizaci\u00f3n de Santa Luc\u00eda - Nitu - Noticias de la Industria Turistica\" \/>\n<meta name=\"twitter:description\" content=\"Juez concede\u00a0la suspensi\u00f3n definitiva contra la Autorizaci\u00f3n que la Semarnat otorg\u00f3 al proyecto aeroportuario de la base a\u00e9rea militar en\u00a0Santa Luc\u00eda.\" \/>\n<meta name=\"twitter:image\" content=\"https:\/\/nitu.mx\/wp-content\/uploads\/2018\/10\/Santa-Lucia.jpg\" \/>\n<meta name=\"twitter:creator\" content=\"@NITUmx\" \/>\n<meta name=\"twitter:site\" content=\"@Arturo_Medina_G\" \/>\n<meta name=\"twitter:label1\" content=\"Escrito por\" \/>\n\t<meta name=\"twitter:data1\" content=\"Redacci\u00f3n\" \/>\n\t<meta name=\"twitter:label2\" content=\"Tiempo de lectura\" \/>\n\t<meta name=\"twitter:data2\" content=\"2 minutos\" \/>\n<script type=\"application\/ld+json\" class=\"yoast-schema-graph\">{\"@context\":\"https:\/\/schema.org\",\"@graph\":[{\"@type\":\"Article\",\"@id\":\"https:\/\/nitu.mx\/index.php\/2019\/08\/22\/por-posibles-afectaciones-al-ecosistema-juez-concede-suspension-definitiva-contra-autorizacion-de-santa-lucia\/#article\",\"isPartOf\":{\"@id\":\"https:\/\/nitu.mx\/index.php\/2019\/08\/22\/por-posibles-afectaciones-al-ecosistema-juez-concede-suspension-definitiva-contra-autorizacion-de-santa-lucia\/\"},\"author\":{\"name\":\"Redacci\u00f3n\",\"@id\":\"https:\/\/nitu.mx\/#\/schema\/person\/4a28fe9bd65924f7c90623773daf1b0b\"},\"headline\":\"Por posibles afectaciones al ecosistema juez concede suspensi\u00f3n definitiva contra autorizaci\u00f3n de Santa Luc\u00eda\",\"datePublished\":\"2019-08-22T05:05:03+00:00\",\"dateModified\":\"2019-08-22T05:17:32+00:00\",\"mainEntityOfPage\":{\"@id\":\"https:\/\/nitu.mx\/index.php\/2019\/08\/22\/por-posibles-afectaciones-al-ecosistema-juez-concede-suspension-definitiva-contra-autorizacion-de-santa-lucia\/\"},\"wordCount\":427,\"commentCount\":0,\"publisher\":{\"@id\":\"https:\/\/nitu.mx\/#\/schema\/person\/ae7a53426417292d3dd07b45a33e01bc\"},\"image\":{\"@id\":\"https:\/\/nitu.mx\/index.php\/2019\/08\/22\/por-posibles-afectaciones-al-ecosistema-juez-concede-suspension-definitiva-contra-autorizacion-de-santa-lucia\/#primaryimage\"},\"thumbnailUrl\":\"https:\/\/nitu.mx\/wp-content\/uploads\/2018\/10\/Santa-Lucia.jpg\",\"keywords\":[\"Impacto Ambiental\",\"Javier Jim\u00e9nez Espri\u00fa\",\"MCCI\",\"Santa Luc\u00eda\",\"Semarnat\"],\"articleSection\":[\"Aerol\u00edneas\",\"M\u00e9xico\"],\"inLanguage\":\"es-MX\",\"potentialAction\":[{\"@type\":\"CommentAction\",\"name\":\"Comment\",\"target\":[\"https:\/\/nitu.mx\/index.php\/2019\/08\/22\/por-posibles-afectaciones-al-ecosistema-juez-concede-suspension-definitiva-contra-autorizacion-de-santa-lucia\/#respond\"]}]},{\"@type\":\"WebPage\",\"@id\":\"https:\/\/nitu.mx\/index.php\/2019\/08\/22\/por-posibles-afectaciones-al-ecosistema-juez-concede-suspension-definitiva-contra-autorizacion-de-santa-lucia\/\",\"url\":\"https:\/\/nitu.mx\/index.php\/2019\/08\/22\/por-posibles-afectaciones-al-ecosistema-juez-concede-suspension-definitiva-contra-autorizacion-de-santa-lucia\/\",\"name\":\"Por posibles afectaciones al ecosistema juez concede suspensi\u00f3n definitiva contra autorizaci\u00f3n de Santa Luc\u00eda - Nitu - Noticias de la Industria Turistica\",\"isPartOf\":{\"@id\":\"https:\/\/nitu.mx\/#website\"},\"primaryImageOfPage\":{\"@id\":\"https:\/\/nitu.mx\/index.php\/2019\/08\/22\/por-posibles-afectaciones-al-ecosistema-juez-concede-suspension-definitiva-contra-autorizacion-de-santa-lucia\/#primaryimage\"},\"image\":{\"@id\":\"https:\/\/nitu.mx\/index.php\/2019\/08\/22\/por-posibles-afectaciones-al-ecosistema-juez-concede-suspension-definitiva-contra-autorizacion-de-santa-lucia\/#primaryimage\"},\"thumbnailUrl\":\"https:\/\/nitu.mx\/wp-content\/uploads\/2018\/10\/Santa-Lucia.jpg\",\"datePublished\":\"2019-08-22T05:05:03+00:00\",\"dateModified\":\"2019-08-22T05:17:32+00:00\",\"description\":\"Juez concede\u00a0la suspensi\u00f3n definitiva contra la Autorizaci\u00f3n que la Semarnat otorg\u00f3 al proyecto aeroportuario de la base a\u00e9rea militar en\u00a0Santa Luc\u00eda.\",\"breadcrumb\":{\"@id\":\"https:\/\/nitu.mx\/index.php\/2019\/08\/22\/por-posibles-afectaciones-al-ecosistema-juez-concede-suspension-definitiva-contra-autorizacion-de-santa-lucia\/#breadcrumb\"},\"inLanguage\":\"es-MX\",\"potentialAction\":[{\"@type\":\"ReadAction\",\"target\":[\"https:\/\/nitu.mx\/index.php\/2019\/08\/22\/por-posibles-afectaciones-al-ecosistema-juez-concede-suspension-definitiva-contra-autorizacion-de-santa-lucia\/\"]}]},{\"@type\":\"ImageObject\",\"inLanguage\":\"es-MX\",\"@id\":\"https:\/\/nitu.mx\/index.php\/2019\/08\/22\/por-posibles-afectaciones-al-ecosistema-juez-concede-suspension-definitiva-contra-autorizacion-de-santa-lucia\/#primaryimage\",\"url\":\"https:\/\/nitu.mx\/wp-content\/uploads\/2018\/10\/Santa-Lucia.jpg\",\"contentUrl\":\"https:\/\/nitu.mx\/wp-content\/uploads\/2018\/10\/Santa-Lucia.jpg\",\"width\":850,\"height\":480,\"caption\":\"Santa Lucia\"},{\"@type\":\"BreadcrumbList\",\"@id\":\"https:\/\/nitu.mx\/index.php\/2019\/08\/22\/por-posibles-afectaciones-al-ecosistema-juez-concede-suspension-definitiva-contra-autorizacion-de-santa-lucia\/#breadcrumb\",\"itemListElement\":[{\"@type\":\"ListItem\",\"position\":1,\"name\":\"Inicio\",\"item\":\"https:\/\/nitu.mx\/\"},{\"@type\":\"ListItem\",\"position\":2,\"name\":\"Por posibles afectaciones al ecosistema juez concede suspensi\u00f3n definitiva contra autorizaci\u00f3n de Santa Luc\u00eda\"}]},{\"@type\":\"WebSite\",\"@id\":\"https:\/\/nitu.mx\/#website\",\"url\":\"https:\/\/nitu.mx\/\",\"name\":\"Nitu - Noticias de la Industria Turistica\",\"description\":\"Noticias de la Industria Turistica\",\"publisher\":{\"@id\":\"https:\/\/nitu.mx\/#\/schema\/person\/ae7a53426417292d3dd07b45a33e01bc\"},\"alternateName\":\"Noticias de la Industria Turistica\",\"potentialAction\":[{\"@type\":\"SearchAction\",\"target\":{\"@type\":\"EntryPoint\",\"urlTemplate\":\"https:\/\/nitu.mx\/?s={search_term_string}\"},\"query-input\":\"required name=search_term_string\"}],\"inLanguage\":\"es-MX\"},{\"@type\":[\"Person\",\"Organization\"],\"@id\":\"https:\/\/nitu.mx\/#\/schema\/person\/ae7a53426417292d3dd07b45a33e01bc\",\"name\":\"Arturo Medina\",\"image\":{\"@type\":\"ImageObject\",\"inLanguage\":\"es-MX\",\"@id\":\"https:\/\/nitu.mx\/#\/schema\/person\/image\/\",\"url\":\"https:\/\/nitu.mx\/wp-content\/uploads\/2024\/04\/4A315622-1904-4D5C-B022-878CDC840E04-90x90-1.jpeg\",\"contentUrl\":\"https:\/\/nitu.mx\/wp-content\/uploads\/2024\/04\/4A315622-1904-4D5C-B022-878CDC840E04-90x90-1.jpeg\",\"width\":90,\"height\":90,\"caption\":\"Arturo Medina\"},\"logo\":{\"@id\":\"https:\/\/nitu.mx\/#\/schema\/person\/image\/\"},\"description\":\"Director NITU.mx, Egresado de la Escuela de Periodismo Carlos Septi\u00e9n Garc\u00eda. Periodista y analista especializado en turismo desde hace 35 a\u00f1os, radicado en Canc\u00fan Q.Roo. arturo@nitu.mx\",\"sameAs\":[\"https:\/\/nitu.mx\",\"https:\/\/www.facebook.com\/NITUmx\/\",\"medinacancun\",\"https:\/\/twitter.com\/@Arturo_Medina_G\"]},{\"@type\":\"Person\",\"@id\":\"https:\/\/nitu.mx\/#\/schema\/person\/4a28fe9bd65924f7c90623773daf1b0b\",\"name\":\"Redacci\u00f3n\",\"image\":{\"@type\":\"ImageObject\",\"inLanguage\":\"es-MX\",\"@id\":\"https:\/\/nitu.mx\/#\/schema\/person\/image\/\",\"url\":\"https:\/\/secure.gravatar.com\/avatar\/5dd011c8ccfc5cd7e4c81e42252aab38?s=96&d=mm&r=g\",\"contentUrl\":\"https:\/\/secure.gravatar.com\/avatar\/5dd011c8ccfc5cd7e4c81e42252aab38?s=96&d=mm&r=g\",\"caption\":\"Redacci\u00f3n\"},\"url\":\"https:\/\/nitu.mx\/index.php\/author\/redaccion\/\"}]}<\/script>\n<!-- \/ Yoast SEO plugin. -->","yoast_head_json":{"title":"Por posibles afectaciones al ecosistema juez concede suspensi\u00f3n definitiva contra autorizaci\u00f3n de Santa Luc\u00eda - Nitu - Noticias de la Industria Turistica","description":"Juez concede\u00a0la suspensi\u00f3n definitiva contra la Autorizaci\u00f3n que la Semarnat otorg\u00f3 al proyecto aeroportuario de la base a\u00e9rea militar en\u00a0Santa Luc\u00eda.","robots":{"index":"index","follow":"follow","max-snippet":"max-snippet:-1","max-image-preview":"max-image-preview:large","max-video-preview":"max-video-preview:-1"},"canonical":"https:\/\/nitu.mx\/index.php\/2019\/08\/22\/por-posibles-afectaciones-al-ecosistema-juez-concede-suspension-definitiva-contra-autorizacion-de-santa-lucia\/","twitter_card":"summary_large_image","twitter_title":"Por posibles afectaciones al ecosistema juez concede suspensi\u00f3n definitiva contra autorizaci\u00f3n de Santa Luc\u00eda - Nitu - Noticias de la Industria Turistica","twitter_description":"Juez concede\u00a0la suspensi\u00f3n definitiva contra la Autorizaci\u00f3n que la Semarnat otorg\u00f3 al proyecto aeroportuario de la base a\u00e9rea militar en\u00a0Santa Luc\u00eda.","twitter_image":"https:\/\/nitu.mx\/wp-content\/uploads\/2018\/10\/Santa-Lucia.jpg","twitter_creator":"@NITUmx","twitter_site":"@Arturo_Medina_G","twitter_misc":{"Escrito por":"Redacci\u00f3n","Tiempo de lectura":"2 minutos"},"schema":{"@context":"https:\/\/schema.org","@graph":[{"@type":"Article","@id":"https:\/\/nitu.mx\/index.php\/2019\/08\/22\/por-posibles-afectaciones-al-ecosistema-juez-concede-suspension-definitiva-contra-autorizacion-de-santa-lucia\/#article","isPartOf":{"@id":"https:\/\/nitu.mx\/index.php\/2019\/08\/22\/por-posibles-afectaciones-al-ecosistema-juez-concede-suspension-definitiva-contra-autorizacion-de-santa-lucia\/"},"author":{"name":"Redacci\u00f3n","@id":"https:\/\/nitu.mx\/#\/schema\/person\/4a28fe9bd65924f7c90623773daf1b0b"},"headline":"Por posibles afectaciones al ecosistema juez concede suspensi\u00f3n definitiva contra autorizaci\u00f3n de Santa Luc\u00eda","datePublished":"2019-08-22T05:05:03+00:00","dateModified":"2019-08-22T05:17:32+00:00","mainEntityOfPage":{"@id":"https:\/\/nitu.mx\/index.php\/2019\/08\/22\/por-posibles-afectaciones-al-ecosistema-juez-concede-suspension-definitiva-contra-autorizacion-de-santa-lucia\/"},"wordCount":427,"commentCount":0,"publisher":{"@id":"https:\/\/nitu.mx\/#\/schema\/person\/ae7a53426417292d3dd07b45a33e01bc"},"image":{"@id":"https:\/\/nitu.mx\/index.php\/2019\/08\/22\/por-posibles-afectaciones-al-ecosistema-juez-concede-suspension-definitiva-contra-autorizacion-de-santa-lucia\/#primaryimage"},"thumbnailUrl":"https:\/\/nitu.mx\/wp-content\/uploads\/2018\/10\/Santa-Lucia.jpg","keywords":["Impacto Ambiental","Javier Jim\u00e9nez Espri\u00fa","MCCI","Santa Luc\u00eda","Semarnat"],"articleSection":["Aerol\u00edneas","M\u00e9xico"],"inLanguage":"es-MX","potentialAction":[{"@type":"CommentAction","name":"Comment","target":["https:\/\/nitu.mx\/index.php\/2019\/08\/22\/por-posibles-afectaciones-al-ecosistema-juez-concede-suspension-definitiva-contra-autorizacion-de-santa-lucia\/#respond"]}]},{"@type":"WebPage","@id":"https:\/\/nitu.mx\/index.php\/2019\/08\/22\/por-posibles-afectaciones-al-ecosistema-juez-concede-suspension-definitiva-contra-autorizacion-de-santa-lucia\/","url":"https:\/\/nitu.mx\/index.php\/2019\/08\/22\/por-posibles-afectaciones-al-ecosistema-juez-concede-suspension-definitiva-contra-autorizacion-de-santa-lucia\/","name":"Por posibles afectaciones al ecosistema juez concede suspensi\u00f3n definitiva contra autorizaci\u00f3n de Santa Luc\u00eda - Nitu - Noticias de la Industria Turistica","isPartOf":{"@id":"https:\/\/nitu.mx\/#website"},"primaryImageOfPage":{"@id":"https:\/\/nitu.mx\/index.php\/2019\/08\/22\/por-posibles-afectaciones-al-ecosistema-juez-concede-suspension-definitiva-contra-autorizacion-de-santa-lucia\/#primaryimage"},"image":{"@id":"https:\/\/nitu.mx\/index.php\/2019\/08\/22\/por-posibles-afectaciones-al-ecosistema-juez-concede-suspension-definitiva-contra-autorizacion-de-santa-lucia\/#primaryimage"},"thumbnailUrl":"https:\/\/nitu.mx\/wp-content\/uploads\/2018\/10\/Santa-Lucia.jpg","datePublished":"2019-08-22T05:05:03+00:00","dateModified":"2019-08-22T05:17:32+00:00","description":"Juez concede\u00a0la suspensi\u00f3n definitiva contra la Autorizaci\u00f3n que la Semarnat otorg\u00f3 al proyecto aeroportuario de la base a\u00e9rea militar en\u00a0Santa Luc\u00eda.","breadcrumb":{"@id":"https:\/\/nitu.mx\/index.php\/2019\/08\/22\/por-posibles-afectaciones-al-ecosistema-juez-concede-suspension-definitiva-contra-autorizacion-de-santa-lucia\/#breadcrumb"},"inLanguage":"es-MX","potentialAction":[{"@type":"ReadAction","target":["https:\/\/nitu.mx\/index.php\/2019\/08\/22\/por-posibles-afectaciones-al-ecosistema-juez-concede-suspension-definitiva-contra-autorizacion-de-santa-lucia\/"]}]},{"@type":"ImageObject","inLanguage":"es-MX","@id":"https:\/\/nitu.mx\/index.php\/2019\/08\/22\/por-posibles-afectaciones-al-ecosistema-juez-concede-suspension-definitiva-contra-autorizacion-de-santa-lucia\/#primaryimage","url":"https:\/\/nitu.mx\/wp-content\/uploads\/2018\/10\/Santa-Lucia.jpg","contentUrl":"https:\/\/nitu.mx\/wp-content\/uploads\/2018\/10\/Santa-Lucia.jpg","width":850,"height":480,"caption":"Santa Lucia"},{"@type":"BreadcrumbList","@id":"https:\/\/nitu.mx\/index.php\/2019\/08\/22\/por-posibles-afectaciones-al-ecosistema-juez-concede-suspension-definitiva-contra-autorizacion-de-santa-lucia\/#breadcrumb","itemListElement":[{"@type":"ListItem","position":1,"name":"Inicio","item":"https:\/\/nitu.mx\/"},{"@type":"ListItem","position":2,"name":"Por posibles afectaciones al ecosistema juez concede suspensi\u00f3n definitiva contra autorizaci\u00f3n de Santa Luc\u00eda"}]},{"@type":"WebSite","@id":"https:\/\/nitu.mx\/#website","url":"https:\/\/nitu.mx\/","name":"Nitu - Noticias de la Industria Turistica","description":"Noticias de la Industria Turistica","publisher":{"@id":"https:\/\/nitu.mx\/#\/schema\/person\/ae7a53426417292d3dd07b45a33e01bc"},"alternateName":"Noticias de la Industria Turistica","potentialAction":[{"@type":"SearchAction","target":{"@type":"EntryPoint","urlTemplate":"https:\/\/nitu.mx\/?s={search_term_string}"},"query-input":"required name=search_term_string"}],"inLanguage":"es-MX"},{"@type":["Person","Organization"],"@id":"https:\/\/nitu.mx\/#\/schema\/person\/ae7a53426417292d3dd07b45a33e01bc","name":"Arturo Medina","image":{"@type":"ImageObject","inLanguage":"es-MX","@id":"https:\/\/nitu.mx\/#\/schema\/person\/image\/","url":"https:\/\/nitu.mx\/wp-content\/uploads\/2024\/04\/4A315622-1904-4D5C-B022-878CDC840E04-90x90-1.jpeg","contentUrl":"https:\/\/nitu.mx\/wp-content\/uploads\/2024\/04\/4A315622-1904-4D5C-B022-878CDC840E04-90x90-1.jpeg","width":90,"height":90,"caption":"Arturo Medina"},"logo":{"@id":"https:\/\/nitu.mx\/#\/schema\/person\/image\/"},"description":"Director NITU.mx, Egresado de la Escuela de Periodismo Carlos Septi\u00e9n Garc\u00eda. Periodista y analista especializado en turismo desde hace 35 a\u00f1os, radicado en Canc\u00fan Q.Roo. arturo@nitu.mx","sameAs":["https:\/\/nitu.mx","https:\/\/www.facebook.com\/NITUmx\/","medinacancun","https:\/\/twitter.com\/@Arturo_Medina_G"]},{"@type":"Person","@id":"https:\/\/nitu.mx\/#\/schema\/person\/4a28fe9bd65924f7c90623773daf1b0b","name":"Redacci\u00f3n","image":{"@type":"ImageObject","inLanguage":"es-MX","@id":"https:\/\/nitu.mx\/#\/schema\/person\/image\/","url":"https:\/\/secure.gravatar.com\/avatar\/5dd011c8ccfc5cd7e4c81e42252aab38?s=96&d=mm&r=g","contentUrl":"https:\/\/secure.gravatar.com\/avatar\/5dd011c8ccfc5cd7e4c81e42252aab38?s=96&d=mm&r=g","caption":"Redacci\u00f3n"},"url":"https:\/\/nitu.mx\/index.php\/author\/redaccion\/"}]}},"views":286,"_links":{"self":[{"href":"https:\/\/nitu.mx\/index.php\/wp-json\/wp\/v2\/posts\/34744"}],"collection":[{"href":"https:\/\/nitu.mx\/index.php\/wp-json\/wp\/v2\/posts"}],"about":[{"href":"https:\/\/nitu.mx\/index.php\/wp-json\/wp\/v2\/types\/post"}],"author":[{"embeddable":true,"href":"https:\/\/nitu.mx\/index.php\/wp-json\/wp\/v2\/users\/17"}],"replies":[{"embeddable":true,"href":"https:\/\/nitu.mx\/index.php\/wp-json\/wp\/v2\/comments?post=34744"}],"version-history":[{"count":4,"href":"https:\/\/nitu.mx\/index.php\/wp-json\/wp\/v2\/posts\/34744\/revisions"}],"predecessor-version":[{"id":34763,"href":"https:\/\/nitu.mx\/index.php\/wp-json\/wp\/v2\/posts\/34744\/revisions\/34763"}],"wp:featuredmedia":[{"embeddable":true,"href":"https:\/\/nitu.mx\/index.php\/wp-json\/wp\/v2\/media\/25957"}],"wp:attachment":[{"href":"https:\/\/nitu.mx\/index.php\/wp-json\/wp\/v2\/media?parent=34744"}],"wp:term":[{"taxonomy":"category","embeddable":true,"href":"https:\/\/nitu.mx\/index.php\/wp-json\/wp\/v2\/categories?post=34744"},{"taxonomy":"post_tag","embeddable":true,"href":"https:\/\/nitu.mx\/index.php\/wp-json\/wp\/v2\/tags?post=34744"}],"curies":[{"name":"wp","href":"https:\/\/api.w.org\/{rel}","templated":true}]}}