{"id":34726,"date":"2019-08-21T22:43:45","date_gmt":"2019-08-22T03:43:45","guid":{"rendered":"https:\/\/www.dev.nitu.mx\/?p=34726"},"modified":"2019-08-22T00:17:47","modified_gmt":"2019-08-22T05:17:47","slug":"amevh-lanza-el-programa-consultorio-juridico","status":"publish","type":"post","link":"https:\/\/nitu.mx\/index.php\/2019\/08\/21\/amevh-lanza-el-programa-consultorio-juridico\/","title":{"rendered":"AMEVH lanza el programa Consultorio Jur\u00eddico"},"content":{"rendered":"<p>La Asociaci\u00f3n de Mercadotecnia y Ejecutivos de Ventas de la Hospitalidad (AMEVH), la cual se caracteriza por ser una de las asociaciones m\u00e1s proactivas dentro de la industria tur\u00edstica, a la cabeza de Mauricio Dom\u00ednguez Sevilla, en conjunto con Stratos Soluciones, lanz\u00f3 Consultorio Jur\u00eddico,\u00a0programa que permitir\u00e1 a los socios de la AMEVH y agencias de viajes del pa\u00eds (que acuden a los m\u00e1s de 30 eventos que realizan de manera anual) enviar las dudas y consultas que tengan con relaci\u00f3n a temas jur\u00eddicos ya sea de sus empresas o de cualquier otra \u00edndole, pues el despacho cuenta con abogados especializados en distintas \u00e1reas del derecho.<\/p>\n<p>Stratos Soluciones, es encabezado por Mario L\u00f3pez, quien cuenta con m\u00e1s de 20 a\u00f1os de experiencia en distintas \u00e1reas operativas as\u00ed como comerciales dentro del turismo, adem\u00e1s de ocupar diversos cargos en asociaciones tur\u00edsticas, desde hace casi cinco a\u00f1os fund\u00f3 el despacho para brindar asesor\u00eda jur\u00eddica a distintas empresas del medio tur\u00edstico, destacando entre ellas, agencias de viajes minoristas, operadores mayoristas, operadores receptivos, transportistas, as\u00ed como organismos y asociaciones del sector a nivel nacional.<\/p>\n<p>Adem\u00e1s de trabajar realizando importantes eventos a nivel nacional, la asociaci\u00f3n se ocupa en generar m\u00e1s y mejores beneficios para las empresas asociadas que participan en ella.\u00a0<a title=\"Mauricio Dom\u00ednguez, toda una vida en la hoteler\u00eda\" href=\"https:\/\/www.dev.nitu.mx\/index.php\/2018\/12\/01\/mauricio-dominguez-toda-una-vida-en-la-hoteleria\/\" rel=\"bookmark\">(Mauricio Dom\u00ednguez, toda una vida en la hoteler\u00eda<\/a>).<\/p>\n<p>&nbsp;<\/p>\n","protected":false},"excerpt":{"rendered":"<p>La Asociaci\u00f3n de Mercadotecnia y Ejecutivos de Ventas de la Hospitalidad (AMEVH), la cual se caracteriza por ser una de las asociaciones m\u00e1s proactivas dentro de la industria tur\u00edstica, a la cabeza de Mauricio Dom\u00ednguez Sevilla, en conjunto con Stratos Soluciones, lanz\u00f3 Consultorio Jur\u00eddico,\u00a0programa que permitir\u00e1 a los socios de la AMEVH y agencias de [&hellip;]<\/p>\n","protected":false},"author":17,"featured_media":34750,"comment_status":"open","ping_status":"open","sticky":false,"template":"","format":"standard","meta":{"footnotes":""},"categories":[12],"tags":[17071,17069,13580,17070],"yoast_head":"<!-- This site is optimized with the Yoast SEO plugin v22.2 - https:\/\/yoast.com\/wordpress\/plugins\/seo\/ -->\n<title>AMEVH lanza el programa Consultorio Jur\u00eddico - Nitu - Noticias de la Industria Turistica<\/title>\n<meta name=\"description\" content=\"La AMEVH en conjunto con Stratos Soluciones, lanz\u00f3 Consultorio Jur\u00eddico,\u00a0programa que permitir\u00e1 enviar las dudas y consultas de temas jur\u00eddicos.\" \/>\n<meta name=\"robots\" content=\"index, follow, max-snippet:-1, max-image-preview:large, max-video-preview:-1\" \/>\n<link rel=\"canonical\" href=\"https:\/\/nitu.mx\/index.php\/2019\/08\/21\/amevh-lanza-el-programa-consultorio-juridico\/\" \/>\n<meta name=\"twitter:card\" content=\"summary_large_image\" \/>\n<meta name=\"twitter:title\" content=\"AMEVH lanza el programa Consultorio Jur\u00eddico - Nitu - Noticias de la Industria Turistica\" \/>\n<meta name=\"twitter:description\" content=\"La AMEVH en conjunto con Stratos Soluciones, lanz\u00f3 Consultorio Jur\u00eddico,\u00a0programa que permitir\u00e1 enviar las dudas y consultas de temas jur\u00eddicos.\" \/>\n<meta name=\"twitter:image\" content=\"https:\/\/nitu.mx\/wp-content\/uploads\/2019\/08\/18793_10151342391881405_512215558_n-1.jpg\" \/>\n<meta name=\"twitter:creator\" content=\"@NITUmx\" \/>\n<meta name=\"twitter:site\" content=\"@Arturo_Medina_G\" \/>\n<meta name=\"twitter:label1\" content=\"Escrito por\" \/>\n\t<meta name=\"twitter:data1\" content=\"Redacci\u00f3n\" \/>\n\t<meta name=\"twitter:label2\" content=\"Tiempo de lectura\" \/>\n\t<meta name=\"twitter:data2\" content=\"1 minuto\" \/>\n<script type=\"application\/ld+json\" class=\"yoast-schema-graph\">{\"@context\":\"https:\/\/schema.org\",\"@graph\":[{\"@type\":\"Article\",\"@id\":\"https:\/\/nitu.mx\/index.php\/2019\/08\/21\/amevh-lanza-el-programa-consultorio-juridico\/#article\",\"isPartOf\":{\"@id\":\"https:\/\/nitu.mx\/index.php\/2019\/08\/21\/amevh-lanza-el-programa-consultorio-juridico\/\"},\"author\":{\"name\":\"Redacci\u00f3n\",\"@id\":\"https:\/\/nitu.mx\/#\/schema\/person\/4a28fe9bd65924f7c90623773daf1b0b\"},\"headline\":\"AMEVH lanza el programa Consultorio Jur\u00eddico\",\"datePublished\":\"2019-08-22T03:43:45+00:00\",\"dateModified\":\"2019-08-22T05:17:47+00:00\",\"mainEntityOfPage\":{\"@id\":\"https:\/\/nitu.mx\/index.php\/2019\/08\/21\/amevh-lanza-el-programa-consultorio-juridico\/\"},\"wordCount\":244,\"commentCount\":0,\"publisher\":{\"@id\":\"https:\/\/nitu.mx\/#\/schema\/person\/ae7a53426417292d3dd07b45a33e01bc\"},\"image\":{\"@id\":\"https:\/\/nitu.mx\/index.php\/2019\/08\/21\/amevh-lanza-el-programa-consultorio-juridico\/#primaryimage\"},\"thumbnailUrl\":\"https:\/\/nitu.mx\/wp-content\/uploads\/2019\/08\/18793_10151342391881405_512215558_n-1.jpg\",\"keywords\":[\"AMEVH\",\"Mario L\u00f3pez\",\"Mauricio Dom\u00ednguez\",\"Strato Soluciones\"],\"articleSection\":[\"Marketing\"],\"inLanguage\":\"es-MX\",\"potentialAction\":[{\"@type\":\"CommentAction\",\"name\":\"Comment\",\"target\":[\"https:\/\/nitu.mx\/index.php\/2019\/08\/21\/amevh-lanza-el-programa-consultorio-juridico\/#respond\"]}]},{\"@type\":\"WebPage\",\"@id\":\"https:\/\/nitu.mx\/index.php\/2019\/08\/21\/amevh-lanza-el-programa-consultorio-juridico\/\",\"url\":\"https:\/\/nitu.mx\/index.php\/2019\/08\/21\/amevh-lanza-el-programa-consultorio-juridico\/\",\"name\":\"AMEVH lanza el programa Consultorio Jur\u00eddico - Nitu - Noticias de la Industria Turistica\",\"isPartOf\":{\"@id\":\"https:\/\/nitu.mx\/#website\"},\"primaryImageOfPage\":{\"@id\":\"https:\/\/nitu.mx\/index.php\/2019\/08\/21\/amevh-lanza-el-programa-consultorio-juridico\/#primaryimage\"},\"image\":{\"@id\":\"https:\/\/nitu.mx\/index.php\/2019\/08\/21\/amevh-lanza-el-programa-consultorio-juridico\/#primaryimage\"},\"thumbnailUrl\":\"https:\/\/nitu.mx\/wp-content\/uploads\/2019\/08\/18793_10151342391881405_512215558_n-1.jpg\",\"datePublished\":\"2019-08-22T03:43:45+00:00\",\"dateModified\":\"2019-08-22T05:17:47+00:00\",\"description\":\"La AMEVH en conjunto con Stratos Soluciones, lanz\u00f3 Consultorio Jur\u00eddico,\u00a0programa que permitir\u00e1 enviar las dudas y consultas de temas jur\u00eddicos.\",\"breadcrumb\":{\"@id\":\"https:\/\/nitu.mx\/index.php\/2019\/08\/21\/amevh-lanza-el-programa-consultorio-juridico\/#breadcrumb\"},\"inLanguage\":\"es-MX\",\"potentialAction\":[{\"@type\":\"ReadAction\",\"target\":[\"https:\/\/nitu.mx\/index.php\/2019\/08\/21\/amevh-lanza-el-programa-consultorio-juridico\/\"]}]},{\"@type\":\"ImageObject\",\"inLanguage\":\"es-MX\",\"@id\":\"https:\/\/nitu.mx\/index.php\/2019\/08\/21\/amevh-lanza-el-programa-consultorio-juridico\/#primaryimage\",\"url\":\"https:\/\/nitu.mx\/wp-content\/uploads\/2019\/08\/18793_10151342391881405_512215558_n-1.jpg\",\"contentUrl\":\"https:\/\/nitu.mx\/wp-content\/uploads\/2019\/08\/18793_10151342391881405_512215558_n-1.jpg\",\"width\":850,\"height\":480,\"caption\":\"AMEVH\"},{\"@type\":\"BreadcrumbList\",\"@id\":\"https:\/\/nitu.mx\/index.php\/2019\/08\/21\/amevh-lanza-el-programa-consultorio-juridico\/#breadcrumb\",\"itemListElement\":[{\"@type\":\"ListItem\",\"position\":1,\"name\":\"Inicio\",\"item\":\"https:\/\/nitu.mx\/\"},{\"@type\":\"ListItem\",\"position\":2,\"name\":\"AMEVH lanza el programa Consultorio Jur\u00eddico\"}]},{\"@type\":\"WebSite\",\"@id\":\"https:\/\/nitu.mx\/#website\",\"url\":\"https:\/\/nitu.mx\/\",\"name\":\"Nitu - Noticias de la Industria Turistica\",\"description\":\"Noticias de la Industria Turistica\",\"publisher\":{\"@id\":\"https:\/\/nitu.mx\/#\/schema\/person\/ae7a53426417292d3dd07b45a33e01bc\"},\"alternateName\":\"Noticias de la Industria Turistica\",\"potentialAction\":[{\"@type\":\"SearchAction\",\"target\":{\"@type\":\"EntryPoint\",\"urlTemplate\":\"https:\/\/nitu.mx\/?s={search_term_string}\"},\"query-input\":\"required name=search_term_string\"}],\"inLanguage\":\"es-MX\"},{\"@type\":[\"Person\",\"Organization\"],\"@id\":\"https:\/\/nitu.mx\/#\/schema\/person\/ae7a53426417292d3dd07b45a33e01bc\",\"name\":\"Arturo Medina\",\"image\":{\"@type\":\"ImageObject\",\"inLanguage\":\"es-MX\",\"@id\":\"https:\/\/nitu.mx\/#\/schema\/person\/image\/\",\"url\":\"https:\/\/nitu.mx\/wp-content\/uploads\/2024\/04\/4A315622-1904-4D5C-B022-878CDC840E04-90x90-1.jpeg\",\"contentUrl\":\"https:\/\/nitu.mx\/wp-content\/uploads\/2024\/04\/4A315622-1904-4D5C-B022-878CDC840E04-90x90-1.jpeg\",\"width\":90,\"height\":90,\"caption\":\"Arturo Medina\"},\"logo\":{\"@id\":\"https:\/\/nitu.mx\/#\/schema\/person\/image\/\"},\"description\":\"Director NITU.mx, Egresado de la Escuela de Periodismo Carlos Septi\u00e9n Garc\u00eda. Periodista y analista especializado en turismo desde hace 35 a\u00f1os, radicado en Canc\u00fan Q.Roo. arturo@nitu.mx\",\"sameAs\":[\"https:\/\/nitu.mx\",\"https:\/\/www.facebook.com\/NITUmx\/\",\"medinacancun\",\"https:\/\/twitter.com\/@Arturo_Medina_G\"]},{\"@type\":\"Person\",\"@id\":\"https:\/\/nitu.mx\/#\/schema\/person\/4a28fe9bd65924f7c90623773daf1b0b\",\"name\":\"Redacci\u00f3n\",\"image\":{\"@type\":\"ImageObject\",\"inLanguage\":\"es-MX\",\"@id\":\"https:\/\/nitu.mx\/#\/schema\/person\/image\/\",\"url\":\"https:\/\/secure.gravatar.com\/avatar\/5dd011c8ccfc5cd7e4c81e42252aab38?s=96&d=mm&r=g\",\"contentUrl\":\"https:\/\/secure.gravatar.com\/avatar\/5dd011c8ccfc5cd7e4c81e42252aab38?s=96&d=mm&r=g\",\"caption\":\"Redacci\u00f3n\"},\"url\":\"https:\/\/nitu.mx\/index.php\/author\/redaccion\/\"}]}<\/script>\n<!-- \/ Yoast SEO plugin. -->","yoast_head_json":{"title":"AMEVH lanza el programa Consultorio Jur\u00eddico - Nitu - Noticias de la Industria Turistica","description":"La AMEVH en conjunto con Stratos Soluciones, lanz\u00f3 Consultorio Jur\u00eddico,\u00a0programa que permitir\u00e1 enviar las dudas y consultas de temas jur\u00eddicos.","robots":{"index":"index","follow":"follow","max-snippet":"max-snippet:-1","max-image-preview":"max-image-preview:large","max-video-preview":"max-video-preview:-1"},"canonical":"https:\/\/nitu.mx\/index.php\/2019\/08\/21\/amevh-lanza-el-programa-consultorio-juridico\/","twitter_card":"summary_large_image","twitter_title":"AMEVH lanza el programa Consultorio Jur\u00eddico - Nitu - Noticias de la Industria Turistica","twitter_description":"La AMEVH en conjunto con Stratos Soluciones, lanz\u00f3 Consultorio Jur\u00eddico,\u00a0programa que permitir\u00e1 enviar las dudas y consultas de temas jur\u00eddicos.","twitter_image":"https:\/\/nitu.mx\/wp-content\/uploads\/2019\/08\/18793_10151342391881405_512215558_n-1.jpg","twitter_creator":"@NITUmx","twitter_site":"@Arturo_Medina_G","twitter_misc":{"Escrito por":"Redacci\u00f3n","Tiempo de lectura":"1 minuto"},"schema":{"@context":"https:\/\/schema.org","@graph":[{"@type":"Article","@id":"https:\/\/nitu.mx\/index.php\/2019\/08\/21\/amevh-lanza-el-programa-consultorio-juridico\/#article","isPartOf":{"@id":"https:\/\/nitu.mx\/index.php\/2019\/08\/21\/amevh-lanza-el-programa-consultorio-juridico\/"},"author":{"name":"Redacci\u00f3n","@id":"https:\/\/nitu.mx\/#\/schema\/person\/4a28fe9bd65924f7c90623773daf1b0b"},"headline":"AMEVH lanza el programa Consultorio Jur\u00eddico","datePublished":"2019-08-22T03:43:45+00:00","dateModified":"2019-08-22T05:17:47+00:00","mainEntityOfPage":{"@id":"https:\/\/nitu.mx\/index.php\/2019\/08\/21\/amevh-lanza-el-programa-consultorio-juridico\/"},"wordCount":244,"commentCount":0,"publisher":{"@id":"https:\/\/nitu.mx\/#\/schema\/person\/ae7a53426417292d3dd07b45a33e01bc"},"image":{"@id":"https:\/\/nitu.mx\/index.php\/2019\/08\/21\/amevh-lanza-el-programa-consultorio-juridico\/#primaryimage"},"thumbnailUrl":"https:\/\/nitu.mx\/wp-content\/uploads\/2019\/08\/18793_10151342391881405_512215558_n-1.jpg","keywords":["AMEVH","Mario L\u00f3pez","Mauricio Dom\u00ednguez","Strato Soluciones"],"articleSection":["Marketing"],"inLanguage":"es-MX","potentialAction":[{"@type":"CommentAction","name":"Comment","target":["https:\/\/nitu.mx\/index.php\/2019\/08\/21\/amevh-lanza-el-programa-consultorio-juridico\/#respond"]}]},{"@type":"WebPage","@id":"https:\/\/nitu.mx\/index.php\/2019\/08\/21\/amevh-lanza-el-programa-consultorio-juridico\/","url":"https:\/\/nitu.mx\/index.php\/2019\/08\/21\/amevh-lanza-el-programa-consultorio-juridico\/","name":"AMEVH lanza el programa Consultorio Jur\u00eddico - Nitu - Noticias de la Industria Turistica","isPartOf":{"@id":"https:\/\/nitu.mx\/#website"},"primaryImageOfPage":{"@id":"https:\/\/nitu.mx\/index.php\/2019\/08\/21\/amevh-lanza-el-programa-consultorio-juridico\/#primaryimage"},"image":{"@id":"https:\/\/nitu.mx\/index.php\/2019\/08\/21\/amevh-lanza-el-programa-consultorio-juridico\/#primaryimage"},"thumbnailUrl":"https:\/\/nitu.mx\/wp-content\/uploads\/2019\/08\/18793_10151342391881405_512215558_n-1.jpg","datePublished":"2019-08-22T03:43:45+00:00","dateModified":"2019-08-22T05:17:47+00:00","description":"La AMEVH en conjunto con Stratos Soluciones, lanz\u00f3 Consultorio Jur\u00eddico,\u00a0programa que permitir\u00e1 enviar las dudas y consultas de temas jur\u00eddicos.","breadcrumb":{"@id":"https:\/\/nitu.mx\/index.php\/2019\/08\/21\/amevh-lanza-el-programa-consultorio-juridico\/#breadcrumb"},"inLanguage":"es-MX","potentialAction":[{"@type":"ReadAction","target":["https:\/\/nitu.mx\/index.php\/2019\/08\/21\/amevh-lanza-el-programa-consultorio-juridico\/"]}]},{"@type":"ImageObject","inLanguage":"es-MX","@id":"https:\/\/nitu.mx\/index.php\/2019\/08\/21\/amevh-lanza-el-programa-consultorio-juridico\/#primaryimage","url":"https:\/\/nitu.mx\/wp-content\/uploads\/2019\/08\/18793_10151342391881405_512215558_n-1.jpg","contentUrl":"https:\/\/nitu.mx\/wp-content\/uploads\/2019\/08\/18793_10151342391881405_512215558_n-1.jpg","width":850,"height":480,"caption":"AMEVH"},{"@type":"BreadcrumbList","@id":"https:\/\/nitu.mx\/index.php\/2019\/08\/21\/amevh-lanza-el-programa-consultorio-juridico\/#breadcrumb","itemListElement":[{"@type":"ListItem","position":1,"name":"Inicio","item":"https:\/\/nitu.mx\/"},{"@type":"ListItem","position":2,"name":"AMEVH lanza el programa Consultorio Jur\u00eddico"}]},{"@type":"WebSite","@id":"https:\/\/nitu.mx\/#website","url":"https:\/\/nitu.mx\/","name":"Nitu - Noticias de la Industria Turistica","description":"Noticias de la Industria Turistica","publisher":{"@id":"https:\/\/nitu.mx\/#\/schema\/person\/ae7a53426417292d3dd07b45a33e01bc"},"alternateName":"Noticias de la Industria Turistica","potentialAction":[{"@type":"SearchAction","target":{"@type":"EntryPoint","urlTemplate":"https:\/\/nitu.mx\/?s={search_term_string}"},"query-input":"required name=search_term_string"}],"inLanguage":"es-MX"},{"@type":["Person","Organization"],"@id":"https:\/\/nitu.mx\/#\/schema\/person\/ae7a53426417292d3dd07b45a33e01bc","name":"Arturo Medina","image":{"@type":"ImageObject","inLanguage":"es-MX","@id":"https:\/\/nitu.mx\/#\/schema\/person\/image\/","url":"https:\/\/nitu.mx\/wp-content\/uploads\/2024\/04\/4A315622-1904-4D5C-B022-878CDC840E04-90x90-1.jpeg","contentUrl":"https:\/\/nitu.mx\/wp-content\/uploads\/2024\/04\/4A315622-1904-4D5C-B022-878CDC840E04-90x90-1.jpeg","width":90,"height":90,"caption":"Arturo Medina"},"logo":{"@id":"https:\/\/nitu.mx\/#\/schema\/person\/image\/"},"description":"Director NITU.mx, Egresado de la Escuela de Periodismo Carlos Septi\u00e9n Garc\u00eda. Periodista y analista especializado en turismo desde hace 35 a\u00f1os, radicado en Canc\u00fan Q.Roo. arturo@nitu.mx","sameAs":["https:\/\/nitu.mx","https:\/\/www.facebook.com\/NITUmx\/","medinacancun","https:\/\/twitter.com\/@Arturo_Medina_G"]},{"@type":"Person","@id":"https:\/\/nitu.mx\/#\/schema\/person\/4a28fe9bd65924f7c90623773daf1b0b","name":"Redacci\u00f3n","image":{"@type":"ImageObject","inLanguage":"es-MX","@id":"https:\/\/nitu.mx\/#\/schema\/person\/image\/","url":"https:\/\/secure.gravatar.com\/avatar\/5dd011c8ccfc5cd7e4c81e42252aab38?s=96&d=mm&r=g","contentUrl":"https:\/\/secure.gravatar.com\/avatar\/5dd011c8ccfc5cd7e4c81e42252aab38?s=96&d=mm&r=g","caption":"Redacci\u00f3n"},"url":"https:\/\/nitu.mx\/index.php\/author\/redaccion\/"}]}},"views":633,"_links":{"self":[{"href":"https:\/\/nitu.mx\/index.php\/wp-json\/wp\/v2\/posts\/34726"}],"collection":[{"href":"https:\/\/nitu.mx\/index.php\/wp-json\/wp\/v2\/posts"}],"about":[{"href":"https:\/\/nitu.mx\/index.php\/wp-json\/wp\/v2\/types\/post"}],"author":[{"embeddable":true,"href":"https:\/\/nitu.mx\/index.php\/wp-json\/wp\/v2\/users\/17"}],"replies":[{"embeddable":true,"href":"https:\/\/nitu.mx\/index.php\/wp-json\/wp\/v2\/comments?post=34726"}],"version-history":[{"count":4,"href":"https:\/\/nitu.mx\/index.php\/wp-json\/wp\/v2\/posts\/34726\/revisions"}],"predecessor-version":[{"id":34751,"href":"https:\/\/nitu.mx\/index.php\/wp-json\/wp\/v2\/posts\/34726\/revisions\/34751"}],"wp:featuredmedia":[{"embeddable":true,"href":"https:\/\/nitu.mx\/index.php\/wp-json\/wp\/v2\/media\/34750"}],"wp:attachment":[{"href":"https:\/\/nitu.mx\/index.php\/wp-json\/wp\/v2\/media?parent=34726"}],"wp:term":[{"taxonomy":"category","embeddable":true,"href":"https:\/\/nitu.mx\/index.php\/wp-json\/wp\/v2\/categories?post=34726"},{"taxonomy":"post_tag","embeddable":true,"href":"https:\/\/nitu.mx\/index.php\/wp-json\/wp\/v2\/tags?post=34726"}],"curies":[{"name":"wp","href":"https:\/\/api.w.org\/{rel}","templated":true}]}}