{"id":34446,"date":"2019-08-13T22:46:32","date_gmt":"2019-08-14T03:46:32","guid":{"rendered":"https:\/\/www.dev.nitu.mx\/?p=34446"},"modified":"2019-08-13T23:41:22","modified_gmt":"2019-08-14T04:41:22","slug":"interjet-incorpora-tsa-pre-gracias-a-asociacion-con-tsa","status":"publish","type":"post","link":"https:\/\/nitu.mx\/index.php\/2019\/08\/13\/interjet-incorpora-tsa-pre-gracias-a-asociacion-con-tsa\/","title":{"rendered":"Interjet incorpora TSA PRE gracias a asociaci\u00f3n con TSA"},"content":{"rendered":"<p>Interjet, una de las aerol\u00edneas de m\u00e1s r\u00e1pido crecimiento en el continente americano, anunci\u00f3 su incorporaci\u00f3n al programa TSA Pre de la Administraci\u00f3n de Seguridad del Transporte de Estados Unidos, para ofrecer a los pasajeros que viajan de los Estados Unidos a M\u00e9xico, la inspecci\u00f3n acelerada en todos los aeropuertos en los que la aerol\u00ednea opera.<\/p>\n<p>TSA Pre es un programa de inspecci\u00f3n acelerado que permite a los viajeros de bajo riesgo disfrutar de una experiencia de inspecci\u00f3n inteligente y eficiente en m\u00e1s de 200 aeropuertos de Estados Unidos. Para los viajeros de TSA Pre, no ser\u00e1 necesario retirarse zapatos, cinturones o las chaquetas ligeras, ni mostrar sus computadoras port\u00e1tiles y l\u00edquidos 3-1-1 en los filtros de seguridad.<\/p>\n<p>&#8220;Estamos entusiasmados de poder mejorar la experiencia de viaje de nuestros clientes con nuestra nueva asociaci\u00f3n TSA&#8221;, dijo Julio Gamero, director ejecutivo Comercial de Interjet. &#8220;Adem\u00e1s de experimentar la marca \u00fanica de Interjet de precios competitivos con equipaje documentado gratis en tarifas seleccionadas, el mayor espacio entre asientos y un excelente servicio, nuestros pasajeros pueden disfrutar de una revisi\u00f3n acelerada a trav\u00e9s de TSA Pre&#8221;, agreg\u00f3.<\/p>\n<p>TSA Pre est\u00e1 disponible al salir de un aeropuerto de Estados Unidos a un pa\u00eds extranjero, y para vuelos nacionales que se conectan despu\u00e9s de regresar a Estados Unidos. Los ciudadanos de Estados Unidos y residentes legales permanentes pueden solicitar TSA Pre por un costo de $85 d\u00f3lares por cinco a\u00f1os, o $17 d\u00f3lares por a\u00f1o a trav\u00e9s del programa de solicitud TSA Pre. Una vez aprobado, los viajeros recibir\u00e1n un &#8220;Known Traveler Number&#8221; que podr\u00e1n ingresar al hacer una reserva en Interjet y podr\u00e1n utilizar los carriles TSA Pre en puntos de control de seguridad seleccionados.\u00a0<a title=\"El SAT embarga a Interjet por deudas fiscales acumuladas\" href=\"https:\/\/www.dev.nitu.mx\/index.php\/2019\/08\/12\/el-sat-embarga-a-interjet-por-deudas-fiscales-acumuladas\/\" rel=\"bookmark\">(El SAT embarga a Interjet por deudas fiscales acumuladas<\/a>).<\/p>\n<p>Otros pasajeros que son elegibles para TSA Pre incluyen miembros de los tres programas de Viajero Confiable de Aduanas y Protecci\u00f3n Fronteriza de Estados Unidos, Global Entry, NEXUS y SENTRI. Los ciudadanos mexicanos pueden enviar solicitudes de ingreso Global Entry a trav\u00e9s del sitio web de Trusted Traveler Programs (TTP). La tarifa de solicitud no reembolsable para una membres\u00eda Global Entry de cinco a\u00f1os es de $100 d\u00f3lares y su solicitud debe hacerse en l\u00ednea.<\/p>\n","protected":false},"excerpt":{"rendered":"<p>Interjet, una de las aerol\u00edneas de m\u00e1s r\u00e1pido crecimiento en el continente americano, anunci\u00f3 su incorporaci\u00f3n al programa TSA Pre de la Administraci\u00f3n de Seguridad del Transporte de Estados Unidos, para ofrecer a los pasajeros que viajan de los Estados Unidos a M\u00e9xico, la inspecci\u00f3n acelerada en todos los aeropuertos en los que la aerol\u00ednea [&hellip;]<\/p>\n","protected":false},"author":17,"featured_media":34464,"comment_status":"open","ping_status":"open","sticky":false,"template":"","format":"standard","meta":{"footnotes":""},"categories":[29,6],"tags":[100,172,7100,68,16963,16964],"yoast_head":"<!-- This site is optimized with the Yoast SEO plugin v22.2 - https:\/\/yoast.com\/wordpress\/plugins\/seo\/ -->\n<title>Interjet incorpora TSA PRE gracias a asociaci\u00f3n con TSA - Nitu - Noticias de la Industria Turistica<\/title>\n<meta name=\"description\" content=\"Interjet ofrecer\u00e1 a los pasajeros que viajan de los Estados Unidos a M\u00e9xico, la inspecci\u00f3n acelerada en todos los aeropuertos en los que la aerol\u00ednea opera.\" \/>\n<meta name=\"robots\" content=\"index, follow, max-snippet:-1, max-image-preview:large, max-video-preview:-1\" \/>\n<link rel=\"canonical\" href=\"https:\/\/nitu.mx\/index.php\/2019\/08\/13\/interjet-incorpora-tsa-pre-gracias-a-asociacion-con-tsa\/\" \/>\n<meta name=\"twitter:card\" content=\"summary_large_image\" \/>\n<meta name=\"twitter:title\" content=\"Interjet incorpora TSA PRE gracias a asociaci\u00f3n con TSA - Nitu - Noticias de la Industria Turistica\" \/>\n<meta name=\"twitter:description\" content=\"Interjet ofrecer\u00e1 a los pasajeros que viajan de los Estados Unidos a M\u00e9xico, la inspecci\u00f3n acelerada en todos los aeropuertos en los que la aerol\u00ednea opera.\" \/>\n<meta name=\"twitter:image\" content=\"https:\/\/nitu.mx\/wp-content\/uploads\/2019\/08\/Interjet-TSA-PreCheck.jpg\" \/>\n<meta name=\"twitter:creator\" content=\"@NITUmx\" \/>\n<meta name=\"twitter:site\" content=\"@Arturo_Medina_G\" \/>\n<meta name=\"twitter:label1\" content=\"Escrito por\" \/>\n\t<meta name=\"twitter:data1\" content=\"Redacci\u00f3n\" \/>\n\t<meta name=\"twitter:label2\" content=\"Tiempo de lectura\" \/>\n\t<meta name=\"twitter:data2\" content=\"2 minutos\" \/>\n<script type=\"application\/ld+json\" class=\"yoast-schema-graph\">{\"@context\":\"https:\/\/schema.org\",\"@graph\":[{\"@type\":\"Article\",\"@id\":\"https:\/\/nitu.mx\/index.php\/2019\/08\/13\/interjet-incorpora-tsa-pre-gracias-a-asociacion-con-tsa\/#article\",\"isPartOf\":{\"@id\":\"https:\/\/nitu.mx\/index.php\/2019\/08\/13\/interjet-incorpora-tsa-pre-gracias-a-asociacion-con-tsa\/\"},\"author\":{\"name\":\"Redacci\u00f3n\",\"@id\":\"https:\/\/nitu.mx\/#\/schema\/person\/4a28fe9bd65924f7c90623773daf1b0b\"},\"headline\":\"Interjet incorpora TSA PRE gracias a asociaci\u00f3n con TSA\",\"datePublished\":\"2019-08-14T03:46:32+00:00\",\"dateModified\":\"2019-08-14T04:41:22+00:00\",\"mainEntityOfPage\":{\"@id\":\"https:\/\/nitu.mx\/index.php\/2019\/08\/13\/interjet-incorpora-tsa-pre-gracias-a-asociacion-con-tsa\/\"},\"wordCount\":405,\"commentCount\":0,\"publisher\":{\"@id\":\"https:\/\/nitu.mx\/#\/schema\/person\/ae7a53426417292d3dd07b45a33e01bc\"},\"image\":{\"@id\":\"https:\/\/nitu.mx\/index.php\/2019\/08\/13\/interjet-incorpora-tsa-pre-gracias-a-asociacion-con-tsa\/#primaryimage\"},\"thumbnailUrl\":\"https:\/\/nitu.mx\/wp-content\/uploads\/2019\/08\/Interjet-TSA-PreCheck.jpg\",\"keywords\":[\"Estados Unidos\",\"Interjet\",\"Julio Gamero\",\"M\u00e9xico\",\"TSA Pre\",\"TTP\"],\"articleSection\":[\"Aerol\u00edneas\",\"M\u00e9xico\"],\"inLanguage\":\"es-MX\",\"potentialAction\":[{\"@type\":\"CommentAction\",\"name\":\"Comment\",\"target\":[\"https:\/\/nitu.mx\/index.php\/2019\/08\/13\/interjet-incorpora-tsa-pre-gracias-a-asociacion-con-tsa\/#respond\"]}]},{\"@type\":\"WebPage\",\"@id\":\"https:\/\/nitu.mx\/index.php\/2019\/08\/13\/interjet-incorpora-tsa-pre-gracias-a-asociacion-con-tsa\/\",\"url\":\"https:\/\/nitu.mx\/index.php\/2019\/08\/13\/interjet-incorpora-tsa-pre-gracias-a-asociacion-con-tsa\/\",\"name\":\"Interjet incorpora TSA PRE gracias a asociaci\u00f3n con TSA - Nitu - Noticias de la Industria Turistica\",\"isPartOf\":{\"@id\":\"https:\/\/nitu.mx\/#website\"},\"primaryImageOfPage\":{\"@id\":\"https:\/\/nitu.mx\/index.php\/2019\/08\/13\/interjet-incorpora-tsa-pre-gracias-a-asociacion-con-tsa\/#primaryimage\"},\"image\":{\"@id\":\"https:\/\/nitu.mx\/index.php\/2019\/08\/13\/interjet-incorpora-tsa-pre-gracias-a-asociacion-con-tsa\/#primaryimage\"},\"thumbnailUrl\":\"https:\/\/nitu.mx\/wp-content\/uploads\/2019\/08\/Interjet-TSA-PreCheck.jpg\",\"datePublished\":\"2019-08-14T03:46:32+00:00\",\"dateModified\":\"2019-08-14T04:41:22+00:00\",\"description\":\"Interjet ofrecer\u00e1 a los pasajeros que viajan de los Estados Unidos a M\u00e9xico, la inspecci\u00f3n acelerada en todos los aeropuertos en los que la aerol\u00ednea opera.\",\"breadcrumb\":{\"@id\":\"https:\/\/nitu.mx\/index.php\/2019\/08\/13\/interjet-incorpora-tsa-pre-gracias-a-asociacion-con-tsa\/#breadcrumb\"},\"inLanguage\":\"es-MX\",\"potentialAction\":[{\"@type\":\"ReadAction\",\"target\":[\"https:\/\/nitu.mx\/index.php\/2019\/08\/13\/interjet-incorpora-tsa-pre-gracias-a-asociacion-con-tsa\/\"]}]},{\"@type\":\"ImageObject\",\"inLanguage\":\"es-MX\",\"@id\":\"https:\/\/nitu.mx\/index.php\/2019\/08\/13\/interjet-incorpora-tsa-pre-gracias-a-asociacion-con-tsa\/#primaryimage\",\"url\":\"https:\/\/nitu.mx\/wp-content\/uploads\/2019\/08\/Interjet-TSA-PreCheck.jpg\",\"contentUrl\":\"https:\/\/nitu.mx\/wp-content\/uploads\/2019\/08\/Interjet-TSA-PreCheck.jpg\",\"width\":850,\"height\":480,\"caption\":\"Interjet\"},{\"@type\":\"BreadcrumbList\",\"@id\":\"https:\/\/nitu.mx\/index.php\/2019\/08\/13\/interjet-incorpora-tsa-pre-gracias-a-asociacion-con-tsa\/#breadcrumb\",\"itemListElement\":[{\"@type\":\"ListItem\",\"position\":1,\"name\":\"Inicio\",\"item\":\"https:\/\/nitu.mx\/\"},{\"@type\":\"ListItem\",\"position\":2,\"name\":\"Interjet incorpora TSA PRE gracias a asociaci\u00f3n con TSA\"}]},{\"@type\":\"WebSite\",\"@id\":\"https:\/\/nitu.mx\/#website\",\"url\":\"https:\/\/nitu.mx\/\",\"name\":\"Nitu - Noticias de la Industria Turistica\",\"description\":\"Noticias de la Industria Turistica\",\"publisher\":{\"@id\":\"https:\/\/nitu.mx\/#\/schema\/person\/ae7a53426417292d3dd07b45a33e01bc\"},\"alternateName\":\"Noticias de la Industria Turistica\",\"potentialAction\":[{\"@type\":\"SearchAction\",\"target\":{\"@type\":\"EntryPoint\",\"urlTemplate\":\"https:\/\/nitu.mx\/?s={search_term_string}\"},\"query-input\":\"required name=search_term_string\"}],\"inLanguage\":\"es-MX\"},{\"@type\":[\"Person\",\"Organization\"],\"@id\":\"https:\/\/nitu.mx\/#\/schema\/person\/ae7a53426417292d3dd07b45a33e01bc\",\"name\":\"Arturo Medina\",\"image\":{\"@type\":\"ImageObject\",\"inLanguage\":\"es-MX\",\"@id\":\"https:\/\/nitu.mx\/#\/schema\/person\/image\/\",\"url\":\"https:\/\/nitu.mx\/wp-content\/uploads\/2024\/04\/4A315622-1904-4D5C-B022-878CDC840E04-90x90-1.jpeg\",\"contentUrl\":\"https:\/\/nitu.mx\/wp-content\/uploads\/2024\/04\/4A315622-1904-4D5C-B022-878CDC840E04-90x90-1.jpeg\",\"width\":90,\"height\":90,\"caption\":\"Arturo Medina\"},\"logo\":{\"@id\":\"https:\/\/nitu.mx\/#\/schema\/person\/image\/\"},\"description\":\"Director NITU.mx, Egresado de la Escuela de Periodismo Carlos Septi\u00e9n Garc\u00eda. Periodista y analista especializado en turismo desde hace 35 a\u00f1os, radicado en Canc\u00fan Q.Roo. arturo@nitu.mx\",\"sameAs\":[\"https:\/\/nitu.mx\",\"https:\/\/www.facebook.com\/NITUmx\/\",\"medinacancun\",\"https:\/\/twitter.com\/@Arturo_Medina_G\"]},{\"@type\":\"Person\",\"@id\":\"https:\/\/nitu.mx\/#\/schema\/person\/4a28fe9bd65924f7c90623773daf1b0b\",\"name\":\"Redacci\u00f3n\",\"image\":{\"@type\":\"ImageObject\",\"inLanguage\":\"es-MX\",\"@id\":\"https:\/\/nitu.mx\/#\/schema\/person\/image\/\",\"url\":\"https:\/\/secure.gravatar.com\/avatar\/5dd011c8ccfc5cd7e4c81e42252aab38?s=96&d=mm&r=g\",\"contentUrl\":\"https:\/\/secure.gravatar.com\/avatar\/5dd011c8ccfc5cd7e4c81e42252aab38?s=96&d=mm&r=g\",\"caption\":\"Redacci\u00f3n\"},\"url\":\"https:\/\/nitu.mx\/index.php\/author\/redaccion\/\"}]}<\/script>\n<!-- \/ Yoast SEO plugin. -->","yoast_head_json":{"title":"Interjet incorpora TSA PRE gracias a asociaci\u00f3n con TSA - Nitu - Noticias de la Industria Turistica","description":"Interjet ofrecer\u00e1 a los pasajeros que viajan de los Estados Unidos a M\u00e9xico, la inspecci\u00f3n acelerada en todos los aeropuertos en los que la aerol\u00ednea opera.","robots":{"index":"index","follow":"follow","max-snippet":"max-snippet:-1","max-image-preview":"max-image-preview:large","max-video-preview":"max-video-preview:-1"},"canonical":"https:\/\/nitu.mx\/index.php\/2019\/08\/13\/interjet-incorpora-tsa-pre-gracias-a-asociacion-con-tsa\/","twitter_card":"summary_large_image","twitter_title":"Interjet incorpora TSA PRE gracias a asociaci\u00f3n con TSA - Nitu - Noticias de la Industria Turistica","twitter_description":"Interjet ofrecer\u00e1 a los pasajeros que viajan de los Estados Unidos a M\u00e9xico, la inspecci\u00f3n acelerada en todos los aeropuertos en los que la aerol\u00ednea opera.","twitter_image":"https:\/\/nitu.mx\/wp-content\/uploads\/2019\/08\/Interjet-TSA-PreCheck.jpg","twitter_creator":"@NITUmx","twitter_site":"@Arturo_Medina_G","twitter_misc":{"Escrito por":"Redacci\u00f3n","Tiempo de lectura":"2 minutos"},"schema":{"@context":"https:\/\/schema.org","@graph":[{"@type":"Article","@id":"https:\/\/nitu.mx\/index.php\/2019\/08\/13\/interjet-incorpora-tsa-pre-gracias-a-asociacion-con-tsa\/#article","isPartOf":{"@id":"https:\/\/nitu.mx\/index.php\/2019\/08\/13\/interjet-incorpora-tsa-pre-gracias-a-asociacion-con-tsa\/"},"author":{"name":"Redacci\u00f3n","@id":"https:\/\/nitu.mx\/#\/schema\/person\/4a28fe9bd65924f7c90623773daf1b0b"},"headline":"Interjet incorpora TSA PRE gracias a asociaci\u00f3n con TSA","datePublished":"2019-08-14T03:46:32+00:00","dateModified":"2019-08-14T04:41:22+00:00","mainEntityOfPage":{"@id":"https:\/\/nitu.mx\/index.php\/2019\/08\/13\/interjet-incorpora-tsa-pre-gracias-a-asociacion-con-tsa\/"},"wordCount":405,"commentCount":0,"publisher":{"@id":"https:\/\/nitu.mx\/#\/schema\/person\/ae7a53426417292d3dd07b45a33e01bc"},"image":{"@id":"https:\/\/nitu.mx\/index.php\/2019\/08\/13\/interjet-incorpora-tsa-pre-gracias-a-asociacion-con-tsa\/#primaryimage"},"thumbnailUrl":"https:\/\/nitu.mx\/wp-content\/uploads\/2019\/08\/Interjet-TSA-PreCheck.jpg","keywords":["Estados Unidos","Interjet","Julio Gamero","M\u00e9xico","TSA Pre","TTP"],"articleSection":["Aerol\u00edneas","M\u00e9xico"],"inLanguage":"es-MX","potentialAction":[{"@type":"CommentAction","name":"Comment","target":["https:\/\/nitu.mx\/index.php\/2019\/08\/13\/interjet-incorpora-tsa-pre-gracias-a-asociacion-con-tsa\/#respond"]}]},{"@type":"WebPage","@id":"https:\/\/nitu.mx\/index.php\/2019\/08\/13\/interjet-incorpora-tsa-pre-gracias-a-asociacion-con-tsa\/","url":"https:\/\/nitu.mx\/index.php\/2019\/08\/13\/interjet-incorpora-tsa-pre-gracias-a-asociacion-con-tsa\/","name":"Interjet incorpora TSA PRE gracias a asociaci\u00f3n con TSA - Nitu - Noticias de la Industria Turistica","isPartOf":{"@id":"https:\/\/nitu.mx\/#website"},"primaryImageOfPage":{"@id":"https:\/\/nitu.mx\/index.php\/2019\/08\/13\/interjet-incorpora-tsa-pre-gracias-a-asociacion-con-tsa\/#primaryimage"},"image":{"@id":"https:\/\/nitu.mx\/index.php\/2019\/08\/13\/interjet-incorpora-tsa-pre-gracias-a-asociacion-con-tsa\/#primaryimage"},"thumbnailUrl":"https:\/\/nitu.mx\/wp-content\/uploads\/2019\/08\/Interjet-TSA-PreCheck.jpg","datePublished":"2019-08-14T03:46:32+00:00","dateModified":"2019-08-14T04:41:22+00:00","description":"Interjet ofrecer\u00e1 a los pasajeros que viajan de los Estados Unidos a M\u00e9xico, la inspecci\u00f3n acelerada en todos los aeropuertos en los que la aerol\u00ednea opera.","breadcrumb":{"@id":"https:\/\/nitu.mx\/index.php\/2019\/08\/13\/interjet-incorpora-tsa-pre-gracias-a-asociacion-con-tsa\/#breadcrumb"},"inLanguage":"es-MX","potentialAction":[{"@type":"ReadAction","target":["https:\/\/nitu.mx\/index.php\/2019\/08\/13\/interjet-incorpora-tsa-pre-gracias-a-asociacion-con-tsa\/"]}]},{"@type":"ImageObject","inLanguage":"es-MX","@id":"https:\/\/nitu.mx\/index.php\/2019\/08\/13\/interjet-incorpora-tsa-pre-gracias-a-asociacion-con-tsa\/#primaryimage","url":"https:\/\/nitu.mx\/wp-content\/uploads\/2019\/08\/Interjet-TSA-PreCheck.jpg","contentUrl":"https:\/\/nitu.mx\/wp-content\/uploads\/2019\/08\/Interjet-TSA-PreCheck.jpg","width":850,"height":480,"caption":"Interjet"},{"@type":"BreadcrumbList","@id":"https:\/\/nitu.mx\/index.php\/2019\/08\/13\/interjet-incorpora-tsa-pre-gracias-a-asociacion-con-tsa\/#breadcrumb","itemListElement":[{"@type":"ListItem","position":1,"name":"Inicio","item":"https:\/\/nitu.mx\/"},{"@type":"ListItem","position":2,"name":"Interjet incorpora TSA PRE gracias a asociaci\u00f3n con TSA"}]},{"@type":"WebSite","@id":"https:\/\/nitu.mx\/#website","url":"https:\/\/nitu.mx\/","name":"Nitu - Noticias de la Industria Turistica","description":"Noticias de la Industria Turistica","publisher":{"@id":"https:\/\/nitu.mx\/#\/schema\/person\/ae7a53426417292d3dd07b45a33e01bc"},"alternateName":"Noticias de la Industria Turistica","potentialAction":[{"@type":"SearchAction","target":{"@type":"EntryPoint","urlTemplate":"https:\/\/nitu.mx\/?s={search_term_string}"},"query-input":"required name=search_term_string"}],"inLanguage":"es-MX"},{"@type":["Person","Organization"],"@id":"https:\/\/nitu.mx\/#\/schema\/person\/ae7a53426417292d3dd07b45a33e01bc","name":"Arturo Medina","image":{"@type":"ImageObject","inLanguage":"es-MX","@id":"https:\/\/nitu.mx\/#\/schema\/person\/image\/","url":"https:\/\/nitu.mx\/wp-content\/uploads\/2024\/04\/4A315622-1904-4D5C-B022-878CDC840E04-90x90-1.jpeg","contentUrl":"https:\/\/nitu.mx\/wp-content\/uploads\/2024\/04\/4A315622-1904-4D5C-B022-878CDC840E04-90x90-1.jpeg","width":90,"height":90,"caption":"Arturo Medina"},"logo":{"@id":"https:\/\/nitu.mx\/#\/schema\/person\/image\/"},"description":"Director NITU.mx, Egresado de la Escuela de Periodismo Carlos Septi\u00e9n Garc\u00eda. Periodista y analista especializado en turismo desde hace 35 a\u00f1os, radicado en Canc\u00fan Q.Roo. arturo@nitu.mx","sameAs":["https:\/\/nitu.mx","https:\/\/www.facebook.com\/NITUmx\/","medinacancun","https:\/\/twitter.com\/@Arturo_Medina_G"]},{"@type":"Person","@id":"https:\/\/nitu.mx\/#\/schema\/person\/4a28fe9bd65924f7c90623773daf1b0b","name":"Redacci\u00f3n","image":{"@type":"ImageObject","inLanguage":"es-MX","@id":"https:\/\/nitu.mx\/#\/schema\/person\/image\/","url":"https:\/\/secure.gravatar.com\/avatar\/5dd011c8ccfc5cd7e4c81e42252aab38?s=96&d=mm&r=g","contentUrl":"https:\/\/secure.gravatar.com\/avatar\/5dd011c8ccfc5cd7e4c81e42252aab38?s=96&d=mm&r=g","caption":"Redacci\u00f3n"},"url":"https:\/\/nitu.mx\/index.php\/author\/redaccion\/"}]}},"views":293,"_links":{"self":[{"href":"https:\/\/nitu.mx\/index.php\/wp-json\/wp\/v2\/posts\/34446"}],"collection":[{"href":"https:\/\/nitu.mx\/index.php\/wp-json\/wp\/v2\/posts"}],"about":[{"href":"https:\/\/nitu.mx\/index.php\/wp-json\/wp\/v2\/types\/post"}],"author":[{"embeddable":true,"href":"https:\/\/nitu.mx\/index.php\/wp-json\/wp\/v2\/users\/17"}],"replies":[{"embeddable":true,"href":"https:\/\/nitu.mx\/index.php\/wp-json\/wp\/v2\/comments?post=34446"}],"version-history":[{"count":3,"href":"https:\/\/nitu.mx\/index.php\/wp-json\/wp\/v2\/posts\/34446\/revisions"}],"predecessor-version":[{"id":34465,"href":"https:\/\/nitu.mx\/index.php\/wp-json\/wp\/v2\/posts\/34446\/revisions\/34465"}],"wp:featuredmedia":[{"embeddable":true,"href":"https:\/\/nitu.mx\/index.php\/wp-json\/wp\/v2\/media\/34464"}],"wp:attachment":[{"href":"https:\/\/nitu.mx\/index.php\/wp-json\/wp\/v2\/media?parent=34446"}],"wp:term":[{"taxonomy":"category","embeddable":true,"href":"https:\/\/nitu.mx\/index.php\/wp-json\/wp\/v2\/categories?post=34446"},{"taxonomy":"post_tag","embeddable":true,"href":"https:\/\/nitu.mx\/index.php\/wp-json\/wp\/v2\/tags?post=34446"}],"curies":[{"name":"wp","href":"https:\/\/api.w.org\/{rel}","templated":true}]}}