{"id":34400,"date":"2019-08-13T00:31:05","date_gmt":"2019-08-13T05:31:05","guid":{"rendered":"https:\/\/www.dev.nitu.mx\/?p=34400"},"modified":"2019-08-13T00:45:52","modified_gmt":"2019-08-13T05:45:52","slug":"turkish-airlines-llegara-a-cancun-y-cdmx-a-partir-del-22-de-agosto","status":"publish","type":"post","link":"https:\/\/nitu.mx\/index.php\/2019\/08\/13\/turkish-airlines-llegara-a-cancun-y-cdmx-a-partir-del-22-de-agosto\/","title":{"rendered":"Turkish Airlines llegar\u00e1 a Canc\u00fan y CDMX a partir del 22 de agosto"},"content":{"rendered":"<p>La compa\u00f1\u00eda de aviaci\u00f3n nacional de Turqu\u00eda, Turkish Airlines, iniciar\u00e1 un vuelo directo, sin escalas, en la ruta Estambul-Ciudad de M\u00e9xico, Canc\u00fan-Estambul, a partir del pr\u00f3ximo 22 de agosto, confirm\u00f3 Bernardo C\u00f3rdova, embajador de M\u00e9xico en Ankara.<\/p>\n<p>Con tres frecuencias a la semana los d\u00edas mi\u00e9rcoles, viernes y domingos los aviones turcos aterrizar\u00e1n en la capital azteca y en Canc\u00fan desde este mes.<\/p>\n<p>Turkish Airlines inform\u00f3 que la ruta ser\u00e1 operada en aviones Boeing 787-9 Dreamliner. Oficiosamente se ha adelantado que, del nuevo Aeropuerto Internacional de Estambul, el vuelo TK181 saldr\u00e1 a las 20:55 (hora local) y aterrizar\u00e1 en M\u00e9xico a las 4:10 horas.<\/p>\n<p>El regreso de Ciudad de M\u00e9xico ser\u00e1 los d\u00edas lunes, jueves y s\u00e1bados a las 5:30, haciendo una escala t\u00e9cnica en Canc\u00fan y despegar\u00e1 de la terminal quintanarroense a las 9:20 para llegar a Estambul a las 5:25 del d\u00eda siguiente (hora local).<\/p>\n<p>Ser\u00e1 la primera vez que aterrice en M\u00e9xico un vuelo sin escala desde un pa\u00eds del Medio Oriente y, de acuerdo a fuentes mexicanas, este nuevo vuelo representa &#8220;una gran oportunidad de impulsar el turismo de alto poder adquisitivo de aquella naci\u00f3n y de la India&#8221;.<\/p>\n<p>De acuerdo con cifras adelantadas por la Secretar\u00eda de Turismo federal, el gasto tur\u00edstico de visitantes turcos en M\u00e9xico fue de 9.9 millones de d\u00f3lares en el 2017 y de 11.6 millones de d\u00f3lares en el 2018, lo que represent\u00f3 un incremento de 17.4 por ciento de un a\u00f1o al otro. En 2017 arribaron a M\u00e9xico, v\u00eda a\u00e9rea, 10 mil 874 turistas turcos y en 2018 fueron 12mil 582, lo que signific\u00f3 un incremento de 15.7 por ciento.<\/p>\n<p>En el mismo lapso, el turismo proveniente de la India erog\u00f3 59 millones de d\u00f3lares y 75.3 millones de d\u00f3lares, respectivamente, que se tradujo en un aumento de 27.5 por ciento en este rubro. En cuanto a los turistas de la India, estos fueron 64 mil 921 personas en el 2017, y al a\u00f1o siguiente se sumaron 81 mil 530 visitantes de esa naci\u00f3n (+25.6 por ciento).<\/p>\n<p>La llegada de visitantes turcos al pa\u00eds ocup\u00f3 la posici\u00f3n 50 del total de arribos por nacionalidad el a\u00f1o pasado, en tanto que la de turistas indios se ubic\u00f3 en el lugar 22 del total de llegadas por nacionalidad.<\/p>\n<p>El arribo de viajeros de pa\u00edses de Asia a M\u00e9xico el a\u00f1o pasado fue encabezada por China, con 24.8 por ciento de visitantes; Jap\u00f3n, 23.1; Corea del Sur, con 18.1; India, el 12.0; Israel, 6.9; Filipinas, el 2.6, y Turqu\u00eda, con 1.9 por ciento. (El Quinto Poder)\u00a0<a title=\"Canc\u00fan ser\u00e1 el primer destino de Turkish Airlines en M\u00e9xico\" href=\"https:\/\/www.dev.nitu.mx\/index.php\/2018\/08\/12\/cancun-sera-el-primer-destino-de-turkish-airlines-en-mexico\/\" rel=\"bookmark\">(Canc\u00fan ser\u00e1 el primer destino de Turkish Airlines en M\u00e9xico<\/a>).<\/p>\n","protected":false},"excerpt":{"rendered":"<p>La compa\u00f1\u00eda de aviaci\u00f3n nacional de Turqu\u00eda, Turkish Airlines, iniciar\u00e1 un vuelo directo, sin escalas, en la ruta Estambul-Ciudad de M\u00e9xico, Canc\u00fan-Estambul, a partir del pr\u00f3ximo 22 de agosto, confirm\u00f3 Bernardo C\u00f3rdova, embajador de M\u00e9xico en Ankara. Con tres frecuencias a la semana los d\u00edas mi\u00e9rcoles, viernes y domingos los aviones turcos aterrizar\u00e1n en la [&hellip;]<\/p>\n","protected":false},"author":17,"featured_media":31729,"comment_status":"open","ping_status":"open","sticky":false,"template":"","format":"standard","meta":{"footnotes":""},"categories":[29,5],"tags":[43,587,3576,3571,4042],"yoast_head":"<!-- This site is optimized with the Yoast SEO plugin v22.2 - https:\/\/yoast.com\/wordpress\/plugins\/seo\/ -->\n<title>Turkish Airlines llegar\u00e1 a Canc\u00fan y CDMX a partir del 22 de agosto - Nitu - Noticias de la Industria Turistica<\/title>\n<meta name=\"description\" content=\"Turkish Airlines, iniciar\u00e1 un vuelo directo, sin escalas, en la ruta Estambul-Ciudad de M\u00e9xico, Canc\u00fan-Estambul, a partir del pr\u00f3ximo 22 de agosto.\" \/>\n<meta name=\"robots\" content=\"index, follow, max-snippet:-1, max-image-preview:large, max-video-preview:-1\" \/>\n<link rel=\"canonical\" href=\"https:\/\/nitu.mx\/index.php\/2019\/08\/13\/turkish-airlines-llegara-a-cancun-y-cdmx-a-partir-del-22-de-agosto\/\" \/>\n<meta name=\"twitter:card\" content=\"summary_large_image\" \/>\n<meta name=\"twitter:title\" content=\"Turkish Airlines llegar\u00e1 a Canc\u00fan y CDMX a partir del 22 de agosto - Nitu - Noticias de la Industria Turistica\" \/>\n<meta name=\"twitter:description\" content=\"Turkish Airlines, iniciar\u00e1 un vuelo directo, sin escalas, en la ruta Estambul-Ciudad de M\u00e9xico, Canc\u00fan-Estambul, a partir del pr\u00f3ximo 22 de agosto.\" \/>\n<meta name=\"twitter:image\" content=\"https:\/\/nitu.mx\/wp-content\/uploads\/2019\/05\/turkish-airlines-vuelo.jpg\" \/>\n<meta name=\"twitter:creator\" content=\"@NITUmx\" \/>\n<meta name=\"twitter:site\" content=\"@Arturo_Medina_G\" \/>\n<meta name=\"twitter:label1\" content=\"Escrito por\" \/>\n\t<meta name=\"twitter:data1\" content=\"Redacci\u00f3n\" \/>\n\t<meta name=\"twitter:label2\" content=\"Tiempo de lectura\" \/>\n\t<meta name=\"twitter:data2\" content=\"2 minutos\" \/>\n<script type=\"application\/ld+json\" class=\"yoast-schema-graph\">{\"@context\":\"https:\/\/schema.org\",\"@graph\":[{\"@type\":\"Article\",\"@id\":\"https:\/\/nitu.mx\/index.php\/2019\/08\/13\/turkish-airlines-llegara-a-cancun-y-cdmx-a-partir-del-22-de-agosto\/#article\",\"isPartOf\":{\"@id\":\"https:\/\/nitu.mx\/index.php\/2019\/08\/13\/turkish-airlines-llegara-a-cancun-y-cdmx-a-partir-del-22-de-agosto\/\"},\"author\":{\"name\":\"Redacci\u00f3n\",\"@id\":\"https:\/\/nitu.mx\/#\/schema\/person\/4a28fe9bd65924f7c90623773daf1b0b\"},\"headline\":\"Turkish Airlines llegar\u00e1 a Canc\u00fan y CDMX a partir del 22 de agosto\",\"datePublished\":\"2019-08-13T05:31:05+00:00\",\"dateModified\":\"2019-08-13T05:45:52+00:00\",\"mainEntityOfPage\":{\"@id\":\"https:\/\/nitu.mx\/index.php\/2019\/08\/13\/turkish-airlines-llegara-a-cancun-y-cdmx-a-partir-del-22-de-agosto\/\"},\"wordCount\":457,\"commentCount\":0,\"publisher\":{\"@id\":\"https:\/\/nitu.mx\/#\/schema\/person\/ae7a53426417292d3dd07b45a33e01bc\"},\"image\":{\"@id\":\"https:\/\/nitu.mx\/index.php\/2019\/08\/13\/turkish-airlines-llegara-a-cancun-y-cdmx-a-partir-del-22-de-agosto\/#primaryimage\"},\"thumbnailUrl\":\"https:\/\/nitu.mx\/wp-content\/uploads\/2019\/05\/turkish-airlines-vuelo.jpg\",\"keywords\":[\"Canc\u00fan\",\"CDMX\",\"Estambul\",\"Turkish Airlines\",\"Vuelos\"],\"articleSection\":[\"Aerol\u00edneas\",\"Destinos\"],\"inLanguage\":\"es-MX\",\"potentialAction\":[{\"@type\":\"CommentAction\",\"name\":\"Comment\",\"target\":[\"https:\/\/nitu.mx\/index.php\/2019\/08\/13\/turkish-airlines-llegara-a-cancun-y-cdmx-a-partir-del-22-de-agosto\/#respond\"]}]},{\"@type\":\"WebPage\",\"@id\":\"https:\/\/nitu.mx\/index.php\/2019\/08\/13\/turkish-airlines-llegara-a-cancun-y-cdmx-a-partir-del-22-de-agosto\/\",\"url\":\"https:\/\/nitu.mx\/index.php\/2019\/08\/13\/turkish-airlines-llegara-a-cancun-y-cdmx-a-partir-del-22-de-agosto\/\",\"name\":\"Turkish Airlines llegar\u00e1 a Canc\u00fan y CDMX a partir del 22 de agosto - Nitu - Noticias de la Industria Turistica\",\"isPartOf\":{\"@id\":\"https:\/\/nitu.mx\/#website\"},\"primaryImageOfPage\":{\"@id\":\"https:\/\/nitu.mx\/index.php\/2019\/08\/13\/turkish-airlines-llegara-a-cancun-y-cdmx-a-partir-del-22-de-agosto\/#primaryimage\"},\"image\":{\"@id\":\"https:\/\/nitu.mx\/index.php\/2019\/08\/13\/turkish-airlines-llegara-a-cancun-y-cdmx-a-partir-del-22-de-agosto\/#primaryimage\"},\"thumbnailUrl\":\"https:\/\/nitu.mx\/wp-content\/uploads\/2019\/05\/turkish-airlines-vuelo.jpg\",\"datePublished\":\"2019-08-13T05:31:05+00:00\",\"dateModified\":\"2019-08-13T05:45:52+00:00\",\"description\":\"Turkish Airlines, iniciar\u00e1 un vuelo directo, sin escalas, en la ruta Estambul-Ciudad de M\u00e9xico, Canc\u00fan-Estambul, a partir del pr\u00f3ximo 22 de agosto.\",\"breadcrumb\":{\"@id\":\"https:\/\/nitu.mx\/index.php\/2019\/08\/13\/turkish-airlines-llegara-a-cancun-y-cdmx-a-partir-del-22-de-agosto\/#breadcrumb\"},\"inLanguage\":\"es-MX\",\"potentialAction\":[{\"@type\":\"ReadAction\",\"target\":[\"https:\/\/nitu.mx\/index.php\/2019\/08\/13\/turkish-airlines-llegara-a-cancun-y-cdmx-a-partir-del-22-de-agosto\/\"]}]},{\"@type\":\"ImageObject\",\"inLanguage\":\"es-MX\",\"@id\":\"https:\/\/nitu.mx\/index.php\/2019\/08\/13\/turkish-airlines-llegara-a-cancun-y-cdmx-a-partir-del-22-de-agosto\/#primaryimage\",\"url\":\"https:\/\/nitu.mx\/wp-content\/uploads\/2019\/05\/turkish-airlines-vuelo.jpg\",\"contentUrl\":\"https:\/\/nitu.mx\/wp-content\/uploads\/2019\/05\/turkish-airlines-vuelo.jpg\",\"width\":850,\"height\":480,\"caption\":\"turkish\"},{\"@type\":\"BreadcrumbList\",\"@id\":\"https:\/\/nitu.mx\/index.php\/2019\/08\/13\/turkish-airlines-llegara-a-cancun-y-cdmx-a-partir-del-22-de-agosto\/#breadcrumb\",\"itemListElement\":[{\"@type\":\"ListItem\",\"position\":1,\"name\":\"Inicio\",\"item\":\"https:\/\/nitu.mx\/\"},{\"@type\":\"ListItem\",\"position\":2,\"name\":\"Turkish Airlines llegar\u00e1 a Canc\u00fan y CDMX a partir del 22 de agosto\"}]},{\"@type\":\"WebSite\",\"@id\":\"https:\/\/nitu.mx\/#website\",\"url\":\"https:\/\/nitu.mx\/\",\"name\":\"Nitu - Noticias de la Industria Turistica\",\"description\":\"Noticias de la Industria Turistica\",\"publisher\":{\"@id\":\"https:\/\/nitu.mx\/#\/schema\/person\/ae7a53426417292d3dd07b45a33e01bc\"},\"alternateName\":\"Noticias de la Industria Turistica\",\"potentialAction\":[{\"@type\":\"SearchAction\",\"target\":{\"@type\":\"EntryPoint\",\"urlTemplate\":\"https:\/\/nitu.mx\/?s={search_term_string}\"},\"query-input\":\"required name=search_term_string\"}],\"inLanguage\":\"es-MX\"},{\"@type\":[\"Person\",\"Organization\"],\"@id\":\"https:\/\/nitu.mx\/#\/schema\/person\/ae7a53426417292d3dd07b45a33e01bc\",\"name\":\"Arturo Medina\",\"image\":{\"@type\":\"ImageObject\",\"inLanguage\":\"es-MX\",\"@id\":\"https:\/\/nitu.mx\/#\/schema\/person\/image\/\",\"url\":\"https:\/\/nitu.mx\/wp-content\/uploads\/2024\/04\/4A315622-1904-4D5C-B022-878CDC840E04-90x90-1.jpeg\",\"contentUrl\":\"https:\/\/nitu.mx\/wp-content\/uploads\/2024\/04\/4A315622-1904-4D5C-B022-878CDC840E04-90x90-1.jpeg\",\"width\":90,\"height\":90,\"caption\":\"Arturo Medina\"},\"logo\":{\"@id\":\"https:\/\/nitu.mx\/#\/schema\/person\/image\/\"},\"description\":\"Director NITU.mx, Egresado de la Escuela de Periodismo Carlos Septi\u00e9n Garc\u00eda. Periodista y analista especializado en turismo desde hace 35 a\u00f1os, radicado en Canc\u00fan Q.Roo. arturo@nitu.mx\",\"sameAs\":[\"https:\/\/nitu.mx\",\"https:\/\/www.facebook.com\/NITUmx\/\",\"medinacancun\",\"https:\/\/twitter.com\/@Arturo_Medina_G\"]},{\"@type\":\"Person\",\"@id\":\"https:\/\/nitu.mx\/#\/schema\/person\/4a28fe9bd65924f7c90623773daf1b0b\",\"name\":\"Redacci\u00f3n\",\"image\":{\"@type\":\"ImageObject\",\"inLanguage\":\"es-MX\",\"@id\":\"https:\/\/nitu.mx\/#\/schema\/person\/image\/\",\"url\":\"https:\/\/secure.gravatar.com\/avatar\/5dd011c8ccfc5cd7e4c81e42252aab38?s=96&d=mm&r=g\",\"contentUrl\":\"https:\/\/secure.gravatar.com\/avatar\/5dd011c8ccfc5cd7e4c81e42252aab38?s=96&d=mm&r=g\",\"caption\":\"Redacci\u00f3n\"},\"url\":\"https:\/\/nitu.mx\/index.php\/author\/redaccion\/\"}]}<\/script>\n<!-- \/ Yoast SEO plugin. -->","yoast_head_json":{"title":"Turkish Airlines llegar\u00e1 a Canc\u00fan y CDMX a partir del 22 de agosto - Nitu - Noticias de la Industria Turistica","description":"Turkish Airlines, iniciar\u00e1 un vuelo directo, sin escalas, en la ruta Estambul-Ciudad de M\u00e9xico, Canc\u00fan-Estambul, a partir del pr\u00f3ximo 22 de agosto.","robots":{"index":"index","follow":"follow","max-snippet":"max-snippet:-1","max-image-preview":"max-image-preview:large","max-video-preview":"max-video-preview:-1"},"canonical":"https:\/\/nitu.mx\/index.php\/2019\/08\/13\/turkish-airlines-llegara-a-cancun-y-cdmx-a-partir-del-22-de-agosto\/","twitter_card":"summary_large_image","twitter_title":"Turkish Airlines llegar\u00e1 a Canc\u00fan y CDMX a partir del 22 de agosto - Nitu - Noticias de la Industria Turistica","twitter_description":"Turkish Airlines, iniciar\u00e1 un vuelo directo, sin escalas, en la ruta Estambul-Ciudad de M\u00e9xico, Canc\u00fan-Estambul, a partir del pr\u00f3ximo 22 de agosto.","twitter_image":"https:\/\/nitu.mx\/wp-content\/uploads\/2019\/05\/turkish-airlines-vuelo.jpg","twitter_creator":"@NITUmx","twitter_site":"@Arturo_Medina_G","twitter_misc":{"Escrito por":"Redacci\u00f3n","Tiempo de lectura":"2 minutos"},"schema":{"@context":"https:\/\/schema.org","@graph":[{"@type":"Article","@id":"https:\/\/nitu.mx\/index.php\/2019\/08\/13\/turkish-airlines-llegara-a-cancun-y-cdmx-a-partir-del-22-de-agosto\/#article","isPartOf":{"@id":"https:\/\/nitu.mx\/index.php\/2019\/08\/13\/turkish-airlines-llegara-a-cancun-y-cdmx-a-partir-del-22-de-agosto\/"},"author":{"name":"Redacci\u00f3n","@id":"https:\/\/nitu.mx\/#\/schema\/person\/4a28fe9bd65924f7c90623773daf1b0b"},"headline":"Turkish Airlines llegar\u00e1 a Canc\u00fan y CDMX a partir del 22 de agosto","datePublished":"2019-08-13T05:31:05+00:00","dateModified":"2019-08-13T05:45:52+00:00","mainEntityOfPage":{"@id":"https:\/\/nitu.mx\/index.php\/2019\/08\/13\/turkish-airlines-llegara-a-cancun-y-cdmx-a-partir-del-22-de-agosto\/"},"wordCount":457,"commentCount":0,"publisher":{"@id":"https:\/\/nitu.mx\/#\/schema\/person\/ae7a53426417292d3dd07b45a33e01bc"},"image":{"@id":"https:\/\/nitu.mx\/index.php\/2019\/08\/13\/turkish-airlines-llegara-a-cancun-y-cdmx-a-partir-del-22-de-agosto\/#primaryimage"},"thumbnailUrl":"https:\/\/nitu.mx\/wp-content\/uploads\/2019\/05\/turkish-airlines-vuelo.jpg","keywords":["Canc\u00fan","CDMX","Estambul","Turkish Airlines","Vuelos"],"articleSection":["Aerol\u00edneas","Destinos"],"inLanguage":"es-MX","potentialAction":[{"@type":"CommentAction","name":"Comment","target":["https:\/\/nitu.mx\/index.php\/2019\/08\/13\/turkish-airlines-llegara-a-cancun-y-cdmx-a-partir-del-22-de-agosto\/#respond"]}]},{"@type":"WebPage","@id":"https:\/\/nitu.mx\/index.php\/2019\/08\/13\/turkish-airlines-llegara-a-cancun-y-cdmx-a-partir-del-22-de-agosto\/","url":"https:\/\/nitu.mx\/index.php\/2019\/08\/13\/turkish-airlines-llegara-a-cancun-y-cdmx-a-partir-del-22-de-agosto\/","name":"Turkish Airlines llegar\u00e1 a Canc\u00fan y CDMX a partir del 22 de agosto - Nitu - Noticias de la Industria Turistica","isPartOf":{"@id":"https:\/\/nitu.mx\/#website"},"primaryImageOfPage":{"@id":"https:\/\/nitu.mx\/index.php\/2019\/08\/13\/turkish-airlines-llegara-a-cancun-y-cdmx-a-partir-del-22-de-agosto\/#primaryimage"},"image":{"@id":"https:\/\/nitu.mx\/index.php\/2019\/08\/13\/turkish-airlines-llegara-a-cancun-y-cdmx-a-partir-del-22-de-agosto\/#primaryimage"},"thumbnailUrl":"https:\/\/nitu.mx\/wp-content\/uploads\/2019\/05\/turkish-airlines-vuelo.jpg","datePublished":"2019-08-13T05:31:05+00:00","dateModified":"2019-08-13T05:45:52+00:00","description":"Turkish Airlines, iniciar\u00e1 un vuelo directo, sin escalas, en la ruta Estambul-Ciudad de M\u00e9xico, Canc\u00fan-Estambul, a partir del pr\u00f3ximo 22 de agosto.","breadcrumb":{"@id":"https:\/\/nitu.mx\/index.php\/2019\/08\/13\/turkish-airlines-llegara-a-cancun-y-cdmx-a-partir-del-22-de-agosto\/#breadcrumb"},"inLanguage":"es-MX","potentialAction":[{"@type":"ReadAction","target":["https:\/\/nitu.mx\/index.php\/2019\/08\/13\/turkish-airlines-llegara-a-cancun-y-cdmx-a-partir-del-22-de-agosto\/"]}]},{"@type":"ImageObject","inLanguage":"es-MX","@id":"https:\/\/nitu.mx\/index.php\/2019\/08\/13\/turkish-airlines-llegara-a-cancun-y-cdmx-a-partir-del-22-de-agosto\/#primaryimage","url":"https:\/\/nitu.mx\/wp-content\/uploads\/2019\/05\/turkish-airlines-vuelo.jpg","contentUrl":"https:\/\/nitu.mx\/wp-content\/uploads\/2019\/05\/turkish-airlines-vuelo.jpg","width":850,"height":480,"caption":"turkish"},{"@type":"BreadcrumbList","@id":"https:\/\/nitu.mx\/index.php\/2019\/08\/13\/turkish-airlines-llegara-a-cancun-y-cdmx-a-partir-del-22-de-agosto\/#breadcrumb","itemListElement":[{"@type":"ListItem","position":1,"name":"Inicio","item":"https:\/\/nitu.mx\/"},{"@type":"ListItem","position":2,"name":"Turkish Airlines llegar\u00e1 a Canc\u00fan y CDMX a partir del 22 de agosto"}]},{"@type":"WebSite","@id":"https:\/\/nitu.mx\/#website","url":"https:\/\/nitu.mx\/","name":"Nitu - Noticias de la Industria Turistica","description":"Noticias de la Industria Turistica","publisher":{"@id":"https:\/\/nitu.mx\/#\/schema\/person\/ae7a53426417292d3dd07b45a33e01bc"},"alternateName":"Noticias de la Industria Turistica","potentialAction":[{"@type":"SearchAction","target":{"@type":"EntryPoint","urlTemplate":"https:\/\/nitu.mx\/?s={search_term_string}"},"query-input":"required name=search_term_string"}],"inLanguage":"es-MX"},{"@type":["Person","Organization"],"@id":"https:\/\/nitu.mx\/#\/schema\/person\/ae7a53426417292d3dd07b45a33e01bc","name":"Arturo Medina","image":{"@type":"ImageObject","inLanguage":"es-MX","@id":"https:\/\/nitu.mx\/#\/schema\/person\/image\/","url":"https:\/\/nitu.mx\/wp-content\/uploads\/2024\/04\/4A315622-1904-4D5C-B022-878CDC840E04-90x90-1.jpeg","contentUrl":"https:\/\/nitu.mx\/wp-content\/uploads\/2024\/04\/4A315622-1904-4D5C-B022-878CDC840E04-90x90-1.jpeg","width":90,"height":90,"caption":"Arturo Medina"},"logo":{"@id":"https:\/\/nitu.mx\/#\/schema\/person\/image\/"},"description":"Director NITU.mx, Egresado de la Escuela de Periodismo Carlos Septi\u00e9n Garc\u00eda. Periodista y analista especializado en turismo desde hace 35 a\u00f1os, radicado en Canc\u00fan Q.Roo. arturo@nitu.mx","sameAs":["https:\/\/nitu.mx","https:\/\/www.facebook.com\/NITUmx\/","medinacancun","https:\/\/twitter.com\/@Arturo_Medina_G"]},{"@type":"Person","@id":"https:\/\/nitu.mx\/#\/schema\/person\/4a28fe9bd65924f7c90623773daf1b0b","name":"Redacci\u00f3n","image":{"@type":"ImageObject","inLanguage":"es-MX","@id":"https:\/\/nitu.mx\/#\/schema\/person\/image\/","url":"https:\/\/secure.gravatar.com\/avatar\/5dd011c8ccfc5cd7e4c81e42252aab38?s=96&d=mm&r=g","contentUrl":"https:\/\/secure.gravatar.com\/avatar\/5dd011c8ccfc5cd7e4c81e42252aab38?s=96&d=mm&r=g","caption":"Redacci\u00f3n"},"url":"https:\/\/nitu.mx\/index.php\/author\/redaccion\/"}]}},"views":349,"_links":{"self":[{"href":"https:\/\/nitu.mx\/index.php\/wp-json\/wp\/v2\/posts\/34400"}],"collection":[{"href":"https:\/\/nitu.mx\/index.php\/wp-json\/wp\/v2\/posts"}],"about":[{"href":"https:\/\/nitu.mx\/index.php\/wp-json\/wp\/v2\/types\/post"}],"author":[{"embeddable":true,"href":"https:\/\/nitu.mx\/index.php\/wp-json\/wp\/v2\/users\/17"}],"replies":[{"embeddable":true,"href":"https:\/\/nitu.mx\/index.php\/wp-json\/wp\/v2\/comments?post=34400"}],"version-history":[{"count":2,"href":"https:\/\/nitu.mx\/index.php\/wp-json\/wp\/v2\/posts\/34400\/revisions"}],"predecessor-version":[{"id":34425,"href":"https:\/\/nitu.mx\/index.php\/wp-json\/wp\/v2\/posts\/34400\/revisions\/34425"}],"wp:featuredmedia":[{"embeddable":true,"href":"https:\/\/nitu.mx\/index.php\/wp-json\/wp\/v2\/media\/31729"}],"wp:attachment":[{"href":"https:\/\/nitu.mx\/index.php\/wp-json\/wp\/v2\/media?parent=34400"}],"wp:term":[{"taxonomy":"category","embeddable":true,"href":"https:\/\/nitu.mx\/index.php\/wp-json\/wp\/v2\/categories?post=34400"},{"taxonomy":"post_tag","embeddable":true,"href":"https:\/\/nitu.mx\/index.php\/wp-json\/wp\/v2\/tags?post=34400"}],"curies":[{"name":"wp","href":"https:\/\/api.w.org\/{rel}","templated":true}]}}