{"id":34383,"date":"2019-08-12T23:52:25","date_gmt":"2019-08-13T04:52:25","guid":{"rendered":"https:\/\/www.dev.nitu.mx\/?p=34383"},"modified":"2019-08-13T00:44:39","modified_gmt":"2019-08-13T05:44:39","slug":"el-sat-embarga-a-interjet-por-deudas-fiscales-acumuladas","status":"publish","type":"post","link":"https:\/\/nitu.mx\/index.php\/2019\/08\/12\/el-sat-embarga-a-interjet-por-deudas-fiscales-acumuladas\/","title":{"rendered":"El SAT embarga a Interjet por deudas fiscales acumuladas"},"content":{"rendered":"<p>El Servicio de Administraci\u00f3n Tributaria (SAT) embarg\u00f3 a la aerol\u00ednea Interjet como medida para forzar el cobro de deudas fiscales de los a\u00f1os 2013 y 2017, por lo que la aerol\u00ednea, como otras empresas com\u00fanmente lo han hecho, solicit\u00f3 un amparo el d\u00eda 10 de julio del a\u00f1o en curso, para que se declarara la inconstitucionalidad del cobro y pidi\u00f3 la suspensi\u00f3n de la medida. El d\u00eda de ayer, la resoluci\u00f3n del Poder Judicial le otorg\u00f3 la suspensi\u00f3n definitiva a la aerol\u00ednea.<\/p>\n<p>A trav\u00e9s de un comunicado, la l\u00ednea a\u00e9rea aclar\u00f3 que est\u00e1 impugnando estas diferencias de impuestos porque las considera err\u00f3neas.<\/p>\n<p>&#8220;Cuando el SAT determina un adeudo fiscal, su resoluci\u00f3n se presume v\u00e1lida y legal hasta que no sea declarada nula o inconstitucional por un tribunal administrativo o por el Poder Judicial, tal como sucedi\u00f3 con Interjet&#8221;, destac\u00f3 Miguel Alem\u00e1n Magnani, presidente de Interjet.<\/p>\n<p>Asimismo, la aerol\u00ednea rechaz\u00f3 que exista un embargo, lo que destac\u00f3 que s\u00ed existe es un litigio con el SAT.<\/p>\n<p>Directivos de la aerol\u00ednea han manifestado por su parte que esta situaci\u00f3n no afectar\u00e1 de ninguna manera a los pasajeros, ni las operaciones regulares de Interjet.\u00a0<a title=\"Interjet moviliza un mill\u00f3n 438 mil 125 pasajeros en julio\" href=\"https:\/\/www.dev.nitu.mx\/index.php\/2019\/08\/11\/interjet-moviliza-un-millon-438-mil-125-pasajeros-en-julio\/\" rel=\"bookmark\">(Interjet moviliza un mill\u00f3n 438 mil 125 pasajeros en julio<\/a>).<\/p>\n","protected":false},"excerpt":{"rendered":"<p>El Servicio de Administraci\u00f3n Tributaria (SAT) embarg\u00f3 a la aerol\u00ednea Interjet como medida para forzar el cobro de deudas fiscales de los a\u00f1os 2013 y 2017, por lo que la aerol\u00ednea, como otras empresas com\u00fanmente lo han hecho, solicit\u00f3 un amparo el d\u00eda 10 de julio del a\u00f1o en curso, para que se declarara la [&hellip;]<\/p>\n","protected":false},"author":17,"featured_media":23632,"comment_status":"open","ping_status":"open","sticky":false,"template":"","format":"standard","meta":{"footnotes":""},"categories":[29,1],"tags":[5449,16942,172,16943,1400],"yoast_head":"<!-- This site is optimized with the Yoast SEO plugin v22.2 - https:\/\/yoast.com\/wordpress\/plugins\/seo\/ -->\n<title>El SAT embarga a Interjet por deudas fiscales acumuladas - Nitu - Noticias de la Industria Turistica<\/title>\n<meta name=\"description\" content=\"El SAT embarg\u00f3 a Interjet como medida para forzar el cobro de deudas fiscales de los a\u00f1os 2013 y 2017, por lo que la aerol\u00ednea solicit\u00f3 un amparo.\" \/>\n<meta name=\"robots\" content=\"index, follow, max-snippet:-1, max-image-preview:large, max-video-preview:-1\" \/>\n<link rel=\"canonical\" href=\"https:\/\/nitu.mx\/index.php\/2019\/08\/12\/el-sat-embarga-a-interjet-por-deudas-fiscales-acumuladas\/\" \/>\n<meta name=\"twitter:card\" content=\"summary_large_image\" \/>\n<meta name=\"twitter:title\" content=\"El SAT embarga a Interjet por deudas fiscales acumuladas - Nitu - Noticias de la Industria Turistica\" \/>\n<meta name=\"twitter:description\" content=\"El SAT embarg\u00f3 a Interjet como medida para forzar el cobro de deudas fiscales de los a\u00f1os 2013 y 2017, por lo que la aerol\u00ednea solicit\u00f3 un amparo.\" \/>\n<meta name=\"twitter:image\" content=\"https:\/\/nitu.mx\/wp-content\/uploads\/2018\/08\/interjet-1.jpg\" \/>\n<meta name=\"twitter:creator\" content=\"@NITUmx\" \/>\n<meta name=\"twitter:site\" content=\"@Arturo_Medina_G\" \/>\n<meta name=\"twitter:label1\" content=\"Escrito por\" \/>\n\t<meta name=\"twitter:data1\" content=\"Redacci\u00f3n\" \/>\n\t<meta name=\"twitter:label2\" content=\"Tiempo de lectura\" \/>\n\t<meta name=\"twitter:data2\" content=\"1 minuto\" \/>\n<script type=\"application\/ld+json\" class=\"yoast-schema-graph\">{\"@context\":\"https:\/\/schema.org\",\"@graph\":[{\"@type\":\"Article\",\"@id\":\"https:\/\/nitu.mx\/index.php\/2019\/08\/12\/el-sat-embarga-a-interjet-por-deudas-fiscales-acumuladas\/#article\",\"isPartOf\":{\"@id\":\"https:\/\/nitu.mx\/index.php\/2019\/08\/12\/el-sat-embarga-a-interjet-por-deudas-fiscales-acumuladas\/\"},\"author\":{\"name\":\"Redacci\u00f3n\",\"@id\":\"https:\/\/nitu.mx\/#\/schema\/person\/4a28fe9bd65924f7c90623773daf1b0b\"},\"headline\":\"El SAT embarga a Interjet por deudas fiscales acumuladas\",\"datePublished\":\"2019-08-13T04:52:25+00:00\",\"dateModified\":\"2019-08-13T05:44:39+00:00\",\"mainEntityOfPage\":{\"@id\":\"https:\/\/nitu.mx\/index.php\/2019\/08\/12\/el-sat-embarga-a-interjet-por-deudas-fiscales-acumuladas\/\"},\"wordCount\":228,\"commentCount\":0,\"publisher\":{\"@id\":\"https:\/\/nitu.mx\/#\/schema\/person\/ae7a53426417292d3dd07b45a33e01bc\"},\"image\":{\"@id\":\"https:\/\/nitu.mx\/index.php\/2019\/08\/12\/el-sat-embarga-a-interjet-por-deudas-fiscales-acumuladas\/#primaryimage\"},\"thumbnailUrl\":\"https:\/\/nitu.mx\/wp-content\/uploads\/2018\/08\/interjet-1.jpg\",\"keywords\":[\"Amparo\",\"deudas fiscales\",\"Interjet\",\"Poder Judicial\",\"SAT\"],\"articleSection\":[\"Aerol\u00edneas\",\"Sin Categor\u00eda\"],\"inLanguage\":\"es-MX\",\"potentialAction\":[{\"@type\":\"CommentAction\",\"name\":\"Comment\",\"target\":[\"https:\/\/nitu.mx\/index.php\/2019\/08\/12\/el-sat-embarga-a-interjet-por-deudas-fiscales-acumuladas\/#respond\"]}]},{\"@type\":\"WebPage\",\"@id\":\"https:\/\/nitu.mx\/index.php\/2019\/08\/12\/el-sat-embarga-a-interjet-por-deudas-fiscales-acumuladas\/\",\"url\":\"https:\/\/nitu.mx\/index.php\/2019\/08\/12\/el-sat-embarga-a-interjet-por-deudas-fiscales-acumuladas\/\",\"name\":\"El SAT embarga a Interjet por deudas fiscales acumuladas - Nitu - Noticias de la Industria Turistica\",\"isPartOf\":{\"@id\":\"https:\/\/nitu.mx\/#website\"},\"primaryImageOfPage\":{\"@id\":\"https:\/\/nitu.mx\/index.php\/2019\/08\/12\/el-sat-embarga-a-interjet-por-deudas-fiscales-acumuladas\/#primaryimage\"},\"image\":{\"@id\":\"https:\/\/nitu.mx\/index.php\/2019\/08\/12\/el-sat-embarga-a-interjet-por-deudas-fiscales-acumuladas\/#primaryimage\"},\"thumbnailUrl\":\"https:\/\/nitu.mx\/wp-content\/uploads\/2018\/08\/interjet-1.jpg\",\"datePublished\":\"2019-08-13T04:52:25+00:00\",\"dateModified\":\"2019-08-13T05:44:39+00:00\",\"description\":\"El SAT embarg\u00f3 a Interjet como medida para forzar el cobro de deudas fiscales de los a\u00f1os 2013 y 2017, por lo que la aerol\u00ednea solicit\u00f3 un amparo.\",\"breadcrumb\":{\"@id\":\"https:\/\/nitu.mx\/index.php\/2019\/08\/12\/el-sat-embarga-a-interjet-por-deudas-fiscales-acumuladas\/#breadcrumb\"},\"inLanguage\":\"es-MX\",\"potentialAction\":[{\"@type\":\"ReadAction\",\"target\":[\"https:\/\/nitu.mx\/index.php\/2019\/08\/12\/el-sat-embarga-a-interjet-por-deudas-fiscales-acumuladas\/\"]}]},{\"@type\":\"ImageObject\",\"inLanguage\":\"es-MX\",\"@id\":\"https:\/\/nitu.mx\/index.php\/2019\/08\/12\/el-sat-embarga-a-interjet-por-deudas-fiscales-acumuladas\/#primaryimage\",\"url\":\"https:\/\/nitu.mx\/wp-content\/uploads\/2018\/08\/interjet-1.jpg\",\"contentUrl\":\"https:\/\/nitu.mx\/wp-content\/uploads\/2018\/08\/interjet-1.jpg\",\"width\":850,\"height\":480,\"caption\":\"interjet\"},{\"@type\":\"BreadcrumbList\",\"@id\":\"https:\/\/nitu.mx\/index.php\/2019\/08\/12\/el-sat-embarga-a-interjet-por-deudas-fiscales-acumuladas\/#breadcrumb\",\"itemListElement\":[{\"@type\":\"ListItem\",\"position\":1,\"name\":\"Inicio\",\"item\":\"https:\/\/nitu.mx\/\"},{\"@type\":\"ListItem\",\"position\":2,\"name\":\"El SAT embarga a Interjet por deudas fiscales acumuladas\"}]},{\"@type\":\"WebSite\",\"@id\":\"https:\/\/nitu.mx\/#website\",\"url\":\"https:\/\/nitu.mx\/\",\"name\":\"Nitu - Noticias de la Industria Turistica\",\"description\":\"Noticias de la Industria Turistica\",\"publisher\":{\"@id\":\"https:\/\/nitu.mx\/#\/schema\/person\/ae7a53426417292d3dd07b45a33e01bc\"},\"alternateName\":\"Noticias de la Industria Turistica\",\"potentialAction\":[{\"@type\":\"SearchAction\",\"target\":{\"@type\":\"EntryPoint\",\"urlTemplate\":\"https:\/\/nitu.mx\/?s={search_term_string}\"},\"query-input\":\"required name=search_term_string\"}],\"inLanguage\":\"es-MX\"},{\"@type\":[\"Person\",\"Organization\"],\"@id\":\"https:\/\/nitu.mx\/#\/schema\/person\/ae7a53426417292d3dd07b45a33e01bc\",\"name\":\"Arturo Medina\",\"image\":{\"@type\":\"ImageObject\",\"inLanguage\":\"es-MX\",\"@id\":\"https:\/\/nitu.mx\/#\/schema\/person\/image\/\",\"url\":\"https:\/\/nitu.mx\/wp-content\/uploads\/2024\/04\/4A315622-1904-4D5C-B022-878CDC840E04-90x90-1.jpeg\",\"contentUrl\":\"https:\/\/nitu.mx\/wp-content\/uploads\/2024\/04\/4A315622-1904-4D5C-B022-878CDC840E04-90x90-1.jpeg\",\"width\":90,\"height\":90,\"caption\":\"Arturo Medina\"},\"logo\":{\"@id\":\"https:\/\/nitu.mx\/#\/schema\/person\/image\/\"},\"description\":\"Director NITU.mx, Egresado de la Escuela de Periodismo Carlos Septi\u00e9n Garc\u00eda. Periodista y analista especializado en turismo desde hace 35 a\u00f1os, radicado en Canc\u00fan Q.Roo. arturo@nitu.mx\",\"sameAs\":[\"https:\/\/nitu.mx\",\"https:\/\/www.facebook.com\/NITUmx\/\",\"medinacancun\",\"https:\/\/twitter.com\/@Arturo_Medina_G\"]},{\"@type\":\"Person\",\"@id\":\"https:\/\/nitu.mx\/#\/schema\/person\/4a28fe9bd65924f7c90623773daf1b0b\",\"name\":\"Redacci\u00f3n\",\"image\":{\"@type\":\"ImageObject\",\"inLanguage\":\"es-MX\",\"@id\":\"https:\/\/nitu.mx\/#\/schema\/person\/image\/\",\"url\":\"https:\/\/secure.gravatar.com\/avatar\/5dd011c8ccfc5cd7e4c81e42252aab38?s=96&d=mm&r=g\",\"contentUrl\":\"https:\/\/secure.gravatar.com\/avatar\/5dd011c8ccfc5cd7e4c81e42252aab38?s=96&d=mm&r=g\",\"caption\":\"Redacci\u00f3n\"},\"url\":\"https:\/\/nitu.mx\/index.php\/author\/redaccion\/\"}]}<\/script>\n<!-- \/ Yoast SEO plugin. -->","yoast_head_json":{"title":"El SAT embarga a Interjet por deudas fiscales acumuladas - Nitu - Noticias de la Industria Turistica","description":"El SAT embarg\u00f3 a Interjet como medida para forzar el cobro de deudas fiscales de los a\u00f1os 2013 y 2017, por lo que la aerol\u00ednea solicit\u00f3 un amparo.","robots":{"index":"index","follow":"follow","max-snippet":"max-snippet:-1","max-image-preview":"max-image-preview:large","max-video-preview":"max-video-preview:-1"},"canonical":"https:\/\/nitu.mx\/index.php\/2019\/08\/12\/el-sat-embarga-a-interjet-por-deudas-fiscales-acumuladas\/","twitter_card":"summary_large_image","twitter_title":"El SAT embarga a Interjet por deudas fiscales acumuladas - Nitu - Noticias de la Industria Turistica","twitter_description":"El SAT embarg\u00f3 a Interjet como medida para forzar el cobro de deudas fiscales de los a\u00f1os 2013 y 2017, por lo que la aerol\u00ednea solicit\u00f3 un amparo.","twitter_image":"https:\/\/nitu.mx\/wp-content\/uploads\/2018\/08\/interjet-1.jpg","twitter_creator":"@NITUmx","twitter_site":"@Arturo_Medina_G","twitter_misc":{"Escrito por":"Redacci\u00f3n","Tiempo de lectura":"1 minuto"},"schema":{"@context":"https:\/\/schema.org","@graph":[{"@type":"Article","@id":"https:\/\/nitu.mx\/index.php\/2019\/08\/12\/el-sat-embarga-a-interjet-por-deudas-fiscales-acumuladas\/#article","isPartOf":{"@id":"https:\/\/nitu.mx\/index.php\/2019\/08\/12\/el-sat-embarga-a-interjet-por-deudas-fiscales-acumuladas\/"},"author":{"name":"Redacci\u00f3n","@id":"https:\/\/nitu.mx\/#\/schema\/person\/4a28fe9bd65924f7c90623773daf1b0b"},"headline":"El SAT embarga a Interjet por deudas fiscales acumuladas","datePublished":"2019-08-13T04:52:25+00:00","dateModified":"2019-08-13T05:44:39+00:00","mainEntityOfPage":{"@id":"https:\/\/nitu.mx\/index.php\/2019\/08\/12\/el-sat-embarga-a-interjet-por-deudas-fiscales-acumuladas\/"},"wordCount":228,"commentCount":0,"publisher":{"@id":"https:\/\/nitu.mx\/#\/schema\/person\/ae7a53426417292d3dd07b45a33e01bc"},"image":{"@id":"https:\/\/nitu.mx\/index.php\/2019\/08\/12\/el-sat-embarga-a-interjet-por-deudas-fiscales-acumuladas\/#primaryimage"},"thumbnailUrl":"https:\/\/nitu.mx\/wp-content\/uploads\/2018\/08\/interjet-1.jpg","keywords":["Amparo","deudas fiscales","Interjet","Poder Judicial","SAT"],"articleSection":["Aerol\u00edneas","Sin Categor\u00eda"],"inLanguage":"es-MX","potentialAction":[{"@type":"CommentAction","name":"Comment","target":["https:\/\/nitu.mx\/index.php\/2019\/08\/12\/el-sat-embarga-a-interjet-por-deudas-fiscales-acumuladas\/#respond"]}]},{"@type":"WebPage","@id":"https:\/\/nitu.mx\/index.php\/2019\/08\/12\/el-sat-embarga-a-interjet-por-deudas-fiscales-acumuladas\/","url":"https:\/\/nitu.mx\/index.php\/2019\/08\/12\/el-sat-embarga-a-interjet-por-deudas-fiscales-acumuladas\/","name":"El SAT embarga a Interjet por deudas fiscales acumuladas - Nitu - Noticias de la Industria Turistica","isPartOf":{"@id":"https:\/\/nitu.mx\/#website"},"primaryImageOfPage":{"@id":"https:\/\/nitu.mx\/index.php\/2019\/08\/12\/el-sat-embarga-a-interjet-por-deudas-fiscales-acumuladas\/#primaryimage"},"image":{"@id":"https:\/\/nitu.mx\/index.php\/2019\/08\/12\/el-sat-embarga-a-interjet-por-deudas-fiscales-acumuladas\/#primaryimage"},"thumbnailUrl":"https:\/\/nitu.mx\/wp-content\/uploads\/2018\/08\/interjet-1.jpg","datePublished":"2019-08-13T04:52:25+00:00","dateModified":"2019-08-13T05:44:39+00:00","description":"El SAT embarg\u00f3 a Interjet como medida para forzar el cobro de deudas fiscales de los a\u00f1os 2013 y 2017, por lo que la aerol\u00ednea solicit\u00f3 un amparo.","breadcrumb":{"@id":"https:\/\/nitu.mx\/index.php\/2019\/08\/12\/el-sat-embarga-a-interjet-por-deudas-fiscales-acumuladas\/#breadcrumb"},"inLanguage":"es-MX","potentialAction":[{"@type":"ReadAction","target":["https:\/\/nitu.mx\/index.php\/2019\/08\/12\/el-sat-embarga-a-interjet-por-deudas-fiscales-acumuladas\/"]}]},{"@type":"ImageObject","inLanguage":"es-MX","@id":"https:\/\/nitu.mx\/index.php\/2019\/08\/12\/el-sat-embarga-a-interjet-por-deudas-fiscales-acumuladas\/#primaryimage","url":"https:\/\/nitu.mx\/wp-content\/uploads\/2018\/08\/interjet-1.jpg","contentUrl":"https:\/\/nitu.mx\/wp-content\/uploads\/2018\/08\/interjet-1.jpg","width":850,"height":480,"caption":"interjet"},{"@type":"BreadcrumbList","@id":"https:\/\/nitu.mx\/index.php\/2019\/08\/12\/el-sat-embarga-a-interjet-por-deudas-fiscales-acumuladas\/#breadcrumb","itemListElement":[{"@type":"ListItem","position":1,"name":"Inicio","item":"https:\/\/nitu.mx\/"},{"@type":"ListItem","position":2,"name":"El SAT embarga a Interjet por deudas fiscales acumuladas"}]},{"@type":"WebSite","@id":"https:\/\/nitu.mx\/#website","url":"https:\/\/nitu.mx\/","name":"Nitu - Noticias de la Industria Turistica","description":"Noticias de la Industria Turistica","publisher":{"@id":"https:\/\/nitu.mx\/#\/schema\/person\/ae7a53426417292d3dd07b45a33e01bc"},"alternateName":"Noticias de la Industria Turistica","potentialAction":[{"@type":"SearchAction","target":{"@type":"EntryPoint","urlTemplate":"https:\/\/nitu.mx\/?s={search_term_string}"},"query-input":"required name=search_term_string"}],"inLanguage":"es-MX"},{"@type":["Person","Organization"],"@id":"https:\/\/nitu.mx\/#\/schema\/person\/ae7a53426417292d3dd07b45a33e01bc","name":"Arturo Medina","image":{"@type":"ImageObject","inLanguage":"es-MX","@id":"https:\/\/nitu.mx\/#\/schema\/person\/image\/","url":"https:\/\/nitu.mx\/wp-content\/uploads\/2024\/04\/4A315622-1904-4D5C-B022-878CDC840E04-90x90-1.jpeg","contentUrl":"https:\/\/nitu.mx\/wp-content\/uploads\/2024\/04\/4A315622-1904-4D5C-B022-878CDC840E04-90x90-1.jpeg","width":90,"height":90,"caption":"Arturo Medina"},"logo":{"@id":"https:\/\/nitu.mx\/#\/schema\/person\/image\/"},"description":"Director NITU.mx, Egresado de la Escuela de Periodismo Carlos Septi\u00e9n Garc\u00eda. Periodista y analista especializado en turismo desde hace 35 a\u00f1os, radicado en Canc\u00fan Q.Roo. arturo@nitu.mx","sameAs":["https:\/\/nitu.mx","https:\/\/www.facebook.com\/NITUmx\/","medinacancun","https:\/\/twitter.com\/@Arturo_Medina_G"]},{"@type":"Person","@id":"https:\/\/nitu.mx\/#\/schema\/person\/4a28fe9bd65924f7c90623773daf1b0b","name":"Redacci\u00f3n","image":{"@type":"ImageObject","inLanguage":"es-MX","@id":"https:\/\/nitu.mx\/#\/schema\/person\/image\/","url":"https:\/\/secure.gravatar.com\/avatar\/5dd011c8ccfc5cd7e4c81e42252aab38?s=96&d=mm&r=g","contentUrl":"https:\/\/secure.gravatar.com\/avatar\/5dd011c8ccfc5cd7e4c81e42252aab38?s=96&d=mm&r=g","caption":"Redacci\u00f3n"},"url":"https:\/\/nitu.mx\/index.php\/author\/redaccion\/"}]}},"views":253,"_links":{"self":[{"href":"https:\/\/nitu.mx\/index.php\/wp-json\/wp\/v2\/posts\/34383"}],"collection":[{"href":"https:\/\/nitu.mx\/index.php\/wp-json\/wp\/v2\/posts"}],"about":[{"href":"https:\/\/nitu.mx\/index.php\/wp-json\/wp\/v2\/types\/post"}],"author":[{"embeddable":true,"href":"https:\/\/nitu.mx\/index.php\/wp-json\/wp\/v2\/users\/17"}],"replies":[{"embeddable":true,"href":"https:\/\/nitu.mx\/index.php\/wp-json\/wp\/v2\/comments?post=34383"}],"version-history":[{"count":5,"href":"https:\/\/nitu.mx\/index.php\/wp-json\/wp\/v2\/posts\/34383\/revisions"}],"predecessor-version":[{"id":34413,"href":"https:\/\/nitu.mx\/index.php\/wp-json\/wp\/v2\/posts\/34383\/revisions\/34413"}],"wp:featuredmedia":[{"embeddable":true,"href":"https:\/\/nitu.mx\/index.php\/wp-json\/wp\/v2\/media\/23632"}],"wp:attachment":[{"href":"https:\/\/nitu.mx\/index.php\/wp-json\/wp\/v2\/media?parent=34383"}],"wp:term":[{"taxonomy":"category","embeddable":true,"href":"https:\/\/nitu.mx\/index.php\/wp-json\/wp\/v2\/categories?post=34383"},{"taxonomy":"post_tag","embeddable":true,"href":"https:\/\/nitu.mx\/index.php\/wp-json\/wp\/v2\/tags?post=34383"}],"curies":[{"name":"wp","href":"https:\/\/api.w.org\/{rel}","templated":true}]}}