{"id":34253,"date":"2019-08-06T23:25:03","date_gmt":"2019-08-07T04:25:03","guid":{"rendered":"https:\/\/www.dev.nitu.mx\/?p=34253"},"modified":"2019-08-07T00:14:48","modified_gmt":"2019-08-07T05:14:48","slug":"mexico-aporta-30-del-crecimiento-de-trafico-aereo-en-la-region-alta","status":"publish","type":"post","link":"https:\/\/nitu.mx\/index.php\/2019\/08\/06\/mexico-aporta-30-del-crecimiento-de-trafico-aereo-en-la-region-alta\/","title":{"rendered":"M\u00e9xico aporta 30% del crecimiento de tr\u00e1fico a\u00e9reo en la regi\u00f3n: ALTA"},"content":{"rendered":"<p>A pesar de los grandes retos que enfrenta la aviaci\u00f3n a nivel mundial, Am\u00e9rica Latina reporta crecimiento al cierre del primer semestre del a\u00f1o, gracias en parte al dinamismo del mercado dom\u00e9stico mexicano, inform\u00f3 la Asociaci\u00f3n Latinoamericana y del Caribe de Transporte A\u00e9reo (ALTA).<\/p>\n<p>Al presentar el reporte del tr\u00e1fico del mes de junio y el corte del primer semestre, el organismo que agrupa a las principales aerol\u00edneas que operan en la regi\u00f3n se\u00f1ala que el mercado dom\u00e9stico en M\u00e9xico tuvo un crecimiento absoluto de 11.5 por ciento en junio, con 470 mil pasajeros m\u00e1s que el mismo mes del a\u00f1o anterior.<\/p>\n<p>En los primeros seis meses del a\u00f1o, M\u00e9xico transport\u00f3 cerca de dos millones de pasajeros adicionales, alcanzando un crecimiento de 8.5 por ciento, lo que representa 30 por ciento del crecimiento acumulado en Am\u00e9rica Latina y el Caribe, en el primer semestre del a\u00f1o.\u00a0<a title=\"IATA cede y colaborar\u00e1 en el redise\u00f1o del espacio a\u00e9reo del Valle de M\u00e9xico\" href=\"https:\/\/www.dev.nitu.mx\/index.php\/2019\/07\/23\/iata-cede-y-colaborara-en-el-rediseno-del-espacio-aereo-del-valle-de-mexico\/\" rel=\"bookmark\">(IATA cede y colaborar\u00e1 en el redise\u00f1o del espacio a\u00e9reo del Valle de M\u00e9xico<\/a>).<\/p>\n<p>M\u00e9xico tambi\u00e9n hizo una importante contribuci\u00f3n al crecimiento del tr\u00e1fico internacional extrarregional que fue de 7.6 por ciento, gracias a aumento de pasajeros en las rutas de nuestro pa\u00eds desde y hacia Estados Unidos y Canad\u00e1; as\u00ed como el incremento de 18.2 por ciento entre Brasil y Portugal.<\/p>\n<p>El presidente de ALTA, Luis Felipe de Oliveira, detall\u00f3 que Brasil vio su segundo mes consecutivo de decrecimiento con 191 mil pasajeros menos, generado por la salida de Avianca Brasil. Por su parte, Argentina, Chile y Colombia tuvieron crecimiento de doble d\u00edgitos en junio y se consolidaron como los mercados dom\u00e9sticos con mayor dinamismo globalmente.<\/p>\n<p>En el primer semestre del a\u00f1o, estos tres pa\u00edses transportaron 3.7 millones de pasajeros adicionales, siendo responsables del 51 por ciento del crecimiento absoluto de Latinoam\u00e9rica en este periodo de 2019.<\/p>\n<p>Otros datos adicionales que present\u00f3 ALTA fueron que en el segundo trimestre del a\u00f1o se entregaron 23 aeronaves nuevas, y se inauguraron 88 nuevas rutas, de las cuales 27 son internacionales.<\/p>\n","protected":false},"excerpt":{"rendered":"<p>A pesar de los grandes retos que enfrenta la aviaci\u00f3n a nivel mundial, Am\u00e9rica Latina reporta crecimiento al cierre del primer semestre del a\u00f1o, gracias en parte al dinamismo del mercado dom\u00e9stico mexicano, inform\u00f3 la Asociaci\u00f3n Latinoamericana y del Caribe de Transporte A\u00e9reo (ALTA). Al presentar el reporte del tr\u00e1fico del mes de junio y [&hellip;]<\/p>\n","protected":false},"author":5,"featured_media":6294,"comment_status":"open","ping_status":"open","sticky":false,"template":"","format":"standard","meta":{"footnotes":""},"categories":[29,374],"tags":[162,364,8055,5024],"yoast_head":"<!-- This site is optimized with the Yoast SEO plugin v22.2 - https:\/\/yoast.com\/wordpress\/plugins\/seo\/ -->\n<title>M\u00e9xico aporta 30% del crecimiento de tr\u00e1fico a\u00e9reo en la regi\u00f3n: ALTA - Nitu - Noticias de la Industria Turistica<\/title>\n<meta name=\"description\" content=\"Am\u00e9rica Latina aument\u00f3 el tr\u00e1fico de pasajeros en el primer semestre del a\u00f1o, gracias en parte al dinamismo del mercado dom\u00e9stico mexicano, inform\u00f3 ALTA.\" \/>\n<meta name=\"robots\" content=\"index, follow, max-snippet:-1, max-image-preview:large, max-video-preview:-1\" \/>\n<link rel=\"canonical\" href=\"https:\/\/nitu.mx\/index.php\/2019\/08\/06\/mexico-aporta-30-del-crecimiento-de-trafico-aereo-en-la-region-alta\/\" \/>\n<meta name=\"twitter:card\" content=\"summary_large_image\" \/>\n<meta name=\"twitter:title\" content=\"M\u00e9xico aporta 30% del crecimiento de tr\u00e1fico a\u00e9reo en la regi\u00f3n: ALTA - Nitu - Noticias de la Industria Turistica\" \/>\n<meta name=\"twitter:description\" content=\"Am\u00e9rica Latina aument\u00f3 el tr\u00e1fico de pasajeros en el primer semestre del a\u00f1o, gracias en parte al dinamismo del mercado dom\u00e9stico mexicano, inform\u00f3 ALTA.\" \/>\n<meta name=\"twitter:image\" content=\"https:\/\/nitu.mx\/wp-content\/uploads\/2017\/01\/Pistas-AICM.jpg\" \/>\n<meta name=\"twitter:creator\" content=\"@NITUmx\" \/>\n<meta name=\"twitter:site\" content=\"@Arturo_Medina_G\" \/>\n<meta name=\"twitter:label1\" content=\"Escrito por\" \/>\n\t<meta name=\"twitter:data1\" content=\"Mari Soto\" \/>\n\t<meta name=\"twitter:label2\" content=\"Tiempo de lectura\" \/>\n\t<meta name=\"twitter:data2\" content=\"2 minutos\" \/>\n<script type=\"application\/ld+json\" class=\"yoast-schema-graph\">{\"@context\":\"https:\/\/schema.org\",\"@graph\":[{\"@type\":\"Article\",\"@id\":\"https:\/\/nitu.mx\/index.php\/2019\/08\/06\/mexico-aporta-30-del-crecimiento-de-trafico-aereo-en-la-region-alta\/#article\",\"isPartOf\":{\"@id\":\"https:\/\/nitu.mx\/index.php\/2019\/08\/06\/mexico-aporta-30-del-crecimiento-de-trafico-aereo-en-la-region-alta\/\"},\"author\":{\"name\":\"Mari Soto\",\"@id\":\"https:\/\/nitu.mx\/#\/schema\/person\/afc52e313e27e660739556d421d3d6b4\"},\"headline\":\"M\u00e9xico aporta 30% del crecimiento de tr\u00e1fico a\u00e9reo en la regi\u00f3n: ALTA\",\"datePublished\":\"2019-08-07T04:25:03+00:00\",\"dateModified\":\"2019-08-07T05:14:48+00:00\",\"mainEntityOfPage\":{\"@id\":\"https:\/\/nitu.mx\/index.php\/2019\/08\/06\/mexico-aporta-30-del-crecimiento-de-trafico-aereo-en-la-region-alta\/\"},\"wordCount\":359,\"commentCount\":0,\"publisher\":{\"@id\":\"https:\/\/nitu.mx\/#\/schema\/person\/ae7a53426417292d3dd07b45a33e01bc\"},\"image\":{\"@id\":\"https:\/\/nitu.mx\/index.php\/2019\/08\/06\/mexico-aporta-30-del-crecimiento-de-trafico-aereo-en-la-region-alta\/#primaryimage\"},\"thumbnailUrl\":\"https:\/\/nitu.mx\/wp-content\/uploads\/2017\/01\/Pistas-AICM.jpg\",\"keywords\":[\"ALTA\",\"Avianca Brasil\",\"Luis Felipe de Oliveira\",\"tr\u00e1fico de pasajeros\"],\"articleSection\":[\"Aerol\u00edneas\",\"Internacional\"],\"inLanguage\":\"es-MX\",\"potentialAction\":[{\"@type\":\"CommentAction\",\"name\":\"Comment\",\"target\":[\"https:\/\/nitu.mx\/index.php\/2019\/08\/06\/mexico-aporta-30-del-crecimiento-de-trafico-aereo-en-la-region-alta\/#respond\"]}]},{\"@type\":\"WebPage\",\"@id\":\"https:\/\/nitu.mx\/index.php\/2019\/08\/06\/mexico-aporta-30-del-crecimiento-de-trafico-aereo-en-la-region-alta\/\",\"url\":\"https:\/\/nitu.mx\/index.php\/2019\/08\/06\/mexico-aporta-30-del-crecimiento-de-trafico-aereo-en-la-region-alta\/\",\"name\":\"M\u00e9xico aporta 30% del crecimiento de tr\u00e1fico a\u00e9reo en la regi\u00f3n: ALTA - Nitu - Noticias de la Industria Turistica\",\"isPartOf\":{\"@id\":\"https:\/\/nitu.mx\/#website\"},\"primaryImageOfPage\":{\"@id\":\"https:\/\/nitu.mx\/index.php\/2019\/08\/06\/mexico-aporta-30-del-crecimiento-de-trafico-aereo-en-la-region-alta\/#primaryimage\"},\"image\":{\"@id\":\"https:\/\/nitu.mx\/index.php\/2019\/08\/06\/mexico-aporta-30-del-crecimiento-de-trafico-aereo-en-la-region-alta\/#primaryimage\"},\"thumbnailUrl\":\"https:\/\/nitu.mx\/wp-content\/uploads\/2017\/01\/Pistas-AICM.jpg\",\"datePublished\":\"2019-08-07T04:25:03+00:00\",\"dateModified\":\"2019-08-07T05:14:48+00:00\",\"description\":\"Am\u00e9rica Latina aument\u00f3 el tr\u00e1fico de pasajeros en el primer semestre del a\u00f1o, gracias en parte al dinamismo del mercado dom\u00e9stico mexicano, inform\u00f3 ALTA.\",\"breadcrumb\":{\"@id\":\"https:\/\/nitu.mx\/index.php\/2019\/08\/06\/mexico-aporta-30-del-crecimiento-de-trafico-aereo-en-la-region-alta\/#breadcrumb\"},\"inLanguage\":\"es-MX\",\"potentialAction\":[{\"@type\":\"ReadAction\",\"target\":[\"https:\/\/nitu.mx\/index.php\/2019\/08\/06\/mexico-aporta-30-del-crecimiento-de-trafico-aereo-en-la-region-alta\/\"]}]},{\"@type\":\"ImageObject\",\"inLanguage\":\"es-MX\",\"@id\":\"https:\/\/nitu.mx\/index.php\/2019\/08\/06\/mexico-aporta-30-del-crecimiento-de-trafico-aereo-en-la-region-alta\/#primaryimage\",\"url\":\"https:\/\/nitu.mx\/wp-content\/uploads\/2017\/01\/Pistas-AICM.jpg\",\"contentUrl\":\"https:\/\/nitu.mx\/wp-content\/uploads\/2017\/01\/Pistas-AICM.jpg\",\"width\":850,\"height\":480,\"caption\":\"Pistas AICM Aerolineas Cofece TUA ALTA IATA Aerom\u00e9xico vuelos nacionales Marina\"},{\"@type\":\"BreadcrumbList\",\"@id\":\"https:\/\/nitu.mx\/index.php\/2019\/08\/06\/mexico-aporta-30-del-crecimiento-de-trafico-aereo-en-la-region-alta\/#breadcrumb\",\"itemListElement\":[{\"@type\":\"ListItem\",\"position\":1,\"name\":\"Inicio\",\"item\":\"https:\/\/nitu.mx\/\"},{\"@type\":\"ListItem\",\"position\":2,\"name\":\"M\u00e9xico aporta 30% del crecimiento de tr\u00e1fico a\u00e9reo en la regi\u00f3n: ALTA\"}]},{\"@type\":\"WebSite\",\"@id\":\"https:\/\/nitu.mx\/#website\",\"url\":\"https:\/\/nitu.mx\/\",\"name\":\"Nitu - Noticias de la Industria Turistica\",\"description\":\"Noticias de la Industria Turistica\",\"publisher\":{\"@id\":\"https:\/\/nitu.mx\/#\/schema\/person\/ae7a53426417292d3dd07b45a33e01bc\"},\"alternateName\":\"Noticias de la Industria Turistica\",\"potentialAction\":[{\"@type\":\"SearchAction\",\"target\":{\"@type\":\"EntryPoint\",\"urlTemplate\":\"https:\/\/nitu.mx\/?s={search_term_string}\"},\"query-input\":\"required name=search_term_string\"}],\"inLanguage\":\"es-MX\"},{\"@type\":[\"Person\",\"Organization\"],\"@id\":\"https:\/\/nitu.mx\/#\/schema\/person\/ae7a53426417292d3dd07b45a33e01bc\",\"name\":\"Arturo Medina\",\"image\":{\"@type\":\"ImageObject\",\"inLanguage\":\"es-MX\",\"@id\":\"https:\/\/nitu.mx\/#\/schema\/person\/image\/\",\"url\":\"https:\/\/nitu.mx\/wp-content\/uploads\/2024\/04\/4A315622-1904-4D5C-B022-878CDC840E04-90x90-1.jpeg\",\"contentUrl\":\"https:\/\/nitu.mx\/wp-content\/uploads\/2024\/04\/4A315622-1904-4D5C-B022-878CDC840E04-90x90-1.jpeg\",\"width\":90,\"height\":90,\"caption\":\"Arturo Medina\"},\"logo\":{\"@id\":\"https:\/\/nitu.mx\/#\/schema\/person\/image\/\"},\"description\":\"Director NITU.mx, Egresado de la Escuela de Periodismo Carlos Septi\u00e9n Garc\u00eda. Periodista y analista especializado en turismo desde hace 35 a\u00f1os, radicado en Canc\u00fan Q.Roo. arturo@nitu.mx\",\"sameAs\":[\"https:\/\/nitu.mx\",\"https:\/\/www.facebook.com\/NITUmx\/\",\"medinacancun\",\"https:\/\/twitter.com\/@Arturo_Medina_G\"]},{\"@type\":\"Person\",\"@id\":\"https:\/\/nitu.mx\/#\/schema\/person\/afc52e313e27e660739556d421d3d6b4\",\"name\":\"Mari Soto\",\"image\":{\"@type\":\"ImageObject\",\"inLanguage\":\"es-MX\",\"@id\":\"https:\/\/nitu.mx\/#\/schema\/person\/image\/\",\"url\":\"https:\/\/secure.gravatar.com\/avatar\/2619c282a180a20d89fcaea82a6736e2?s=96&d=mm&r=g\",\"contentUrl\":\"https:\/\/secure.gravatar.com\/avatar\/2619c282a180a20d89fcaea82a6736e2?s=96&d=mm&r=g\",\"caption\":\"Mari Soto\"},\"sameAs\":[\"https:\/\/nitu.mx\"],\"url\":\"https:\/\/nitu.mx\/index.php\/author\/guadalupe\/\"}]}<\/script>\n<!-- \/ Yoast SEO plugin. -->","yoast_head_json":{"title":"M\u00e9xico aporta 30% del crecimiento de tr\u00e1fico a\u00e9reo en la regi\u00f3n: ALTA - Nitu - Noticias de la Industria Turistica","description":"Am\u00e9rica Latina aument\u00f3 el tr\u00e1fico de pasajeros en el primer semestre del a\u00f1o, gracias en parte al dinamismo del mercado dom\u00e9stico mexicano, inform\u00f3 ALTA.","robots":{"index":"index","follow":"follow","max-snippet":"max-snippet:-1","max-image-preview":"max-image-preview:large","max-video-preview":"max-video-preview:-1"},"canonical":"https:\/\/nitu.mx\/index.php\/2019\/08\/06\/mexico-aporta-30-del-crecimiento-de-trafico-aereo-en-la-region-alta\/","twitter_card":"summary_large_image","twitter_title":"M\u00e9xico aporta 30% del crecimiento de tr\u00e1fico a\u00e9reo en la regi\u00f3n: ALTA - Nitu - Noticias de la Industria Turistica","twitter_description":"Am\u00e9rica Latina aument\u00f3 el tr\u00e1fico de pasajeros en el primer semestre del a\u00f1o, gracias en parte al dinamismo del mercado dom\u00e9stico mexicano, inform\u00f3 ALTA.","twitter_image":"https:\/\/nitu.mx\/wp-content\/uploads\/2017\/01\/Pistas-AICM.jpg","twitter_creator":"@NITUmx","twitter_site":"@Arturo_Medina_G","twitter_misc":{"Escrito por":"Mari Soto","Tiempo de lectura":"2 minutos"},"schema":{"@context":"https:\/\/schema.org","@graph":[{"@type":"Article","@id":"https:\/\/nitu.mx\/index.php\/2019\/08\/06\/mexico-aporta-30-del-crecimiento-de-trafico-aereo-en-la-region-alta\/#article","isPartOf":{"@id":"https:\/\/nitu.mx\/index.php\/2019\/08\/06\/mexico-aporta-30-del-crecimiento-de-trafico-aereo-en-la-region-alta\/"},"author":{"name":"Mari Soto","@id":"https:\/\/nitu.mx\/#\/schema\/person\/afc52e313e27e660739556d421d3d6b4"},"headline":"M\u00e9xico aporta 30% del crecimiento de tr\u00e1fico a\u00e9reo en la regi\u00f3n: ALTA","datePublished":"2019-08-07T04:25:03+00:00","dateModified":"2019-08-07T05:14:48+00:00","mainEntityOfPage":{"@id":"https:\/\/nitu.mx\/index.php\/2019\/08\/06\/mexico-aporta-30-del-crecimiento-de-trafico-aereo-en-la-region-alta\/"},"wordCount":359,"commentCount":0,"publisher":{"@id":"https:\/\/nitu.mx\/#\/schema\/person\/ae7a53426417292d3dd07b45a33e01bc"},"image":{"@id":"https:\/\/nitu.mx\/index.php\/2019\/08\/06\/mexico-aporta-30-del-crecimiento-de-trafico-aereo-en-la-region-alta\/#primaryimage"},"thumbnailUrl":"https:\/\/nitu.mx\/wp-content\/uploads\/2017\/01\/Pistas-AICM.jpg","keywords":["ALTA","Avianca Brasil","Luis Felipe de Oliveira","tr\u00e1fico de pasajeros"],"articleSection":["Aerol\u00edneas","Internacional"],"inLanguage":"es-MX","potentialAction":[{"@type":"CommentAction","name":"Comment","target":["https:\/\/nitu.mx\/index.php\/2019\/08\/06\/mexico-aporta-30-del-crecimiento-de-trafico-aereo-en-la-region-alta\/#respond"]}]},{"@type":"WebPage","@id":"https:\/\/nitu.mx\/index.php\/2019\/08\/06\/mexico-aporta-30-del-crecimiento-de-trafico-aereo-en-la-region-alta\/","url":"https:\/\/nitu.mx\/index.php\/2019\/08\/06\/mexico-aporta-30-del-crecimiento-de-trafico-aereo-en-la-region-alta\/","name":"M\u00e9xico aporta 30% del crecimiento de tr\u00e1fico a\u00e9reo en la regi\u00f3n: ALTA - Nitu - Noticias de la Industria Turistica","isPartOf":{"@id":"https:\/\/nitu.mx\/#website"},"primaryImageOfPage":{"@id":"https:\/\/nitu.mx\/index.php\/2019\/08\/06\/mexico-aporta-30-del-crecimiento-de-trafico-aereo-en-la-region-alta\/#primaryimage"},"image":{"@id":"https:\/\/nitu.mx\/index.php\/2019\/08\/06\/mexico-aporta-30-del-crecimiento-de-trafico-aereo-en-la-region-alta\/#primaryimage"},"thumbnailUrl":"https:\/\/nitu.mx\/wp-content\/uploads\/2017\/01\/Pistas-AICM.jpg","datePublished":"2019-08-07T04:25:03+00:00","dateModified":"2019-08-07T05:14:48+00:00","description":"Am\u00e9rica Latina aument\u00f3 el tr\u00e1fico de pasajeros en el primer semestre del a\u00f1o, gracias en parte al dinamismo del mercado dom\u00e9stico mexicano, inform\u00f3 ALTA.","breadcrumb":{"@id":"https:\/\/nitu.mx\/index.php\/2019\/08\/06\/mexico-aporta-30-del-crecimiento-de-trafico-aereo-en-la-region-alta\/#breadcrumb"},"inLanguage":"es-MX","potentialAction":[{"@type":"ReadAction","target":["https:\/\/nitu.mx\/index.php\/2019\/08\/06\/mexico-aporta-30-del-crecimiento-de-trafico-aereo-en-la-region-alta\/"]}]},{"@type":"ImageObject","inLanguage":"es-MX","@id":"https:\/\/nitu.mx\/index.php\/2019\/08\/06\/mexico-aporta-30-del-crecimiento-de-trafico-aereo-en-la-region-alta\/#primaryimage","url":"https:\/\/nitu.mx\/wp-content\/uploads\/2017\/01\/Pistas-AICM.jpg","contentUrl":"https:\/\/nitu.mx\/wp-content\/uploads\/2017\/01\/Pistas-AICM.jpg","width":850,"height":480,"caption":"Pistas AICM Aerolineas Cofece TUA ALTA IATA Aerom\u00e9xico vuelos nacionales Marina"},{"@type":"BreadcrumbList","@id":"https:\/\/nitu.mx\/index.php\/2019\/08\/06\/mexico-aporta-30-del-crecimiento-de-trafico-aereo-en-la-region-alta\/#breadcrumb","itemListElement":[{"@type":"ListItem","position":1,"name":"Inicio","item":"https:\/\/nitu.mx\/"},{"@type":"ListItem","position":2,"name":"M\u00e9xico aporta 30% del crecimiento de tr\u00e1fico a\u00e9reo en la regi\u00f3n: ALTA"}]},{"@type":"WebSite","@id":"https:\/\/nitu.mx\/#website","url":"https:\/\/nitu.mx\/","name":"Nitu - Noticias de la Industria Turistica","description":"Noticias de la Industria Turistica","publisher":{"@id":"https:\/\/nitu.mx\/#\/schema\/person\/ae7a53426417292d3dd07b45a33e01bc"},"alternateName":"Noticias de la Industria Turistica","potentialAction":[{"@type":"SearchAction","target":{"@type":"EntryPoint","urlTemplate":"https:\/\/nitu.mx\/?s={search_term_string}"},"query-input":"required name=search_term_string"}],"inLanguage":"es-MX"},{"@type":["Person","Organization"],"@id":"https:\/\/nitu.mx\/#\/schema\/person\/ae7a53426417292d3dd07b45a33e01bc","name":"Arturo Medina","image":{"@type":"ImageObject","inLanguage":"es-MX","@id":"https:\/\/nitu.mx\/#\/schema\/person\/image\/","url":"https:\/\/nitu.mx\/wp-content\/uploads\/2024\/04\/4A315622-1904-4D5C-B022-878CDC840E04-90x90-1.jpeg","contentUrl":"https:\/\/nitu.mx\/wp-content\/uploads\/2024\/04\/4A315622-1904-4D5C-B022-878CDC840E04-90x90-1.jpeg","width":90,"height":90,"caption":"Arturo Medina"},"logo":{"@id":"https:\/\/nitu.mx\/#\/schema\/person\/image\/"},"description":"Director NITU.mx, Egresado de la Escuela de Periodismo Carlos Septi\u00e9n Garc\u00eda. Periodista y analista especializado en turismo desde hace 35 a\u00f1os, radicado en Canc\u00fan Q.Roo. arturo@nitu.mx","sameAs":["https:\/\/nitu.mx","https:\/\/www.facebook.com\/NITUmx\/","medinacancun","https:\/\/twitter.com\/@Arturo_Medina_G"]},{"@type":"Person","@id":"https:\/\/nitu.mx\/#\/schema\/person\/afc52e313e27e660739556d421d3d6b4","name":"Mari Soto","image":{"@type":"ImageObject","inLanguage":"es-MX","@id":"https:\/\/nitu.mx\/#\/schema\/person\/image\/","url":"https:\/\/secure.gravatar.com\/avatar\/2619c282a180a20d89fcaea82a6736e2?s=96&d=mm&r=g","contentUrl":"https:\/\/secure.gravatar.com\/avatar\/2619c282a180a20d89fcaea82a6736e2?s=96&d=mm&r=g","caption":"Mari Soto"},"sameAs":["https:\/\/nitu.mx"],"url":"https:\/\/nitu.mx\/index.php\/author\/guadalupe\/"}]}},"views":247,"_links":{"self":[{"href":"https:\/\/nitu.mx\/index.php\/wp-json\/wp\/v2\/posts\/34253"}],"collection":[{"href":"https:\/\/nitu.mx\/index.php\/wp-json\/wp\/v2\/posts"}],"about":[{"href":"https:\/\/nitu.mx\/index.php\/wp-json\/wp\/v2\/types\/post"}],"author":[{"embeddable":true,"href":"https:\/\/nitu.mx\/index.php\/wp-json\/wp\/v2\/users\/5"}],"replies":[{"embeddable":true,"href":"https:\/\/nitu.mx\/index.php\/wp-json\/wp\/v2\/comments?post=34253"}],"version-history":[{"count":2,"href":"https:\/\/nitu.mx\/index.php\/wp-json\/wp\/v2\/posts\/34253\/revisions"}],"predecessor-version":[{"id":34263,"href":"https:\/\/nitu.mx\/index.php\/wp-json\/wp\/v2\/posts\/34253\/revisions\/34263"}],"wp:featuredmedia":[{"embeddable":true,"href":"https:\/\/nitu.mx\/index.php\/wp-json\/wp\/v2\/media\/6294"}],"wp:attachment":[{"href":"https:\/\/nitu.mx\/index.php\/wp-json\/wp\/v2\/media?parent=34253"}],"wp:term":[{"taxonomy":"category","embeddable":true,"href":"https:\/\/nitu.mx\/index.php\/wp-json\/wp\/v2\/categories?post=34253"},{"taxonomy":"post_tag","embeddable":true,"href":"https:\/\/nitu.mx\/index.php\/wp-json\/wp\/v2\/tags?post=34253"}],"curies":[{"name":"wp","href":"https:\/\/api.w.org\/{rel}","templated":true}]}}