{"id":34200,"date":"2019-08-04T23:48:02","date_gmt":"2019-08-05T04:48:02","guid":{"rendered":"https:\/\/www.dev.nitu.mx\/?p=34200"},"modified":"2019-08-05T00:01:18","modified_gmt":"2019-08-05T05:01:18","slug":"con-campanas-de-comunicaciones-y-marketing-digital-yestomexico-reforzara-promociones-turisticas","status":"publish","type":"post","link":"https:\/\/nitu.mx\/index.php\/2019\/08\/04\/con-campanas-de-comunicaciones-y-marketing-digital-yestomexico-reforzara-promociones-turisticas\/","title":{"rendered":"Con campa\u00f1as de comunicaciones y marketing digital, &#8220;YesToMexico&#8221; reforzar\u00e1 promociones tur\u00edsticas"},"content":{"rendered":"<p>Para reforzar la promoci\u00f3n de los destinos tur\u00edsticos de M\u00e9xico, incluyendo a la Riviera Maya, como sitios agradables, seguros y espectaculares para vacacionar entre el mercado norteamericano, YesToMexico anunci\u00f3 que lanzar\u00e1 en el \u00faltimo cuatrimestre del a\u00f1o, una campa\u00f1a de comunicaciones y marketing digital con una inversi\u00f3n estimada en 200 mil d\u00f3lares.<\/p>\n<p>Ante la presencia del presidente y del director ejecutivo de la Asociaci\u00f3n de Hoteles de la Riviera Maya, Conrad Bergwerf y Manuel Paredes respectivamente, as\u00ed como de representantes de centros de hospedaje afiliados a la AHRM, el vicepresidente y director de Comunicaciones de rbb, Shawn Warmstein, destac\u00f3 los logros alcanzados por esta iniciativa creada por un grupo independiente de la industria de viajes sin fines de lucro con sede en Estados Unidos para compartir con agentes de viajes y potenciales viajeros informaci\u00f3n basada en hechos reales sobre el turismo en M\u00e9xico.<\/p>\n<p>Desde su lanzamiento en noviembre de 2018, YesToMexico ha logrado generar m\u00e1s de 30 mil publicaciones en medios de comunicaci\u00f3n, m\u00e1s de 12 mil visitantes \u00fanicos a su sitio web www.yestomexico.org y m\u00e1s de mil 300 personas inscritas en su base de datos.<\/p>\n<p>\u201cYesToMexico forma parte de muchos esfuerzos individuales que el sector privado ha impulsado para recuperar nuestra presencia en el mercado de EU por la falta de proactividad del Consejo de Promoci\u00f3n Tur\u00edstica de Quintana Roo y la desaparici\u00f3n del CPTM. Esta acci\u00f3n junto con las actividades que realiza el gobernador en EU para aumentar las frecuencias a\u00e9reas, dan un impacto positivo sobre el Caribe mexicano\u201d, se\u00f1al\u00f3 Conrad Bergwerf, quien destac\u00f3 que alrededor de 30 hoteles de la Riviera Maya contribuyen con aportaciones a favor de esta iniciativa que promueve hechos positivos y reales del turismo en M\u00e9xico.\u00a0<a title=\"Resalta Carlos Joaqu\u00edn estrategia de seguridad ante Departamento de Estado en EUA\" href=\"https:\/\/www.dev.nitu.mx\/index.php\/2019\/07\/30\/resalta-carlos-joaquin-estrategia-de-seguridad-ante-departamento-de-estado-en-eua\/\" rel=\"bookmark\">(Resalta Carlos Joaqu\u00edn estrategia de seguridad ante Departamento de Estado en EUA<\/a>).<\/p>\n<p>YesToMexico anunci\u00f3 que fortalecer\u00e1 en lo que resta del a\u00f1o las buenas noticias sobre los destinos tur\u00edsticos de M\u00e9xico, y para ello motiv\u00f3 a los hoteleros de la Riviera Maya a aportar recursos para las acciones de promoci\u00f3n que se pondr\u00e1n en marcha en los pr\u00f3ximos meses.<\/p>\n<p>\u201cLo m\u00e1s importante de esta iniciativa es que es creada por norteamericanos con testimoniales de turistas norteamericanos que cuentan de primera mano los aspectos positivos de su visita a los destinos tur\u00edsticos de M\u00e9xico\u201d, destac\u00f3 Manuel Paredes, quien resalt\u00f3 que, seg\u00fan el sitio oficial de YesToMexico, un 94 por ciento de los visitantes a nuestro pa\u00eds dijo que su experiencia de viaje super\u00f3 sus expectativas.<\/p>\n<p>Entre las actividades de promoci\u00f3n contempladas por YesToMexico, en los pr\u00f3ximos 30, 60 y 90 d\u00edas destacan el compartir entre sus socios videos testimoniales de turistas, archivos fotogr\u00e1ficos, la creaci\u00f3n de bases de datos con correos electr\u00f3nicos para atender peticiones de informaci\u00f3n de viajeros as\u00ed como la elaboraci\u00f3n de nuevos contenidos y videos que difundan noticias positivas sobre los principales destinos tur\u00edsticos de M\u00e9xico.<\/p>\n<p>De igual forma, crear\u00e1n campa\u00f1as para contrarrestar titulares sensacionalistas con encuestas y trabajos de investigaci\u00f3n relacionados, por ejemplo con la percepci\u00f3n del destino y el arribo del sargazo a las costas mexicanas. En los \u00faltimos meses del a\u00f1o contemplan sostener reuniones con los principales medios informativos de Nueva York para promover los atractivos de M\u00e9xico.<\/p>\n<p>Finalmente, anunciaron que pondr\u00e1n en marcha una campa\u00f1a de marketing digital, denominada \u201cYesToMexico: Los hechos lo dicen todo\u201d con el objetivo de educar a los agentes de viajes de Estados Unidos para mostrarles lo seguro y acogedor que es M\u00e9xico, promover los alcances de la iniciativa YesToMexico y disipar rumores e informaci\u00f3n enga\u00f1osa mediante la difusi\u00f3n de hechos verdaderos sobre nuestro pa\u00eds.\u00a0<a title=\"Canc\u00fan, principal destino internacional para los viajeros de Estados Unidos\" href=\"https:\/\/www.dev.nitu.mx\/index.php\/2019\/07\/30\/cancun-principal-destino-internacional-para-los-viajeros-de-estados-unidos\/\" rel=\"bookmark\">(Canc\u00fan, principal destino internacional para los viajeros de Estados Unidos<\/a>).<\/p>\n","protected":false},"excerpt":{"rendered":"<p>Para reforzar la promoci\u00f3n de los destinos tur\u00edsticos de M\u00e9xico, incluyendo a la Riviera Maya, como sitios agradables, seguros y espectaculares para vacacionar entre el mercado norteamericano, YesToMexico anunci\u00f3 que lanzar\u00e1 en el \u00faltimo cuatrimestre del a\u00f1o, una campa\u00f1a de comunicaciones y marketing digital con una inversi\u00f3n estimada en 200 mil d\u00f3lares. Ante la presencia [&hellip;]<\/p>\n","protected":false},"author":17,"featured_media":34211,"comment_status":"open","ping_status":"open","sticky":false,"template":"","format":"standard","meta":{"footnotes":""},"categories":[5,12],"tags":[13667,7770,16852,16853,16851],"yoast_head":"<!-- This site is optimized with the Yoast SEO plugin v22.2 - https:\/\/yoast.com\/wordpress\/plugins\/seo\/ -->\n<title>Con campa\u00f1as de comunicaciones y marketing digital, &quot;YesToMexico&quot; reforzar\u00e1 promociones tur\u00edsticas - Nitu - Noticias de la Industria Turistica<\/title>\n<meta name=\"description\" content=\"YesToMexico anunci\u00f3 que lanzar\u00e1 en el \u00faltimo cuatrimestre del a\u00f1o, una campa\u00f1a de comunicaciones y marketing digital.\" \/>\n<meta name=\"robots\" content=\"index, follow, max-snippet:-1, max-image-preview:large, max-video-preview:-1\" \/>\n<link rel=\"canonical\" href=\"https:\/\/nitu.mx\/index.php\/2019\/08\/04\/con-campanas-de-comunicaciones-y-marketing-digital-yestomexico-reforzara-promociones-turisticas\/\" \/>\n<meta name=\"twitter:card\" content=\"summary_large_image\" \/>\n<meta name=\"twitter:title\" content=\"Con campa\u00f1as de comunicaciones y marketing digital, &quot;YesToMexico&quot; reforzar\u00e1 promociones tur\u00edsticas - Nitu - Noticias de la Industria Turistica\" \/>\n<meta name=\"twitter:description\" content=\"YesToMexico anunci\u00f3 que lanzar\u00e1 en el \u00faltimo cuatrimestre del a\u00f1o, una campa\u00f1a de comunicaciones y marketing digital.\" \/>\n<meta name=\"twitter:image\" content=\"https:\/\/nitu.mx\/wp-content\/uploads\/2019\/08\/San-Miguel-de-Allende-YestoMexico.jpg\" \/>\n<meta name=\"twitter:creator\" content=\"@NITUmx\" \/>\n<meta name=\"twitter:site\" content=\"@Arturo_Medina_G\" \/>\n<meta name=\"twitter:label1\" content=\"Escrito por\" \/>\n\t<meta name=\"twitter:data1\" content=\"Redacci\u00f3n\" \/>\n\t<meta name=\"twitter:label2\" content=\"Tiempo de lectura\" \/>\n\t<meta name=\"twitter:data2\" content=\"3 minutos\" \/>\n<script type=\"application\/ld+json\" class=\"yoast-schema-graph\">{\"@context\":\"https:\/\/schema.org\",\"@graph\":[{\"@type\":\"Article\",\"@id\":\"https:\/\/nitu.mx\/index.php\/2019\/08\/04\/con-campanas-de-comunicaciones-y-marketing-digital-yestomexico-reforzara-promociones-turisticas\/#article\",\"isPartOf\":{\"@id\":\"https:\/\/nitu.mx\/index.php\/2019\/08\/04\/con-campanas-de-comunicaciones-y-marketing-digital-yestomexico-reforzara-promociones-turisticas\/\"},\"author\":{\"name\":\"Redacci\u00f3n\",\"@id\":\"https:\/\/nitu.mx\/#\/schema\/person\/4a28fe9bd65924f7c90623773daf1b0b\"},\"headline\":\"Con campa\u00f1as de comunicaciones y marketing digital, &#8220;YesToMexico&#8221; reforzar\u00e1 promociones tur\u00edsticas\",\"datePublished\":\"2019-08-05T04:48:02+00:00\",\"dateModified\":\"2019-08-05T05:01:18+00:00\",\"mainEntityOfPage\":{\"@id\":\"https:\/\/nitu.mx\/index.php\/2019\/08\/04\/con-campanas-de-comunicaciones-y-marketing-digital-yestomexico-reforzara-promociones-turisticas\/\"},\"wordCount\":660,\"commentCount\":0,\"publisher\":{\"@id\":\"https:\/\/nitu.mx\/#\/schema\/person\/ae7a53426417292d3dd07b45a33e01bc\"},\"image\":{\"@id\":\"https:\/\/nitu.mx\/index.php\/2019\/08\/04\/con-campanas-de-comunicaciones-y-marketing-digital-yestomexico-reforzara-promociones-turisticas\/#primaryimage\"},\"thumbnailUrl\":\"https:\/\/nitu.mx\/wp-content\/uploads\/2019\/08\/San-Miguel-de-Allende-YestoMexico.jpg\",\"keywords\":[\"AHRM\",\"Conrad Bergwerf\",\"CTPM\",\"Shawn Warmstein.\",\"YesToMexico\"],\"articleSection\":[\"Destinos\",\"Marketing\"],\"inLanguage\":\"es-MX\",\"potentialAction\":[{\"@type\":\"CommentAction\",\"name\":\"Comment\",\"target\":[\"https:\/\/nitu.mx\/index.php\/2019\/08\/04\/con-campanas-de-comunicaciones-y-marketing-digital-yestomexico-reforzara-promociones-turisticas\/#respond\"]}]},{\"@type\":\"WebPage\",\"@id\":\"https:\/\/nitu.mx\/index.php\/2019\/08\/04\/con-campanas-de-comunicaciones-y-marketing-digital-yestomexico-reforzara-promociones-turisticas\/\",\"url\":\"https:\/\/nitu.mx\/index.php\/2019\/08\/04\/con-campanas-de-comunicaciones-y-marketing-digital-yestomexico-reforzara-promociones-turisticas\/\",\"name\":\"Con campa\u00f1as de comunicaciones y marketing digital, \\\"YesToMexico\\\" reforzar\u00e1 promociones tur\u00edsticas - Nitu - Noticias de la Industria Turistica\",\"isPartOf\":{\"@id\":\"https:\/\/nitu.mx\/#website\"},\"primaryImageOfPage\":{\"@id\":\"https:\/\/nitu.mx\/index.php\/2019\/08\/04\/con-campanas-de-comunicaciones-y-marketing-digital-yestomexico-reforzara-promociones-turisticas\/#primaryimage\"},\"image\":{\"@id\":\"https:\/\/nitu.mx\/index.php\/2019\/08\/04\/con-campanas-de-comunicaciones-y-marketing-digital-yestomexico-reforzara-promociones-turisticas\/#primaryimage\"},\"thumbnailUrl\":\"https:\/\/nitu.mx\/wp-content\/uploads\/2019\/08\/San-Miguel-de-Allende-YestoMexico.jpg\",\"datePublished\":\"2019-08-05T04:48:02+00:00\",\"dateModified\":\"2019-08-05T05:01:18+00:00\",\"description\":\"YesToMexico anunci\u00f3 que lanzar\u00e1 en el \u00faltimo cuatrimestre del a\u00f1o, una campa\u00f1a de comunicaciones y marketing digital.\",\"breadcrumb\":{\"@id\":\"https:\/\/nitu.mx\/index.php\/2019\/08\/04\/con-campanas-de-comunicaciones-y-marketing-digital-yestomexico-reforzara-promociones-turisticas\/#breadcrumb\"},\"inLanguage\":\"es-MX\",\"potentialAction\":[{\"@type\":\"ReadAction\",\"target\":[\"https:\/\/nitu.mx\/index.php\/2019\/08\/04\/con-campanas-de-comunicaciones-y-marketing-digital-yestomexico-reforzara-promociones-turisticas\/\"]}]},{\"@type\":\"ImageObject\",\"inLanguage\":\"es-MX\",\"@id\":\"https:\/\/nitu.mx\/index.php\/2019\/08\/04\/con-campanas-de-comunicaciones-y-marketing-digital-yestomexico-reforzara-promociones-turisticas\/#primaryimage\",\"url\":\"https:\/\/nitu.mx\/wp-content\/uploads\/2019\/08\/San-Miguel-de-Allende-YestoMexico.jpg\",\"contentUrl\":\"https:\/\/nitu.mx\/wp-content\/uploads\/2019\/08\/San-Miguel-de-Allende-YestoMexico.jpg\",\"width\":850,\"height\":480,\"caption\":\"YestoMexico\"},{\"@type\":\"BreadcrumbList\",\"@id\":\"https:\/\/nitu.mx\/index.php\/2019\/08\/04\/con-campanas-de-comunicaciones-y-marketing-digital-yestomexico-reforzara-promociones-turisticas\/#breadcrumb\",\"itemListElement\":[{\"@type\":\"ListItem\",\"position\":1,\"name\":\"Inicio\",\"item\":\"https:\/\/nitu.mx\/\"},{\"@type\":\"ListItem\",\"position\":2,\"name\":\"Con campa\u00f1as de comunicaciones y marketing digital, &#8220;YesToMexico&#8221; reforzar\u00e1 promociones tur\u00edsticas\"}]},{\"@type\":\"WebSite\",\"@id\":\"https:\/\/nitu.mx\/#website\",\"url\":\"https:\/\/nitu.mx\/\",\"name\":\"Nitu - Noticias de la Industria Turistica\",\"description\":\"Noticias de la Industria Turistica\",\"publisher\":{\"@id\":\"https:\/\/nitu.mx\/#\/schema\/person\/ae7a53426417292d3dd07b45a33e01bc\"},\"alternateName\":\"Noticias de la Industria Turistica\",\"potentialAction\":[{\"@type\":\"SearchAction\",\"target\":{\"@type\":\"EntryPoint\",\"urlTemplate\":\"https:\/\/nitu.mx\/?s={search_term_string}\"},\"query-input\":\"required name=search_term_string\"}],\"inLanguage\":\"es-MX\"},{\"@type\":[\"Person\",\"Organization\"],\"@id\":\"https:\/\/nitu.mx\/#\/schema\/person\/ae7a53426417292d3dd07b45a33e01bc\",\"name\":\"Arturo Medina\",\"image\":{\"@type\":\"ImageObject\",\"inLanguage\":\"es-MX\",\"@id\":\"https:\/\/nitu.mx\/#\/schema\/person\/image\/\",\"url\":\"https:\/\/nitu.mx\/wp-content\/uploads\/2024\/04\/4A315622-1904-4D5C-B022-878CDC840E04-90x90-1.jpeg\",\"contentUrl\":\"https:\/\/nitu.mx\/wp-content\/uploads\/2024\/04\/4A315622-1904-4D5C-B022-878CDC840E04-90x90-1.jpeg\",\"width\":90,\"height\":90,\"caption\":\"Arturo Medina\"},\"logo\":{\"@id\":\"https:\/\/nitu.mx\/#\/schema\/person\/image\/\"},\"description\":\"Director NITU.mx, Egresado de la Escuela de Periodismo Carlos Septi\u00e9n Garc\u00eda. Periodista y analista especializado en turismo desde hace 35 a\u00f1os, radicado en Canc\u00fan Q.Roo. arturo@nitu.mx\",\"sameAs\":[\"https:\/\/nitu.mx\",\"https:\/\/www.facebook.com\/NITUmx\/\",\"medinacancun\",\"https:\/\/twitter.com\/@Arturo_Medina_G\"]},{\"@type\":\"Person\",\"@id\":\"https:\/\/nitu.mx\/#\/schema\/person\/4a28fe9bd65924f7c90623773daf1b0b\",\"name\":\"Redacci\u00f3n\",\"image\":{\"@type\":\"ImageObject\",\"inLanguage\":\"es-MX\",\"@id\":\"https:\/\/nitu.mx\/#\/schema\/person\/image\/\",\"url\":\"https:\/\/secure.gravatar.com\/avatar\/5dd011c8ccfc5cd7e4c81e42252aab38?s=96&d=mm&r=g\",\"contentUrl\":\"https:\/\/secure.gravatar.com\/avatar\/5dd011c8ccfc5cd7e4c81e42252aab38?s=96&d=mm&r=g\",\"caption\":\"Redacci\u00f3n\"},\"url\":\"https:\/\/nitu.mx\/index.php\/author\/redaccion\/\"}]}<\/script>\n<!-- \/ Yoast SEO plugin. -->","yoast_head_json":{"title":"Con campa\u00f1as de comunicaciones y marketing digital, \"YesToMexico\" reforzar\u00e1 promociones tur\u00edsticas - Nitu - Noticias de la Industria Turistica","description":"YesToMexico anunci\u00f3 que lanzar\u00e1 en el \u00faltimo cuatrimestre del a\u00f1o, una campa\u00f1a de comunicaciones y marketing digital.","robots":{"index":"index","follow":"follow","max-snippet":"max-snippet:-1","max-image-preview":"max-image-preview:large","max-video-preview":"max-video-preview:-1"},"canonical":"https:\/\/nitu.mx\/index.php\/2019\/08\/04\/con-campanas-de-comunicaciones-y-marketing-digital-yestomexico-reforzara-promociones-turisticas\/","twitter_card":"summary_large_image","twitter_title":"Con campa\u00f1as de comunicaciones y marketing digital, \"YesToMexico\" reforzar\u00e1 promociones tur\u00edsticas - Nitu - Noticias de la Industria Turistica","twitter_description":"YesToMexico anunci\u00f3 que lanzar\u00e1 en el \u00faltimo cuatrimestre del a\u00f1o, una campa\u00f1a de comunicaciones y marketing digital.","twitter_image":"https:\/\/nitu.mx\/wp-content\/uploads\/2019\/08\/San-Miguel-de-Allende-YestoMexico.jpg","twitter_creator":"@NITUmx","twitter_site":"@Arturo_Medina_G","twitter_misc":{"Escrito por":"Redacci\u00f3n","Tiempo de lectura":"3 minutos"},"schema":{"@context":"https:\/\/schema.org","@graph":[{"@type":"Article","@id":"https:\/\/nitu.mx\/index.php\/2019\/08\/04\/con-campanas-de-comunicaciones-y-marketing-digital-yestomexico-reforzara-promociones-turisticas\/#article","isPartOf":{"@id":"https:\/\/nitu.mx\/index.php\/2019\/08\/04\/con-campanas-de-comunicaciones-y-marketing-digital-yestomexico-reforzara-promociones-turisticas\/"},"author":{"name":"Redacci\u00f3n","@id":"https:\/\/nitu.mx\/#\/schema\/person\/4a28fe9bd65924f7c90623773daf1b0b"},"headline":"Con campa\u00f1as de comunicaciones y marketing digital, &#8220;YesToMexico&#8221; reforzar\u00e1 promociones tur\u00edsticas","datePublished":"2019-08-05T04:48:02+00:00","dateModified":"2019-08-05T05:01:18+00:00","mainEntityOfPage":{"@id":"https:\/\/nitu.mx\/index.php\/2019\/08\/04\/con-campanas-de-comunicaciones-y-marketing-digital-yestomexico-reforzara-promociones-turisticas\/"},"wordCount":660,"commentCount":0,"publisher":{"@id":"https:\/\/nitu.mx\/#\/schema\/person\/ae7a53426417292d3dd07b45a33e01bc"},"image":{"@id":"https:\/\/nitu.mx\/index.php\/2019\/08\/04\/con-campanas-de-comunicaciones-y-marketing-digital-yestomexico-reforzara-promociones-turisticas\/#primaryimage"},"thumbnailUrl":"https:\/\/nitu.mx\/wp-content\/uploads\/2019\/08\/San-Miguel-de-Allende-YestoMexico.jpg","keywords":["AHRM","Conrad Bergwerf","CTPM","Shawn Warmstein.","YesToMexico"],"articleSection":["Destinos","Marketing"],"inLanguage":"es-MX","potentialAction":[{"@type":"CommentAction","name":"Comment","target":["https:\/\/nitu.mx\/index.php\/2019\/08\/04\/con-campanas-de-comunicaciones-y-marketing-digital-yestomexico-reforzara-promociones-turisticas\/#respond"]}]},{"@type":"WebPage","@id":"https:\/\/nitu.mx\/index.php\/2019\/08\/04\/con-campanas-de-comunicaciones-y-marketing-digital-yestomexico-reforzara-promociones-turisticas\/","url":"https:\/\/nitu.mx\/index.php\/2019\/08\/04\/con-campanas-de-comunicaciones-y-marketing-digital-yestomexico-reforzara-promociones-turisticas\/","name":"Con campa\u00f1as de comunicaciones y marketing digital, \"YesToMexico\" reforzar\u00e1 promociones tur\u00edsticas - Nitu - Noticias de la Industria Turistica","isPartOf":{"@id":"https:\/\/nitu.mx\/#website"},"primaryImageOfPage":{"@id":"https:\/\/nitu.mx\/index.php\/2019\/08\/04\/con-campanas-de-comunicaciones-y-marketing-digital-yestomexico-reforzara-promociones-turisticas\/#primaryimage"},"image":{"@id":"https:\/\/nitu.mx\/index.php\/2019\/08\/04\/con-campanas-de-comunicaciones-y-marketing-digital-yestomexico-reforzara-promociones-turisticas\/#primaryimage"},"thumbnailUrl":"https:\/\/nitu.mx\/wp-content\/uploads\/2019\/08\/San-Miguel-de-Allende-YestoMexico.jpg","datePublished":"2019-08-05T04:48:02+00:00","dateModified":"2019-08-05T05:01:18+00:00","description":"YesToMexico anunci\u00f3 que lanzar\u00e1 en el \u00faltimo cuatrimestre del a\u00f1o, una campa\u00f1a de comunicaciones y marketing digital.","breadcrumb":{"@id":"https:\/\/nitu.mx\/index.php\/2019\/08\/04\/con-campanas-de-comunicaciones-y-marketing-digital-yestomexico-reforzara-promociones-turisticas\/#breadcrumb"},"inLanguage":"es-MX","potentialAction":[{"@type":"ReadAction","target":["https:\/\/nitu.mx\/index.php\/2019\/08\/04\/con-campanas-de-comunicaciones-y-marketing-digital-yestomexico-reforzara-promociones-turisticas\/"]}]},{"@type":"ImageObject","inLanguage":"es-MX","@id":"https:\/\/nitu.mx\/index.php\/2019\/08\/04\/con-campanas-de-comunicaciones-y-marketing-digital-yestomexico-reforzara-promociones-turisticas\/#primaryimage","url":"https:\/\/nitu.mx\/wp-content\/uploads\/2019\/08\/San-Miguel-de-Allende-YestoMexico.jpg","contentUrl":"https:\/\/nitu.mx\/wp-content\/uploads\/2019\/08\/San-Miguel-de-Allende-YestoMexico.jpg","width":850,"height":480,"caption":"YestoMexico"},{"@type":"BreadcrumbList","@id":"https:\/\/nitu.mx\/index.php\/2019\/08\/04\/con-campanas-de-comunicaciones-y-marketing-digital-yestomexico-reforzara-promociones-turisticas\/#breadcrumb","itemListElement":[{"@type":"ListItem","position":1,"name":"Inicio","item":"https:\/\/nitu.mx\/"},{"@type":"ListItem","position":2,"name":"Con campa\u00f1as de comunicaciones y marketing digital, &#8220;YesToMexico&#8221; reforzar\u00e1 promociones tur\u00edsticas"}]},{"@type":"WebSite","@id":"https:\/\/nitu.mx\/#website","url":"https:\/\/nitu.mx\/","name":"Nitu - Noticias de la Industria Turistica","description":"Noticias de la Industria Turistica","publisher":{"@id":"https:\/\/nitu.mx\/#\/schema\/person\/ae7a53426417292d3dd07b45a33e01bc"},"alternateName":"Noticias de la Industria Turistica","potentialAction":[{"@type":"SearchAction","target":{"@type":"EntryPoint","urlTemplate":"https:\/\/nitu.mx\/?s={search_term_string}"},"query-input":"required name=search_term_string"}],"inLanguage":"es-MX"},{"@type":["Person","Organization"],"@id":"https:\/\/nitu.mx\/#\/schema\/person\/ae7a53426417292d3dd07b45a33e01bc","name":"Arturo Medina","image":{"@type":"ImageObject","inLanguage":"es-MX","@id":"https:\/\/nitu.mx\/#\/schema\/person\/image\/","url":"https:\/\/nitu.mx\/wp-content\/uploads\/2024\/04\/4A315622-1904-4D5C-B022-878CDC840E04-90x90-1.jpeg","contentUrl":"https:\/\/nitu.mx\/wp-content\/uploads\/2024\/04\/4A315622-1904-4D5C-B022-878CDC840E04-90x90-1.jpeg","width":90,"height":90,"caption":"Arturo Medina"},"logo":{"@id":"https:\/\/nitu.mx\/#\/schema\/person\/image\/"},"description":"Director NITU.mx, Egresado de la Escuela de Periodismo Carlos Septi\u00e9n Garc\u00eda. Periodista y analista especializado en turismo desde hace 35 a\u00f1os, radicado en Canc\u00fan Q.Roo. arturo@nitu.mx","sameAs":["https:\/\/nitu.mx","https:\/\/www.facebook.com\/NITUmx\/","medinacancun","https:\/\/twitter.com\/@Arturo_Medina_G"]},{"@type":"Person","@id":"https:\/\/nitu.mx\/#\/schema\/person\/4a28fe9bd65924f7c90623773daf1b0b","name":"Redacci\u00f3n","image":{"@type":"ImageObject","inLanguage":"es-MX","@id":"https:\/\/nitu.mx\/#\/schema\/person\/image\/","url":"https:\/\/secure.gravatar.com\/avatar\/5dd011c8ccfc5cd7e4c81e42252aab38?s=96&d=mm&r=g","contentUrl":"https:\/\/secure.gravatar.com\/avatar\/5dd011c8ccfc5cd7e4c81e42252aab38?s=96&d=mm&r=g","caption":"Redacci\u00f3n"},"url":"https:\/\/nitu.mx\/index.php\/author\/redaccion\/"}]}},"views":251,"_links":{"self":[{"href":"https:\/\/nitu.mx\/index.php\/wp-json\/wp\/v2\/posts\/34200"}],"collection":[{"href":"https:\/\/nitu.mx\/index.php\/wp-json\/wp\/v2\/posts"}],"about":[{"href":"https:\/\/nitu.mx\/index.php\/wp-json\/wp\/v2\/types\/post"}],"author":[{"embeddable":true,"href":"https:\/\/nitu.mx\/index.php\/wp-json\/wp\/v2\/users\/17"}],"replies":[{"embeddable":true,"href":"https:\/\/nitu.mx\/index.php\/wp-json\/wp\/v2\/comments?post=34200"}],"version-history":[{"count":3,"href":"https:\/\/nitu.mx\/index.php\/wp-json\/wp\/v2\/posts\/34200\/revisions"}],"predecessor-version":[{"id":34212,"href":"https:\/\/nitu.mx\/index.php\/wp-json\/wp\/v2\/posts\/34200\/revisions\/34212"}],"wp:featuredmedia":[{"embeddable":true,"href":"https:\/\/nitu.mx\/index.php\/wp-json\/wp\/v2\/media\/34211"}],"wp:attachment":[{"href":"https:\/\/nitu.mx\/index.php\/wp-json\/wp\/v2\/media?parent=34200"}],"wp:term":[{"taxonomy":"category","embeddable":true,"href":"https:\/\/nitu.mx\/index.php\/wp-json\/wp\/v2\/categories?post=34200"},{"taxonomy":"post_tag","embeddable":true,"href":"https:\/\/nitu.mx\/index.php\/wp-json\/wp\/v2\/tags?post=34200"}],"curies":[{"name":"wp","href":"https:\/\/api.w.org\/{rel}","templated":true}]}}