{"id":34196,"date":"2019-08-04T23:29:05","date_gmt":"2019-08-05T04:29:05","guid":{"rendered":"https:\/\/www.dev.nitu.mx\/?p=34196"},"modified":"2019-08-05T00:00:11","modified_gmt":"2019-08-05T05:00:11","slug":"concanaco-demanda-al-gobierno-federal-promover-la-actividad-turistica","status":"publish","type":"post","link":"https:\/\/nitu.mx\/index.php\/2019\/08\/04\/concanaco-demanda-al-gobierno-federal-promover-la-actividad-turistica\/","title":{"rendered":"Concanaco demanda al gobierno federal promover la actividad tur\u00edstica"},"content":{"rendered":"<p>La Confederaci\u00f3n de C\u00e1maras Nacionales de Comercio, Servicios y Turismo (Concanaco-Servytur) demand\u00f3 al gobierno federal promover al sector tur\u00edstico, pues de mantener una inactividad al respecto puede traer graves consecuencias para la econom\u00eda y para el desarrollo incluyente definido en el Plan Nacional de Desarrollo (PND).<\/p>\n<p>Jos\u00e9 Manuel L\u00f3pez Campos, presidente del organismo privado, se pronunci\u00f3 porque se presente, a la brevedad, el Programa Sectorial de Turismo derivado de la importancia que tiene el sector como uno de los principales generadores de divisas para el pa\u00eds, con 22 mil 510 millones de d\u00f3lares en 2018 por visitantes extranjeros, y para que se convierta en la hoja de ruta que detone inversiones que ahora se encuentran en suspenso.<\/p>\n<p>Indic\u00f3 que las cadenas hoteleras, los agentes de viajes, los restauranteros, los tour operadores, las navieras y las aerol\u00edneas, entre otros prestadores de servicios del sector tur\u00edstico, desean que el Programa Sectorial defina las acciones espec\u00edficas, y no solo generales, que se implementar\u00e1n para definir sus estrategias para los siguientes a\u00f1os.\u00a0<a title=\"Empresarios\u00a0buscan fuentes de recursos\u00a0para el reci\u00e9n creado \u00f3rgano de promoci\u00f3n tur\u00edstica\" href=\"https:\/\/www.dev.nitu.mx\/index.php\/2019\/07\/23\/empresarios-buscan-fuentes-de-recursos-para-el-recien-creado-organo-de-promocion-turistica\/\" rel=\"bookmark\">(Empresarios\u00a0buscan fuentes de recursos\u00a0para el reci\u00e9n creado \u00f3rgano de promoci\u00f3n tur\u00edstica<\/a>).<\/p>\n<p>El presidente de la Concanaco dijo que existen planes de expansi\u00f3n importantes en el sector, que permitir\u00e1n que en 2019 la planta hotelera llegue a 25 mil unidades, con 900 mil cuartos, de acuerdo con datos de la Secretar\u00eda de Turismo y de las empresas, lo que ratifica la confianza de la iniciativa privada en la actividad tur\u00edstica.<\/p>\n<p>La llegada de turistas extranjeros gener\u00f3 divisas al pa\u00eds por 11 mil 066 millones de d\u00f3lares entre enero y mayo de 2019, lo que represent\u00f3 un incremento de 14 por ciento, con respecto a los primeros cinco meses de 2018.<\/p>\n<p>\u201cEl buen momento que mantiene el turismo mexicano no debe descuidarse, sino ser apoyado en todos los sentidos, porque representa una vocaci\u00f3n natural, ya que contamos con los atractivos naturales y culturales como pocos pa\u00edses del mundo, y representa para la econom\u00eda nacional m\u00e1s del 9 por ciento del Producto Interno Bruto, y genera alrededor de 10 millones de empleos directos e indirectos, que pueden incrementarse\u201d, destac\u00f3.<\/p>\n<p>L\u00f3pez Campos consider\u00f3 urgente el impulso al turismo, la actividad m\u00e1s incluyente de la econom\u00eda, ya que m\u00e1s de 50 por ciento de las personas que trabajan en el sector tur\u00edstico son mujeres y 25 por ciento son j\u00f3venes de 24 o menos a\u00f1os de edad, coment\u00f3.<\/p>\n<p>Plante\u00f3 que a la par de que debe darse a conocer el Programa Sectorial Tur\u00edstico, como una de las primeras estrategias federales derivadas del PND, es preciso aplicarse en la soluci\u00f3n de los problemas que afectan al turismo, como la inseguridad en algunos estados. (El Economista)<\/p>\n","protected":false},"excerpt":{"rendered":"<p>La Confederaci\u00f3n de C\u00e1maras Nacionales de Comercio, Servicios y Turismo (Concanaco-Servytur) demand\u00f3 al gobierno federal promover al sector tur\u00edstico, pues de mantener una inactividad al respecto puede traer graves consecuencias para la econom\u00eda y para el desarrollo incluyente definido en el Plan Nacional de Desarrollo (PND). Jos\u00e9 Manuel L\u00f3pez Campos, presidente del organismo privado, se [&hellip;]<\/p>\n","protected":false},"author":17,"featured_media":12487,"comment_status":"open","ping_status":"open","sticky":false,"template":"","format":"standard","meta":{"footnotes":""},"categories":[12,6],"tags":[1607,1713,10990],"yoast_head":"<!-- This site is optimized with the Yoast SEO plugin v22.2 - https:\/\/yoast.com\/wordpress\/plugins\/seo\/ -->\n<title>Concanaco demanda al gobierno federal promover la actividad tur\u00edstica - Nitu - Noticias de la Industria Turistica<\/title>\n<meta name=\"description\" content=\"Concanaco Servytur demand\u00f3 al gobierno federal promover al sector tur\u00edstico, pues de mantener una inactividad al respecto puede traer graves consecuencias.\" \/>\n<meta name=\"robots\" content=\"index, follow, max-snippet:-1, max-image-preview:large, max-video-preview:-1\" \/>\n<link rel=\"canonical\" href=\"https:\/\/nitu.mx\/index.php\/2019\/08\/04\/concanaco-demanda-al-gobierno-federal-promover-la-actividad-turistica\/\" \/>\n<meta name=\"twitter:card\" content=\"summary_large_image\" \/>\n<meta name=\"twitter:title\" content=\"Concanaco demanda al gobierno federal promover la actividad tur\u00edstica - Nitu - Noticias de la Industria Turistica\" \/>\n<meta name=\"twitter:description\" content=\"Concanaco Servytur demand\u00f3 al gobierno federal promover al sector tur\u00edstico, pues de mantener una inactividad al respecto puede traer graves consecuencias.\" \/>\n<meta name=\"twitter:image\" content=\"https:\/\/nitu.mx\/wp-content\/uploads\/2017\/08\/turistas-cancun.jpg\" \/>\n<meta name=\"twitter:creator\" content=\"@NITUmx\" \/>\n<meta name=\"twitter:site\" content=\"@Arturo_Medina_G\" \/>\n<meta name=\"twitter:label1\" content=\"Escrito por\" \/>\n\t<meta name=\"twitter:data1\" content=\"Redacci\u00f3n\" \/>\n\t<meta name=\"twitter:label2\" content=\"Tiempo de lectura\" \/>\n\t<meta name=\"twitter:data2\" content=\"2 minutos\" \/>\n<script type=\"application\/ld+json\" class=\"yoast-schema-graph\">{\"@context\":\"https:\/\/schema.org\",\"@graph\":[{\"@type\":\"Article\",\"@id\":\"https:\/\/nitu.mx\/index.php\/2019\/08\/04\/concanaco-demanda-al-gobierno-federal-promover-la-actividad-turistica\/#article\",\"isPartOf\":{\"@id\":\"https:\/\/nitu.mx\/index.php\/2019\/08\/04\/concanaco-demanda-al-gobierno-federal-promover-la-actividad-turistica\/\"},\"author\":{\"name\":\"Redacci\u00f3n\",\"@id\":\"https:\/\/nitu.mx\/#\/schema\/person\/4a28fe9bd65924f7c90623773daf1b0b\"},\"headline\":\"Concanaco demanda al gobierno federal promover la actividad tur\u00edstica\",\"datePublished\":\"2019-08-05T04:29:05+00:00\",\"dateModified\":\"2019-08-05T05:00:11+00:00\",\"mainEntityOfPage\":{\"@id\":\"https:\/\/nitu.mx\/index.php\/2019\/08\/04\/concanaco-demanda-al-gobierno-federal-promover-la-actividad-turistica\/\"},\"wordCount\":467,\"commentCount\":0,\"publisher\":{\"@id\":\"https:\/\/nitu.mx\/#\/schema\/person\/ae7a53426417292d3dd07b45a33e01bc\"},\"image\":{\"@id\":\"https:\/\/nitu.mx\/index.php\/2019\/08\/04\/concanaco-demanda-al-gobierno-federal-promover-la-actividad-turistica\/#primaryimage\"},\"thumbnailUrl\":\"https:\/\/nitu.mx\/wp-content\/uploads\/2017\/08\/turistas-cancun.jpg\",\"keywords\":[\"Concanaco Servytur\",\"Jos\u00e9 Manuel L\u00f3pez Campos\",\"PND\"],\"articleSection\":[\"Marketing\",\"M\u00e9xico\"],\"inLanguage\":\"es-MX\",\"potentialAction\":[{\"@type\":\"CommentAction\",\"name\":\"Comment\",\"target\":[\"https:\/\/nitu.mx\/index.php\/2019\/08\/04\/concanaco-demanda-al-gobierno-federal-promover-la-actividad-turistica\/#respond\"]}]},{\"@type\":\"WebPage\",\"@id\":\"https:\/\/nitu.mx\/index.php\/2019\/08\/04\/concanaco-demanda-al-gobierno-federal-promover-la-actividad-turistica\/\",\"url\":\"https:\/\/nitu.mx\/index.php\/2019\/08\/04\/concanaco-demanda-al-gobierno-federal-promover-la-actividad-turistica\/\",\"name\":\"Concanaco demanda al gobierno federal promover la actividad tur\u00edstica - Nitu - Noticias de la Industria Turistica\",\"isPartOf\":{\"@id\":\"https:\/\/nitu.mx\/#website\"},\"primaryImageOfPage\":{\"@id\":\"https:\/\/nitu.mx\/index.php\/2019\/08\/04\/concanaco-demanda-al-gobierno-federal-promover-la-actividad-turistica\/#primaryimage\"},\"image\":{\"@id\":\"https:\/\/nitu.mx\/index.php\/2019\/08\/04\/concanaco-demanda-al-gobierno-federal-promover-la-actividad-turistica\/#primaryimage\"},\"thumbnailUrl\":\"https:\/\/nitu.mx\/wp-content\/uploads\/2017\/08\/turistas-cancun.jpg\",\"datePublished\":\"2019-08-05T04:29:05+00:00\",\"dateModified\":\"2019-08-05T05:00:11+00:00\",\"description\":\"Concanaco Servytur demand\u00f3 al gobierno federal promover al sector tur\u00edstico, pues de mantener una inactividad al respecto puede traer graves consecuencias.\",\"breadcrumb\":{\"@id\":\"https:\/\/nitu.mx\/index.php\/2019\/08\/04\/concanaco-demanda-al-gobierno-federal-promover-la-actividad-turistica\/#breadcrumb\"},\"inLanguage\":\"es-MX\",\"potentialAction\":[{\"@type\":\"ReadAction\",\"target\":[\"https:\/\/nitu.mx\/index.php\/2019\/08\/04\/concanaco-demanda-al-gobierno-federal-promover-la-actividad-turistica\/\"]}]},{\"@type\":\"ImageObject\",\"inLanguage\":\"es-MX\",\"@id\":\"https:\/\/nitu.mx\/index.php\/2019\/08\/04\/concanaco-demanda-al-gobierno-federal-promover-la-actividad-turistica\/#primaryimage\",\"url\":\"https:\/\/nitu.mx\/wp-content\/uploads\/2017\/08\/turistas-cancun.jpg\",\"contentUrl\":\"https:\/\/nitu.mx\/wp-content\/uploads\/2017\/08\/turistas-cancun.jpg\",\"width\":850,\"height\":480,\"caption\":\"CPTM turistas canc\u00fan advertencia ARPCM PROFECO coparmex ALG alertas de viaje\"},{\"@type\":\"BreadcrumbList\",\"@id\":\"https:\/\/nitu.mx\/index.php\/2019\/08\/04\/concanaco-demanda-al-gobierno-federal-promover-la-actividad-turistica\/#breadcrumb\",\"itemListElement\":[{\"@type\":\"ListItem\",\"position\":1,\"name\":\"Inicio\",\"item\":\"https:\/\/nitu.mx\/\"},{\"@type\":\"ListItem\",\"position\":2,\"name\":\"Concanaco demanda al gobierno federal promover la actividad tur\u00edstica\"}]},{\"@type\":\"WebSite\",\"@id\":\"https:\/\/nitu.mx\/#website\",\"url\":\"https:\/\/nitu.mx\/\",\"name\":\"Nitu - Noticias de la Industria Turistica\",\"description\":\"Noticias de la Industria Turistica\",\"publisher\":{\"@id\":\"https:\/\/nitu.mx\/#\/schema\/person\/ae7a53426417292d3dd07b45a33e01bc\"},\"alternateName\":\"Noticias de la Industria Turistica\",\"potentialAction\":[{\"@type\":\"SearchAction\",\"target\":{\"@type\":\"EntryPoint\",\"urlTemplate\":\"https:\/\/nitu.mx\/?s={search_term_string}\"},\"query-input\":\"required name=search_term_string\"}],\"inLanguage\":\"es-MX\"},{\"@type\":[\"Person\",\"Organization\"],\"@id\":\"https:\/\/nitu.mx\/#\/schema\/person\/ae7a53426417292d3dd07b45a33e01bc\",\"name\":\"Arturo Medina\",\"image\":{\"@type\":\"ImageObject\",\"inLanguage\":\"es-MX\",\"@id\":\"https:\/\/nitu.mx\/#\/schema\/person\/image\/\",\"url\":\"https:\/\/nitu.mx\/wp-content\/uploads\/2024\/04\/4A315622-1904-4D5C-B022-878CDC840E04-90x90-1.jpeg\",\"contentUrl\":\"https:\/\/nitu.mx\/wp-content\/uploads\/2024\/04\/4A315622-1904-4D5C-B022-878CDC840E04-90x90-1.jpeg\",\"width\":90,\"height\":90,\"caption\":\"Arturo Medina\"},\"logo\":{\"@id\":\"https:\/\/nitu.mx\/#\/schema\/person\/image\/\"},\"description\":\"Director NITU.mx, Egresado de la Escuela de Periodismo Carlos Septi\u00e9n Garc\u00eda. Periodista y analista especializado en turismo desde hace 35 a\u00f1os, radicado en Canc\u00fan Q.Roo. arturo@nitu.mx\",\"sameAs\":[\"https:\/\/nitu.mx\",\"https:\/\/www.facebook.com\/NITUmx\/\",\"medinacancun\",\"https:\/\/twitter.com\/@Arturo_Medina_G\"]},{\"@type\":\"Person\",\"@id\":\"https:\/\/nitu.mx\/#\/schema\/person\/4a28fe9bd65924f7c90623773daf1b0b\",\"name\":\"Redacci\u00f3n\",\"image\":{\"@type\":\"ImageObject\",\"inLanguage\":\"es-MX\",\"@id\":\"https:\/\/nitu.mx\/#\/schema\/person\/image\/\",\"url\":\"https:\/\/secure.gravatar.com\/avatar\/5dd011c8ccfc5cd7e4c81e42252aab38?s=96&d=mm&r=g\",\"contentUrl\":\"https:\/\/secure.gravatar.com\/avatar\/5dd011c8ccfc5cd7e4c81e42252aab38?s=96&d=mm&r=g\",\"caption\":\"Redacci\u00f3n\"},\"url\":\"https:\/\/nitu.mx\/index.php\/author\/redaccion\/\"}]}<\/script>\n<!-- \/ Yoast SEO plugin. -->","yoast_head_json":{"title":"Concanaco demanda al gobierno federal promover la actividad tur\u00edstica - Nitu - Noticias de la Industria Turistica","description":"Concanaco Servytur demand\u00f3 al gobierno federal promover al sector tur\u00edstico, pues de mantener una inactividad al respecto puede traer graves consecuencias.","robots":{"index":"index","follow":"follow","max-snippet":"max-snippet:-1","max-image-preview":"max-image-preview:large","max-video-preview":"max-video-preview:-1"},"canonical":"https:\/\/nitu.mx\/index.php\/2019\/08\/04\/concanaco-demanda-al-gobierno-federal-promover-la-actividad-turistica\/","twitter_card":"summary_large_image","twitter_title":"Concanaco demanda al gobierno federal promover la actividad tur\u00edstica - Nitu - Noticias de la Industria Turistica","twitter_description":"Concanaco Servytur demand\u00f3 al gobierno federal promover al sector tur\u00edstico, pues de mantener una inactividad al respecto puede traer graves consecuencias.","twitter_image":"https:\/\/nitu.mx\/wp-content\/uploads\/2017\/08\/turistas-cancun.jpg","twitter_creator":"@NITUmx","twitter_site":"@Arturo_Medina_G","twitter_misc":{"Escrito por":"Redacci\u00f3n","Tiempo de lectura":"2 minutos"},"schema":{"@context":"https:\/\/schema.org","@graph":[{"@type":"Article","@id":"https:\/\/nitu.mx\/index.php\/2019\/08\/04\/concanaco-demanda-al-gobierno-federal-promover-la-actividad-turistica\/#article","isPartOf":{"@id":"https:\/\/nitu.mx\/index.php\/2019\/08\/04\/concanaco-demanda-al-gobierno-federal-promover-la-actividad-turistica\/"},"author":{"name":"Redacci\u00f3n","@id":"https:\/\/nitu.mx\/#\/schema\/person\/4a28fe9bd65924f7c90623773daf1b0b"},"headline":"Concanaco demanda al gobierno federal promover la actividad tur\u00edstica","datePublished":"2019-08-05T04:29:05+00:00","dateModified":"2019-08-05T05:00:11+00:00","mainEntityOfPage":{"@id":"https:\/\/nitu.mx\/index.php\/2019\/08\/04\/concanaco-demanda-al-gobierno-federal-promover-la-actividad-turistica\/"},"wordCount":467,"commentCount":0,"publisher":{"@id":"https:\/\/nitu.mx\/#\/schema\/person\/ae7a53426417292d3dd07b45a33e01bc"},"image":{"@id":"https:\/\/nitu.mx\/index.php\/2019\/08\/04\/concanaco-demanda-al-gobierno-federal-promover-la-actividad-turistica\/#primaryimage"},"thumbnailUrl":"https:\/\/nitu.mx\/wp-content\/uploads\/2017\/08\/turistas-cancun.jpg","keywords":["Concanaco Servytur","Jos\u00e9 Manuel L\u00f3pez Campos","PND"],"articleSection":["Marketing","M\u00e9xico"],"inLanguage":"es-MX","potentialAction":[{"@type":"CommentAction","name":"Comment","target":["https:\/\/nitu.mx\/index.php\/2019\/08\/04\/concanaco-demanda-al-gobierno-federal-promover-la-actividad-turistica\/#respond"]}]},{"@type":"WebPage","@id":"https:\/\/nitu.mx\/index.php\/2019\/08\/04\/concanaco-demanda-al-gobierno-federal-promover-la-actividad-turistica\/","url":"https:\/\/nitu.mx\/index.php\/2019\/08\/04\/concanaco-demanda-al-gobierno-federal-promover-la-actividad-turistica\/","name":"Concanaco demanda al gobierno federal promover la actividad tur\u00edstica - Nitu - Noticias de la Industria Turistica","isPartOf":{"@id":"https:\/\/nitu.mx\/#website"},"primaryImageOfPage":{"@id":"https:\/\/nitu.mx\/index.php\/2019\/08\/04\/concanaco-demanda-al-gobierno-federal-promover-la-actividad-turistica\/#primaryimage"},"image":{"@id":"https:\/\/nitu.mx\/index.php\/2019\/08\/04\/concanaco-demanda-al-gobierno-federal-promover-la-actividad-turistica\/#primaryimage"},"thumbnailUrl":"https:\/\/nitu.mx\/wp-content\/uploads\/2017\/08\/turistas-cancun.jpg","datePublished":"2019-08-05T04:29:05+00:00","dateModified":"2019-08-05T05:00:11+00:00","description":"Concanaco Servytur demand\u00f3 al gobierno federal promover al sector tur\u00edstico, pues de mantener una inactividad al respecto puede traer graves consecuencias.","breadcrumb":{"@id":"https:\/\/nitu.mx\/index.php\/2019\/08\/04\/concanaco-demanda-al-gobierno-federal-promover-la-actividad-turistica\/#breadcrumb"},"inLanguage":"es-MX","potentialAction":[{"@type":"ReadAction","target":["https:\/\/nitu.mx\/index.php\/2019\/08\/04\/concanaco-demanda-al-gobierno-federal-promover-la-actividad-turistica\/"]}]},{"@type":"ImageObject","inLanguage":"es-MX","@id":"https:\/\/nitu.mx\/index.php\/2019\/08\/04\/concanaco-demanda-al-gobierno-federal-promover-la-actividad-turistica\/#primaryimage","url":"https:\/\/nitu.mx\/wp-content\/uploads\/2017\/08\/turistas-cancun.jpg","contentUrl":"https:\/\/nitu.mx\/wp-content\/uploads\/2017\/08\/turistas-cancun.jpg","width":850,"height":480,"caption":"CPTM turistas canc\u00fan advertencia ARPCM PROFECO coparmex ALG alertas de viaje"},{"@type":"BreadcrumbList","@id":"https:\/\/nitu.mx\/index.php\/2019\/08\/04\/concanaco-demanda-al-gobierno-federal-promover-la-actividad-turistica\/#breadcrumb","itemListElement":[{"@type":"ListItem","position":1,"name":"Inicio","item":"https:\/\/nitu.mx\/"},{"@type":"ListItem","position":2,"name":"Concanaco demanda al gobierno federal promover la actividad tur\u00edstica"}]},{"@type":"WebSite","@id":"https:\/\/nitu.mx\/#website","url":"https:\/\/nitu.mx\/","name":"Nitu - Noticias de la Industria Turistica","description":"Noticias de la Industria Turistica","publisher":{"@id":"https:\/\/nitu.mx\/#\/schema\/person\/ae7a53426417292d3dd07b45a33e01bc"},"alternateName":"Noticias de la Industria Turistica","potentialAction":[{"@type":"SearchAction","target":{"@type":"EntryPoint","urlTemplate":"https:\/\/nitu.mx\/?s={search_term_string}"},"query-input":"required name=search_term_string"}],"inLanguage":"es-MX"},{"@type":["Person","Organization"],"@id":"https:\/\/nitu.mx\/#\/schema\/person\/ae7a53426417292d3dd07b45a33e01bc","name":"Arturo Medina","image":{"@type":"ImageObject","inLanguage":"es-MX","@id":"https:\/\/nitu.mx\/#\/schema\/person\/image\/","url":"https:\/\/nitu.mx\/wp-content\/uploads\/2024\/04\/4A315622-1904-4D5C-B022-878CDC840E04-90x90-1.jpeg","contentUrl":"https:\/\/nitu.mx\/wp-content\/uploads\/2024\/04\/4A315622-1904-4D5C-B022-878CDC840E04-90x90-1.jpeg","width":90,"height":90,"caption":"Arturo Medina"},"logo":{"@id":"https:\/\/nitu.mx\/#\/schema\/person\/image\/"},"description":"Director NITU.mx, Egresado de la Escuela de Periodismo Carlos Septi\u00e9n Garc\u00eda. Periodista y analista especializado en turismo desde hace 35 a\u00f1os, radicado en Canc\u00fan Q.Roo. arturo@nitu.mx","sameAs":["https:\/\/nitu.mx","https:\/\/www.facebook.com\/NITUmx\/","medinacancun","https:\/\/twitter.com\/@Arturo_Medina_G"]},{"@type":"Person","@id":"https:\/\/nitu.mx\/#\/schema\/person\/4a28fe9bd65924f7c90623773daf1b0b","name":"Redacci\u00f3n","image":{"@type":"ImageObject","inLanguage":"es-MX","@id":"https:\/\/nitu.mx\/#\/schema\/person\/image\/","url":"https:\/\/secure.gravatar.com\/avatar\/5dd011c8ccfc5cd7e4c81e42252aab38?s=96&d=mm&r=g","contentUrl":"https:\/\/secure.gravatar.com\/avatar\/5dd011c8ccfc5cd7e4c81e42252aab38?s=96&d=mm&r=g","caption":"Redacci\u00f3n"},"url":"https:\/\/nitu.mx\/index.php\/author\/redaccion\/"}]}},"views":229,"_links":{"self":[{"href":"https:\/\/nitu.mx\/index.php\/wp-json\/wp\/v2\/posts\/34196"}],"collection":[{"href":"https:\/\/nitu.mx\/index.php\/wp-json\/wp\/v2\/posts"}],"about":[{"href":"https:\/\/nitu.mx\/index.php\/wp-json\/wp\/v2\/types\/post"}],"author":[{"embeddable":true,"href":"https:\/\/nitu.mx\/index.php\/wp-json\/wp\/v2\/users\/17"}],"replies":[{"embeddable":true,"href":"https:\/\/nitu.mx\/index.php\/wp-json\/wp\/v2\/comments?post=34196"}],"version-history":[{"count":3,"href":"https:\/\/nitu.mx\/index.php\/wp-json\/wp\/v2\/posts\/34196\/revisions"}],"predecessor-version":[{"id":34207,"href":"https:\/\/nitu.mx\/index.php\/wp-json\/wp\/v2\/posts\/34196\/revisions\/34207"}],"wp:featuredmedia":[{"embeddable":true,"href":"https:\/\/nitu.mx\/index.php\/wp-json\/wp\/v2\/media\/12487"}],"wp:attachment":[{"href":"https:\/\/nitu.mx\/index.php\/wp-json\/wp\/v2\/media?parent=34196"}],"wp:term":[{"taxonomy":"category","embeddable":true,"href":"https:\/\/nitu.mx\/index.php\/wp-json\/wp\/v2\/categories?post=34196"},{"taxonomy":"post_tag","embeddable":true,"href":"https:\/\/nitu.mx\/index.php\/wp-json\/wp\/v2\/tags?post=34196"}],"curies":[{"name":"wp","href":"https:\/\/api.w.org\/{rel}","templated":true}]}}