{"id":34039,"date":"2019-07-30T01:16:14","date_gmt":"2019-07-30T06:16:14","guid":{"rendered":"https:\/\/www.dev.nitu.mx\/?p=34039"},"modified":"2019-07-30T01:17:14","modified_gmt":"2019-07-30T06:17:14","slug":"suman-a-capella-en-gira-de-promocion-en-washington","status":"publish","type":"post","link":"https:\/\/nitu.mx\/index.php\/2019\/07\/30\/suman-a-capella-en-gira-de-promocion-en-washington\/","title":{"rendered":"Suman a Capella en gira de promoci\u00f3n en Washington"},"content":{"rendered":"<p>Washington.- Para impulsar la promoci\u00f3n tur\u00edstica e incrementar el flujo de visitantes estadounidenses a los destinos de Quintana Roo, el gobernador Carlos Joaqu\u00edn encabeza una gira de trabajo de tres d\u00edas en Washington, donde sostendr\u00e1 encuentros con autoridades del vecino pa\u00eds del norte, mayoristas, touroperadores, aerol\u00edneas y medios de comunicaci\u00f3n, en la delegaci\u00f3n, se a incluido al Secretario de Seguridad Publica est\u00e1n Jos\u00e9 Alberto Capella, pues los temas de seguridad son fundamentales en las reuniones programadas.<\/p>\n<blockquote class=\"twitter-tweet\" data-width=\"550\" data-dnt=\"true\">\n<p lang=\"es\" dir=\"ltr\">\ud83c\uddfa\ud83c\uddf8Hoy inicio una gira de trabajo en <a href=\"https:\/\/twitter.com\/hashtag\/Washington?src=hash&amp;ref_src=twsrc%5Etfw\">#Washington<\/a>, <a href=\"https:\/\/twitter.com\/hashtag\/EstadosUnidos?src=hash&amp;ref_src=twsrc%5Etfw\">#EstadosUnidos<\/a>, nuestro principal mercado tur\u00edstico extranjero. Seguimos trabajando para incrementar los visitantes de este pa\u00eds a nuestro estado y mantener nuestro liderazgo internacional. <a href=\"https:\/\/twitter.com\/SedeturQROO?ref_src=twsrc%5Etfw\">@SedeturQROO<\/a> <a href=\"https:\/\/t.co\/DaaiqCrv0r\">pic.twitter.com\/DaaiqCrv0r<\/a><\/p>\n<p>&mdash; Carlos Joaqu\u00edn (@CarlosJoaquin) <a href=\"https:\/\/twitter.com\/CarlosJoaquin\/status\/1155861608482181120?ref_src=twsrc%5Etfw\">July 29, 2019<\/a><\/p><\/blockquote>\n<p><script async src=\"https:\/\/platform.twitter.com\/widgets.js\" charset=\"utf-8\"><\/script><\/p>\n<p>El gobernador Carlos Joaqu\u00edn acudir\u00e1 al Departamento de Estado, donde se reunir\u00e1 con autoridades estadounidenses para fortalecer los lazos de unidad en materia tur\u00edstica, presentar la actualizaci\u00f3n de la estrategia de seguridad y los resultados enfocados en devolver la paz y la tranquilidad a las familias de Quintana Roo.<\/p>\n<p>A esto se suman la aplicaci\u00f3n del Modelo Nacional de Polic\u00eda y Justicia C\u00edvica, la coordinaci\u00f3n de la Guardia Nacional y la operaci\u00f3n del Mando \u00danico, de tecnolog\u00eda de punta e inversi\u00f3n en c\u00e1maras de seguridad, aplicaci\u00f3n de controles de confianza y profesionalizaci\u00f3n de elementos de seguridad encaminados a mejorar la capacidad de respuesta para la seguridad de la gente.<\/p>\n<p>La delegaci\u00f3n de Quintana Roo en Washington, Estados Unidos, est\u00e1 compuesta por los titulares de la Secretar\u00eda de Seguridad P\u00fablica Jes\u00fas Alberto Capella y de Turismo Marisol Vanegas P\u00e9rez, Dar\u00edo Flota Ocampo director general del Consejo de Promoci\u00f3n Tur\u00edstica de Quintana Roo y Roberto Cintr\u00f3n G\u00f3mez, presidente de la Asociaci\u00f3n de Hoteles de Canc\u00fan y Puerto Morelos.<\/p>\n<p>En lo que va del a\u00f1o de 2019, Quintana Roo reporta el arribo de un mill\u00f3n 819 mil 247 turistas estadounidenses, con una estancia promedio de 5.9 d\u00edas, lo que contribuye a la generaci\u00f3n de m\u00e1s empleos, mejor pagados, para los quintanarroenses, ya que el estadounidense es el principal mercado tur\u00edstico para la entidad.<\/p>\n<p>Entre los encuentros que sostendr\u00e1 el gobernador Carlos Joaqu\u00edn en Washington se encuentran reuniones con Phil Lovas, subsecretario adjunto de la oficina de Viajes y Turismo del Departamento de Comercio de los Estados Unidos; Brian Beall, director adjunto, Pol\u00edtica y Planificaci\u00f3n de la Oficina Nacional de Viajes y Turismo Departamento de Comercio de Estados Unidos; Martha B\u00e1rcena Coqui, embajadora de M\u00e9xico en Washington; Ian Brownlee, subsecretario adjunto de Asuntos Consulares; Hugo Rodr\u00edguez, subsecretario adjunto del Hemisferio Occidental, y directores generales de relaciones interinstitucionales de l\u00edneas a\u00e9reas.<\/p>\n<p>Durante la gira en Washington, el gobernador Carlos Joaqu\u00edn tambi\u00e9n abordar\u00e1 temas como el arribo at\u00edpico de sargazo, fen\u00f3meno que se presenta en las costas de Quintana Roo, pero cuya presencia es ni todos los d\u00edas ni en todas las playas.<\/p>\n","protected":false},"excerpt":{"rendered":"<p>Washington.- Para impulsar la promoci\u00f3n tur\u00edstica e incrementar el flujo de visitantes estadounidenses a los destinos de Quintana Roo, el gobernador Carlos Joaqu\u00edn encabeza una gira de trabajo de tres d\u00edas en Washington, donde sostendr\u00e1 encuentros con autoridades del vecino pa\u00eds del norte, mayoristas, touroperadores, aerol\u00edneas y medios de comunicaci\u00f3n, en la delegaci\u00f3n, se a [&hellip;]<\/p>\n","protected":false},"author":17,"featured_media":34042,"comment_status":"open","ping_status":"open","sticky":false,"template":"","format":"standard","meta":{"footnotes":""},"categories":[7,12],"tags":[43,261,260],"yoast_head":"<!-- This site is optimized with the Yoast SEO plugin v22.2 - https:\/\/yoast.com\/wordpress\/plugins\/seo\/ -->\n<title>Suman a Capella en gira de promoci\u00f3n en Washington - Nitu - Noticias de la Industria Turistica<\/title>\n<meta name=\"robots\" content=\"index, follow, max-snippet:-1, max-image-preview:large, max-video-preview:-1\" \/>\n<link rel=\"canonical\" href=\"https:\/\/nitu.mx\/index.php\/2019\/07\/30\/suman-a-capella-en-gira-de-promocion-en-washington\/\" \/>\n<meta name=\"twitter:card\" content=\"summary_large_image\" \/>\n<meta name=\"twitter:title\" content=\"Suman a Capella en gira de promoci\u00f3n en Washington - Nitu - Noticias de la Industria Turistica\" \/>\n<meta name=\"twitter:description\" content=\"Washington.- Para impulsar la promoci\u00f3n tur\u00edstica e incrementar el flujo de visitantes estadounidenses a los destinos de Quintana Roo, el gobernador Carlos Joaqu\u00edn encabeza una gira de trabajo de tres d\u00edas en Washington, donde sostendr\u00e1 encuentros con autoridades del vecino pa\u00eds del norte, mayoristas, touroperadores, aerol\u00edneas y medios de comunicaci\u00f3n, en la delegaci\u00f3n, se a [&hellip;]\" \/>\n<meta name=\"twitter:image\" content=\"https:\/\/nitu.mx\/wp-content\/uploads\/2019\/07\/689FBFA4-F570-417D-98D9-86A4BB5A4C4F.jpeg\" \/>\n<meta name=\"twitter:creator\" content=\"@NITUmx\" \/>\n<meta name=\"twitter:site\" content=\"@Arturo_Medina_G\" \/>\n<meta name=\"twitter:label1\" content=\"Escrito por\" \/>\n\t<meta name=\"twitter:data1\" content=\"Redacci\u00f3n\" \/>\n\t<meta name=\"twitter:label2\" content=\"Tiempo de lectura\" \/>\n\t<meta name=\"twitter:data2\" content=\"2 minutos\" \/>\n<script type=\"application\/ld+json\" class=\"yoast-schema-graph\">{\"@context\":\"https:\/\/schema.org\",\"@graph\":[{\"@type\":\"Article\",\"@id\":\"https:\/\/nitu.mx\/index.php\/2019\/07\/30\/suman-a-capella-en-gira-de-promocion-en-washington\/#article\",\"isPartOf\":{\"@id\":\"https:\/\/nitu.mx\/index.php\/2019\/07\/30\/suman-a-capella-en-gira-de-promocion-en-washington\/\"},\"author\":{\"name\":\"Redacci\u00f3n\",\"@id\":\"https:\/\/nitu.mx\/#\/schema\/person\/4a28fe9bd65924f7c90623773daf1b0b\"},\"headline\":\"Suman a Capella en gira de promoci\u00f3n en Washington\",\"datePublished\":\"2019-07-30T06:16:14+00:00\",\"dateModified\":\"2019-07-30T06:17:14+00:00\",\"mainEntityOfPage\":{\"@id\":\"https:\/\/nitu.mx\/index.php\/2019\/07\/30\/suman-a-capella-en-gira-de-promocion-en-washington\/\"},\"wordCount\":489,\"commentCount\":0,\"publisher\":{\"@id\":\"https:\/\/nitu.mx\/#\/schema\/person\/ae7a53426417292d3dd07b45a33e01bc\"},\"image\":{\"@id\":\"https:\/\/nitu.mx\/index.php\/2019\/07\/30\/suman-a-capella-en-gira-de-promocion-en-washington\/#primaryimage\"},\"thumbnailUrl\":\"https:\/\/nitu.mx\/wp-content\/uploads\/2019\/07\/689FBFA4-F570-417D-98D9-86A4BB5A4C4F.jpeg\",\"keywords\":[\"Canc\u00fan\",\"Carlos Joaqu\u00edn Gonz\u00e1lez\",\"Quintana Roo\"],\"articleSection\":[\"Estados Unidos\",\"Marketing\"],\"inLanguage\":\"es-MX\",\"potentialAction\":[{\"@type\":\"CommentAction\",\"name\":\"Comment\",\"target\":[\"https:\/\/nitu.mx\/index.php\/2019\/07\/30\/suman-a-capella-en-gira-de-promocion-en-washington\/#respond\"]}]},{\"@type\":\"WebPage\",\"@id\":\"https:\/\/nitu.mx\/index.php\/2019\/07\/30\/suman-a-capella-en-gira-de-promocion-en-washington\/\",\"url\":\"https:\/\/nitu.mx\/index.php\/2019\/07\/30\/suman-a-capella-en-gira-de-promocion-en-washington\/\",\"name\":\"Suman a Capella en gira de promoci\u00f3n en Washington - Nitu - Noticias de la Industria Turistica\",\"isPartOf\":{\"@id\":\"https:\/\/nitu.mx\/#website\"},\"primaryImageOfPage\":{\"@id\":\"https:\/\/nitu.mx\/index.php\/2019\/07\/30\/suman-a-capella-en-gira-de-promocion-en-washington\/#primaryimage\"},\"image\":{\"@id\":\"https:\/\/nitu.mx\/index.php\/2019\/07\/30\/suman-a-capella-en-gira-de-promocion-en-washington\/#primaryimage\"},\"thumbnailUrl\":\"https:\/\/nitu.mx\/wp-content\/uploads\/2019\/07\/689FBFA4-F570-417D-98D9-86A4BB5A4C4F.jpeg\",\"datePublished\":\"2019-07-30T06:16:14+00:00\",\"dateModified\":\"2019-07-30T06:17:14+00:00\",\"breadcrumb\":{\"@id\":\"https:\/\/nitu.mx\/index.php\/2019\/07\/30\/suman-a-capella-en-gira-de-promocion-en-washington\/#breadcrumb\"},\"inLanguage\":\"es-MX\",\"potentialAction\":[{\"@type\":\"ReadAction\",\"target\":[\"https:\/\/nitu.mx\/index.php\/2019\/07\/30\/suman-a-capella-en-gira-de-promocion-en-washington\/\"]}]},{\"@type\":\"ImageObject\",\"inLanguage\":\"es-MX\",\"@id\":\"https:\/\/nitu.mx\/index.php\/2019\/07\/30\/suman-a-capella-en-gira-de-promocion-en-washington\/#primaryimage\",\"url\":\"https:\/\/nitu.mx\/wp-content\/uploads\/2019\/07\/689FBFA4-F570-417D-98D9-86A4BB5A4C4F.jpeg\",\"contentUrl\":\"https:\/\/nitu.mx\/wp-content\/uploads\/2019\/07\/689FBFA4-F570-417D-98D9-86A4BB5A4C4F.jpeg\",\"width\":585,\"height\":390},{\"@type\":\"BreadcrumbList\",\"@id\":\"https:\/\/nitu.mx\/index.php\/2019\/07\/30\/suman-a-capella-en-gira-de-promocion-en-washington\/#breadcrumb\",\"itemListElement\":[{\"@type\":\"ListItem\",\"position\":1,\"name\":\"Inicio\",\"item\":\"https:\/\/nitu.mx\/\"},{\"@type\":\"ListItem\",\"position\":2,\"name\":\"Suman a Capella en gira de promoci\u00f3n en Washington\"}]},{\"@type\":\"WebSite\",\"@id\":\"https:\/\/nitu.mx\/#website\",\"url\":\"https:\/\/nitu.mx\/\",\"name\":\"Nitu - Noticias de la Industria Turistica\",\"description\":\"Noticias de la Industria Turistica\",\"publisher\":{\"@id\":\"https:\/\/nitu.mx\/#\/schema\/person\/ae7a53426417292d3dd07b45a33e01bc\"},\"alternateName\":\"Noticias de la Industria Turistica\",\"potentialAction\":[{\"@type\":\"SearchAction\",\"target\":{\"@type\":\"EntryPoint\",\"urlTemplate\":\"https:\/\/nitu.mx\/?s={search_term_string}\"},\"query-input\":\"required name=search_term_string\"}],\"inLanguage\":\"es-MX\"},{\"@type\":[\"Person\",\"Organization\"],\"@id\":\"https:\/\/nitu.mx\/#\/schema\/person\/ae7a53426417292d3dd07b45a33e01bc\",\"name\":\"Arturo Medina\",\"image\":{\"@type\":\"ImageObject\",\"inLanguage\":\"es-MX\",\"@id\":\"https:\/\/nitu.mx\/#\/schema\/person\/image\/\",\"url\":\"https:\/\/nitu.mx\/wp-content\/uploads\/2024\/04\/4A315622-1904-4D5C-B022-878CDC840E04-90x90-1.jpeg\",\"contentUrl\":\"https:\/\/nitu.mx\/wp-content\/uploads\/2024\/04\/4A315622-1904-4D5C-B022-878CDC840E04-90x90-1.jpeg\",\"width\":90,\"height\":90,\"caption\":\"Arturo Medina\"},\"logo\":{\"@id\":\"https:\/\/nitu.mx\/#\/schema\/person\/image\/\"},\"description\":\"Director NITU.mx, Egresado de la Escuela de Periodismo Carlos Septi\u00e9n Garc\u00eda. Periodista y analista especializado en turismo desde hace 35 a\u00f1os, radicado en Canc\u00fan Q.Roo. arturo@nitu.mx\",\"sameAs\":[\"https:\/\/nitu.mx\",\"https:\/\/www.facebook.com\/NITUmx\/\",\"medinacancun\",\"https:\/\/twitter.com\/@Arturo_Medina_G\"]},{\"@type\":\"Person\",\"@id\":\"https:\/\/nitu.mx\/#\/schema\/person\/4a28fe9bd65924f7c90623773daf1b0b\",\"name\":\"Redacci\u00f3n\",\"image\":{\"@type\":\"ImageObject\",\"inLanguage\":\"es-MX\",\"@id\":\"https:\/\/nitu.mx\/#\/schema\/person\/image\/\",\"url\":\"https:\/\/secure.gravatar.com\/avatar\/5dd011c8ccfc5cd7e4c81e42252aab38?s=96&d=mm&r=g\",\"contentUrl\":\"https:\/\/secure.gravatar.com\/avatar\/5dd011c8ccfc5cd7e4c81e42252aab38?s=96&d=mm&r=g\",\"caption\":\"Redacci\u00f3n\"},\"url\":\"https:\/\/nitu.mx\/index.php\/author\/redaccion\/\"}]}<\/script>\n<!-- \/ Yoast SEO plugin. -->","yoast_head_json":{"title":"Suman a Capella en gira de promoci\u00f3n en Washington - Nitu - Noticias de la Industria Turistica","robots":{"index":"index","follow":"follow","max-snippet":"max-snippet:-1","max-image-preview":"max-image-preview:large","max-video-preview":"max-video-preview:-1"},"canonical":"https:\/\/nitu.mx\/index.php\/2019\/07\/30\/suman-a-capella-en-gira-de-promocion-en-washington\/","twitter_card":"summary_large_image","twitter_title":"Suman a Capella en gira de promoci\u00f3n en Washington - Nitu - Noticias de la Industria Turistica","twitter_description":"Washington.- Para impulsar la promoci\u00f3n tur\u00edstica e incrementar el flujo de visitantes estadounidenses a los destinos de Quintana Roo, el gobernador Carlos Joaqu\u00edn encabeza una gira de trabajo de tres d\u00edas en Washington, donde sostendr\u00e1 encuentros con autoridades del vecino pa\u00eds del norte, mayoristas, touroperadores, aerol\u00edneas y medios de comunicaci\u00f3n, en la delegaci\u00f3n, se a [&hellip;]","twitter_image":"https:\/\/nitu.mx\/wp-content\/uploads\/2019\/07\/689FBFA4-F570-417D-98D9-86A4BB5A4C4F.jpeg","twitter_creator":"@NITUmx","twitter_site":"@Arturo_Medina_G","twitter_misc":{"Escrito por":"Redacci\u00f3n","Tiempo de lectura":"2 minutos"},"schema":{"@context":"https:\/\/schema.org","@graph":[{"@type":"Article","@id":"https:\/\/nitu.mx\/index.php\/2019\/07\/30\/suman-a-capella-en-gira-de-promocion-en-washington\/#article","isPartOf":{"@id":"https:\/\/nitu.mx\/index.php\/2019\/07\/30\/suman-a-capella-en-gira-de-promocion-en-washington\/"},"author":{"name":"Redacci\u00f3n","@id":"https:\/\/nitu.mx\/#\/schema\/person\/4a28fe9bd65924f7c90623773daf1b0b"},"headline":"Suman a Capella en gira de promoci\u00f3n en Washington","datePublished":"2019-07-30T06:16:14+00:00","dateModified":"2019-07-30T06:17:14+00:00","mainEntityOfPage":{"@id":"https:\/\/nitu.mx\/index.php\/2019\/07\/30\/suman-a-capella-en-gira-de-promocion-en-washington\/"},"wordCount":489,"commentCount":0,"publisher":{"@id":"https:\/\/nitu.mx\/#\/schema\/person\/ae7a53426417292d3dd07b45a33e01bc"},"image":{"@id":"https:\/\/nitu.mx\/index.php\/2019\/07\/30\/suman-a-capella-en-gira-de-promocion-en-washington\/#primaryimage"},"thumbnailUrl":"https:\/\/nitu.mx\/wp-content\/uploads\/2019\/07\/689FBFA4-F570-417D-98D9-86A4BB5A4C4F.jpeg","keywords":["Canc\u00fan","Carlos Joaqu\u00edn Gonz\u00e1lez","Quintana Roo"],"articleSection":["Estados Unidos","Marketing"],"inLanguage":"es-MX","potentialAction":[{"@type":"CommentAction","name":"Comment","target":["https:\/\/nitu.mx\/index.php\/2019\/07\/30\/suman-a-capella-en-gira-de-promocion-en-washington\/#respond"]}]},{"@type":"WebPage","@id":"https:\/\/nitu.mx\/index.php\/2019\/07\/30\/suman-a-capella-en-gira-de-promocion-en-washington\/","url":"https:\/\/nitu.mx\/index.php\/2019\/07\/30\/suman-a-capella-en-gira-de-promocion-en-washington\/","name":"Suman a Capella en gira de promoci\u00f3n en Washington - Nitu - Noticias de la Industria Turistica","isPartOf":{"@id":"https:\/\/nitu.mx\/#website"},"primaryImageOfPage":{"@id":"https:\/\/nitu.mx\/index.php\/2019\/07\/30\/suman-a-capella-en-gira-de-promocion-en-washington\/#primaryimage"},"image":{"@id":"https:\/\/nitu.mx\/index.php\/2019\/07\/30\/suman-a-capella-en-gira-de-promocion-en-washington\/#primaryimage"},"thumbnailUrl":"https:\/\/nitu.mx\/wp-content\/uploads\/2019\/07\/689FBFA4-F570-417D-98D9-86A4BB5A4C4F.jpeg","datePublished":"2019-07-30T06:16:14+00:00","dateModified":"2019-07-30T06:17:14+00:00","breadcrumb":{"@id":"https:\/\/nitu.mx\/index.php\/2019\/07\/30\/suman-a-capella-en-gira-de-promocion-en-washington\/#breadcrumb"},"inLanguage":"es-MX","potentialAction":[{"@type":"ReadAction","target":["https:\/\/nitu.mx\/index.php\/2019\/07\/30\/suman-a-capella-en-gira-de-promocion-en-washington\/"]}]},{"@type":"ImageObject","inLanguage":"es-MX","@id":"https:\/\/nitu.mx\/index.php\/2019\/07\/30\/suman-a-capella-en-gira-de-promocion-en-washington\/#primaryimage","url":"https:\/\/nitu.mx\/wp-content\/uploads\/2019\/07\/689FBFA4-F570-417D-98D9-86A4BB5A4C4F.jpeg","contentUrl":"https:\/\/nitu.mx\/wp-content\/uploads\/2019\/07\/689FBFA4-F570-417D-98D9-86A4BB5A4C4F.jpeg","width":585,"height":390},{"@type":"BreadcrumbList","@id":"https:\/\/nitu.mx\/index.php\/2019\/07\/30\/suman-a-capella-en-gira-de-promocion-en-washington\/#breadcrumb","itemListElement":[{"@type":"ListItem","position":1,"name":"Inicio","item":"https:\/\/nitu.mx\/"},{"@type":"ListItem","position":2,"name":"Suman a Capella en gira de promoci\u00f3n en Washington"}]},{"@type":"WebSite","@id":"https:\/\/nitu.mx\/#website","url":"https:\/\/nitu.mx\/","name":"Nitu - Noticias de la Industria Turistica","description":"Noticias de la Industria Turistica","publisher":{"@id":"https:\/\/nitu.mx\/#\/schema\/person\/ae7a53426417292d3dd07b45a33e01bc"},"alternateName":"Noticias de la Industria Turistica","potentialAction":[{"@type":"SearchAction","target":{"@type":"EntryPoint","urlTemplate":"https:\/\/nitu.mx\/?s={search_term_string}"},"query-input":"required name=search_term_string"}],"inLanguage":"es-MX"},{"@type":["Person","Organization"],"@id":"https:\/\/nitu.mx\/#\/schema\/person\/ae7a53426417292d3dd07b45a33e01bc","name":"Arturo Medina","image":{"@type":"ImageObject","inLanguage":"es-MX","@id":"https:\/\/nitu.mx\/#\/schema\/person\/image\/","url":"https:\/\/nitu.mx\/wp-content\/uploads\/2024\/04\/4A315622-1904-4D5C-B022-878CDC840E04-90x90-1.jpeg","contentUrl":"https:\/\/nitu.mx\/wp-content\/uploads\/2024\/04\/4A315622-1904-4D5C-B022-878CDC840E04-90x90-1.jpeg","width":90,"height":90,"caption":"Arturo Medina"},"logo":{"@id":"https:\/\/nitu.mx\/#\/schema\/person\/image\/"},"description":"Director NITU.mx, Egresado de la Escuela de Periodismo Carlos Septi\u00e9n Garc\u00eda. Periodista y analista especializado en turismo desde hace 35 a\u00f1os, radicado en Canc\u00fan Q.Roo. arturo@nitu.mx","sameAs":["https:\/\/nitu.mx","https:\/\/www.facebook.com\/NITUmx\/","medinacancun","https:\/\/twitter.com\/@Arturo_Medina_G"]},{"@type":"Person","@id":"https:\/\/nitu.mx\/#\/schema\/person\/4a28fe9bd65924f7c90623773daf1b0b","name":"Redacci\u00f3n","image":{"@type":"ImageObject","inLanguage":"es-MX","@id":"https:\/\/nitu.mx\/#\/schema\/person\/image\/","url":"https:\/\/secure.gravatar.com\/avatar\/5dd011c8ccfc5cd7e4c81e42252aab38?s=96&d=mm&r=g","contentUrl":"https:\/\/secure.gravatar.com\/avatar\/5dd011c8ccfc5cd7e4c81e42252aab38?s=96&d=mm&r=g","caption":"Redacci\u00f3n"},"url":"https:\/\/nitu.mx\/index.php\/author\/redaccion\/"}]}},"views":222,"_links":{"self":[{"href":"https:\/\/nitu.mx\/index.php\/wp-json\/wp\/v2\/posts\/34039"}],"collection":[{"href":"https:\/\/nitu.mx\/index.php\/wp-json\/wp\/v2\/posts"}],"about":[{"href":"https:\/\/nitu.mx\/index.php\/wp-json\/wp\/v2\/types\/post"}],"author":[{"embeddable":true,"href":"https:\/\/nitu.mx\/index.php\/wp-json\/wp\/v2\/users\/17"}],"replies":[{"embeddable":true,"href":"https:\/\/nitu.mx\/index.php\/wp-json\/wp\/v2\/comments?post=34039"}],"version-history":[{"count":1,"href":"https:\/\/nitu.mx\/index.php\/wp-json\/wp\/v2\/posts\/34039\/revisions"}],"predecessor-version":[{"id":34041,"href":"https:\/\/nitu.mx\/index.php\/wp-json\/wp\/v2\/posts\/34039\/revisions\/34041"}],"wp:featuredmedia":[{"embeddable":true,"href":"https:\/\/nitu.mx\/index.php\/wp-json\/wp\/v2\/media\/34042"}],"wp:attachment":[{"href":"https:\/\/nitu.mx\/index.php\/wp-json\/wp\/v2\/media?parent=34039"}],"wp:term":[{"taxonomy":"category","embeddable":true,"href":"https:\/\/nitu.mx\/index.php\/wp-json\/wp\/v2\/categories?post=34039"},{"taxonomy":"post_tag","embeddable":true,"href":"https:\/\/nitu.mx\/index.php\/wp-json\/wp\/v2\/tags?post=34039"}],"curies":[{"name":"wp","href":"https:\/\/api.w.org\/{rel}","templated":true}]}}