{"id":34001,"date":"2019-07-29T21:52:03","date_gmt":"2019-07-30T02:52:03","guid":{"rendered":"https:\/\/www.dev.nitu.mx\/?p=34001"},"modified":"2019-07-30T00:09:28","modified_gmt":"2019-07-30T05:09:28","slug":"turisteros-de-alta-gama-se-reuniran-en-el-neextt-travel-trade-exchange-2019","status":"publish","type":"post","link":"https:\/\/nitu.mx\/index.php\/2019\/07\/29\/turisteros-de-alta-gama-se-reuniran-en-el-neextt-travel-trade-exchange-2019\/","title":{"rendered":"Turisteros de alta gama se reunir\u00e1n en el NEEXTT Travel Trade Exchange 2019"},"content":{"rendered":"<p>El hotel Hard Rock Riviera Maya ser\u00e1 la sede de la sexta edici\u00f3n del NEEXTT Travel Trade Exchange 2019, evento que re\u00fane a los directivos innovadores y visionarios de alto nivel de la industria tur\u00edstica, y que se llevar\u00e1 a cabo del 10 al 13 de septiembre pr\u00f3ximos.<\/p>\n<p>El exclusivo evento, desarrollado por Grupo BT Brands Travel, representa una oportunidad de negocios y networking entre los asistentes nacionales e internacionales especializados en el segmento de viajes de lujo y de incentivos principalmente.<\/p>\n<p>Para esta edici\u00f3n del NEEXTT Travel Trade Exchange est\u00e1 confirmada la presencia de alrededor de 40 expositores, entre los que destacan Dallas, Alaska RailRoad, Anchorage, Barcel\u00f3, Catalonia, Dorado Plaza, Grupo Posadas, Hard Rock Hotels, Houston, Naples, Tampa, NYC, JW Marriot Los Cabos, Los Cabos, The Cape Los Cabos, Princess Cruises, Michoac\u00e1n, Zacatecas, Oasis, entre otros.<\/p>\n<p>Se estima la asistencia de 50 compradores seleccionados de alto nivel, quienes sostendr\u00e1n citas de negocio uno a uno, en las que se esperan resultados de gran impacto en este segmento del turismo.<\/p>\n<p>Parte del objetivo del encuentro es destacar los temas relacionados con la tecnolog\u00eda, el marketing y las tendencias exitosas del turismo, de ah\u00ed que para agendar las al menos 35 reuniones, los compradores deber\u00e1n usar una plataforma en l\u00ednea para escoger los expositores con quienes creen poder tener un negocio exitoso, si \u00e9ste acepta la reuni\u00f3n, autom\u00e1ticamente se hace la cita.<\/p>\n<p>Durante los tres d\u00edas del evento tambi\u00e9n habr\u00e1 una serie de conferencias, presentaciones y paneles tem\u00e1ticos, relacionados con estos y otros temas de inter\u00e9s. El CEO de Grupo BT Brands Travel, coment\u00f3: \u201cCon esta sexta edici\u00f3n y la participaci\u00f3n de expositores de M\u00e9xico, Norte Am\u00e9rica, el Caribe y Sudam\u00e9rica, buscamos consolidar #NEEXTT Travel Trade Exchange 2019 como el principal evento en M\u00e9xico para los segmentos de leisure, individual o grupo, de alta gama\u201d.<\/p>\n<p>El ejecutivo agreg\u00f3 \u201cel evento se ha convertido en una perfecta alternativa para los hoteles boutique y hoteles independientes que buscan un foro para reunirse con los principales compradores que atienden este segmento\u201d.\u00a0<a title=\"Caribe mexicano se destaca con gastronom\u00eda de lujo y espect\u00e1culos internacionales\" href=\"https:\/\/www.dev.nitu.mx\/index.php\/2019\/01\/29\/caribe-mexicano-se-destaca-con-gastronomia-de-lujo-y-espectaculos-internacionales\/\" rel=\"bookmark\">(Caribe mexicano se destaca con gastronom\u00eda de lujo y espect\u00e1culos internacionales<\/a>).<\/p>\n","protected":false},"excerpt":{"rendered":"<p>El hotel Hard Rock Riviera Maya ser\u00e1 la sede de la sexta edici\u00f3n del NEEXTT Travel Trade Exchange 2019, evento que re\u00fane a los directivos innovadores y visionarios de alto nivel de la industria tur\u00edstica, y que se llevar\u00e1 a cabo del 10 al 13 de septiembre pr\u00f3ximos. El exclusivo evento, desarrollado por Grupo BT [&hellip;]<\/p>\n","protected":false},"author":5,"featured_media":34003,"comment_status":"open","ping_status":"open","sticky":false,"template":"","format":"standard","meta":{"footnotes":""},"categories":[3,12],"tags":[3640,16783,16782,7687,16784],"yoast_head":"<!-- This site is optimized with the Yoast SEO plugin v22.2 - https:\/\/yoast.com\/wordpress\/plugins\/seo\/ -->\n<title>Turisteros de alta gama se reunir\u00e1n en el NEEXTT Travel Trade Exchange 2019 - Nitu - Noticias de la Industria Turistica<\/title>\n<meta name=\"description\" content=\"El hotel Hard Rock Riviera Maya ser\u00e1 la sede de la sexta edici\u00f3n del NEEXTT Travel Trade Exchange 2019, del 10 al 13 de septiembre pr\u00f3ximos.\" \/>\n<meta name=\"robots\" content=\"index, follow, max-snippet:-1, max-image-preview:large, max-video-preview:-1\" \/>\n<link rel=\"canonical\" href=\"https:\/\/nitu.mx\/index.php\/2019\/07\/29\/turisteros-de-alta-gama-se-reuniran-en-el-neextt-travel-trade-exchange-2019\/\" \/>\n<meta name=\"twitter:card\" content=\"summary_large_image\" \/>\n<meta name=\"twitter:title\" content=\"Turisteros de alta gama se reunir\u00e1n en el NEEXTT Travel Trade Exchange 2019 - Nitu - Noticias de la Industria Turistica\" \/>\n<meta name=\"twitter:description\" content=\"El hotel Hard Rock Riviera Maya ser\u00e1 la sede de la sexta edici\u00f3n del NEEXTT Travel Trade Exchange 2019, del 10 al 13 de septiembre pr\u00f3ximos.\" \/>\n<meta name=\"twitter:image\" content=\"https:\/\/nitu.mx\/wp-content\/uploads\/2019\/07\/NEEXTT-Travel-Trade-Exchange.jpg\" \/>\n<meta name=\"twitter:creator\" content=\"@NITUmx\" \/>\n<meta name=\"twitter:site\" content=\"@Arturo_Medina_G\" \/>\n<meta name=\"twitter:label1\" content=\"Escrito por\" \/>\n\t<meta name=\"twitter:data1\" content=\"Mari Soto\" \/>\n\t<meta name=\"twitter:label2\" content=\"Tiempo de lectura\" \/>\n\t<meta name=\"twitter:data2\" content=\"2 minutos\" \/>\n<script type=\"application\/ld+json\" class=\"yoast-schema-graph\">{\"@context\":\"https:\/\/schema.org\",\"@graph\":[{\"@type\":\"Article\",\"@id\":\"https:\/\/nitu.mx\/index.php\/2019\/07\/29\/turisteros-de-alta-gama-se-reuniran-en-el-neextt-travel-trade-exchange-2019\/#article\",\"isPartOf\":{\"@id\":\"https:\/\/nitu.mx\/index.php\/2019\/07\/29\/turisteros-de-alta-gama-se-reuniran-en-el-neextt-travel-trade-exchange-2019\/\"},\"author\":{\"name\":\"Mari Soto\",\"@id\":\"https:\/\/nitu.mx\/#\/schema\/person\/afc52e313e27e660739556d421d3d6b4\"},\"headline\":\"Turisteros de alta gama se reunir\u00e1n en el NEEXTT Travel Trade Exchange 2019\",\"datePublished\":\"2019-07-30T02:52:03+00:00\",\"dateModified\":\"2019-07-30T05:09:28+00:00\",\"mainEntityOfPage\":{\"@id\":\"https:\/\/nitu.mx\/index.php\/2019\/07\/29\/turisteros-de-alta-gama-se-reuniran-en-el-neextt-travel-trade-exchange-2019\/\"},\"wordCount\":378,\"commentCount\":0,\"publisher\":{\"@id\":\"https:\/\/nitu.mx\/#\/schema\/person\/ae7a53426417292d3dd07b45a33e01bc\"},\"image\":{\"@id\":\"https:\/\/nitu.mx\/index.php\/2019\/07\/29\/turisteros-de-alta-gama-se-reuniran-en-el-neextt-travel-trade-exchange-2019\/#primaryimage\"},\"thumbnailUrl\":\"https:\/\/nitu.mx\/wp-content\/uploads\/2019\/07\/NEEXTT-Travel-Trade-Exchange.jpg\",\"keywords\":[\": Hard Rock Hotel Rivera Maya\",\"BT Brands Travel\",\"NEEXTT Travel Trade Exchange\",\"turismo de lujo\",\"viajes de incentivo\"],\"articleSection\":[\"Agencias de Viajes\",\"Marketing\"],\"inLanguage\":\"es-MX\",\"potentialAction\":[{\"@type\":\"CommentAction\",\"name\":\"Comment\",\"target\":[\"https:\/\/nitu.mx\/index.php\/2019\/07\/29\/turisteros-de-alta-gama-se-reuniran-en-el-neextt-travel-trade-exchange-2019\/#respond\"]}]},{\"@type\":\"WebPage\",\"@id\":\"https:\/\/nitu.mx\/index.php\/2019\/07\/29\/turisteros-de-alta-gama-se-reuniran-en-el-neextt-travel-trade-exchange-2019\/\",\"url\":\"https:\/\/nitu.mx\/index.php\/2019\/07\/29\/turisteros-de-alta-gama-se-reuniran-en-el-neextt-travel-trade-exchange-2019\/\",\"name\":\"Turisteros de alta gama se reunir\u00e1n en el NEEXTT Travel Trade Exchange 2019 - Nitu - Noticias de la Industria Turistica\",\"isPartOf\":{\"@id\":\"https:\/\/nitu.mx\/#website\"},\"primaryImageOfPage\":{\"@id\":\"https:\/\/nitu.mx\/index.php\/2019\/07\/29\/turisteros-de-alta-gama-se-reuniran-en-el-neextt-travel-trade-exchange-2019\/#primaryimage\"},\"image\":{\"@id\":\"https:\/\/nitu.mx\/index.php\/2019\/07\/29\/turisteros-de-alta-gama-se-reuniran-en-el-neextt-travel-trade-exchange-2019\/#primaryimage\"},\"thumbnailUrl\":\"https:\/\/nitu.mx\/wp-content\/uploads\/2019\/07\/NEEXTT-Travel-Trade-Exchange.jpg\",\"datePublished\":\"2019-07-30T02:52:03+00:00\",\"dateModified\":\"2019-07-30T05:09:28+00:00\",\"description\":\"El hotel Hard Rock Riviera Maya ser\u00e1 la sede de la sexta edici\u00f3n del NEEXTT Travel Trade Exchange 2019, del 10 al 13 de septiembre pr\u00f3ximos.\",\"breadcrumb\":{\"@id\":\"https:\/\/nitu.mx\/index.php\/2019\/07\/29\/turisteros-de-alta-gama-se-reuniran-en-el-neextt-travel-trade-exchange-2019\/#breadcrumb\"},\"inLanguage\":\"es-MX\",\"potentialAction\":[{\"@type\":\"ReadAction\",\"target\":[\"https:\/\/nitu.mx\/index.php\/2019\/07\/29\/turisteros-de-alta-gama-se-reuniran-en-el-neextt-travel-trade-exchange-2019\/\"]}]},{\"@type\":\"ImageObject\",\"inLanguage\":\"es-MX\",\"@id\":\"https:\/\/nitu.mx\/index.php\/2019\/07\/29\/turisteros-de-alta-gama-se-reuniran-en-el-neextt-travel-trade-exchange-2019\/#primaryimage\",\"url\":\"https:\/\/nitu.mx\/wp-content\/uploads\/2019\/07\/NEEXTT-Travel-Trade-Exchange.jpg\",\"contentUrl\":\"https:\/\/nitu.mx\/wp-content\/uploads\/2019\/07\/NEEXTT-Travel-Trade-Exchange.jpg\",\"width\":850,\"height\":480,\"caption\":\"NEEXTT Travel Trade Exchange\"},{\"@type\":\"BreadcrumbList\",\"@id\":\"https:\/\/nitu.mx\/index.php\/2019\/07\/29\/turisteros-de-alta-gama-se-reuniran-en-el-neextt-travel-trade-exchange-2019\/#breadcrumb\",\"itemListElement\":[{\"@type\":\"ListItem\",\"position\":1,\"name\":\"Inicio\",\"item\":\"https:\/\/nitu.mx\/\"},{\"@type\":\"ListItem\",\"position\":2,\"name\":\"Turisteros de alta gama se reunir\u00e1n en el NEEXTT Travel Trade Exchange 2019\"}]},{\"@type\":\"WebSite\",\"@id\":\"https:\/\/nitu.mx\/#website\",\"url\":\"https:\/\/nitu.mx\/\",\"name\":\"Nitu - Noticias de la Industria Turistica\",\"description\":\"Noticias de la Industria Turistica\",\"publisher\":{\"@id\":\"https:\/\/nitu.mx\/#\/schema\/person\/ae7a53426417292d3dd07b45a33e01bc\"},\"alternateName\":\"Noticias de la Industria Turistica\",\"potentialAction\":[{\"@type\":\"SearchAction\",\"target\":{\"@type\":\"EntryPoint\",\"urlTemplate\":\"https:\/\/nitu.mx\/?s={search_term_string}\"},\"query-input\":\"required name=search_term_string\"}],\"inLanguage\":\"es-MX\"},{\"@type\":[\"Person\",\"Organization\"],\"@id\":\"https:\/\/nitu.mx\/#\/schema\/person\/ae7a53426417292d3dd07b45a33e01bc\",\"name\":\"Arturo Medina\",\"image\":{\"@type\":\"ImageObject\",\"inLanguage\":\"es-MX\",\"@id\":\"https:\/\/nitu.mx\/#\/schema\/person\/image\/\",\"url\":\"https:\/\/nitu.mx\/wp-content\/uploads\/2024\/04\/4A315622-1904-4D5C-B022-878CDC840E04-90x90-1.jpeg\",\"contentUrl\":\"https:\/\/nitu.mx\/wp-content\/uploads\/2024\/04\/4A315622-1904-4D5C-B022-878CDC840E04-90x90-1.jpeg\",\"width\":90,\"height\":90,\"caption\":\"Arturo Medina\"},\"logo\":{\"@id\":\"https:\/\/nitu.mx\/#\/schema\/person\/image\/\"},\"description\":\"Director NITU.mx, Egresado de la Escuela de Periodismo Carlos Septi\u00e9n Garc\u00eda. Periodista y analista especializado en turismo desde hace 35 a\u00f1os, radicado en Canc\u00fan Q.Roo. arturo@nitu.mx\",\"sameAs\":[\"https:\/\/nitu.mx\",\"https:\/\/www.facebook.com\/NITUmx\/\",\"medinacancun\",\"https:\/\/twitter.com\/@Arturo_Medina_G\"]},{\"@type\":\"Person\",\"@id\":\"https:\/\/nitu.mx\/#\/schema\/person\/afc52e313e27e660739556d421d3d6b4\",\"name\":\"Mari Soto\",\"image\":{\"@type\":\"ImageObject\",\"inLanguage\":\"es-MX\",\"@id\":\"https:\/\/nitu.mx\/#\/schema\/person\/image\/\",\"url\":\"https:\/\/secure.gravatar.com\/avatar\/2619c282a180a20d89fcaea82a6736e2?s=96&d=mm&r=g\",\"contentUrl\":\"https:\/\/secure.gravatar.com\/avatar\/2619c282a180a20d89fcaea82a6736e2?s=96&d=mm&r=g\",\"caption\":\"Mari Soto\"},\"sameAs\":[\"https:\/\/nitu.mx\"],\"url\":\"https:\/\/nitu.mx\/index.php\/author\/guadalupe\/\"}]}<\/script>\n<!-- \/ Yoast SEO plugin. -->","yoast_head_json":{"title":"Turisteros de alta gama se reunir\u00e1n en el NEEXTT Travel Trade Exchange 2019 - Nitu - Noticias de la Industria Turistica","description":"El hotel Hard Rock Riviera Maya ser\u00e1 la sede de la sexta edici\u00f3n del NEEXTT Travel Trade Exchange 2019, del 10 al 13 de septiembre pr\u00f3ximos.","robots":{"index":"index","follow":"follow","max-snippet":"max-snippet:-1","max-image-preview":"max-image-preview:large","max-video-preview":"max-video-preview:-1"},"canonical":"https:\/\/nitu.mx\/index.php\/2019\/07\/29\/turisteros-de-alta-gama-se-reuniran-en-el-neextt-travel-trade-exchange-2019\/","twitter_card":"summary_large_image","twitter_title":"Turisteros de alta gama se reunir\u00e1n en el NEEXTT Travel Trade Exchange 2019 - Nitu - Noticias de la Industria Turistica","twitter_description":"El hotel Hard Rock Riviera Maya ser\u00e1 la sede de la sexta edici\u00f3n del NEEXTT Travel Trade Exchange 2019, del 10 al 13 de septiembre pr\u00f3ximos.","twitter_image":"https:\/\/nitu.mx\/wp-content\/uploads\/2019\/07\/NEEXTT-Travel-Trade-Exchange.jpg","twitter_creator":"@NITUmx","twitter_site":"@Arturo_Medina_G","twitter_misc":{"Escrito por":"Mari Soto","Tiempo de lectura":"2 minutos"},"schema":{"@context":"https:\/\/schema.org","@graph":[{"@type":"Article","@id":"https:\/\/nitu.mx\/index.php\/2019\/07\/29\/turisteros-de-alta-gama-se-reuniran-en-el-neextt-travel-trade-exchange-2019\/#article","isPartOf":{"@id":"https:\/\/nitu.mx\/index.php\/2019\/07\/29\/turisteros-de-alta-gama-se-reuniran-en-el-neextt-travel-trade-exchange-2019\/"},"author":{"name":"Mari Soto","@id":"https:\/\/nitu.mx\/#\/schema\/person\/afc52e313e27e660739556d421d3d6b4"},"headline":"Turisteros de alta gama se reunir\u00e1n en el NEEXTT Travel Trade Exchange 2019","datePublished":"2019-07-30T02:52:03+00:00","dateModified":"2019-07-30T05:09:28+00:00","mainEntityOfPage":{"@id":"https:\/\/nitu.mx\/index.php\/2019\/07\/29\/turisteros-de-alta-gama-se-reuniran-en-el-neextt-travel-trade-exchange-2019\/"},"wordCount":378,"commentCount":0,"publisher":{"@id":"https:\/\/nitu.mx\/#\/schema\/person\/ae7a53426417292d3dd07b45a33e01bc"},"image":{"@id":"https:\/\/nitu.mx\/index.php\/2019\/07\/29\/turisteros-de-alta-gama-se-reuniran-en-el-neextt-travel-trade-exchange-2019\/#primaryimage"},"thumbnailUrl":"https:\/\/nitu.mx\/wp-content\/uploads\/2019\/07\/NEEXTT-Travel-Trade-Exchange.jpg","keywords":[": Hard Rock Hotel Rivera Maya","BT Brands Travel","NEEXTT Travel Trade Exchange","turismo de lujo","viajes de incentivo"],"articleSection":["Agencias de Viajes","Marketing"],"inLanguage":"es-MX","potentialAction":[{"@type":"CommentAction","name":"Comment","target":["https:\/\/nitu.mx\/index.php\/2019\/07\/29\/turisteros-de-alta-gama-se-reuniran-en-el-neextt-travel-trade-exchange-2019\/#respond"]}]},{"@type":"WebPage","@id":"https:\/\/nitu.mx\/index.php\/2019\/07\/29\/turisteros-de-alta-gama-se-reuniran-en-el-neextt-travel-trade-exchange-2019\/","url":"https:\/\/nitu.mx\/index.php\/2019\/07\/29\/turisteros-de-alta-gama-se-reuniran-en-el-neextt-travel-trade-exchange-2019\/","name":"Turisteros de alta gama se reunir\u00e1n en el NEEXTT Travel Trade Exchange 2019 - Nitu - Noticias de la Industria Turistica","isPartOf":{"@id":"https:\/\/nitu.mx\/#website"},"primaryImageOfPage":{"@id":"https:\/\/nitu.mx\/index.php\/2019\/07\/29\/turisteros-de-alta-gama-se-reuniran-en-el-neextt-travel-trade-exchange-2019\/#primaryimage"},"image":{"@id":"https:\/\/nitu.mx\/index.php\/2019\/07\/29\/turisteros-de-alta-gama-se-reuniran-en-el-neextt-travel-trade-exchange-2019\/#primaryimage"},"thumbnailUrl":"https:\/\/nitu.mx\/wp-content\/uploads\/2019\/07\/NEEXTT-Travel-Trade-Exchange.jpg","datePublished":"2019-07-30T02:52:03+00:00","dateModified":"2019-07-30T05:09:28+00:00","description":"El hotel Hard Rock Riviera Maya ser\u00e1 la sede de la sexta edici\u00f3n del NEEXTT Travel Trade Exchange 2019, del 10 al 13 de septiembre pr\u00f3ximos.","breadcrumb":{"@id":"https:\/\/nitu.mx\/index.php\/2019\/07\/29\/turisteros-de-alta-gama-se-reuniran-en-el-neextt-travel-trade-exchange-2019\/#breadcrumb"},"inLanguage":"es-MX","potentialAction":[{"@type":"ReadAction","target":["https:\/\/nitu.mx\/index.php\/2019\/07\/29\/turisteros-de-alta-gama-se-reuniran-en-el-neextt-travel-trade-exchange-2019\/"]}]},{"@type":"ImageObject","inLanguage":"es-MX","@id":"https:\/\/nitu.mx\/index.php\/2019\/07\/29\/turisteros-de-alta-gama-se-reuniran-en-el-neextt-travel-trade-exchange-2019\/#primaryimage","url":"https:\/\/nitu.mx\/wp-content\/uploads\/2019\/07\/NEEXTT-Travel-Trade-Exchange.jpg","contentUrl":"https:\/\/nitu.mx\/wp-content\/uploads\/2019\/07\/NEEXTT-Travel-Trade-Exchange.jpg","width":850,"height":480,"caption":"NEEXTT Travel Trade Exchange"},{"@type":"BreadcrumbList","@id":"https:\/\/nitu.mx\/index.php\/2019\/07\/29\/turisteros-de-alta-gama-se-reuniran-en-el-neextt-travel-trade-exchange-2019\/#breadcrumb","itemListElement":[{"@type":"ListItem","position":1,"name":"Inicio","item":"https:\/\/nitu.mx\/"},{"@type":"ListItem","position":2,"name":"Turisteros de alta gama se reunir\u00e1n en el NEEXTT Travel Trade Exchange 2019"}]},{"@type":"WebSite","@id":"https:\/\/nitu.mx\/#website","url":"https:\/\/nitu.mx\/","name":"Nitu - Noticias de la Industria Turistica","description":"Noticias de la Industria Turistica","publisher":{"@id":"https:\/\/nitu.mx\/#\/schema\/person\/ae7a53426417292d3dd07b45a33e01bc"},"alternateName":"Noticias de la Industria Turistica","potentialAction":[{"@type":"SearchAction","target":{"@type":"EntryPoint","urlTemplate":"https:\/\/nitu.mx\/?s={search_term_string}"},"query-input":"required name=search_term_string"}],"inLanguage":"es-MX"},{"@type":["Person","Organization"],"@id":"https:\/\/nitu.mx\/#\/schema\/person\/ae7a53426417292d3dd07b45a33e01bc","name":"Arturo Medina","image":{"@type":"ImageObject","inLanguage":"es-MX","@id":"https:\/\/nitu.mx\/#\/schema\/person\/image\/","url":"https:\/\/nitu.mx\/wp-content\/uploads\/2024\/04\/4A315622-1904-4D5C-B022-878CDC840E04-90x90-1.jpeg","contentUrl":"https:\/\/nitu.mx\/wp-content\/uploads\/2024\/04\/4A315622-1904-4D5C-B022-878CDC840E04-90x90-1.jpeg","width":90,"height":90,"caption":"Arturo Medina"},"logo":{"@id":"https:\/\/nitu.mx\/#\/schema\/person\/image\/"},"description":"Director NITU.mx, Egresado de la Escuela de Periodismo Carlos Septi\u00e9n Garc\u00eda. Periodista y analista especializado en turismo desde hace 35 a\u00f1os, radicado en Canc\u00fan Q.Roo. arturo@nitu.mx","sameAs":["https:\/\/nitu.mx","https:\/\/www.facebook.com\/NITUmx\/","medinacancun","https:\/\/twitter.com\/@Arturo_Medina_G"]},{"@type":"Person","@id":"https:\/\/nitu.mx\/#\/schema\/person\/afc52e313e27e660739556d421d3d6b4","name":"Mari Soto","image":{"@type":"ImageObject","inLanguage":"es-MX","@id":"https:\/\/nitu.mx\/#\/schema\/person\/image\/","url":"https:\/\/secure.gravatar.com\/avatar\/2619c282a180a20d89fcaea82a6736e2?s=96&d=mm&r=g","contentUrl":"https:\/\/secure.gravatar.com\/avatar\/2619c282a180a20d89fcaea82a6736e2?s=96&d=mm&r=g","caption":"Mari Soto"},"sameAs":["https:\/\/nitu.mx"],"url":"https:\/\/nitu.mx\/index.php\/author\/guadalupe\/"}]}},"views":387,"_links":{"self":[{"href":"https:\/\/nitu.mx\/index.php\/wp-json\/wp\/v2\/posts\/34001"}],"collection":[{"href":"https:\/\/nitu.mx\/index.php\/wp-json\/wp\/v2\/posts"}],"about":[{"href":"https:\/\/nitu.mx\/index.php\/wp-json\/wp\/v2\/types\/post"}],"author":[{"embeddable":true,"href":"https:\/\/nitu.mx\/index.php\/wp-json\/wp\/v2\/users\/5"}],"replies":[{"embeddable":true,"href":"https:\/\/nitu.mx\/index.php\/wp-json\/wp\/v2\/comments?post=34001"}],"version-history":[{"count":2,"href":"https:\/\/nitu.mx\/index.php\/wp-json\/wp\/v2\/posts\/34001\/revisions"}],"predecessor-version":[{"id":34004,"href":"https:\/\/nitu.mx\/index.php\/wp-json\/wp\/v2\/posts\/34001\/revisions\/34004"}],"wp:featuredmedia":[{"embeddable":true,"href":"https:\/\/nitu.mx\/index.php\/wp-json\/wp\/v2\/media\/34003"}],"wp:attachment":[{"href":"https:\/\/nitu.mx\/index.php\/wp-json\/wp\/v2\/media?parent=34001"}],"wp:term":[{"taxonomy":"category","embeddable":true,"href":"https:\/\/nitu.mx\/index.php\/wp-json\/wp\/v2\/categories?post=34001"},{"taxonomy":"post_tag","embeddable":true,"href":"https:\/\/nitu.mx\/index.php\/wp-json\/wp\/v2\/tags?post=34001"}],"curies":[{"name":"wp","href":"https:\/\/api.w.org\/{rel}","templated":true}]}}