{"id":33921,"date":"2019-07-25T23:17:36","date_gmt":"2019-07-26T04:17:36","guid":{"rendered":"https:\/\/www.dev.nitu.mx\/?p=33921"},"modified":"2019-07-26T00:22:49","modified_gmt":"2019-07-26T05:22:49","slug":"oma-cierra-segundo-trimestre-con-11-rutas-nuevas-y-una-baja","status":"publish","type":"post","link":"https:\/\/nitu.mx\/index.php\/2019\/07\/25\/oma-cierra-segundo-trimestre-con-11-rutas-nuevas-y-una-baja\/","title":{"rendered":"OMA cierra segundo trimestre con 11 rutas nuevas y una baja"},"content":{"rendered":"<p>Al presentar su informe de resultados operativos y financieros del segundo trimestre de 2019, Grupo Aeroportuario del Centro Norte (OMA) destac\u00f3 que en este periodo iniciaron operaci\u00f3n 11 nuevas rutas, de las cuales siete son nacionales y cuatro internacionales, as\u00ed como el cierre de una ruta nacional.<\/p>\n<p>De las siete rutas que se lanzaron entre abril y junio de este a\u00f1o, cuatro son de Viva Aerobus. De Monterrey a Los Mochis y a Zihuatanejo; de Zihuatanejo a Monterrey, y Mazatl\u00e1n-Tijuana. Las tres restantes son de Volaris: Chihuahua-Quer\u00e9taro, Durango-Guadalajara y Durango-CDMX. Por otra parte, Interjet cerr\u00f3 la ruta que operaba de Culiac\u00e1n a Tijuana.<\/p>\n<p>En cuanto a las nuevas rutas internacionales, dos salen de Monterrey y son operadas por Viva Aerobus, con destino a Los \u00c1ngeles y Las Vegas. Mientras que las otras dos son de Durango a Dallas (DFW), una operada por Volaris y otra por American Airlines.\u00a0<a title=\"Viva Aerobus contin\u00faa la expansi\u00f3n de su hub de Monterrey\" href=\"https:\/\/www.dev.nitu.mx\/index.php\/2019\/07\/18\/viva-aerobus-continua-la-expansion-de-su-hub-de-monterrey\/\" rel=\"bookmark\">(Viva Aerobus contin\u00faa la expansi\u00f3n de su hub de Monterrey<\/a>).<\/p>\n<p>OMA tambi\u00e9n report\u00f3 que en el segundo trimestre de 2019 el tr\u00e1fico de pasajeros aument\u00f3 10.7 por ciento, respecto al mismo periodo del a\u00f1o anterior, al alcanzar seis millones de pasajeros. El mayor incremento se not\u00f3 en los viajeros internacionales, con 11.7 por ciento m\u00e1s, impulsado por el volumen de pasajeros entre Monterrey y Houston.<\/p>\n<p>El tr\u00e1fico de pasajeros nacionales vio un incremento de 10.5 por ciento, en donde destacan los aeropuertos de Acapulco con 27.3 por ciento, en la ruta a CDMX; y de Ciudad Ju\u00e1rez con 22.1 por ciento, en las rutas a CDMX, Canc\u00fan y Baj\u00edo.<\/p>\n<p>Los ingresos aeron\u00e1uticos aumentaron 17.9 por ciento y los ingresos no aeron\u00e1uticos crecieron 13.7 por ciento; y la oferta de asientos se increment\u00f3 8.2 por ciento con respecto al mismo trimestre del 2018.<\/p>\n<p>El grupo aeroportuario tambi\u00e9n opera dos hoteles. El NH Collection T2, que tuvo una ocupaci\u00f3n promedio de 83.4 por ciento y una tarifa promedio de 2 mil 239 pesos; y el Hilton Garden Inn, con ocupaci\u00f3n de 77.9 por ciento y una cuota de 2 mil 226 pesos por habitaci\u00f3n. El incremento en ocupaci\u00f3n respecto al mismo trimestre de 2018, fue de 5.1 y 0.6 por ciento, respectivamente.<\/p>\n<p>&nbsp;<\/p>\n","protected":false},"excerpt":{"rendered":"<p>Al presentar su informe de resultados operativos y financieros del segundo trimestre de 2019, Grupo Aeroportuario del Centro Norte (OMA) destac\u00f3 que en este periodo iniciaron operaci\u00f3n 11 nuevas rutas, de las cuales siete son nacionales y cuatro internacionales, as\u00ed como el cierre de una ruta nacional. De las siete rutas que se lanzaron entre [&hellip;]<\/p>\n","protected":false},"author":5,"featured_media":33937,"comment_status":"open","ping_status":"open","sticky":false,"template":"","format":"standard","meta":{"footnotes":""},"categories":[29,6],"tags":[40,481,43,587,2593,801,2774,172,453,491,16745,2102,131],"yoast_head":"<!-- This site is optimized with the Yoast SEO plugin v22.2 - https:\/\/yoast.com\/wordpress\/plugins\/seo\/ -->\n<title>OMA cierra segundo trimestre con 11 rutas nuevas y una baja - Nitu - Noticias de la Industria Turistica<\/title>\n<meta name=\"description\" content=\"OMA destac\u00f3 que en el segundo trimestre del a\u00f1o iniciaron operaci\u00f3n 11 nuevas rutas, as\u00ed como el cierre de una ruta nacional.\" \/>\n<meta name=\"robots\" content=\"index, follow, max-snippet:-1, max-image-preview:large, max-video-preview:-1\" \/>\n<link rel=\"canonical\" href=\"https:\/\/nitu.mx\/index.php\/2019\/07\/25\/oma-cierra-segundo-trimestre-con-11-rutas-nuevas-y-una-baja\/\" \/>\n<meta name=\"twitter:card\" content=\"summary_large_image\" \/>\n<meta name=\"twitter:title\" content=\"OMA cierra segundo trimestre con 11 rutas nuevas y una baja - Nitu - Noticias de la Industria Turistica\" \/>\n<meta name=\"twitter:description\" content=\"OMA destac\u00f3 que en el segundo trimestre del a\u00f1o iniciaron operaci\u00f3n 11 nuevas rutas, as\u00ed como el cierre de una ruta nacional.\" \/>\n<meta name=\"twitter:image\" content=\"https:\/\/nitu.mx\/wp-content\/uploads\/2019\/07\/Aeropuerto-de-Monterrey.jpg\" \/>\n<meta name=\"twitter:creator\" content=\"@NITUmx\" \/>\n<meta name=\"twitter:site\" content=\"@Arturo_Medina_G\" \/>\n<meta name=\"twitter:label1\" content=\"Escrito por\" \/>\n\t<meta name=\"twitter:data1\" content=\"Mari Soto\" \/>\n\t<meta name=\"twitter:label2\" content=\"Tiempo de lectura\" \/>\n\t<meta name=\"twitter:data2\" content=\"2 minutos\" \/>\n<script type=\"application\/ld+json\" class=\"yoast-schema-graph\">{\"@context\":\"https:\/\/schema.org\",\"@graph\":[{\"@type\":\"Article\",\"@id\":\"https:\/\/nitu.mx\/index.php\/2019\/07\/25\/oma-cierra-segundo-trimestre-con-11-rutas-nuevas-y-una-baja\/#article\",\"isPartOf\":{\"@id\":\"https:\/\/nitu.mx\/index.php\/2019\/07\/25\/oma-cierra-segundo-trimestre-con-11-rutas-nuevas-y-una-baja\/\"},\"author\":{\"name\":\"Mari Soto\",\"@id\":\"https:\/\/nitu.mx\/#\/schema\/person\/afc52e313e27e660739556d421d3d6b4\"},\"headline\":\"OMA cierra segundo trimestre con 11 rutas nuevas y una baja\",\"datePublished\":\"2019-07-26T04:17:36+00:00\",\"dateModified\":\"2019-07-26T05:22:49+00:00\",\"mainEntityOfPage\":{\"@id\":\"https:\/\/nitu.mx\/index.php\/2019\/07\/25\/oma-cierra-segundo-trimestre-con-11-rutas-nuevas-y-una-baja\/\"},\"wordCount\":370,\"commentCount\":0,\"publisher\":{\"@id\":\"https:\/\/nitu.mx\/#\/schema\/person\/ae7a53426417292d3dd07b45a33e01bc\"},\"image\":{\"@id\":\"https:\/\/nitu.mx\/index.php\/2019\/07\/25\/oma-cierra-segundo-trimestre-con-11-rutas-nuevas-y-una-baja\/#primaryimage\"},\"thumbnailUrl\":\"https:\/\/nitu.mx\/wp-content\/uploads\/2019\/07\/Aeropuerto-de-Monterrey.jpg\",\"keywords\":[\"Acapulco\",\"American AIrlines\",\"Canc\u00fan\",\"CDMX\",\"Grupo Aeroportuario del Centro-Norte (OMA)\",\"Hilton Garden Inn\",\"Houston\",\"Interjet\",\"Las Vegas\",\"Monterrey\",\"NH Collection T2\",\"Viva Aerobus\",\"Volaris\"],\"articleSection\":[\"Aerol\u00edneas\",\"M\u00e9xico\"],\"inLanguage\":\"es-MX\",\"potentialAction\":[{\"@type\":\"CommentAction\",\"name\":\"Comment\",\"target\":[\"https:\/\/nitu.mx\/index.php\/2019\/07\/25\/oma-cierra-segundo-trimestre-con-11-rutas-nuevas-y-una-baja\/#respond\"]}]},{\"@type\":\"WebPage\",\"@id\":\"https:\/\/nitu.mx\/index.php\/2019\/07\/25\/oma-cierra-segundo-trimestre-con-11-rutas-nuevas-y-una-baja\/\",\"url\":\"https:\/\/nitu.mx\/index.php\/2019\/07\/25\/oma-cierra-segundo-trimestre-con-11-rutas-nuevas-y-una-baja\/\",\"name\":\"OMA cierra segundo trimestre con 11 rutas nuevas y una baja - Nitu - Noticias de la Industria Turistica\",\"isPartOf\":{\"@id\":\"https:\/\/nitu.mx\/#website\"},\"primaryImageOfPage\":{\"@id\":\"https:\/\/nitu.mx\/index.php\/2019\/07\/25\/oma-cierra-segundo-trimestre-con-11-rutas-nuevas-y-una-baja\/#primaryimage\"},\"image\":{\"@id\":\"https:\/\/nitu.mx\/index.php\/2019\/07\/25\/oma-cierra-segundo-trimestre-con-11-rutas-nuevas-y-una-baja\/#primaryimage\"},\"thumbnailUrl\":\"https:\/\/nitu.mx\/wp-content\/uploads\/2019\/07\/Aeropuerto-de-Monterrey.jpg\",\"datePublished\":\"2019-07-26T04:17:36+00:00\",\"dateModified\":\"2019-07-26T05:22:49+00:00\",\"description\":\"OMA destac\u00f3 que en el segundo trimestre del a\u00f1o iniciaron operaci\u00f3n 11 nuevas rutas, as\u00ed como el cierre de una ruta nacional.\",\"breadcrumb\":{\"@id\":\"https:\/\/nitu.mx\/index.php\/2019\/07\/25\/oma-cierra-segundo-trimestre-con-11-rutas-nuevas-y-una-baja\/#breadcrumb\"},\"inLanguage\":\"es-MX\",\"potentialAction\":[{\"@type\":\"ReadAction\",\"target\":[\"https:\/\/nitu.mx\/index.php\/2019\/07\/25\/oma-cierra-segundo-trimestre-con-11-rutas-nuevas-y-una-baja\/\"]}]},{\"@type\":\"ImageObject\",\"inLanguage\":\"es-MX\",\"@id\":\"https:\/\/nitu.mx\/index.php\/2019\/07\/25\/oma-cierra-segundo-trimestre-con-11-rutas-nuevas-y-una-baja\/#primaryimage\",\"url\":\"https:\/\/nitu.mx\/wp-content\/uploads\/2019\/07\/Aeropuerto-de-Monterrey.jpg\",\"contentUrl\":\"https:\/\/nitu.mx\/wp-content\/uploads\/2019\/07\/Aeropuerto-de-Monterrey.jpg\",\"width\":850,\"height\":480,\"caption\":\"GAP OMA\"},{\"@type\":\"BreadcrumbList\",\"@id\":\"https:\/\/nitu.mx\/index.php\/2019\/07\/25\/oma-cierra-segundo-trimestre-con-11-rutas-nuevas-y-una-baja\/#breadcrumb\",\"itemListElement\":[{\"@type\":\"ListItem\",\"position\":1,\"name\":\"Inicio\",\"item\":\"https:\/\/nitu.mx\/\"},{\"@type\":\"ListItem\",\"position\":2,\"name\":\"OMA cierra segundo trimestre con 11 rutas nuevas y una baja\"}]},{\"@type\":\"WebSite\",\"@id\":\"https:\/\/nitu.mx\/#website\",\"url\":\"https:\/\/nitu.mx\/\",\"name\":\"Nitu - Noticias de la Industria Turistica\",\"description\":\"Noticias de la Industria Turistica\",\"publisher\":{\"@id\":\"https:\/\/nitu.mx\/#\/schema\/person\/ae7a53426417292d3dd07b45a33e01bc\"},\"alternateName\":\"Noticias de la Industria Turistica\",\"potentialAction\":[{\"@type\":\"SearchAction\",\"target\":{\"@type\":\"EntryPoint\",\"urlTemplate\":\"https:\/\/nitu.mx\/?s={search_term_string}\"},\"query-input\":\"required name=search_term_string\"}],\"inLanguage\":\"es-MX\"},{\"@type\":[\"Person\",\"Organization\"],\"@id\":\"https:\/\/nitu.mx\/#\/schema\/person\/ae7a53426417292d3dd07b45a33e01bc\",\"name\":\"Arturo Medina\",\"image\":{\"@type\":\"ImageObject\",\"inLanguage\":\"es-MX\",\"@id\":\"https:\/\/nitu.mx\/#\/schema\/person\/image\/\",\"url\":\"https:\/\/nitu.mx\/wp-content\/uploads\/2024\/04\/4A315622-1904-4D5C-B022-878CDC840E04-90x90-1.jpeg\",\"contentUrl\":\"https:\/\/nitu.mx\/wp-content\/uploads\/2024\/04\/4A315622-1904-4D5C-B022-878CDC840E04-90x90-1.jpeg\",\"width\":90,\"height\":90,\"caption\":\"Arturo Medina\"},\"logo\":{\"@id\":\"https:\/\/nitu.mx\/#\/schema\/person\/image\/\"},\"description\":\"Director NITU.mx, Egresado de la Escuela de Periodismo Carlos Septi\u00e9n Garc\u00eda. Periodista y analista especializado en turismo desde hace 35 a\u00f1os, radicado en Canc\u00fan Q.Roo. arturo@nitu.mx\",\"sameAs\":[\"https:\/\/nitu.mx\",\"https:\/\/www.facebook.com\/NITUmx\/\",\"medinacancun\",\"https:\/\/twitter.com\/@Arturo_Medina_G\"]},{\"@type\":\"Person\",\"@id\":\"https:\/\/nitu.mx\/#\/schema\/person\/afc52e313e27e660739556d421d3d6b4\",\"name\":\"Mari Soto\",\"image\":{\"@type\":\"ImageObject\",\"inLanguage\":\"es-MX\",\"@id\":\"https:\/\/nitu.mx\/#\/schema\/person\/image\/\",\"url\":\"https:\/\/secure.gravatar.com\/avatar\/2619c282a180a20d89fcaea82a6736e2?s=96&d=mm&r=g\",\"contentUrl\":\"https:\/\/secure.gravatar.com\/avatar\/2619c282a180a20d89fcaea82a6736e2?s=96&d=mm&r=g\",\"caption\":\"Mari Soto\"},\"sameAs\":[\"https:\/\/nitu.mx\"],\"url\":\"https:\/\/nitu.mx\/index.php\/author\/guadalupe\/\"}]}<\/script>\n<!-- \/ Yoast SEO plugin. -->","yoast_head_json":{"title":"OMA cierra segundo trimestre con 11 rutas nuevas y una baja - Nitu - Noticias de la Industria Turistica","description":"OMA destac\u00f3 que en el segundo trimestre del a\u00f1o iniciaron operaci\u00f3n 11 nuevas rutas, as\u00ed como el cierre de una ruta nacional.","robots":{"index":"index","follow":"follow","max-snippet":"max-snippet:-1","max-image-preview":"max-image-preview:large","max-video-preview":"max-video-preview:-1"},"canonical":"https:\/\/nitu.mx\/index.php\/2019\/07\/25\/oma-cierra-segundo-trimestre-con-11-rutas-nuevas-y-una-baja\/","twitter_card":"summary_large_image","twitter_title":"OMA cierra segundo trimestre con 11 rutas nuevas y una baja - Nitu - Noticias de la Industria Turistica","twitter_description":"OMA destac\u00f3 que en el segundo trimestre del a\u00f1o iniciaron operaci\u00f3n 11 nuevas rutas, as\u00ed como el cierre de una ruta nacional.","twitter_image":"https:\/\/nitu.mx\/wp-content\/uploads\/2019\/07\/Aeropuerto-de-Monterrey.jpg","twitter_creator":"@NITUmx","twitter_site":"@Arturo_Medina_G","twitter_misc":{"Escrito por":"Mari Soto","Tiempo de lectura":"2 minutos"},"schema":{"@context":"https:\/\/schema.org","@graph":[{"@type":"Article","@id":"https:\/\/nitu.mx\/index.php\/2019\/07\/25\/oma-cierra-segundo-trimestre-con-11-rutas-nuevas-y-una-baja\/#article","isPartOf":{"@id":"https:\/\/nitu.mx\/index.php\/2019\/07\/25\/oma-cierra-segundo-trimestre-con-11-rutas-nuevas-y-una-baja\/"},"author":{"name":"Mari Soto","@id":"https:\/\/nitu.mx\/#\/schema\/person\/afc52e313e27e660739556d421d3d6b4"},"headline":"OMA cierra segundo trimestre con 11 rutas nuevas y una baja","datePublished":"2019-07-26T04:17:36+00:00","dateModified":"2019-07-26T05:22:49+00:00","mainEntityOfPage":{"@id":"https:\/\/nitu.mx\/index.php\/2019\/07\/25\/oma-cierra-segundo-trimestre-con-11-rutas-nuevas-y-una-baja\/"},"wordCount":370,"commentCount":0,"publisher":{"@id":"https:\/\/nitu.mx\/#\/schema\/person\/ae7a53426417292d3dd07b45a33e01bc"},"image":{"@id":"https:\/\/nitu.mx\/index.php\/2019\/07\/25\/oma-cierra-segundo-trimestre-con-11-rutas-nuevas-y-una-baja\/#primaryimage"},"thumbnailUrl":"https:\/\/nitu.mx\/wp-content\/uploads\/2019\/07\/Aeropuerto-de-Monterrey.jpg","keywords":["Acapulco","American AIrlines","Canc\u00fan","CDMX","Grupo Aeroportuario del Centro-Norte (OMA)","Hilton Garden Inn","Houston","Interjet","Las Vegas","Monterrey","NH Collection T2","Viva Aerobus","Volaris"],"articleSection":["Aerol\u00edneas","M\u00e9xico"],"inLanguage":"es-MX","potentialAction":[{"@type":"CommentAction","name":"Comment","target":["https:\/\/nitu.mx\/index.php\/2019\/07\/25\/oma-cierra-segundo-trimestre-con-11-rutas-nuevas-y-una-baja\/#respond"]}]},{"@type":"WebPage","@id":"https:\/\/nitu.mx\/index.php\/2019\/07\/25\/oma-cierra-segundo-trimestre-con-11-rutas-nuevas-y-una-baja\/","url":"https:\/\/nitu.mx\/index.php\/2019\/07\/25\/oma-cierra-segundo-trimestre-con-11-rutas-nuevas-y-una-baja\/","name":"OMA cierra segundo trimestre con 11 rutas nuevas y una baja - Nitu - Noticias de la Industria Turistica","isPartOf":{"@id":"https:\/\/nitu.mx\/#website"},"primaryImageOfPage":{"@id":"https:\/\/nitu.mx\/index.php\/2019\/07\/25\/oma-cierra-segundo-trimestre-con-11-rutas-nuevas-y-una-baja\/#primaryimage"},"image":{"@id":"https:\/\/nitu.mx\/index.php\/2019\/07\/25\/oma-cierra-segundo-trimestre-con-11-rutas-nuevas-y-una-baja\/#primaryimage"},"thumbnailUrl":"https:\/\/nitu.mx\/wp-content\/uploads\/2019\/07\/Aeropuerto-de-Monterrey.jpg","datePublished":"2019-07-26T04:17:36+00:00","dateModified":"2019-07-26T05:22:49+00:00","description":"OMA destac\u00f3 que en el segundo trimestre del a\u00f1o iniciaron operaci\u00f3n 11 nuevas rutas, as\u00ed como el cierre de una ruta nacional.","breadcrumb":{"@id":"https:\/\/nitu.mx\/index.php\/2019\/07\/25\/oma-cierra-segundo-trimestre-con-11-rutas-nuevas-y-una-baja\/#breadcrumb"},"inLanguage":"es-MX","potentialAction":[{"@type":"ReadAction","target":["https:\/\/nitu.mx\/index.php\/2019\/07\/25\/oma-cierra-segundo-trimestre-con-11-rutas-nuevas-y-una-baja\/"]}]},{"@type":"ImageObject","inLanguage":"es-MX","@id":"https:\/\/nitu.mx\/index.php\/2019\/07\/25\/oma-cierra-segundo-trimestre-con-11-rutas-nuevas-y-una-baja\/#primaryimage","url":"https:\/\/nitu.mx\/wp-content\/uploads\/2019\/07\/Aeropuerto-de-Monterrey.jpg","contentUrl":"https:\/\/nitu.mx\/wp-content\/uploads\/2019\/07\/Aeropuerto-de-Monterrey.jpg","width":850,"height":480,"caption":"GAP OMA"},{"@type":"BreadcrumbList","@id":"https:\/\/nitu.mx\/index.php\/2019\/07\/25\/oma-cierra-segundo-trimestre-con-11-rutas-nuevas-y-una-baja\/#breadcrumb","itemListElement":[{"@type":"ListItem","position":1,"name":"Inicio","item":"https:\/\/nitu.mx\/"},{"@type":"ListItem","position":2,"name":"OMA cierra segundo trimestre con 11 rutas nuevas y una baja"}]},{"@type":"WebSite","@id":"https:\/\/nitu.mx\/#website","url":"https:\/\/nitu.mx\/","name":"Nitu - Noticias de la Industria Turistica","description":"Noticias de la Industria Turistica","publisher":{"@id":"https:\/\/nitu.mx\/#\/schema\/person\/ae7a53426417292d3dd07b45a33e01bc"},"alternateName":"Noticias de la Industria Turistica","potentialAction":[{"@type":"SearchAction","target":{"@type":"EntryPoint","urlTemplate":"https:\/\/nitu.mx\/?s={search_term_string}"},"query-input":"required name=search_term_string"}],"inLanguage":"es-MX"},{"@type":["Person","Organization"],"@id":"https:\/\/nitu.mx\/#\/schema\/person\/ae7a53426417292d3dd07b45a33e01bc","name":"Arturo Medina","image":{"@type":"ImageObject","inLanguage":"es-MX","@id":"https:\/\/nitu.mx\/#\/schema\/person\/image\/","url":"https:\/\/nitu.mx\/wp-content\/uploads\/2024\/04\/4A315622-1904-4D5C-B022-878CDC840E04-90x90-1.jpeg","contentUrl":"https:\/\/nitu.mx\/wp-content\/uploads\/2024\/04\/4A315622-1904-4D5C-B022-878CDC840E04-90x90-1.jpeg","width":90,"height":90,"caption":"Arturo Medina"},"logo":{"@id":"https:\/\/nitu.mx\/#\/schema\/person\/image\/"},"description":"Director NITU.mx, Egresado de la Escuela de Periodismo Carlos Septi\u00e9n Garc\u00eda. Periodista y analista especializado en turismo desde hace 35 a\u00f1os, radicado en Canc\u00fan Q.Roo. arturo@nitu.mx","sameAs":["https:\/\/nitu.mx","https:\/\/www.facebook.com\/NITUmx\/","medinacancun","https:\/\/twitter.com\/@Arturo_Medina_G"]},{"@type":"Person","@id":"https:\/\/nitu.mx\/#\/schema\/person\/afc52e313e27e660739556d421d3d6b4","name":"Mari Soto","image":{"@type":"ImageObject","inLanguage":"es-MX","@id":"https:\/\/nitu.mx\/#\/schema\/person\/image\/","url":"https:\/\/secure.gravatar.com\/avatar\/2619c282a180a20d89fcaea82a6736e2?s=96&d=mm&r=g","contentUrl":"https:\/\/secure.gravatar.com\/avatar\/2619c282a180a20d89fcaea82a6736e2?s=96&d=mm&r=g","caption":"Mari Soto"},"sameAs":["https:\/\/nitu.mx"],"url":"https:\/\/nitu.mx\/index.php\/author\/guadalupe\/"}]}},"views":257,"_links":{"self":[{"href":"https:\/\/nitu.mx\/index.php\/wp-json\/wp\/v2\/posts\/33921"}],"collection":[{"href":"https:\/\/nitu.mx\/index.php\/wp-json\/wp\/v2\/posts"}],"about":[{"href":"https:\/\/nitu.mx\/index.php\/wp-json\/wp\/v2\/types\/post"}],"author":[{"embeddable":true,"href":"https:\/\/nitu.mx\/index.php\/wp-json\/wp\/v2\/users\/5"}],"replies":[{"embeddable":true,"href":"https:\/\/nitu.mx\/index.php\/wp-json\/wp\/v2\/comments?post=33921"}],"version-history":[{"count":2,"href":"https:\/\/nitu.mx\/index.php\/wp-json\/wp\/v2\/posts\/33921\/revisions"}],"predecessor-version":[{"id":33938,"href":"https:\/\/nitu.mx\/index.php\/wp-json\/wp\/v2\/posts\/33921\/revisions\/33938"}],"wp:featuredmedia":[{"embeddable":true,"href":"https:\/\/nitu.mx\/index.php\/wp-json\/wp\/v2\/media\/33937"}],"wp:attachment":[{"href":"https:\/\/nitu.mx\/index.php\/wp-json\/wp\/v2\/media?parent=33921"}],"wp:term":[{"taxonomy":"category","embeddable":true,"href":"https:\/\/nitu.mx\/index.php\/wp-json\/wp\/v2\/categories?post=33921"},{"taxonomy":"post_tag","embeddable":true,"href":"https:\/\/nitu.mx\/index.php\/wp-json\/wp\/v2\/tags?post=33921"}],"curies":[{"name":"wp","href":"https:\/\/api.w.org\/{rel}","templated":true}]}}