{"id":33819,"date":"2019-07-22T23:49:03","date_gmt":"2019-07-23T04:49:03","guid":{"rendered":"https:\/\/www.dev.nitu.mx\/?p=33819"},"modified":"2019-07-23T00:19:44","modified_gmt":"2019-07-23T05:19:44","slug":"calificacion-crediticia-de-boeing-en-riesgo-por-el-737-max-fitch","status":"publish","type":"post","link":"https:\/\/nitu.mx\/index.php\/2019\/07\/22\/calificacion-crediticia-de-boeing-en-riesgo-por-el-737-max-fitch\/","title":{"rendered":"Calificaci\u00f3n crediticia de Boeing en riesgo por el 737 MAX: Fitch"},"content":{"rendered":"<p>Se confirma la calificaci\u00f3n &#8216;A&#8217; de Boeing por parte de Fitch, pero redujo la perspectiva a negativa, lo que supone la primera advertencia de cr\u00e9dito despu\u00e9s de la suspensi\u00f3n tras los accidentes mortales.<\/p>\n<p>La calificaci\u00f3n crediticia de Boeing est\u00e1 en riesgo mientras la prohibici\u00f3n del avi\u00f3n 737 Max se prolonga a un quinto mes, advirti\u00f3 Fitch Ratings.<\/p>\n<p>La incertidumbre sobre la vuelta a servicio del avi\u00f3n m\u00e1s vendido de la empresa estadounidense y el &#8220;creciente desaf\u00edo log\u00edstico&#8221; de volver a operar aviones suspendidos\u00a0amenazan la valoraci\u00f3n crediticia de la compa\u00f1\u00eda,\u00a0se\u00f1al\u00f3 Fitch el lunes en un comunicado.<\/p>\n<p>Fitch confirm\u00f3 la\u00a0calificaci\u00f3n A de Boeing,\u00a0pero redujo la perspectiva a negativa en lo que supone la primera advertencia de cr\u00e9dito despu\u00e9s de la suspensi\u00f3n, decretada tras dos accidentes mortales.<\/p>\n<p>A mayor plazo, la prohibici\u00f3n del avi\u00f3n presenta un importante desaf\u00edo de relaciones p\u00fablicas que seguir\u00e1 siendo un riesgo para la\u00a0&#8220;reputaci\u00f3n y marca Boeing&#8221;\u00a0en el pr\u00f3ximo a\u00f1o y m\u00e1s adelante, indic\u00f3 Fitch.<\/p>\n<p>Tambi\u00e9n existe el riesgo de que la compa\u00f1\u00eda tenga que hacer concesiones m\u00e1s costosas a las aerol\u00edneas, agreg\u00f3.<\/p>\n<p>La semana pasada, Boeing revel\u00f3 un cargo despu\u00e9s de impuestos de\u00a04 mil 900 millones de d\u00f3lares\u00a0para cubrir posibles consideraciones por clientes que se vieron obligados a cancelar vuelos. (<a title=\"Boeing inicia manufactura en Am\u00e9rica Latina con su llegada a Tijuana\" href=\"https:\/\/www.dev.nitu.mx\/index.php\/2019\/06\/30\/boeing-inicia-manufactura-en-america-latina-con-su-llegada-a-tijuana\/\" rel=\"bookmark\">Boeing inicia manufactura en Am\u00e9rica Latina con su llegada a Tijuana<\/a>).<\/p>\n<p>&#8220;Fitch tambi\u00e9n espera que haya un impacto persistente en el\u00a0margen operativo\u00a0por varios a\u00f1os despu\u00e9s de que el 737 Max vuelva a operar&#8221;, plante\u00f3 la agencia. La calificaci\u00f3n de Fitch para Boeing es el sexto nivel de grado de inversi\u00f3n m\u00e1s alto.<\/p>\n<p>El costo de proteger su deuda contra el incumplimiento de pago durante cinco a\u00f1os aument\u00f3 2.2 puntos base, seg\u00fan el proveedor de datos CMA.<\/p>\n<p>Boeing cuenta con calificaci\u00f3n\u00a0&#8216;A2&#8217; de Moody\u2019s\u00a0y\u00a0&#8216;A&#8217; de S&amp;P Global Ratings,\u00a0la sexta calificaci\u00f3n de grado de inversi\u00f3n m\u00e1s alta. Ambas le asignan perspectivas estables.<\/p>\n<p>S&amp;P dijo la semana pasada que el anuncio de Boeing de que se cobrar\u00eda un cargo antes de impuestos de\u00a05 mil 600 millones de d\u00f3lares\u00a0para compensar la suspensi\u00f3n del uso del 737 Max no incidir\u00eda las calificaciones crediticias de la compa\u00f1\u00eda, aunque advirti\u00f3 que efectos m\u00e1s perjudiciales para las finanzas de Boeing o una &#8220;p\u00e9rdida sustancial&#8221; en la participaci\u00f3n de mercado del 737 podr\u00edan justificar una rebaja.<\/p>\n<p>Reguladores de todo el mundo prohibieron el uso del avi\u00f3n en marzo despu\u00e9s del accidente de Etiop\u00eda, el segundo en cinco meses para la nueva versi\u00f3n del 737. Un total de 346 personas murieron en los dos accidentes. (El Financiero)<\/p>\n","protected":false},"excerpt":{"rendered":"<p>Se confirma la calificaci\u00f3n &#8216;A&#8217; de Boeing por parte de Fitch, pero redujo la perspectiva a negativa, lo que supone la primera advertencia de cr\u00e9dito despu\u00e9s de la suspensi\u00f3n tras los accidentes mortales. La calificaci\u00f3n crediticia de Boeing est\u00e1 en riesgo mientras la prohibici\u00f3n del avi\u00f3n 737 Max se prolonga a un quinto mes, advirti\u00f3 [&hellip;]<\/p>\n","protected":false},"author":17,"featured_media":30082,"comment_status":"open","ping_status":"open","sticky":false,"template":"","format":"standard","meta":{"footnotes":""},"categories":[29,374],"tags":[15884,447,16702,13125],"yoast_head":"<!-- This site is optimized with the Yoast SEO plugin v22.2 - https:\/\/yoast.com\/wordpress\/plugins\/seo\/ -->\n<title>Calificaci\u00f3n crediticia de Boeing en riesgo por el 737 MAX: Fitch - Nitu - Noticias de la Industria Turistica<\/title>\n<meta name=\"description\" content=\"Se confirma la calificaci\u00f3n &#039;A&#039; de Boeing por parte de Fitch, pero redujo la perspectiva a negativa, lo que supone la primera advertencia de cr\u00e9dito.\" \/>\n<meta name=\"robots\" content=\"index, follow, max-snippet:-1, max-image-preview:large, max-video-preview:-1\" \/>\n<link rel=\"canonical\" href=\"https:\/\/nitu.mx\/index.php\/2019\/07\/22\/calificacion-crediticia-de-boeing-en-riesgo-por-el-737-max-fitch\/\" \/>\n<meta name=\"twitter:card\" content=\"summary_large_image\" \/>\n<meta name=\"twitter:title\" content=\"Calificaci\u00f3n crediticia de Boeing en riesgo por el 737 MAX: Fitch - Nitu - Noticias de la Industria Turistica\" \/>\n<meta name=\"twitter:description\" content=\"Se confirma la calificaci\u00f3n &#039;A&#039; de Boeing por parte de Fitch, pero redujo la perspectiva a negativa, lo que supone la primera advertencia de cr\u00e9dito.\" \/>\n<meta name=\"twitter:image\" content=\"https:\/\/nitu.mx\/wp-content\/uploads\/2019\/03\/Boeing-737-MAX.jpg\" \/>\n<meta name=\"twitter:creator\" content=\"@NITUmx\" \/>\n<meta name=\"twitter:site\" content=\"@Arturo_Medina_G\" \/>\n<meta name=\"twitter:label1\" content=\"Escrito por\" \/>\n\t<meta name=\"twitter:data1\" content=\"Redacci\u00f3n\" \/>\n\t<meta name=\"twitter:label2\" content=\"Tiempo de lectura\" \/>\n\t<meta name=\"twitter:data2\" content=\"2 minutos\" \/>\n<script type=\"application\/ld+json\" class=\"yoast-schema-graph\">{\"@context\":\"https:\/\/schema.org\",\"@graph\":[{\"@type\":\"Article\",\"@id\":\"https:\/\/nitu.mx\/index.php\/2019\/07\/22\/calificacion-crediticia-de-boeing-en-riesgo-por-el-737-max-fitch\/#article\",\"isPartOf\":{\"@id\":\"https:\/\/nitu.mx\/index.php\/2019\/07\/22\/calificacion-crediticia-de-boeing-en-riesgo-por-el-737-max-fitch\/\"},\"author\":{\"name\":\"Redacci\u00f3n\",\"@id\":\"https:\/\/nitu.mx\/#\/schema\/person\/4a28fe9bd65924f7c90623773daf1b0b\"},\"headline\":\"Calificaci\u00f3n crediticia de Boeing en riesgo por el 737 MAX: Fitch\",\"datePublished\":\"2019-07-23T04:49:03+00:00\",\"dateModified\":\"2019-07-23T05:19:44+00:00\",\"mainEntityOfPage\":{\"@id\":\"https:\/\/nitu.mx\/index.php\/2019\/07\/22\/calificacion-crediticia-de-boeing-en-riesgo-por-el-737-max-fitch\/\"},\"wordCount\":487,\"commentCount\":0,\"publisher\":{\"@id\":\"https:\/\/nitu.mx\/#\/schema\/person\/ae7a53426417292d3dd07b45a33e01bc\"},\"image\":{\"@id\":\"https:\/\/nitu.mx\/index.php\/2019\/07\/22\/calificacion-crediticia-de-boeing-en-riesgo-por-el-737-max-fitch\/#primaryimage\"},\"thumbnailUrl\":\"https:\/\/nitu.mx\/wp-content\/uploads\/2019\/03\/Boeing-737-MAX.jpg\",\"keywords\":[\"737 MAX\",\"Boeing\",\"Calificaci\u00f3n\",\"Fitch\"],\"articleSection\":[\"Aerol\u00edneas\",\"Internacional\"],\"inLanguage\":\"es-MX\",\"potentialAction\":[{\"@type\":\"CommentAction\",\"name\":\"Comment\",\"target\":[\"https:\/\/nitu.mx\/index.php\/2019\/07\/22\/calificacion-crediticia-de-boeing-en-riesgo-por-el-737-max-fitch\/#respond\"]}]},{\"@type\":\"WebPage\",\"@id\":\"https:\/\/nitu.mx\/index.php\/2019\/07\/22\/calificacion-crediticia-de-boeing-en-riesgo-por-el-737-max-fitch\/\",\"url\":\"https:\/\/nitu.mx\/index.php\/2019\/07\/22\/calificacion-crediticia-de-boeing-en-riesgo-por-el-737-max-fitch\/\",\"name\":\"Calificaci\u00f3n crediticia de Boeing en riesgo por el 737 MAX: Fitch - Nitu - Noticias de la Industria Turistica\",\"isPartOf\":{\"@id\":\"https:\/\/nitu.mx\/#website\"},\"primaryImageOfPage\":{\"@id\":\"https:\/\/nitu.mx\/index.php\/2019\/07\/22\/calificacion-crediticia-de-boeing-en-riesgo-por-el-737-max-fitch\/#primaryimage\"},\"image\":{\"@id\":\"https:\/\/nitu.mx\/index.php\/2019\/07\/22\/calificacion-crediticia-de-boeing-en-riesgo-por-el-737-max-fitch\/#primaryimage\"},\"thumbnailUrl\":\"https:\/\/nitu.mx\/wp-content\/uploads\/2019\/03\/Boeing-737-MAX.jpg\",\"datePublished\":\"2019-07-23T04:49:03+00:00\",\"dateModified\":\"2019-07-23T05:19:44+00:00\",\"description\":\"Se confirma la calificaci\u00f3n 'A' de Boeing por parte de Fitch, pero redujo la perspectiva a negativa, lo que supone la primera advertencia de cr\u00e9dito.\",\"breadcrumb\":{\"@id\":\"https:\/\/nitu.mx\/index.php\/2019\/07\/22\/calificacion-crediticia-de-boeing-en-riesgo-por-el-737-max-fitch\/#breadcrumb\"},\"inLanguage\":\"es-MX\",\"potentialAction\":[{\"@type\":\"ReadAction\",\"target\":[\"https:\/\/nitu.mx\/index.php\/2019\/07\/22\/calificacion-crediticia-de-boeing-en-riesgo-por-el-737-max-fitch\/\"]}]},{\"@type\":\"ImageObject\",\"inLanguage\":\"es-MX\",\"@id\":\"https:\/\/nitu.mx\/index.php\/2019\/07\/22\/calificacion-crediticia-de-boeing-en-riesgo-por-el-737-max-fitch\/#primaryimage\",\"url\":\"https:\/\/nitu.mx\/wp-content\/uploads\/2019\/03\/Boeing-737-MAX.jpg\",\"contentUrl\":\"https:\/\/nitu.mx\/wp-content\/uploads\/2019\/03\/Boeing-737-MAX.jpg\",\"width\":850,\"height\":480,\"caption\":\"Boeing 737 MAX\"},{\"@type\":\"BreadcrumbList\",\"@id\":\"https:\/\/nitu.mx\/index.php\/2019\/07\/22\/calificacion-crediticia-de-boeing-en-riesgo-por-el-737-max-fitch\/#breadcrumb\",\"itemListElement\":[{\"@type\":\"ListItem\",\"position\":1,\"name\":\"Inicio\",\"item\":\"https:\/\/nitu.mx\/\"},{\"@type\":\"ListItem\",\"position\":2,\"name\":\"Calificaci\u00f3n crediticia de Boeing en riesgo por el 737 MAX: Fitch\"}]},{\"@type\":\"WebSite\",\"@id\":\"https:\/\/nitu.mx\/#website\",\"url\":\"https:\/\/nitu.mx\/\",\"name\":\"Nitu - Noticias de la Industria Turistica\",\"description\":\"Noticias de la Industria Turistica\",\"publisher\":{\"@id\":\"https:\/\/nitu.mx\/#\/schema\/person\/ae7a53426417292d3dd07b45a33e01bc\"},\"alternateName\":\"Noticias de la Industria Turistica\",\"potentialAction\":[{\"@type\":\"SearchAction\",\"target\":{\"@type\":\"EntryPoint\",\"urlTemplate\":\"https:\/\/nitu.mx\/?s={search_term_string}\"},\"query-input\":\"required name=search_term_string\"}],\"inLanguage\":\"es-MX\"},{\"@type\":[\"Person\",\"Organization\"],\"@id\":\"https:\/\/nitu.mx\/#\/schema\/person\/ae7a53426417292d3dd07b45a33e01bc\",\"name\":\"Arturo Medina\",\"image\":{\"@type\":\"ImageObject\",\"inLanguage\":\"es-MX\",\"@id\":\"https:\/\/nitu.mx\/#\/schema\/person\/image\/\",\"url\":\"https:\/\/nitu.mx\/wp-content\/uploads\/2024\/04\/4A315622-1904-4D5C-B022-878CDC840E04-90x90-1.jpeg\",\"contentUrl\":\"https:\/\/nitu.mx\/wp-content\/uploads\/2024\/04\/4A315622-1904-4D5C-B022-878CDC840E04-90x90-1.jpeg\",\"width\":90,\"height\":90,\"caption\":\"Arturo Medina\"},\"logo\":{\"@id\":\"https:\/\/nitu.mx\/#\/schema\/person\/image\/\"},\"description\":\"Director NITU.mx, Egresado de la Escuela de Periodismo Carlos Septi\u00e9n Garc\u00eda. Periodista y analista especializado en turismo desde hace 35 a\u00f1os, radicado en Canc\u00fan Q.Roo. arturo@nitu.mx\",\"sameAs\":[\"https:\/\/nitu.mx\",\"https:\/\/www.facebook.com\/NITUmx\/\",\"medinacancun\",\"https:\/\/twitter.com\/@Arturo_Medina_G\"]},{\"@type\":\"Person\",\"@id\":\"https:\/\/nitu.mx\/#\/schema\/person\/4a28fe9bd65924f7c90623773daf1b0b\",\"name\":\"Redacci\u00f3n\",\"image\":{\"@type\":\"ImageObject\",\"inLanguage\":\"es-MX\",\"@id\":\"https:\/\/nitu.mx\/#\/schema\/person\/image\/\",\"url\":\"https:\/\/secure.gravatar.com\/avatar\/5dd011c8ccfc5cd7e4c81e42252aab38?s=96&d=mm&r=g\",\"contentUrl\":\"https:\/\/secure.gravatar.com\/avatar\/5dd011c8ccfc5cd7e4c81e42252aab38?s=96&d=mm&r=g\",\"caption\":\"Redacci\u00f3n\"},\"url\":\"https:\/\/nitu.mx\/index.php\/author\/redaccion\/\"}]}<\/script>\n<!-- \/ Yoast SEO plugin. -->","yoast_head_json":{"title":"Calificaci\u00f3n crediticia de Boeing en riesgo por el 737 MAX: Fitch - Nitu - Noticias de la Industria Turistica","description":"Se confirma la calificaci\u00f3n 'A' de Boeing por parte de Fitch, pero redujo la perspectiva a negativa, lo que supone la primera advertencia de cr\u00e9dito.","robots":{"index":"index","follow":"follow","max-snippet":"max-snippet:-1","max-image-preview":"max-image-preview:large","max-video-preview":"max-video-preview:-1"},"canonical":"https:\/\/nitu.mx\/index.php\/2019\/07\/22\/calificacion-crediticia-de-boeing-en-riesgo-por-el-737-max-fitch\/","twitter_card":"summary_large_image","twitter_title":"Calificaci\u00f3n crediticia de Boeing en riesgo por el 737 MAX: Fitch - Nitu - Noticias de la Industria Turistica","twitter_description":"Se confirma la calificaci\u00f3n 'A' de Boeing por parte de Fitch, pero redujo la perspectiva a negativa, lo que supone la primera advertencia de cr\u00e9dito.","twitter_image":"https:\/\/nitu.mx\/wp-content\/uploads\/2019\/03\/Boeing-737-MAX.jpg","twitter_creator":"@NITUmx","twitter_site":"@Arturo_Medina_G","twitter_misc":{"Escrito por":"Redacci\u00f3n","Tiempo de lectura":"2 minutos"},"schema":{"@context":"https:\/\/schema.org","@graph":[{"@type":"Article","@id":"https:\/\/nitu.mx\/index.php\/2019\/07\/22\/calificacion-crediticia-de-boeing-en-riesgo-por-el-737-max-fitch\/#article","isPartOf":{"@id":"https:\/\/nitu.mx\/index.php\/2019\/07\/22\/calificacion-crediticia-de-boeing-en-riesgo-por-el-737-max-fitch\/"},"author":{"name":"Redacci\u00f3n","@id":"https:\/\/nitu.mx\/#\/schema\/person\/4a28fe9bd65924f7c90623773daf1b0b"},"headline":"Calificaci\u00f3n crediticia de Boeing en riesgo por el 737 MAX: Fitch","datePublished":"2019-07-23T04:49:03+00:00","dateModified":"2019-07-23T05:19:44+00:00","mainEntityOfPage":{"@id":"https:\/\/nitu.mx\/index.php\/2019\/07\/22\/calificacion-crediticia-de-boeing-en-riesgo-por-el-737-max-fitch\/"},"wordCount":487,"commentCount":0,"publisher":{"@id":"https:\/\/nitu.mx\/#\/schema\/person\/ae7a53426417292d3dd07b45a33e01bc"},"image":{"@id":"https:\/\/nitu.mx\/index.php\/2019\/07\/22\/calificacion-crediticia-de-boeing-en-riesgo-por-el-737-max-fitch\/#primaryimage"},"thumbnailUrl":"https:\/\/nitu.mx\/wp-content\/uploads\/2019\/03\/Boeing-737-MAX.jpg","keywords":["737 MAX","Boeing","Calificaci\u00f3n","Fitch"],"articleSection":["Aerol\u00edneas","Internacional"],"inLanguage":"es-MX","potentialAction":[{"@type":"CommentAction","name":"Comment","target":["https:\/\/nitu.mx\/index.php\/2019\/07\/22\/calificacion-crediticia-de-boeing-en-riesgo-por-el-737-max-fitch\/#respond"]}]},{"@type":"WebPage","@id":"https:\/\/nitu.mx\/index.php\/2019\/07\/22\/calificacion-crediticia-de-boeing-en-riesgo-por-el-737-max-fitch\/","url":"https:\/\/nitu.mx\/index.php\/2019\/07\/22\/calificacion-crediticia-de-boeing-en-riesgo-por-el-737-max-fitch\/","name":"Calificaci\u00f3n crediticia de Boeing en riesgo por el 737 MAX: Fitch - Nitu - Noticias de la Industria Turistica","isPartOf":{"@id":"https:\/\/nitu.mx\/#website"},"primaryImageOfPage":{"@id":"https:\/\/nitu.mx\/index.php\/2019\/07\/22\/calificacion-crediticia-de-boeing-en-riesgo-por-el-737-max-fitch\/#primaryimage"},"image":{"@id":"https:\/\/nitu.mx\/index.php\/2019\/07\/22\/calificacion-crediticia-de-boeing-en-riesgo-por-el-737-max-fitch\/#primaryimage"},"thumbnailUrl":"https:\/\/nitu.mx\/wp-content\/uploads\/2019\/03\/Boeing-737-MAX.jpg","datePublished":"2019-07-23T04:49:03+00:00","dateModified":"2019-07-23T05:19:44+00:00","description":"Se confirma la calificaci\u00f3n 'A' de Boeing por parte de Fitch, pero redujo la perspectiva a negativa, lo que supone la primera advertencia de cr\u00e9dito.","breadcrumb":{"@id":"https:\/\/nitu.mx\/index.php\/2019\/07\/22\/calificacion-crediticia-de-boeing-en-riesgo-por-el-737-max-fitch\/#breadcrumb"},"inLanguage":"es-MX","potentialAction":[{"@type":"ReadAction","target":["https:\/\/nitu.mx\/index.php\/2019\/07\/22\/calificacion-crediticia-de-boeing-en-riesgo-por-el-737-max-fitch\/"]}]},{"@type":"ImageObject","inLanguage":"es-MX","@id":"https:\/\/nitu.mx\/index.php\/2019\/07\/22\/calificacion-crediticia-de-boeing-en-riesgo-por-el-737-max-fitch\/#primaryimage","url":"https:\/\/nitu.mx\/wp-content\/uploads\/2019\/03\/Boeing-737-MAX.jpg","contentUrl":"https:\/\/nitu.mx\/wp-content\/uploads\/2019\/03\/Boeing-737-MAX.jpg","width":850,"height":480,"caption":"Boeing 737 MAX"},{"@type":"BreadcrumbList","@id":"https:\/\/nitu.mx\/index.php\/2019\/07\/22\/calificacion-crediticia-de-boeing-en-riesgo-por-el-737-max-fitch\/#breadcrumb","itemListElement":[{"@type":"ListItem","position":1,"name":"Inicio","item":"https:\/\/nitu.mx\/"},{"@type":"ListItem","position":2,"name":"Calificaci\u00f3n crediticia de Boeing en riesgo por el 737 MAX: Fitch"}]},{"@type":"WebSite","@id":"https:\/\/nitu.mx\/#website","url":"https:\/\/nitu.mx\/","name":"Nitu - Noticias de la Industria Turistica","description":"Noticias de la Industria Turistica","publisher":{"@id":"https:\/\/nitu.mx\/#\/schema\/person\/ae7a53426417292d3dd07b45a33e01bc"},"alternateName":"Noticias de la Industria Turistica","potentialAction":[{"@type":"SearchAction","target":{"@type":"EntryPoint","urlTemplate":"https:\/\/nitu.mx\/?s={search_term_string}"},"query-input":"required name=search_term_string"}],"inLanguage":"es-MX"},{"@type":["Person","Organization"],"@id":"https:\/\/nitu.mx\/#\/schema\/person\/ae7a53426417292d3dd07b45a33e01bc","name":"Arturo Medina","image":{"@type":"ImageObject","inLanguage":"es-MX","@id":"https:\/\/nitu.mx\/#\/schema\/person\/image\/","url":"https:\/\/nitu.mx\/wp-content\/uploads\/2024\/04\/4A315622-1904-4D5C-B022-878CDC840E04-90x90-1.jpeg","contentUrl":"https:\/\/nitu.mx\/wp-content\/uploads\/2024\/04\/4A315622-1904-4D5C-B022-878CDC840E04-90x90-1.jpeg","width":90,"height":90,"caption":"Arturo Medina"},"logo":{"@id":"https:\/\/nitu.mx\/#\/schema\/person\/image\/"},"description":"Director NITU.mx, Egresado de la Escuela de Periodismo Carlos Septi\u00e9n Garc\u00eda. Periodista y analista especializado en turismo desde hace 35 a\u00f1os, radicado en Canc\u00fan Q.Roo. arturo@nitu.mx","sameAs":["https:\/\/nitu.mx","https:\/\/www.facebook.com\/NITUmx\/","medinacancun","https:\/\/twitter.com\/@Arturo_Medina_G"]},{"@type":"Person","@id":"https:\/\/nitu.mx\/#\/schema\/person\/4a28fe9bd65924f7c90623773daf1b0b","name":"Redacci\u00f3n","image":{"@type":"ImageObject","inLanguage":"es-MX","@id":"https:\/\/nitu.mx\/#\/schema\/person\/image\/","url":"https:\/\/secure.gravatar.com\/avatar\/5dd011c8ccfc5cd7e4c81e42252aab38?s=96&d=mm&r=g","contentUrl":"https:\/\/secure.gravatar.com\/avatar\/5dd011c8ccfc5cd7e4c81e42252aab38?s=96&d=mm&r=g","caption":"Redacci\u00f3n"},"url":"https:\/\/nitu.mx\/index.php\/author\/redaccion\/"}]}},"views":214,"_links":{"self":[{"href":"https:\/\/nitu.mx\/index.php\/wp-json\/wp\/v2\/posts\/33819"}],"collection":[{"href":"https:\/\/nitu.mx\/index.php\/wp-json\/wp\/v2\/posts"}],"about":[{"href":"https:\/\/nitu.mx\/index.php\/wp-json\/wp\/v2\/types\/post"}],"author":[{"embeddable":true,"href":"https:\/\/nitu.mx\/index.php\/wp-json\/wp\/v2\/users\/17"}],"replies":[{"embeddable":true,"href":"https:\/\/nitu.mx\/index.php\/wp-json\/wp\/v2\/comments?post=33819"}],"version-history":[{"count":3,"href":"https:\/\/nitu.mx\/index.php\/wp-json\/wp\/v2\/posts\/33819\/revisions"}],"predecessor-version":[{"id":33837,"href":"https:\/\/nitu.mx\/index.php\/wp-json\/wp\/v2\/posts\/33819\/revisions\/33837"}],"wp:featuredmedia":[{"embeddable":true,"href":"https:\/\/nitu.mx\/index.php\/wp-json\/wp\/v2\/media\/30082"}],"wp:attachment":[{"href":"https:\/\/nitu.mx\/index.php\/wp-json\/wp\/v2\/media?parent=33819"}],"wp:term":[{"taxonomy":"category","embeddable":true,"href":"https:\/\/nitu.mx\/index.php\/wp-json\/wp\/v2\/categories?post=33819"},{"taxonomy":"post_tag","embeddable":true,"href":"https:\/\/nitu.mx\/index.php\/wp-json\/wp\/v2\/tags?post=33819"}],"curies":[{"name":"wp","href":"https:\/\/api.w.org\/{rel}","templated":true}]}}