{"id":33712,"date":"2019-07-18T22:52:25","date_gmt":"2019-07-19T03:52:25","guid":{"rendered":"https:\/\/www.dev.nitu.mx\/?p=33712"},"modified":"2019-07-19T00:38:29","modified_gmt":"2019-07-19T05:38:29","slug":"guelaguetza-dispara-las-reservas-de-airbnb-en-oaxaca","status":"publish","type":"post","link":"https:\/\/nitu.mx\/index.php\/2019\/07\/18\/guelaguetza-dispara-las-reservas-de-airbnb-en-oaxaca\/","title":{"rendered":"Guelaguetza dispara las reservas de Airbnb en Oaxaca"},"content":{"rendered":"<p>La plataforma de reserva de alojamiento, Airbnb, revel\u00f3 que las reservas en Oaxaca con motivo de la Guelaguetza 2019 se incrementaron 50 por ciento, respecto al mismo periodo del a\u00f1o pasado, lo que supera por mucho a otras fechas como Semana Santa.<\/p>\n<p>Considerada la fiesta folcl\u00f3rica m\u00e1s importante de M\u00e9xico y Am\u00e9rica Latina, la Guelaguetza re\u00fane en a las ocho regiones de Oaxaca en la tradicional ceremonia de los lunes del cerro, que este a\u00f1o ser\u00e1n los d\u00edas 22 y 29 de julio.<\/p>\n<p>De acuerdo con Airbnb, el principal mercado que reserva en sus alojamientos provienen de la rep\u00fablica mexicana, siendo Ciudad de M\u00e9xico, Puebla, Estado de M\u00e9xico, Baja California y Jalisco, los de mayor n\u00famero.<\/p>\n<p>Sin embargo, el turismo internacional tambi\u00e9n opta por los servicios de la plataforma en l\u00ednea, sobre todo viajeros de los Estados Unidos, con turistas de California, Texas y Nueva York. Adem\u00e1s, llegan viajeros de Francia, Canad\u00e1 y hasta Finlandia.<\/p>\n<p>El rango de edad de los hu\u00e9spedes que eligen Airbnb oscila entre los 25 a 39 a\u00f1os, es decir, la generaci\u00f3n Millennial, quien se inclina m\u00e1s por estas nuevas opciones de hospedaje. Otro factor que influye en el alto n\u00famero de reservas, es la alta demanda de alojamiento que demanda la Guelaguetza, que de acuerdo con hoteles independientes y de cadena de la ciudad, no dan abasto al gran n\u00famero de viajeros que llegan para esta festividad. (<a title=\"Airbnb: \u201cImpacto econ\u00f3mico generado en M\u00e9xico de 2,700 mdd en 2018\u201d\" href=\"https:\/\/www.dev.nitu.mx\/index.php\/2019\/07\/01\/airbnb-impacto-economico-generado-en-mexico-de-2700-mdd-en-2018\/\" rel=\"bookmark\">Airbnb: \u201cImpacto econ\u00f3mico generado en M\u00e9xico de 2,700 mdd en 2018\u201d<\/a>).<\/p>\n<p>Airbnb reiter\u00f3 que, como en otros estados del pa\u00eds, en Oaxaca ya aporta el 3 por ciento por concepto de Impuesto al Hospedaje, como contribuci\u00f3n para el desarrollo y promoci\u00f3n tur\u00edstica de la entidad. Adem\u00e1s de ofrecer opciones que van desde los 760 hasta los 1,424 pesos por noche, tambi\u00e9n cuenta con un cat\u00e1logo de Experiencias, para complementar la visita.<\/p>\n","protected":false},"excerpt":{"rendered":"<p>La plataforma de reserva de alojamiento, Airbnb, revel\u00f3 que las reservas en Oaxaca con motivo de la Guelaguetza 2019 se incrementaron 50 por ciento, respecto al mismo periodo del a\u00f1o pasado, lo que supera por mucho a otras fechas como Semana Santa. Considerada la fiesta folcl\u00f3rica m\u00e1s importante de M\u00e9xico y Am\u00e9rica Latina, la Guelaguetza [&hellip;]<\/p>\n","protected":false},"author":5,"featured_media":33724,"comment_status":"open","ping_status":"open","sticky":false,"template":"","format":"standard","meta":{"footnotes":""},"categories":[2],"tags":[1253,13142,906],"yoast_head":"<!-- This site is optimized with the Yoast SEO plugin v22.2 - https:\/\/yoast.com\/wordpress\/plugins\/seo\/ -->\n<title>Guelaguetza dispara las reservas de Airbnb en Oaxaca - Nitu - Noticias de la Industria Turistica<\/title>\n<meta name=\"description\" content=\"Airbnb, revel\u00f3 que las reservas en Oaxaca con motivo de la Guelaguetza 2019 se incrementaron 50 por ciento, respecto al mismo periodo del a\u00f1o pasado.\" \/>\n<meta name=\"robots\" content=\"index, follow, max-snippet:-1, max-image-preview:large, max-video-preview:-1\" \/>\n<link rel=\"canonical\" href=\"https:\/\/nitu.mx\/index.php\/2019\/07\/18\/guelaguetza-dispara-las-reservas-de-airbnb-en-oaxaca\/\" \/>\n<meta name=\"twitter:card\" content=\"summary_large_image\" \/>\n<meta name=\"twitter:title\" content=\"Guelaguetza dispara las reservas de Airbnb en Oaxaca - Nitu - Noticias de la Industria Turistica\" \/>\n<meta name=\"twitter:description\" content=\"Airbnb, revel\u00f3 que las reservas en Oaxaca con motivo de la Guelaguetza 2019 se incrementaron 50 por ciento, respecto al mismo periodo del a\u00f1o pasado.\" \/>\n<meta name=\"twitter:image\" content=\"https:\/\/nitu.mx\/wp-content\/uploads\/2019\/07\/guelaguetza-oaxaca.jpg\" \/>\n<meta name=\"twitter:creator\" content=\"@NITUmx\" \/>\n<meta name=\"twitter:site\" content=\"@Arturo_Medina_G\" \/>\n<meta name=\"twitter:label1\" content=\"Escrito por\" \/>\n\t<meta name=\"twitter:data1\" content=\"Mari Soto\" \/>\n\t<meta name=\"twitter:label2\" content=\"Tiempo de lectura\" \/>\n\t<meta name=\"twitter:data2\" content=\"2 minutos\" \/>\n<script type=\"application\/ld+json\" class=\"yoast-schema-graph\">{\"@context\":\"https:\/\/schema.org\",\"@graph\":[{\"@type\":\"Article\",\"@id\":\"https:\/\/nitu.mx\/index.php\/2019\/07\/18\/guelaguetza-dispara-las-reservas-de-airbnb-en-oaxaca\/#article\",\"isPartOf\":{\"@id\":\"https:\/\/nitu.mx\/index.php\/2019\/07\/18\/guelaguetza-dispara-las-reservas-de-airbnb-en-oaxaca\/\"},\"author\":{\"name\":\"Mari Soto\",\"@id\":\"https:\/\/nitu.mx\/#\/schema\/person\/afc52e313e27e660739556d421d3d6b4\"},\"headline\":\"Guelaguetza dispara las reservas de Airbnb en Oaxaca\",\"datePublished\":\"2019-07-19T03:52:25+00:00\",\"dateModified\":\"2019-07-19T05:38:29+00:00\",\"mainEntityOfPage\":{\"@id\":\"https:\/\/nitu.mx\/index.php\/2019\/07\/18\/guelaguetza-dispara-las-reservas-de-airbnb-en-oaxaca\/\"},\"wordCount\":331,\"commentCount\":0,\"publisher\":{\"@id\":\"https:\/\/nitu.mx\/#\/schema\/person\/ae7a53426417292d3dd07b45a33e01bc\"},\"image\":{\"@id\":\"https:\/\/nitu.mx\/index.php\/2019\/07\/18\/guelaguetza-dispara-las-reservas-de-airbnb-en-oaxaca\/#primaryimage\"},\"thumbnailUrl\":\"https:\/\/nitu.mx\/wp-content\/uploads\/2019\/07\/guelaguetza-oaxaca.jpg\",\"keywords\":[\"Airbnb\",\"Guelaguetza\",\"Oaxaca\"],\"articleSection\":[\"Hoteles\"],\"inLanguage\":\"es-MX\",\"potentialAction\":[{\"@type\":\"CommentAction\",\"name\":\"Comment\",\"target\":[\"https:\/\/nitu.mx\/index.php\/2019\/07\/18\/guelaguetza-dispara-las-reservas-de-airbnb-en-oaxaca\/#respond\"]}]},{\"@type\":\"WebPage\",\"@id\":\"https:\/\/nitu.mx\/index.php\/2019\/07\/18\/guelaguetza-dispara-las-reservas-de-airbnb-en-oaxaca\/\",\"url\":\"https:\/\/nitu.mx\/index.php\/2019\/07\/18\/guelaguetza-dispara-las-reservas-de-airbnb-en-oaxaca\/\",\"name\":\"Guelaguetza dispara las reservas de Airbnb en Oaxaca - Nitu - Noticias de la Industria Turistica\",\"isPartOf\":{\"@id\":\"https:\/\/nitu.mx\/#website\"},\"primaryImageOfPage\":{\"@id\":\"https:\/\/nitu.mx\/index.php\/2019\/07\/18\/guelaguetza-dispara-las-reservas-de-airbnb-en-oaxaca\/#primaryimage\"},\"image\":{\"@id\":\"https:\/\/nitu.mx\/index.php\/2019\/07\/18\/guelaguetza-dispara-las-reservas-de-airbnb-en-oaxaca\/#primaryimage\"},\"thumbnailUrl\":\"https:\/\/nitu.mx\/wp-content\/uploads\/2019\/07\/guelaguetza-oaxaca.jpg\",\"datePublished\":\"2019-07-19T03:52:25+00:00\",\"dateModified\":\"2019-07-19T05:38:29+00:00\",\"description\":\"Airbnb, revel\u00f3 que las reservas en Oaxaca con motivo de la Guelaguetza 2019 se incrementaron 50 por ciento, respecto al mismo periodo del a\u00f1o pasado.\",\"breadcrumb\":{\"@id\":\"https:\/\/nitu.mx\/index.php\/2019\/07\/18\/guelaguetza-dispara-las-reservas-de-airbnb-en-oaxaca\/#breadcrumb\"},\"inLanguage\":\"es-MX\",\"potentialAction\":[{\"@type\":\"ReadAction\",\"target\":[\"https:\/\/nitu.mx\/index.php\/2019\/07\/18\/guelaguetza-dispara-las-reservas-de-airbnb-en-oaxaca\/\"]}]},{\"@type\":\"ImageObject\",\"inLanguage\":\"es-MX\",\"@id\":\"https:\/\/nitu.mx\/index.php\/2019\/07\/18\/guelaguetza-dispara-las-reservas-de-airbnb-en-oaxaca\/#primaryimage\",\"url\":\"https:\/\/nitu.mx\/wp-content\/uploads\/2019\/07\/guelaguetza-oaxaca.jpg\",\"contentUrl\":\"https:\/\/nitu.mx\/wp-content\/uploads\/2019\/07\/guelaguetza-oaxaca.jpg\",\"width\":850,\"height\":480,\"caption\":\"guelaguetza oaxaca airbnb\"},{\"@type\":\"BreadcrumbList\",\"@id\":\"https:\/\/nitu.mx\/index.php\/2019\/07\/18\/guelaguetza-dispara-las-reservas-de-airbnb-en-oaxaca\/#breadcrumb\",\"itemListElement\":[{\"@type\":\"ListItem\",\"position\":1,\"name\":\"Inicio\",\"item\":\"https:\/\/nitu.mx\/\"},{\"@type\":\"ListItem\",\"position\":2,\"name\":\"Guelaguetza dispara las reservas de Airbnb en Oaxaca\"}]},{\"@type\":\"WebSite\",\"@id\":\"https:\/\/nitu.mx\/#website\",\"url\":\"https:\/\/nitu.mx\/\",\"name\":\"Nitu - Noticias de la Industria Turistica\",\"description\":\"Noticias de la Industria Turistica\",\"publisher\":{\"@id\":\"https:\/\/nitu.mx\/#\/schema\/person\/ae7a53426417292d3dd07b45a33e01bc\"},\"alternateName\":\"Noticias de la Industria Turistica\",\"potentialAction\":[{\"@type\":\"SearchAction\",\"target\":{\"@type\":\"EntryPoint\",\"urlTemplate\":\"https:\/\/nitu.mx\/?s={search_term_string}\"},\"query-input\":\"required name=search_term_string\"}],\"inLanguage\":\"es-MX\"},{\"@type\":[\"Person\",\"Organization\"],\"@id\":\"https:\/\/nitu.mx\/#\/schema\/person\/ae7a53426417292d3dd07b45a33e01bc\",\"name\":\"Arturo Medina\",\"image\":{\"@type\":\"ImageObject\",\"inLanguage\":\"es-MX\",\"@id\":\"https:\/\/nitu.mx\/#\/schema\/person\/image\/\",\"url\":\"https:\/\/nitu.mx\/wp-content\/uploads\/2024\/04\/4A315622-1904-4D5C-B022-878CDC840E04-90x90-1.jpeg\",\"contentUrl\":\"https:\/\/nitu.mx\/wp-content\/uploads\/2024\/04\/4A315622-1904-4D5C-B022-878CDC840E04-90x90-1.jpeg\",\"width\":90,\"height\":90,\"caption\":\"Arturo Medina\"},\"logo\":{\"@id\":\"https:\/\/nitu.mx\/#\/schema\/person\/image\/\"},\"description\":\"Director NITU.mx, Egresado de la Escuela de Periodismo Carlos Septi\u00e9n Garc\u00eda. Periodista y analista especializado en turismo desde hace 35 a\u00f1os, radicado en Canc\u00fan Q.Roo. arturo@nitu.mx\",\"sameAs\":[\"https:\/\/nitu.mx\",\"https:\/\/www.facebook.com\/NITUmx\/\",\"medinacancun\",\"https:\/\/twitter.com\/@Arturo_Medina_G\"]},{\"@type\":\"Person\",\"@id\":\"https:\/\/nitu.mx\/#\/schema\/person\/afc52e313e27e660739556d421d3d6b4\",\"name\":\"Mari Soto\",\"image\":{\"@type\":\"ImageObject\",\"inLanguage\":\"es-MX\",\"@id\":\"https:\/\/nitu.mx\/#\/schema\/person\/image\/\",\"url\":\"https:\/\/secure.gravatar.com\/avatar\/2619c282a180a20d89fcaea82a6736e2?s=96&d=mm&r=g\",\"contentUrl\":\"https:\/\/secure.gravatar.com\/avatar\/2619c282a180a20d89fcaea82a6736e2?s=96&d=mm&r=g\",\"caption\":\"Mari Soto\"},\"sameAs\":[\"https:\/\/nitu.mx\"],\"url\":\"https:\/\/nitu.mx\/index.php\/author\/guadalupe\/\"}]}<\/script>\n<!-- \/ Yoast SEO plugin. -->","yoast_head_json":{"title":"Guelaguetza dispara las reservas de Airbnb en Oaxaca - Nitu - Noticias de la Industria Turistica","description":"Airbnb, revel\u00f3 que las reservas en Oaxaca con motivo de la Guelaguetza 2019 se incrementaron 50 por ciento, respecto al mismo periodo del a\u00f1o pasado.","robots":{"index":"index","follow":"follow","max-snippet":"max-snippet:-1","max-image-preview":"max-image-preview:large","max-video-preview":"max-video-preview:-1"},"canonical":"https:\/\/nitu.mx\/index.php\/2019\/07\/18\/guelaguetza-dispara-las-reservas-de-airbnb-en-oaxaca\/","twitter_card":"summary_large_image","twitter_title":"Guelaguetza dispara las reservas de Airbnb en Oaxaca - Nitu - Noticias de la Industria Turistica","twitter_description":"Airbnb, revel\u00f3 que las reservas en Oaxaca con motivo de la Guelaguetza 2019 se incrementaron 50 por ciento, respecto al mismo periodo del a\u00f1o pasado.","twitter_image":"https:\/\/nitu.mx\/wp-content\/uploads\/2019\/07\/guelaguetza-oaxaca.jpg","twitter_creator":"@NITUmx","twitter_site":"@Arturo_Medina_G","twitter_misc":{"Escrito por":"Mari Soto","Tiempo de lectura":"2 minutos"},"schema":{"@context":"https:\/\/schema.org","@graph":[{"@type":"Article","@id":"https:\/\/nitu.mx\/index.php\/2019\/07\/18\/guelaguetza-dispara-las-reservas-de-airbnb-en-oaxaca\/#article","isPartOf":{"@id":"https:\/\/nitu.mx\/index.php\/2019\/07\/18\/guelaguetza-dispara-las-reservas-de-airbnb-en-oaxaca\/"},"author":{"name":"Mari Soto","@id":"https:\/\/nitu.mx\/#\/schema\/person\/afc52e313e27e660739556d421d3d6b4"},"headline":"Guelaguetza dispara las reservas de Airbnb en Oaxaca","datePublished":"2019-07-19T03:52:25+00:00","dateModified":"2019-07-19T05:38:29+00:00","mainEntityOfPage":{"@id":"https:\/\/nitu.mx\/index.php\/2019\/07\/18\/guelaguetza-dispara-las-reservas-de-airbnb-en-oaxaca\/"},"wordCount":331,"commentCount":0,"publisher":{"@id":"https:\/\/nitu.mx\/#\/schema\/person\/ae7a53426417292d3dd07b45a33e01bc"},"image":{"@id":"https:\/\/nitu.mx\/index.php\/2019\/07\/18\/guelaguetza-dispara-las-reservas-de-airbnb-en-oaxaca\/#primaryimage"},"thumbnailUrl":"https:\/\/nitu.mx\/wp-content\/uploads\/2019\/07\/guelaguetza-oaxaca.jpg","keywords":["Airbnb","Guelaguetza","Oaxaca"],"articleSection":["Hoteles"],"inLanguage":"es-MX","potentialAction":[{"@type":"CommentAction","name":"Comment","target":["https:\/\/nitu.mx\/index.php\/2019\/07\/18\/guelaguetza-dispara-las-reservas-de-airbnb-en-oaxaca\/#respond"]}]},{"@type":"WebPage","@id":"https:\/\/nitu.mx\/index.php\/2019\/07\/18\/guelaguetza-dispara-las-reservas-de-airbnb-en-oaxaca\/","url":"https:\/\/nitu.mx\/index.php\/2019\/07\/18\/guelaguetza-dispara-las-reservas-de-airbnb-en-oaxaca\/","name":"Guelaguetza dispara las reservas de Airbnb en Oaxaca - Nitu - Noticias de la Industria Turistica","isPartOf":{"@id":"https:\/\/nitu.mx\/#website"},"primaryImageOfPage":{"@id":"https:\/\/nitu.mx\/index.php\/2019\/07\/18\/guelaguetza-dispara-las-reservas-de-airbnb-en-oaxaca\/#primaryimage"},"image":{"@id":"https:\/\/nitu.mx\/index.php\/2019\/07\/18\/guelaguetza-dispara-las-reservas-de-airbnb-en-oaxaca\/#primaryimage"},"thumbnailUrl":"https:\/\/nitu.mx\/wp-content\/uploads\/2019\/07\/guelaguetza-oaxaca.jpg","datePublished":"2019-07-19T03:52:25+00:00","dateModified":"2019-07-19T05:38:29+00:00","description":"Airbnb, revel\u00f3 que las reservas en Oaxaca con motivo de la Guelaguetza 2019 se incrementaron 50 por ciento, respecto al mismo periodo del a\u00f1o pasado.","breadcrumb":{"@id":"https:\/\/nitu.mx\/index.php\/2019\/07\/18\/guelaguetza-dispara-las-reservas-de-airbnb-en-oaxaca\/#breadcrumb"},"inLanguage":"es-MX","potentialAction":[{"@type":"ReadAction","target":["https:\/\/nitu.mx\/index.php\/2019\/07\/18\/guelaguetza-dispara-las-reservas-de-airbnb-en-oaxaca\/"]}]},{"@type":"ImageObject","inLanguage":"es-MX","@id":"https:\/\/nitu.mx\/index.php\/2019\/07\/18\/guelaguetza-dispara-las-reservas-de-airbnb-en-oaxaca\/#primaryimage","url":"https:\/\/nitu.mx\/wp-content\/uploads\/2019\/07\/guelaguetza-oaxaca.jpg","contentUrl":"https:\/\/nitu.mx\/wp-content\/uploads\/2019\/07\/guelaguetza-oaxaca.jpg","width":850,"height":480,"caption":"guelaguetza oaxaca airbnb"},{"@type":"BreadcrumbList","@id":"https:\/\/nitu.mx\/index.php\/2019\/07\/18\/guelaguetza-dispara-las-reservas-de-airbnb-en-oaxaca\/#breadcrumb","itemListElement":[{"@type":"ListItem","position":1,"name":"Inicio","item":"https:\/\/nitu.mx\/"},{"@type":"ListItem","position":2,"name":"Guelaguetza dispara las reservas de Airbnb en Oaxaca"}]},{"@type":"WebSite","@id":"https:\/\/nitu.mx\/#website","url":"https:\/\/nitu.mx\/","name":"Nitu - Noticias de la Industria Turistica","description":"Noticias de la Industria Turistica","publisher":{"@id":"https:\/\/nitu.mx\/#\/schema\/person\/ae7a53426417292d3dd07b45a33e01bc"},"alternateName":"Noticias de la Industria Turistica","potentialAction":[{"@type":"SearchAction","target":{"@type":"EntryPoint","urlTemplate":"https:\/\/nitu.mx\/?s={search_term_string}"},"query-input":"required name=search_term_string"}],"inLanguage":"es-MX"},{"@type":["Person","Organization"],"@id":"https:\/\/nitu.mx\/#\/schema\/person\/ae7a53426417292d3dd07b45a33e01bc","name":"Arturo Medina","image":{"@type":"ImageObject","inLanguage":"es-MX","@id":"https:\/\/nitu.mx\/#\/schema\/person\/image\/","url":"https:\/\/nitu.mx\/wp-content\/uploads\/2024\/04\/4A315622-1904-4D5C-B022-878CDC840E04-90x90-1.jpeg","contentUrl":"https:\/\/nitu.mx\/wp-content\/uploads\/2024\/04\/4A315622-1904-4D5C-B022-878CDC840E04-90x90-1.jpeg","width":90,"height":90,"caption":"Arturo Medina"},"logo":{"@id":"https:\/\/nitu.mx\/#\/schema\/person\/image\/"},"description":"Director NITU.mx, Egresado de la Escuela de Periodismo Carlos Septi\u00e9n Garc\u00eda. Periodista y analista especializado en turismo desde hace 35 a\u00f1os, radicado en Canc\u00fan Q.Roo. arturo@nitu.mx","sameAs":["https:\/\/nitu.mx","https:\/\/www.facebook.com\/NITUmx\/","medinacancun","https:\/\/twitter.com\/@Arturo_Medina_G"]},{"@type":"Person","@id":"https:\/\/nitu.mx\/#\/schema\/person\/afc52e313e27e660739556d421d3d6b4","name":"Mari Soto","image":{"@type":"ImageObject","inLanguage":"es-MX","@id":"https:\/\/nitu.mx\/#\/schema\/person\/image\/","url":"https:\/\/secure.gravatar.com\/avatar\/2619c282a180a20d89fcaea82a6736e2?s=96&d=mm&r=g","contentUrl":"https:\/\/secure.gravatar.com\/avatar\/2619c282a180a20d89fcaea82a6736e2?s=96&d=mm&r=g","caption":"Mari Soto"},"sameAs":["https:\/\/nitu.mx"],"url":"https:\/\/nitu.mx\/index.php\/author\/guadalupe\/"}]}},"views":1101,"_links":{"self":[{"href":"https:\/\/nitu.mx\/index.php\/wp-json\/wp\/v2\/posts\/33712"}],"collection":[{"href":"https:\/\/nitu.mx\/index.php\/wp-json\/wp\/v2\/posts"}],"about":[{"href":"https:\/\/nitu.mx\/index.php\/wp-json\/wp\/v2\/types\/post"}],"author":[{"embeddable":true,"href":"https:\/\/nitu.mx\/index.php\/wp-json\/wp\/v2\/users\/5"}],"replies":[{"embeddable":true,"href":"https:\/\/nitu.mx\/index.php\/wp-json\/wp\/v2\/comments?post=33712"}],"version-history":[{"count":2,"href":"https:\/\/nitu.mx\/index.php\/wp-json\/wp\/v2\/posts\/33712\/revisions"}],"predecessor-version":[{"id":33727,"href":"https:\/\/nitu.mx\/index.php\/wp-json\/wp\/v2\/posts\/33712\/revisions\/33727"}],"wp:featuredmedia":[{"embeddable":true,"href":"https:\/\/nitu.mx\/index.php\/wp-json\/wp\/v2\/media\/33724"}],"wp:attachment":[{"href":"https:\/\/nitu.mx\/index.php\/wp-json\/wp\/v2\/media?parent=33712"}],"wp:term":[{"taxonomy":"category","embeddable":true,"href":"https:\/\/nitu.mx\/index.php\/wp-json\/wp\/v2\/categories?post=33712"},{"taxonomy":"post_tag","embeddable":true,"href":"https:\/\/nitu.mx\/index.php\/wp-json\/wp\/v2\/tags?post=33712"}],"curies":[{"name":"wp","href":"https:\/\/api.w.org\/{rel}","templated":true}]}}