{"id":33466,"date":"2019-07-10T23:15:26","date_gmt":"2019-07-11T04:15:26","guid":{"rendered":"https:\/\/www.dev.nitu.mx\/?p=33466"},"modified":"2019-07-11T00:10:18","modified_gmt":"2019-07-11T05:10:18","slug":"quintana-roo-asume-la-vicecoordinacion-de-la-comision-de-puertos-y-litorales-de-la-conago","status":"publish","type":"post","link":"https:\/\/nitu.mx\/index.php\/2019\/07\/10\/quintana-roo-asume-la-vicecoordinacion-de-la-comision-de-puertos-y-litorales-de-la-conago\/","title":{"rendered":"Quintana Roo asume la vicecoordinaci\u00f3n de la Comisi\u00f3n de Puertos y Litorales de la CONAGO"},"content":{"rendered":"<p>Quintana Roo fue designado como vicecoordinador de la reci\u00e9n creada Comisi\u00f3n de Puertos y Litorales, dentro de la Conferencia Nacional de Gobernadores, (CONAGO), desde donde encabezar\u00e1 trabajos costeros que afectan a nivel nacional, como el sargazo y la recuperaci\u00f3n de playas, inform\u00f3 la directora de la Administraci\u00f3n Portuaria Integral de Quintana Roo, (Apiqroo), Alicia Ricalde Maga\u00f1a, quien acudi\u00f3 al encuentro en representaci\u00f3n del gobernador Carlos Joaqu\u00edn.<\/p>\n<p>En la instalaci\u00f3n del organismo que se llev\u00f3 a cabo en la Ciudad de M\u00e9xico, Alicia Ricalde solicit\u00f3 y recibi\u00f3 la Vicecoordinaci\u00f3n de la Comisi\u00f3n de Puertos Litorales de la CONAGO, en conjunto con el maestro. Jos\u00e9 Ignacio Peralta S\u00e1nchez, gobernador constitucional del estado de Colima.<\/p>\n<p>Ante gobernadores, diputados federales, autoridades ambientales y portuarias del pa\u00eds, la directora de la Apiqroo, Alicia Ricalde, justific\u00f3 la solicitud, \u201cconsideramos que desde la Vicecoordinaci\u00f3n de esta comisi\u00f3n se atender\u00e1 de una manera m\u00e1s eficaz el grave problema que representa el arribo masivo de sargazo a las playas del Caribe mexicano, en particular en Quintana Roo y Yucat\u00e1n\u201d.<\/p>\n<p>La funcionaria estatal afirm\u00f3 que para ambos estados el sargazo es considerado uno de los m\u00e1s graves problemas que enfrentan en los \u00faltimos a\u00f1os, incluso, desde mayo de este a\u00f1o el gobierno de Quintana Roo declar\u00f3 estado de emergencia describi\u00e9ndolo como un desastre natural inminente.<\/p>\n<p>\u201cEl gobernador Carlos Joaqu\u00edn est\u00e1 consciente del grave problema que representa el sargazo, por ello desde que inici\u00f3 el a\u00f1o, en coordinaci\u00f3n con la iniciativa privada y los gobiernos federal y municipal, trabaja en la b\u00fasqueda de acciones que ayuden a encontrar una soluci\u00f3n de fondo\u201d.\u00a0<a title=\"Confirma Marina recolecta de 155 toneladas de sargazo en el mar\" href=\"https:\/\/www.dev.nitu.mx\/index.php\/2019\/07\/09\/confirma-marina-recolecta-de-155-toneladas-de-sargazo-en-el-mar\/\" rel=\"bookmark\">(Confirma Marina recolecta de 155 toneladas de sargazo en el mar<\/a>).<\/p>\n<p>De acuerdo con la Comisi\u00f3n Presidencial para la Atenci\u00f3n al Arribo del Sargazo en el Caribe Mexicano, el turismo del estado de Quintana Roo representa 15 por ciento del Producto Interno Bruto (PIB) de todo el pa\u00eds, lo cual justifica que este a\u00f1o, la limpieza de las playas costar\u00e1 36,7 millones de d\u00f3lares, seg\u00fan la Asociaci\u00f3n de Hoteles de Canc\u00fan y Puerto Morelos.<\/p>\n<p>\u201cSi no se toman acciones coordinadas para evitar que cantidades masivas de sargazo lleguen a las playas del Caribe mexicano, corremos el riesgo de que las aguas azul turquesa y playas blancas dejen de existir dentro de pocos a\u00f1os\u201d. (<a title=\"Arribo de sargazo en Quintana Roo es irregular\" href=\"https:\/\/www.dev.nitu.mx\/index.php\/2019\/07\/08\/arribo-de-sargazo-en-quintana-roo-es-irregular\/\" rel=\"bookmark\">Arribo de sargazo en Quintana Roo es irregular).<\/a><\/p>\n<p>No obstante, la directora de la Apiqroo aclar\u00f3 que el sargazo no est\u00e1 todo el tiempo ni en todas las playas.<\/p>\n<p>El evento que fue encabezado por el presidente de la Conago y gobernador de Quer\u00e9taro, Francisco Dom\u00ednguez Servi\u00e9n, as\u00ed como del coordinador de la Comisi\u00f3n de Puertos y Litorales de la Conago y mandatario estatal de Tamaulipas, Francisco Javier Garc\u00eda Cabeza de Vaca, cont\u00f3 con la presencia de la diputada federal por Quintana Roo, Adriana Teissier Zavala, la directora del Instituto de Biodiversidad y \u00c1reas Naturales Protegidas de Quintana Roo, Elvira Carvajal Hinojosa, por citar algunos. (Fuente: Apiqroo)<\/p>\n","protected":false},"excerpt":{"rendered":"<p>Quintana Roo fue designado como vicecoordinador de la reci\u00e9n creada Comisi\u00f3n de Puertos y Litorales, dentro de la Conferencia Nacional de Gobernadores, (CONAGO), desde donde encabezar\u00e1 trabajos costeros que afectan a nivel nacional, como el sargazo y la recuperaci\u00f3n de playas, inform\u00f3 la directora de la Administraci\u00f3n Portuaria Integral de Quintana Roo, (Apiqroo), Alicia Ricalde [&hellip;]<\/p>\n","protected":false},"author":17,"featured_media":33492,"comment_status":"open","ping_status":"open","sticky":false,"template":"","format":"standard","meta":{"footnotes":""},"categories":[4,5],"tags":[2280,2264,3491,384,3769,16501,1806,12504,6320,10332],"yoast_head":"<!-- This site is optimized with the Yoast SEO plugin v22.2 - https:\/\/yoast.com\/wordpress\/plugins\/seo\/ -->\n<title>Quintana Roo asume la vicecoordinaci\u00f3n de la Comisi\u00f3n de Puertos y Litorales de la CONAGO - Nitu - Noticias de la Industria Turistica<\/title>\n<meta name=\"description\" content=\"Quintana Roo fue designado como vicecoordinador de la reci\u00e9n creada Comisi\u00f3n de Puertos y Litorales, dentro de la (CONAGO.\" \/>\n<meta name=\"robots\" content=\"index, follow, max-snippet:-1, max-image-preview:large, max-video-preview:-1\" \/>\n<link rel=\"canonical\" href=\"https:\/\/nitu.mx\/index.php\/2019\/07\/10\/quintana-roo-asume-la-vicecoordinacion-de-la-comision-de-puertos-y-litorales-de-la-conago\/\" \/>\n<meta name=\"twitter:card\" content=\"summary_large_image\" \/>\n<meta name=\"twitter:title\" content=\"Quintana Roo asume la vicecoordinaci\u00f3n de la Comisi\u00f3n de Puertos y Litorales de la CONAGO - Nitu - Noticias de la Industria Turistica\" \/>\n<meta name=\"twitter:description\" content=\"Quintana Roo fue designado como vicecoordinador de la reci\u00e9n creada Comisi\u00f3n de Puertos y Litorales, dentro de la (CONAGO.\" \/>\n<meta name=\"twitter:image\" content=\"https:\/\/nitu.mx\/wp-content\/uploads\/2019\/07\/Apiqroo-Conago.jpg\" \/>\n<meta name=\"twitter:creator\" content=\"@NITUmx\" \/>\n<meta name=\"twitter:site\" content=\"@Arturo_Medina_G\" \/>\n<meta name=\"twitter:label1\" content=\"Escrito por\" \/>\n\t<meta name=\"twitter:data1\" content=\"Redacci\u00f3n\" \/>\n\t<meta name=\"twitter:label2\" content=\"Tiempo de lectura\" \/>\n\t<meta name=\"twitter:data2\" content=\"3 minutos\" \/>\n<script type=\"application\/ld+json\" class=\"yoast-schema-graph\">{\"@context\":\"https:\/\/schema.org\",\"@graph\":[{\"@type\":\"Article\",\"@id\":\"https:\/\/nitu.mx\/index.php\/2019\/07\/10\/quintana-roo-asume-la-vicecoordinacion-de-la-comision-de-puertos-y-litorales-de-la-conago\/#article\",\"isPartOf\":{\"@id\":\"https:\/\/nitu.mx\/index.php\/2019\/07\/10\/quintana-roo-asume-la-vicecoordinacion-de-la-comision-de-puertos-y-litorales-de-la-conago\/\"},\"author\":{\"name\":\"Redacci\u00f3n\",\"@id\":\"https:\/\/nitu.mx\/#\/schema\/person\/4a28fe9bd65924f7c90623773daf1b0b\"},\"headline\":\"Quintana Roo asume la vicecoordinaci\u00f3n de la Comisi\u00f3n de Puertos y Litorales de la CONAGO\",\"datePublished\":\"2019-07-11T04:15:26+00:00\",\"dateModified\":\"2019-07-11T05:10:18+00:00\",\"mainEntityOfPage\":{\"@id\":\"https:\/\/nitu.mx\/index.php\/2019\/07\/10\/quintana-roo-asume-la-vicecoordinacion-de-la-comision-de-puertos-y-litorales-de-la-conago\/\"},\"wordCount\":535,\"commentCount\":0,\"publisher\":{\"@id\":\"https:\/\/nitu.mx\/#\/schema\/person\/ae7a53426417292d3dd07b45a33e01bc\"},\"image\":{\"@id\":\"https:\/\/nitu.mx\/index.php\/2019\/07\/10\/quintana-roo-asume-la-vicecoordinacion-de-la-comision-de-puertos-y-litorales-de-la-conago\/#primaryimage\"},\"thumbnailUrl\":\"https:\/\/nitu.mx\/wp-content\/uploads\/2019\/07\/Apiqroo-Conago.jpg\",\"keywords\":[\"Administraci\u00f3n Portuaria Integral de Quintana Roo\",\"Alicia Ricalde Maga\u00f1a\",\"Apiqroo\",\"Carlos Joaqu\u00edn\",\"CONAGO\",\"Conferencia Nacional de Gobernadores\",\"gobernador\",\"litorales\",\"recuperaci\u00f3n de playas\",\"sargazo\"],\"articleSection\":[\"Cruceros\",\"Destinos\"],\"inLanguage\":\"es-MX\",\"potentialAction\":[{\"@type\":\"CommentAction\",\"name\":\"Comment\",\"target\":[\"https:\/\/nitu.mx\/index.php\/2019\/07\/10\/quintana-roo-asume-la-vicecoordinacion-de-la-comision-de-puertos-y-litorales-de-la-conago\/#respond\"]}]},{\"@type\":\"WebPage\",\"@id\":\"https:\/\/nitu.mx\/index.php\/2019\/07\/10\/quintana-roo-asume-la-vicecoordinacion-de-la-comision-de-puertos-y-litorales-de-la-conago\/\",\"url\":\"https:\/\/nitu.mx\/index.php\/2019\/07\/10\/quintana-roo-asume-la-vicecoordinacion-de-la-comision-de-puertos-y-litorales-de-la-conago\/\",\"name\":\"Quintana Roo asume la vicecoordinaci\u00f3n de la Comisi\u00f3n de Puertos y Litorales de la CONAGO - Nitu - Noticias de la Industria Turistica\",\"isPartOf\":{\"@id\":\"https:\/\/nitu.mx\/#website\"},\"primaryImageOfPage\":{\"@id\":\"https:\/\/nitu.mx\/index.php\/2019\/07\/10\/quintana-roo-asume-la-vicecoordinacion-de-la-comision-de-puertos-y-litorales-de-la-conago\/#primaryimage\"},\"image\":{\"@id\":\"https:\/\/nitu.mx\/index.php\/2019\/07\/10\/quintana-roo-asume-la-vicecoordinacion-de-la-comision-de-puertos-y-litorales-de-la-conago\/#primaryimage\"},\"thumbnailUrl\":\"https:\/\/nitu.mx\/wp-content\/uploads\/2019\/07\/Apiqroo-Conago.jpg\",\"datePublished\":\"2019-07-11T04:15:26+00:00\",\"dateModified\":\"2019-07-11T05:10:18+00:00\",\"description\":\"Quintana Roo fue designado como vicecoordinador de la reci\u00e9n creada Comisi\u00f3n de Puertos y Litorales, dentro de la (CONAGO.\",\"breadcrumb\":{\"@id\":\"https:\/\/nitu.mx\/index.php\/2019\/07\/10\/quintana-roo-asume-la-vicecoordinacion-de-la-comision-de-puertos-y-litorales-de-la-conago\/#breadcrumb\"},\"inLanguage\":\"es-MX\",\"potentialAction\":[{\"@type\":\"ReadAction\",\"target\":[\"https:\/\/nitu.mx\/index.php\/2019\/07\/10\/quintana-roo-asume-la-vicecoordinacion-de-la-comision-de-puertos-y-litorales-de-la-conago\/\"]}]},{\"@type\":\"ImageObject\",\"inLanguage\":\"es-MX\",\"@id\":\"https:\/\/nitu.mx\/index.php\/2019\/07\/10\/quintana-roo-asume-la-vicecoordinacion-de-la-comision-de-puertos-y-litorales-de-la-conago\/#primaryimage\",\"url\":\"https:\/\/nitu.mx\/wp-content\/uploads\/2019\/07\/Apiqroo-Conago.jpg\",\"contentUrl\":\"https:\/\/nitu.mx\/wp-content\/uploads\/2019\/07\/Apiqroo-Conago.jpg\",\"width\":850,\"height\":480,\"caption\":\"Conago\"},{\"@type\":\"BreadcrumbList\",\"@id\":\"https:\/\/nitu.mx\/index.php\/2019\/07\/10\/quintana-roo-asume-la-vicecoordinacion-de-la-comision-de-puertos-y-litorales-de-la-conago\/#breadcrumb\",\"itemListElement\":[{\"@type\":\"ListItem\",\"position\":1,\"name\":\"Inicio\",\"item\":\"https:\/\/nitu.mx\/\"},{\"@type\":\"ListItem\",\"position\":2,\"name\":\"Quintana Roo asume la vicecoordinaci\u00f3n de la Comisi\u00f3n de Puertos y Litorales de la CONAGO\"}]},{\"@type\":\"WebSite\",\"@id\":\"https:\/\/nitu.mx\/#website\",\"url\":\"https:\/\/nitu.mx\/\",\"name\":\"Nitu - Noticias de la Industria Turistica\",\"description\":\"Noticias de la Industria Turistica\",\"publisher\":{\"@id\":\"https:\/\/nitu.mx\/#\/schema\/person\/ae7a53426417292d3dd07b45a33e01bc\"},\"alternateName\":\"Noticias de la Industria Turistica\",\"potentialAction\":[{\"@type\":\"SearchAction\",\"target\":{\"@type\":\"EntryPoint\",\"urlTemplate\":\"https:\/\/nitu.mx\/?s={search_term_string}\"},\"query-input\":\"required name=search_term_string\"}],\"inLanguage\":\"es-MX\"},{\"@type\":[\"Person\",\"Organization\"],\"@id\":\"https:\/\/nitu.mx\/#\/schema\/person\/ae7a53426417292d3dd07b45a33e01bc\",\"name\":\"Arturo Medina\",\"image\":{\"@type\":\"ImageObject\",\"inLanguage\":\"es-MX\",\"@id\":\"https:\/\/nitu.mx\/#\/schema\/person\/image\/\",\"url\":\"https:\/\/nitu.mx\/wp-content\/uploads\/2024\/04\/4A315622-1904-4D5C-B022-878CDC840E04-90x90-1.jpeg\",\"contentUrl\":\"https:\/\/nitu.mx\/wp-content\/uploads\/2024\/04\/4A315622-1904-4D5C-B022-878CDC840E04-90x90-1.jpeg\",\"width\":90,\"height\":90,\"caption\":\"Arturo Medina\"},\"logo\":{\"@id\":\"https:\/\/nitu.mx\/#\/schema\/person\/image\/\"},\"description\":\"Director NITU.mx, Egresado de la Escuela de Periodismo Carlos Septi\u00e9n Garc\u00eda. Periodista y analista especializado en turismo desde hace 35 a\u00f1os, radicado en Canc\u00fan Q.Roo. arturo@nitu.mx\",\"sameAs\":[\"https:\/\/nitu.mx\",\"https:\/\/www.facebook.com\/NITUmx\/\",\"medinacancun\",\"https:\/\/twitter.com\/@Arturo_Medina_G\"]},{\"@type\":\"Person\",\"@id\":\"https:\/\/nitu.mx\/#\/schema\/person\/4a28fe9bd65924f7c90623773daf1b0b\",\"name\":\"Redacci\u00f3n\",\"image\":{\"@type\":\"ImageObject\",\"inLanguage\":\"es-MX\",\"@id\":\"https:\/\/nitu.mx\/#\/schema\/person\/image\/\",\"url\":\"https:\/\/secure.gravatar.com\/avatar\/5dd011c8ccfc5cd7e4c81e42252aab38?s=96&d=mm&r=g\",\"contentUrl\":\"https:\/\/secure.gravatar.com\/avatar\/5dd011c8ccfc5cd7e4c81e42252aab38?s=96&d=mm&r=g\",\"caption\":\"Redacci\u00f3n\"},\"url\":\"https:\/\/nitu.mx\/index.php\/author\/redaccion\/\"}]}<\/script>\n<!-- \/ Yoast SEO plugin. -->","yoast_head_json":{"title":"Quintana Roo asume la vicecoordinaci\u00f3n de la Comisi\u00f3n de Puertos y Litorales de la CONAGO - Nitu - Noticias de la Industria Turistica","description":"Quintana Roo fue designado como vicecoordinador de la reci\u00e9n creada Comisi\u00f3n de Puertos y Litorales, dentro de la (CONAGO.","robots":{"index":"index","follow":"follow","max-snippet":"max-snippet:-1","max-image-preview":"max-image-preview:large","max-video-preview":"max-video-preview:-1"},"canonical":"https:\/\/nitu.mx\/index.php\/2019\/07\/10\/quintana-roo-asume-la-vicecoordinacion-de-la-comision-de-puertos-y-litorales-de-la-conago\/","twitter_card":"summary_large_image","twitter_title":"Quintana Roo asume la vicecoordinaci\u00f3n de la Comisi\u00f3n de Puertos y Litorales de la CONAGO - Nitu - Noticias de la Industria Turistica","twitter_description":"Quintana Roo fue designado como vicecoordinador de la reci\u00e9n creada Comisi\u00f3n de Puertos y Litorales, dentro de la (CONAGO.","twitter_image":"https:\/\/nitu.mx\/wp-content\/uploads\/2019\/07\/Apiqroo-Conago.jpg","twitter_creator":"@NITUmx","twitter_site":"@Arturo_Medina_G","twitter_misc":{"Escrito por":"Redacci\u00f3n","Tiempo de lectura":"3 minutos"},"schema":{"@context":"https:\/\/schema.org","@graph":[{"@type":"Article","@id":"https:\/\/nitu.mx\/index.php\/2019\/07\/10\/quintana-roo-asume-la-vicecoordinacion-de-la-comision-de-puertos-y-litorales-de-la-conago\/#article","isPartOf":{"@id":"https:\/\/nitu.mx\/index.php\/2019\/07\/10\/quintana-roo-asume-la-vicecoordinacion-de-la-comision-de-puertos-y-litorales-de-la-conago\/"},"author":{"name":"Redacci\u00f3n","@id":"https:\/\/nitu.mx\/#\/schema\/person\/4a28fe9bd65924f7c90623773daf1b0b"},"headline":"Quintana Roo asume la vicecoordinaci\u00f3n de la Comisi\u00f3n de Puertos y Litorales de la CONAGO","datePublished":"2019-07-11T04:15:26+00:00","dateModified":"2019-07-11T05:10:18+00:00","mainEntityOfPage":{"@id":"https:\/\/nitu.mx\/index.php\/2019\/07\/10\/quintana-roo-asume-la-vicecoordinacion-de-la-comision-de-puertos-y-litorales-de-la-conago\/"},"wordCount":535,"commentCount":0,"publisher":{"@id":"https:\/\/nitu.mx\/#\/schema\/person\/ae7a53426417292d3dd07b45a33e01bc"},"image":{"@id":"https:\/\/nitu.mx\/index.php\/2019\/07\/10\/quintana-roo-asume-la-vicecoordinacion-de-la-comision-de-puertos-y-litorales-de-la-conago\/#primaryimage"},"thumbnailUrl":"https:\/\/nitu.mx\/wp-content\/uploads\/2019\/07\/Apiqroo-Conago.jpg","keywords":["Administraci\u00f3n Portuaria Integral de Quintana Roo","Alicia Ricalde Maga\u00f1a","Apiqroo","Carlos Joaqu\u00edn","CONAGO","Conferencia Nacional de Gobernadores","gobernador","litorales","recuperaci\u00f3n de playas","sargazo"],"articleSection":["Cruceros","Destinos"],"inLanguage":"es-MX","potentialAction":[{"@type":"CommentAction","name":"Comment","target":["https:\/\/nitu.mx\/index.php\/2019\/07\/10\/quintana-roo-asume-la-vicecoordinacion-de-la-comision-de-puertos-y-litorales-de-la-conago\/#respond"]}]},{"@type":"WebPage","@id":"https:\/\/nitu.mx\/index.php\/2019\/07\/10\/quintana-roo-asume-la-vicecoordinacion-de-la-comision-de-puertos-y-litorales-de-la-conago\/","url":"https:\/\/nitu.mx\/index.php\/2019\/07\/10\/quintana-roo-asume-la-vicecoordinacion-de-la-comision-de-puertos-y-litorales-de-la-conago\/","name":"Quintana Roo asume la vicecoordinaci\u00f3n de la Comisi\u00f3n de Puertos y Litorales de la CONAGO - Nitu - Noticias de la Industria Turistica","isPartOf":{"@id":"https:\/\/nitu.mx\/#website"},"primaryImageOfPage":{"@id":"https:\/\/nitu.mx\/index.php\/2019\/07\/10\/quintana-roo-asume-la-vicecoordinacion-de-la-comision-de-puertos-y-litorales-de-la-conago\/#primaryimage"},"image":{"@id":"https:\/\/nitu.mx\/index.php\/2019\/07\/10\/quintana-roo-asume-la-vicecoordinacion-de-la-comision-de-puertos-y-litorales-de-la-conago\/#primaryimage"},"thumbnailUrl":"https:\/\/nitu.mx\/wp-content\/uploads\/2019\/07\/Apiqroo-Conago.jpg","datePublished":"2019-07-11T04:15:26+00:00","dateModified":"2019-07-11T05:10:18+00:00","description":"Quintana Roo fue designado como vicecoordinador de la reci\u00e9n creada Comisi\u00f3n de Puertos y Litorales, dentro de la (CONAGO.","breadcrumb":{"@id":"https:\/\/nitu.mx\/index.php\/2019\/07\/10\/quintana-roo-asume-la-vicecoordinacion-de-la-comision-de-puertos-y-litorales-de-la-conago\/#breadcrumb"},"inLanguage":"es-MX","potentialAction":[{"@type":"ReadAction","target":["https:\/\/nitu.mx\/index.php\/2019\/07\/10\/quintana-roo-asume-la-vicecoordinacion-de-la-comision-de-puertos-y-litorales-de-la-conago\/"]}]},{"@type":"ImageObject","inLanguage":"es-MX","@id":"https:\/\/nitu.mx\/index.php\/2019\/07\/10\/quintana-roo-asume-la-vicecoordinacion-de-la-comision-de-puertos-y-litorales-de-la-conago\/#primaryimage","url":"https:\/\/nitu.mx\/wp-content\/uploads\/2019\/07\/Apiqroo-Conago.jpg","contentUrl":"https:\/\/nitu.mx\/wp-content\/uploads\/2019\/07\/Apiqroo-Conago.jpg","width":850,"height":480,"caption":"Conago"},{"@type":"BreadcrumbList","@id":"https:\/\/nitu.mx\/index.php\/2019\/07\/10\/quintana-roo-asume-la-vicecoordinacion-de-la-comision-de-puertos-y-litorales-de-la-conago\/#breadcrumb","itemListElement":[{"@type":"ListItem","position":1,"name":"Inicio","item":"https:\/\/nitu.mx\/"},{"@type":"ListItem","position":2,"name":"Quintana Roo asume la vicecoordinaci\u00f3n de la Comisi\u00f3n de Puertos y Litorales de la CONAGO"}]},{"@type":"WebSite","@id":"https:\/\/nitu.mx\/#website","url":"https:\/\/nitu.mx\/","name":"Nitu - Noticias de la Industria Turistica","description":"Noticias de la Industria Turistica","publisher":{"@id":"https:\/\/nitu.mx\/#\/schema\/person\/ae7a53426417292d3dd07b45a33e01bc"},"alternateName":"Noticias de la Industria Turistica","potentialAction":[{"@type":"SearchAction","target":{"@type":"EntryPoint","urlTemplate":"https:\/\/nitu.mx\/?s={search_term_string}"},"query-input":"required name=search_term_string"}],"inLanguage":"es-MX"},{"@type":["Person","Organization"],"@id":"https:\/\/nitu.mx\/#\/schema\/person\/ae7a53426417292d3dd07b45a33e01bc","name":"Arturo Medina","image":{"@type":"ImageObject","inLanguage":"es-MX","@id":"https:\/\/nitu.mx\/#\/schema\/person\/image\/","url":"https:\/\/nitu.mx\/wp-content\/uploads\/2024\/04\/4A315622-1904-4D5C-B022-878CDC840E04-90x90-1.jpeg","contentUrl":"https:\/\/nitu.mx\/wp-content\/uploads\/2024\/04\/4A315622-1904-4D5C-B022-878CDC840E04-90x90-1.jpeg","width":90,"height":90,"caption":"Arturo Medina"},"logo":{"@id":"https:\/\/nitu.mx\/#\/schema\/person\/image\/"},"description":"Director NITU.mx, Egresado de la Escuela de Periodismo Carlos Septi\u00e9n Garc\u00eda. Periodista y analista especializado en turismo desde hace 35 a\u00f1os, radicado en Canc\u00fan Q.Roo. arturo@nitu.mx","sameAs":["https:\/\/nitu.mx","https:\/\/www.facebook.com\/NITUmx\/","medinacancun","https:\/\/twitter.com\/@Arturo_Medina_G"]},{"@type":"Person","@id":"https:\/\/nitu.mx\/#\/schema\/person\/4a28fe9bd65924f7c90623773daf1b0b","name":"Redacci\u00f3n","image":{"@type":"ImageObject","inLanguage":"es-MX","@id":"https:\/\/nitu.mx\/#\/schema\/person\/image\/","url":"https:\/\/secure.gravatar.com\/avatar\/5dd011c8ccfc5cd7e4c81e42252aab38?s=96&d=mm&r=g","contentUrl":"https:\/\/secure.gravatar.com\/avatar\/5dd011c8ccfc5cd7e4c81e42252aab38?s=96&d=mm&r=g","caption":"Redacci\u00f3n"},"url":"https:\/\/nitu.mx\/index.php\/author\/redaccion\/"}]}},"views":258,"_links":{"self":[{"href":"https:\/\/nitu.mx\/index.php\/wp-json\/wp\/v2\/posts\/33466"}],"collection":[{"href":"https:\/\/nitu.mx\/index.php\/wp-json\/wp\/v2\/posts"}],"about":[{"href":"https:\/\/nitu.mx\/index.php\/wp-json\/wp\/v2\/types\/post"}],"author":[{"embeddable":true,"href":"https:\/\/nitu.mx\/index.php\/wp-json\/wp\/v2\/users\/17"}],"replies":[{"embeddable":true,"href":"https:\/\/nitu.mx\/index.php\/wp-json\/wp\/v2\/comments?post=33466"}],"version-history":[{"count":3,"href":"https:\/\/nitu.mx\/index.php\/wp-json\/wp\/v2\/posts\/33466\/revisions"}],"predecessor-version":[{"id":33493,"href":"https:\/\/nitu.mx\/index.php\/wp-json\/wp\/v2\/posts\/33466\/revisions\/33493"}],"wp:featuredmedia":[{"embeddable":true,"href":"https:\/\/nitu.mx\/index.php\/wp-json\/wp\/v2\/media\/33492"}],"wp:attachment":[{"href":"https:\/\/nitu.mx\/index.php\/wp-json\/wp\/v2\/media?parent=33466"}],"wp:term":[{"taxonomy":"category","embeddable":true,"href":"https:\/\/nitu.mx\/index.php\/wp-json\/wp\/v2\/categories?post=33466"},{"taxonomy":"post_tag","embeddable":true,"href":"https:\/\/nitu.mx\/index.php\/wp-json\/wp\/v2\/tags?post=33466"}],"curies":[{"name":"wp","href":"https:\/\/api.w.org\/{rel}","templated":true}]}}