{"id":33448,"date":"2019-07-09T23:12:32","date_gmt":"2019-07-10T04:12:32","guid":{"rendered":"https:\/\/www.dev.nitu.mx\/?p=33448"},"modified":"2019-07-10T00:00:25","modified_gmt":"2019-07-10T05:00:25","slug":"viva-aerobus-supera-el-millon-de-pasajeros-en-junio","status":"publish","type":"post","link":"https:\/\/nitu.mx\/index.php\/2019\/07\/09\/viva-aerobus-supera-el-millon-de-pasajeros-en-junio\/","title":{"rendered":"Viva Aerobus supera el mill\u00f3n de pasajeros en junio"},"content":{"rendered":"<p>Viva Aerobus super\u00f3, por primera vez, el mill\u00f3n de pasajeros en un solo mes. En junio, la empresa registr\u00f3 m\u00e1s de 1 mill\u00f3n 40 mil clientes, un r\u00e9cord que signific\u00f3, adem\u00e1s, un aumento de 27 por ciento en comparaci\u00f3n con junio del 2018.\u00a0<a title=\"VivaAerobus estima transportar a 10 millones de pasajeros en 2018\" href=\"https:\/\/www.dev.nitu.mx\/index.php\/2017\/12\/14\/vivaaerobus-estima-transportar-a-10-millones-de-pasajeros-en-2018\/\" rel=\"bookmark\">(VivaAerobus estima transportar a 10 millones de pasajeros en 2018<\/a>).<\/p>\n<p>En lo que va del 2019 (enero \u2013 junio) se ha logrado un aumento de 19 por ciento en el tr\u00e1fico de pasajeros respecto al mismo periodo de 2018, sumando m\u00e1s de 5.3 millones de pasajeros y con un factor de ocupaci\u00f3n de 89.8 por ciento.<\/p>\n<p>La capacidad total de Viva Aerobus, medida en asientos disponibles por kil\u00f3metro, entre enero y junio de 2019, increment\u00f3 22 por ciento respecto al mismo periodo del 2018.<\/p>\n<p>A trav\u00e9s de un comunicado, la aerol\u00ednea destac\u00f3 que tambi\u00e9n logr\u00f3 uno de los factores de ocupaci\u00f3n m\u00e1s altos de la industria, alcanzando 91 por ciento. \u201cMes a mes nos fortalecemos y seguimos apostando por una estrategia de expansi\u00f3n que permita conectar cada vez m\u00e1s destinos. As\u00ed, cerramos la primera mitad del a\u00f1o con 20 rutas nuevas\u201d, se\u00f1al\u00f3 Juan Carlos Zuazua, director general de VivaAerobus.<\/p>\n<p>La l\u00ednea a\u00e9rea lleva seis meses consecutivos con un crecimiento de doble d\u00edgito en su tr\u00e1fico a\u00e9reo. En este sentido, en lo que va del a\u00f1o (enero-junio), Viva ha logrado un incremento de 19 por ciento en t\u00e9rminos de pasajeros, sumando a m\u00e1s de 5.3 millones de clientes.<\/p>\n<p>En su reporte mensual de tr\u00e1fico de pasajeros correspondiente a junio 2019, Viva Aerobus inform\u00f3 que increment\u00f3 su capacidad, medida en asientos disponibles por kil\u00f3metro, en 34 por ciento en comparaci\u00f3n con el mismo mes del a\u00f1o pasado.<\/p>\n","protected":false},"excerpt":{"rendered":"<p>Viva Aerobus super\u00f3, por primera vez, el mill\u00f3n de pasajeros en un solo mes. En junio, la empresa registr\u00f3 m\u00e1s de 1 mill\u00f3n 40 mil clientes, un r\u00e9cord que signific\u00f3, adem\u00e1s, un aumento de 27 por ciento en comparaci\u00f3n con junio del 2018.\u00a0(VivaAerobus estima transportar a 10 millones de pasajeros en 2018). En lo que [&hellip;]<\/p>\n","protected":false},"author":17,"featured_media":31022,"comment_status":"open","ping_status":"open","sticky":false,"template":"","format":"standard","meta":{"footnotes":""},"categories":[29,6],"tags":[3735,5737,295,3771,2102],"yoast_head":"<!-- This site is optimized with the Yoast SEO plugin v22.2 - https:\/\/yoast.com\/wordpress\/plugins\/seo\/ -->\n<title>Viva Aerobus supera el mill\u00f3n de pasajeros en junio - Nitu - Noticias de la Industria Turistica<\/title>\n<meta name=\"description\" content=\"Viva Aerobus super\u00f3, por primera vez, el mill\u00f3n de pasajeros en un solo mes. En junio, la empresa registr\u00f3 m\u00e1s de 1 mill\u00f3n 40 mil clientes.\" \/>\n<meta name=\"robots\" content=\"index, follow, max-snippet:-1, max-image-preview:large, max-video-preview:-1\" \/>\n<link rel=\"canonical\" href=\"https:\/\/nitu.mx\/index.php\/2019\/07\/09\/viva-aerobus-supera-el-millon-de-pasajeros-en-junio\/\" \/>\n<meta name=\"twitter:card\" content=\"summary_large_image\" \/>\n<meta name=\"twitter:title\" content=\"Viva Aerobus supera el mill\u00f3n de pasajeros en junio - Nitu - Noticias de la Industria Turistica\" \/>\n<meta name=\"twitter:description\" content=\"Viva Aerobus super\u00f3, por primera vez, el mill\u00f3n de pasajeros en un solo mes. En junio, la empresa registr\u00f3 m\u00e1s de 1 mill\u00f3n 40 mil clientes.\" \/>\n<meta name=\"twitter:image\" content=\"https:\/\/nitu.mx\/wp-content\/uploads\/2019\/04\/Viva-Aerobus-Tianguis.jpg\" \/>\n<meta name=\"twitter:creator\" content=\"@NITUmx\" \/>\n<meta name=\"twitter:site\" content=\"@Arturo_Medina_G\" \/>\n<meta name=\"twitter:label1\" content=\"Escrito por\" \/>\n\t<meta name=\"twitter:data1\" content=\"Redacci\u00f3n\" \/>\n\t<meta name=\"twitter:label2\" content=\"Tiempo de lectura\" \/>\n\t<meta name=\"twitter:data2\" content=\"1 minuto\" \/>\n<script type=\"application\/ld+json\" class=\"yoast-schema-graph\">{\"@context\":\"https:\/\/schema.org\",\"@graph\":[{\"@type\":\"Article\",\"@id\":\"https:\/\/nitu.mx\/index.php\/2019\/07\/09\/viva-aerobus-supera-el-millon-de-pasajeros-en-junio\/#article\",\"isPartOf\":{\"@id\":\"https:\/\/nitu.mx\/index.php\/2019\/07\/09\/viva-aerobus-supera-el-millon-de-pasajeros-en-junio\/\"},\"author\":{\"name\":\"Redacci\u00f3n\",\"@id\":\"https:\/\/nitu.mx\/#\/schema\/person\/4a28fe9bd65924f7c90623773daf1b0b\"},\"headline\":\"Viva Aerobus supera el mill\u00f3n de pasajeros en junio\",\"datePublished\":\"2019-07-10T04:12:32+00:00\",\"dateModified\":\"2019-07-10T05:00:25+00:00\",\"mainEntityOfPage\":{\"@id\":\"https:\/\/nitu.mx\/index.php\/2019\/07\/09\/viva-aerobus-supera-el-millon-de-pasajeros-en-junio\/\"},\"wordCount\":298,\"commentCount\":0,\"publisher\":{\"@id\":\"https:\/\/nitu.mx\/#\/schema\/person\/ae7a53426417292d3dd07b45a33e01bc\"},\"image\":{\"@id\":\"https:\/\/nitu.mx\/index.php\/2019\/07\/09\/viva-aerobus-supera-el-millon-de-pasajeros-en-junio\/#primaryimage\"},\"thumbnailUrl\":\"https:\/\/nitu.mx\/wp-content\/uploads\/2019\/04\/Viva-Aerobus-Tianguis.jpg\",\"keywords\":[\"Aerol\u00ednea\",\"asientos\",\"Juan Carlos Zuazua\",\"pasajeros\",\"Viva Aerobus\"],\"articleSection\":[\"Aerol\u00edneas\",\"M\u00e9xico\"],\"inLanguage\":\"es-MX\",\"potentialAction\":[{\"@type\":\"CommentAction\",\"name\":\"Comment\",\"target\":[\"https:\/\/nitu.mx\/index.php\/2019\/07\/09\/viva-aerobus-supera-el-millon-de-pasajeros-en-junio\/#respond\"]}]},{\"@type\":\"WebPage\",\"@id\":\"https:\/\/nitu.mx\/index.php\/2019\/07\/09\/viva-aerobus-supera-el-millon-de-pasajeros-en-junio\/\",\"url\":\"https:\/\/nitu.mx\/index.php\/2019\/07\/09\/viva-aerobus-supera-el-millon-de-pasajeros-en-junio\/\",\"name\":\"Viva Aerobus supera el mill\u00f3n de pasajeros en junio - Nitu - Noticias de la Industria Turistica\",\"isPartOf\":{\"@id\":\"https:\/\/nitu.mx\/#website\"},\"primaryImageOfPage\":{\"@id\":\"https:\/\/nitu.mx\/index.php\/2019\/07\/09\/viva-aerobus-supera-el-millon-de-pasajeros-en-junio\/#primaryimage\"},\"image\":{\"@id\":\"https:\/\/nitu.mx\/index.php\/2019\/07\/09\/viva-aerobus-supera-el-millon-de-pasajeros-en-junio\/#primaryimage\"},\"thumbnailUrl\":\"https:\/\/nitu.mx\/wp-content\/uploads\/2019\/04\/Viva-Aerobus-Tianguis.jpg\",\"datePublished\":\"2019-07-10T04:12:32+00:00\",\"dateModified\":\"2019-07-10T05:00:25+00:00\",\"description\":\"Viva Aerobus super\u00f3, por primera vez, el mill\u00f3n de pasajeros en un solo mes. En junio, la empresa registr\u00f3 m\u00e1s de 1 mill\u00f3n 40 mil clientes.\",\"breadcrumb\":{\"@id\":\"https:\/\/nitu.mx\/index.php\/2019\/07\/09\/viva-aerobus-supera-el-millon-de-pasajeros-en-junio\/#breadcrumb\"},\"inLanguage\":\"es-MX\",\"potentialAction\":[{\"@type\":\"ReadAction\",\"target\":[\"https:\/\/nitu.mx\/index.php\/2019\/07\/09\/viva-aerobus-supera-el-millon-de-pasajeros-en-junio\/\"]}]},{\"@type\":\"ImageObject\",\"inLanguage\":\"es-MX\",\"@id\":\"https:\/\/nitu.mx\/index.php\/2019\/07\/09\/viva-aerobus-supera-el-millon-de-pasajeros-en-junio\/#primaryimage\",\"url\":\"https:\/\/nitu.mx\/wp-content\/uploads\/2019\/04\/Viva-Aerobus-Tianguis.jpg\",\"contentUrl\":\"https:\/\/nitu.mx\/wp-content\/uploads\/2019\/04\/Viva-Aerobus-Tianguis.jpg\",\"width\":850,\"height\":480,\"caption\":\"Viva Aerobus Tianguis\"},{\"@type\":\"BreadcrumbList\",\"@id\":\"https:\/\/nitu.mx\/index.php\/2019\/07\/09\/viva-aerobus-supera-el-millon-de-pasajeros-en-junio\/#breadcrumb\",\"itemListElement\":[{\"@type\":\"ListItem\",\"position\":1,\"name\":\"Inicio\",\"item\":\"https:\/\/nitu.mx\/\"},{\"@type\":\"ListItem\",\"position\":2,\"name\":\"Viva Aerobus supera el mill\u00f3n de pasajeros en junio\"}]},{\"@type\":\"WebSite\",\"@id\":\"https:\/\/nitu.mx\/#website\",\"url\":\"https:\/\/nitu.mx\/\",\"name\":\"Nitu - Noticias de la Industria Turistica\",\"description\":\"Noticias de la Industria Turistica\",\"publisher\":{\"@id\":\"https:\/\/nitu.mx\/#\/schema\/person\/ae7a53426417292d3dd07b45a33e01bc\"},\"alternateName\":\"Noticias de la Industria Turistica\",\"potentialAction\":[{\"@type\":\"SearchAction\",\"target\":{\"@type\":\"EntryPoint\",\"urlTemplate\":\"https:\/\/nitu.mx\/?s={search_term_string}\"},\"query-input\":\"required name=search_term_string\"}],\"inLanguage\":\"es-MX\"},{\"@type\":[\"Person\",\"Organization\"],\"@id\":\"https:\/\/nitu.mx\/#\/schema\/person\/ae7a53426417292d3dd07b45a33e01bc\",\"name\":\"Arturo Medina\",\"image\":{\"@type\":\"ImageObject\",\"inLanguage\":\"es-MX\",\"@id\":\"https:\/\/nitu.mx\/#\/schema\/person\/image\/\",\"url\":\"https:\/\/nitu.mx\/wp-content\/uploads\/2024\/04\/4A315622-1904-4D5C-B022-878CDC840E04-90x90-1.jpeg\",\"contentUrl\":\"https:\/\/nitu.mx\/wp-content\/uploads\/2024\/04\/4A315622-1904-4D5C-B022-878CDC840E04-90x90-1.jpeg\",\"width\":90,\"height\":90,\"caption\":\"Arturo Medina\"},\"logo\":{\"@id\":\"https:\/\/nitu.mx\/#\/schema\/person\/image\/\"},\"description\":\"Director NITU.mx, Egresado de la Escuela de Periodismo Carlos Septi\u00e9n Garc\u00eda. Periodista y analista especializado en turismo desde hace 35 a\u00f1os, radicado en Canc\u00fan Q.Roo. arturo@nitu.mx\",\"sameAs\":[\"https:\/\/nitu.mx\",\"https:\/\/www.facebook.com\/NITUmx\/\",\"medinacancun\",\"https:\/\/twitter.com\/@Arturo_Medina_G\"]},{\"@type\":\"Person\",\"@id\":\"https:\/\/nitu.mx\/#\/schema\/person\/4a28fe9bd65924f7c90623773daf1b0b\",\"name\":\"Redacci\u00f3n\",\"image\":{\"@type\":\"ImageObject\",\"inLanguage\":\"es-MX\",\"@id\":\"https:\/\/nitu.mx\/#\/schema\/person\/image\/\",\"url\":\"https:\/\/secure.gravatar.com\/avatar\/5dd011c8ccfc5cd7e4c81e42252aab38?s=96&d=mm&r=g\",\"contentUrl\":\"https:\/\/secure.gravatar.com\/avatar\/5dd011c8ccfc5cd7e4c81e42252aab38?s=96&d=mm&r=g\",\"caption\":\"Redacci\u00f3n\"},\"url\":\"https:\/\/nitu.mx\/index.php\/author\/redaccion\/\"}]}<\/script>\n<!-- \/ Yoast SEO plugin. -->","yoast_head_json":{"title":"Viva Aerobus supera el mill\u00f3n de pasajeros en junio - Nitu - Noticias de la Industria Turistica","description":"Viva Aerobus super\u00f3, por primera vez, el mill\u00f3n de pasajeros en un solo mes. En junio, la empresa registr\u00f3 m\u00e1s de 1 mill\u00f3n 40 mil clientes.","robots":{"index":"index","follow":"follow","max-snippet":"max-snippet:-1","max-image-preview":"max-image-preview:large","max-video-preview":"max-video-preview:-1"},"canonical":"https:\/\/nitu.mx\/index.php\/2019\/07\/09\/viva-aerobus-supera-el-millon-de-pasajeros-en-junio\/","twitter_card":"summary_large_image","twitter_title":"Viva Aerobus supera el mill\u00f3n de pasajeros en junio - Nitu - Noticias de la Industria Turistica","twitter_description":"Viva Aerobus super\u00f3, por primera vez, el mill\u00f3n de pasajeros en un solo mes. En junio, la empresa registr\u00f3 m\u00e1s de 1 mill\u00f3n 40 mil clientes.","twitter_image":"https:\/\/nitu.mx\/wp-content\/uploads\/2019\/04\/Viva-Aerobus-Tianguis.jpg","twitter_creator":"@NITUmx","twitter_site":"@Arturo_Medina_G","twitter_misc":{"Escrito por":"Redacci\u00f3n","Tiempo de lectura":"1 minuto"},"schema":{"@context":"https:\/\/schema.org","@graph":[{"@type":"Article","@id":"https:\/\/nitu.mx\/index.php\/2019\/07\/09\/viva-aerobus-supera-el-millon-de-pasajeros-en-junio\/#article","isPartOf":{"@id":"https:\/\/nitu.mx\/index.php\/2019\/07\/09\/viva-aerobus-supera-el-millon-de-pasajeros-en-junio\/"},"author":{"name":"Redacci\u00f3n","@id":"https:\/\/nitu.mx\/#\/schema\/person\/4a28fe9bd65924f7c90623773daf1b0b"},"headline":"Viva Aerobus supera el mill\u00f3n de pasajeros en junio","datePublished":"2019-07-10T04:12:32+00:00","dateModified":"2019-07-10T05:00:25+00:00","mainEntityOfPage":{"@id":"https:\/\/nitu.mx\/index.php\/2019\/07\/09\/viva-aerobus-supera-el-millon-de-pasajeros-en-junio\/"},"wordCount":298,"commentCount":0,"publisher":{"@id":"https:\/\/nitu.mx\/#\/schema\/person\/ae7a53426417292d3dd07b45a33e01bc"},"image":{"@id":"https:\/\/nitu.mx\/index.php\/2019\/07\/09\/viva-aerobus-supera-el-millon-de-pasajeros-en-junio\/#primaryimage"},"thumbnailUrl":"https:\/\/nitu.mx\/wp-content\/uploads\/2019\/04\/Viva-Aerobus-Tianguis.jpg","keywords":["Aerol\u00ednea","asientos","Juan Carlos Zuazua","pasajeros","Viva Aerobus"],"articleSection":["Aerol\u00edneas","M\u00e9xico"],"inLanguage":"es-MX","potentialAction":[{"@type":"CommentAction","name":"Comment","target":["https:\/\/nitu.mx\/index.php\/2019\/07\/09\/viva-aerobus-supera-el-millon-de-pasajeros-en-junio\/#respond"]}]},{"@type":"WebPage","@id":"https:\/\/nitu.mx\/index.php\/2019\/07\/09\/viva-aerobus-supera-el-millon-de-pasajeros-en-junio\/","url":"https:\/\/nitu.mx\/index.php\/2019\/07\/09\/viva-aerobus-supera-el-millon-de-pasajeros-en-junio\/","name":"Viva Aerobus supera el mill\u00f3n de pasajeros en junio - Nitu - Noticias de la Industria Turistica","isPartOf":{"@id":"https:\/\/nitu.mx\/#website"},"primaryImageOfPage":{"@id":"https:\/\/nitu.mx\/index.php\/2019\/07\/09\/viva-aerobus-supera-el-millon-de-pasajeros-en-junio\/#primaryimage"},"image":{"@id":"https:\/\/nitu.mx\/index.php\/2019\/07\/09\/viva-aerobus-supera-el-millon-de-pasajeros-en-junio\/#primaryimage"},"thumbnailUrl":"https:\/\/nitu.mx\/wp-content\/uploads\/2019\/04\/Viva-Aerobus-Tianguis.jpg","datePublished":"2019-07-10T04:12:32+00:00","dateModified":"2019-07-10T05:00:25+00:00","description":"Viva Aerobus super\u00f3, por primera vez, el mill\u00f3n de pasajeros en un solo mes. En junio, la empresa registr\u00f3 m\u00e1s de 1 mill\u00f3n 40 mil clientes.","breadcrumb":{"@id":"https:\/\/nitu.mx\/index.php\/2019\/07\/09\/viva-aerobus-supera-el-millon-de-pasajeros-en-junio\/#breadcrumb"},"inLanguage":"es-MX","potentialAction":[{"@type":"ReadAction","target":["https:\/\/nitu.mx\/index.php\/2019\/07\/09\/viva-aerobus-supera-el-millon-de-pasajeros-en-junio\/"]}]},{"@type":"ImageObject","inLanguage":"es-MX","@id":"https:\/\/nitu.mx\/index.php\/2019\/07\/09\/viva-aerobus-supera-el-millon-de-pasajeros-en-junio\/#primaryimage","url":"https:\/\/nitu.mx\/wp-content\/uploads\/2019\/04\/Viva-Aerobus-Tianguis.jpg","contentUrl":"https:\/\/nitu.mx\/wp-content\/uploads\/2019\/04\/Viva-Aerobus-Tianguis.jpg","width":850,"height":480,"caption":"Viva Aerobus Tianguis"},{"@type":"BreadcrumbList","@id":"https:\/\/nitu.mx\/index.php\/2019\/07\/09\/viva-aerobus-supera-el-millon-de-pasajeros-en-junio\/#breadcrumb","itemListElement":[{"@type":"ListItem","position":1,"name":"Inicio","item":"https:\/\/nitu.mx\/"},{"@type":"ListItem","position":2,"name":"Viva Aerobus supera el mill\u00f3n de pasajeros en junio"}]},{"@type":"WebSite","@id":"https:\/\/nitu.mx\/#website","url":"https:\/\/nitu.mx\/","name":"Nitu - Noticias de la Industria Turistica","description":"Noticias de la Industria Turistica","publisher":{"@id":"https:\/\/nitu.mx\/#\/schema\/person\/ae7a53426417292d3dd07b45a33e01bc"},"alternateName":"Noticias de la Industria Turistica","potentialAction":[{"@type":"SearchAction","target":{"@type":"EntryPoint","urlTemplate":"https:\/\/nitu.mx\/?s={search_term_string}"},"query-input":"required name=search_term_string"}],"inLanguage":"es-MX"},{"@type":["Person","Organization"],"@id":"https:\/\/nitu.mx\/#\/schema\/person\/ae7a53426417292d3dd07b45a33e01bc","name":"Arturo Medina","image":{"@type":"ImageObject","inLanguage":"es-MX","@id":"https:\/\/nitu.mx\/#\/schema\/person\/image\/","url":"https:\/\/nitu.mx\/wp-content\/uploads\/2024\/04\/4A315622-1904-4D5C-B022-878CDC840E04-90x90-1.jpeg","contentUrl":"https:\/\/nitu.mx\/wp-content\/uploads\/2024\/04\/4A315622-1904-4D5C-B022-878CDC840E04-90x90-1.jpeg","width":90,"height":90,"caption":"Arturo Medina"},"logo":{"@id":"https:\/\/nitu.mx\/#\/schema\/person\/image\/"},"description":"Director NITU.mx, Egresado de la Escuela de Periodismo Carlos Septi\u00e9n Garc\u00eda. Periodista y analista especializado en turismo desde hace 35 a\u00f1os, radicado en Canc\u00fan Q.Roo. arturo@nitu.mx","sameAs":["https:\/\/nitu.mx","https:\/\/www.facebook.com\/NITUmx\/","medinacancun","https:\/\/twitter.com\/@Arturo_Medina_G"]},{"@type":"Person","@id":"https:\/\/nitu.mx\/#\/schema\/person\/4a28fe9bd65924f7c90623773daf1b0b","name":"Redacci\u00f3n","image":{"@type":"ImageObject","inLanguage":"es-MX","@id":"https:\/\/nitu.mx\/#\/schema\/person\/image\/","url":"https:\/\/secure.gravatar.com\/avatar\/5dd011c8ccfc5cd7e4c81e42252aab38?s=96&d=mm&r=g","contentUrl":"https:\/\/secure.gravatar.com\/avatar\/5dd011c8ccfc5cd7e4c81e42252aab38?s=96&d=mm&r=g","caption":"Redacci\u00f3n"},"url":"https:\/\/nitu.mx\/index.php\/author\/redaccion\/"}]}},"views":314,"_links":{"self":[{"href":"https:\/\/nitu.mx\/index.php\/wp-json\/wp\/v2\/posts\/33448"}],"collection":[{"href":"https:\/\/nitu.mx\/index.php\/wp-json\/wp\/v2\/posts"}],"about":[{"href":"https:\/\/nitu.mx\/index.php\/wp-json\/wp\/v2\/types\/post"}],"author":[{"embeddable":true,"href":"https:\/\/nitu.mx\/index.php\/wp-json\/wp\/v2\/users\/17"}],"replies":[{"embeddable":true,"href":"https:\/\/nitu.mx\/index.php\/wp-json\/wp\/v2\/comments?post=33448"}],"version-history":[{"count":2,"href":"https:\/\/nitu.mx\/index.php\/wp-json\/wp\/v2\/posts\/33448\/revisions"}],"predecessor-version":[{"id":33457,"href":"https:\/\/nitu.mx\/index.php\/wp-json\/wp\/v2\/posts\/33448\/revisions\/33457"}],"wp:featuredmedia":[{"embeddable":true,"href":"https:\/\/nitu.mx\/index.php\/wp-json\/wp\/v2\/media\/31022"}],"wp:attachment":[{"href":"https:\/\/nitu.mx\/index.php\/wp-json\/wp\/v2\/media?parent=33448"}],"wp:term":[{"taxonomy":"category","embeddable":true,"href":"https:\/\/nitu.mx\/index.php\/wp-json\/wp\/v2\/categories?post=33448"},{"taxonomy":"post_tag","embeddable":true,"href":"https:\/\/nitu.mx\/index.php\/wp-json\/wp\/v2\/tags?post=33448"}],"curies":[{"name":"wp","href":"https:\/\/api.w.org\/{rel}","templated":true}]}}