{"id":33371,"date":"2019-07-08T21:18:46","date_gmt":"2019-07-09T02:18:46","guid":{"rendered":"https:\/\/www.dev.nitu.mx\/?p=33371"},"modified":"2019-07-09T00:21:32","modified_gmt":"2019-07-09T05:21:32","slug":"respalda-bestday-postura-de-hoteleros-ante-booking","status":"publish","type":"post","link":"https:\/\/nitu.mx\/index.php\/2019\/07\/08\/respalda-bestday-postura-de-hoteleros-ante-booking\/","title":{"rendered":"Respalda Best Day postura de hoteleros ante Booking"},"content":{"rendered":"<p>Best Day, la agencia de viajes en l\u00ednea n\u00famero uno en M\u00e9xico y una de las principales en Latinoam\u00e9rica, reitera su compromiso con la industria tur\u00edstica y ratifica que las condiciones comerciales que mantiene con el sector hotelero y de viajes en general, permanecer\u00e1n como hasta ahora, sin modificar el esquema de comisiones con el que opera.<\/p>\n<p>Lo anterior, en relaci\u00f3n a las recientes declaraciones de Roberto Cintr\u00f3n, Presidente de la Asociaci\u00f3n de Hoteles de Canc\u00fan, Puerto Morelos e Isla Mujeres, en cuanto a factores internos y externos que pueden disminuir los ya afectados ingresos de la hoteler\u00eda en Quintana Roo y, en espec\u00edfico, a las pretensiones de una agencia de viajes en l\u00ednea de incrementar su esquema de comisiones a los servicios que se ofrecen en los hoteles y empresas tur\u00edsticas.\u00a0<a title=\"Denuncia el presidente de los hoteleros intento de extorsi\u00f3n de Booking.com\" href=\"https:\/\/www.dev.nitu.mx\/index.php\/2019\/07\/08\/denuncia-el-presidente-de-los-hoteleros-intento-de-extorsion-de-booking-com\/\" rel=\"bookmark\">(Denuncia el presidente de los hoteleros intento de extorsi\u00f3n de Booking.com)<\/a><\/p>\n<p>\u201cEn Best Day somos parte de la industria tur\u00edstica del mundo y, lejos de pretender afectar a nuestros socios comerciales, imponiendo esquemas de comisiones que da\u00f1en sus ingresos, reiteramos nuestro compromiso y lealtad, respaldando todas aquellas decisiones y acciones que beneficien a nuestro sector\u201d, mencion\u00f3 Juli\u00e1n Balbuena, Presidente del Consejo de Administraci\u00f3n de Best Day Travel Group.<\/p>\n<p>Best Day trabaja con m\u00e1s de 230 mil hoteles en todo el mundo, con quienes, d\u00eda a d\u00eda, fomenta las mejores relaciones comerciales y personales.<\/p>\n","protected":false},"excerpt":{"rendered":"<p>Best Day, la agencia de viajes en l\u00ednea n\u00famero uno en M\u00e9xico y una de las principales en Latinoam\u00e9rica, reitera su compromiso con la industria tur\u00edstica y ratifica que las condiciones comerciales que mantiene con el sector hotelero y de viajes en general, permanecer\u00e1n como hasta ahora, sin modificar el esquema de comisiones con el [&hellip;]<\/p>\n","protected":false},"author":17,"featured_media":33388,"comment_status":"open","ping_status":"open","sticky":false,"template":"","format":"standard","meta":{"footnotes":""},"categories":[3,6],"tags":[3826,755,43,16465,3183,69,68,260,796],"yoast_head":"<!-- This site is optimized with the Yoast SEO plugin v22.2 - https:\/\/yoast.com\/wordpress\/plugins\/seo\/ -->\n<title>Respalda Best Day postura de hoteleros ante Booking - Nitu - Noticias de la Industria Turistica<\/title>\n<meta name=\"description\" content=\"Best Day ratifica que las condiciones comerciales que mantiene con el sector hotelero y de viajes permanecer\u00e1n como hasta ahora.\" \/>\n<meta name=\"robots\" content=\"index, follow, max-snippet:-1, max-image-preview:large, max-video-preview:-1\" \/>\n<link rel=\"canonical\" href=\"https:\/\/nitu.mx\/index.php\/2019\/07\/08\/respalda-bestday-postura-de-hoteleros-ante-booking\/\" \/>\n<meta name=\"twitter:card\" content=\"summary_large_image\" \/>\n<meta name=\"twitter:title\" content=\"Respalda Best Day postura de hoteleros ante Booking - Nitu - Noticias de la Industria Turistica\" \/>\n<meta name=\"twitter:description\" content=\"Best Day ratifica que las condiciones comerciales que mantiene con el sector hotelero y de viajes permanecer\u00e1n como hasta ahora.\" \/>\n<meta name=\"twitter:image\" content=\"https:\/\/nitu.mx\/wp-content\/uploads\/2019\/07\/Juli\u00e1n-Balbuena-1.jpg\" \/>\n<meta name=\"twitter:creator\" content=\"@NITUmx\" \/>\n<meta name=\"twitter:site\" content=\"@Arturo_Medina_G\" \/>\n<meta name=\"twitter:label1\" content=\"Escrito por\" \/>\n\t<meta name=\"twitter:data1\" content=\"Redacci\u00f3n\" \/>\n\t<meta name=\"twitter:label2\" content=\"Tiempo de lectura\" \/>\n\t<meta name=\"twitter:data2\" content=\"1 minuto\" \/>\n<script type=\"application\/ld+json\" class=\"yoast-schema-graph\">{\"@context\":\"https:\/\/schema.org\",\"@graph\":[{\"@type\":\"Article\",\"@id\":\"https:\/\/nitu.mx\/index.php\/2019\/07\/08\/respalda-bestday-postura-de-hoteleros-ante-booking\/#article\",\"isPartOf\":{\"@id\":\"https:\/\/nitu.mx\/index.php\/2019\/07\/08\/respalda-bestday-postura-de-hoteleros-ante-booking\/\"},\"author\":{\"name\":\"Redacci\u00f3n\",\"@id\":\"https:\/\/nitu.mx\/#\/schema\/person\/4a28fe9bd65924f7c90623773daf1b0b\"},\"headline\":\"Respalda Best Day postura de hoteleros ante Booking\",\"datePublished\":\"2019-07-09T02:18:46+00:00\",\"dateModified\":\"2019-07-09T05:21:32+00:00\",\"mainEntityOfPage\":{\"@id\":\"https:\/\/nitu.mx\/index.php\/2019\/07\/08\/respalda-bestday-postura-de-hoteleros-ante-booking\/\"},\"wordCount\":255,\"commentCount\":0,\"publisher\":{\"@id\":\"https:\/\/nitu.mx\/#\/schema\/person\/ae7a53426417292d3dd07b45a33e01bc\"},\"image\":{\"@id\":\"https:\/\/nitu.mx\/index.php\/2019\/07\/08\/respalda-bestday-postura-de-hoteleros-ante-booking\/#primaryimage\"},\"thumbnailUrl\":\"https:\/\/nitu.mx\/wp-content\/uploads\/2019\/07\/Juli\u00e1n-Balbuena-1.jpg\",\"keywords\":[\"agencia de viajes en l\u00ednea\",\"Best Day\",\"Canc\u00fan\",\"esquema de comisiones\",\"Industria Tur\u00edstica\",\"Latinoam\u00e9rica\",\"M\u00e9xico\",\"Quintana Roo\",\"Sector Hotelero\"],\"articleSection\":[\"Agencias de Viajes\",\"M\u00e9xico\"],\"inLanguage\":\"es-MX\",\"potentialAction\":[{\"@type\":\"CommentAction\",\"name\":\"Comment\",\"target\":[\"https:\/\/nitu.mx\/index.php\/2019\/07\/08\/respalda-bestday-postura-de-hoteleros-ante-booking\/#respond\"]}]},{\"@type\":\"WebPage\",\"@id\":\"https:\/\/nitu.mx\/index.php\/2019\/07\/08\/respalda-bestday-postura-de-hoteleros-ante-booking\/\",\"url\":\"https:\/\/nitu.mx\/index.php\/2019\/07\/08\/respalda-bestday-postura-de-hoteleros-ante-booking\/\",\"name\":\"Respalda Best Day postura de hoteleros ante Booking - Nitu - Noticias de la Industria Turistica\",\"isPartOf\":{\"@id\":\"https:\/\/nitu.mx\/#website\"},\"primaryImageOfPage\":{\"@id\":\"https:\/\/nitu.mx\/index.php\/2019\/07\/08\/respalda-bestday-postura-de-hoteleros-ante-booking\/#primaryimage\"},\"image\":{\"@id\":\"https:\/\/nitu.mx\/index.php\/2019\/07\/08\/respalda-bestday-postura-de-hoteleros-ante-booking\/#primaryimage\"},\"thumbnailUrl\":\"https:\/\/nitu.mx\/wp-content\/uploads\/2019\/07\/Juli\u00e1n-Balbuena-1.jpg\",\"datePublished\":\"2019-07-09T02:18:46+00:00\",\"dateModified\":\"2019-07-09T05:21:32+00:00\",\"description\":\"Best Day ratifica que las condiciones comerciales que mantiene con el sector hotelero y de viajes permanecer\u00e1n como hasta ahora.\",\"breadcrumb\":{\"@id\":\"https:\/\/nitu.mx\/index.php\/2019\/07\/08\/respalda-bestday-postura-de-hoteleros-ante-booking\/#breadcrumb\"},\"inLanguage\":\"es-MX\",\"potentialAction\":[{\"@type\":\"ReadAction\",\"target\":[\"https:\/\/nitu.mx\/index.php\/2019\/07\/08\/respalda-bestday-postura-de-hoteleros-ante-booking\/\"]}]},{\"@type\":\"ImageObject\",\"inLanguage\":\"es-MX\",\"@id\":\"https:\/\/nitu.mx\/index.php\/2019\/07\/08\/respalda-bestday-postura-de-hoteleros-ante-booking\/#primaryimage\",\"url\":\"https:\/\/nitu.mx\/wp-content\/uploads\/2019\/07\/Juli\u00e1n-Balbuena-1.jpg\",\"contentUrl\":\"https:\/\/nitu.mx\/wp-content\/uploads\/2019\/07\/Juli\u00e1n-Balbuena-1.jpg\",\"width\":850,\"height\":480,\"caption\":\"Best Day Julian Balbuena Pac\u00edfico\"},{\"@type\":\"BreadcrumbList\",\"@id\":\"https:\/\/nitu.mx\/index.php\/2019\/07\/08\/respalda-bestday-postura-de-hoteleros-ante-booking\/#breadcrumb\",\"itemListElement\":[{\"@type\":\"ListItem\",\"position\":1,\"name\":\"Inicio\",\"item\":\"https:\/\/nitu.mx\/\"},{\"@type\":\"ListItem\",\"position\":2,\"name\":\"Respalda Best Day postura de hoteleros ante Booking\"}]},{\"@type\":\"WebSite\",\"@id\":\"https:\/\/nitu.mx\/#website\",\"url\":\"https:\/\/nitu.mx\/\",\"name\":\"Nitu - Noticias de la Industria Turistica\",\"description\":\"Noticias de la Industria Turistica\",\"publisher\":{\"@id\":\"https:\/\/nitu.mx\/#\/schema\/person\/ae7a53426417292d3dd07b45a33e01bc\"},\"alternateName\":\"Noticias de la Industria Turistica\",\"potentialAction\":[{\"@type\":\"SearchAction\",\"target\":{\"@type\":\"EntryPoint\",\"urlTemplate\":\"https:\/\/nitu.mx\/?s={search_term_string}\"},\"query-input\":\"required name=search_term_string\"}],\"inLanguage\":\"es-MX\"},{\"@type\":[\"Person\",\"Organization\"],\"@id\":\"https:\/\/nitu.mx\/#\/schema\/person\/ae7a53426417292d3dd07b45a33e01bc\",\"name\":\"Arturo Medina\",\"image\":{\"@type\":\"ImageObject\",\"inLanguage\":\"es-MX\",\"@id\":\"https:\/\/nitu.mx\/#\/schema\/person\/image\/\",\"url\":\"https:\/\/nitu.mx\/wp-content\/uploads\/2024\/04\/4A315622-1904-4D5C-B022-878CDC840E04-90x90-1.jpeg\",\"contentUrl\":\"https:\/\/nitu.mx\/wp-content\/uploads\/2024\/04\/4A315622-1904-4D5C-B022-878CDC840E04-90x90-1.jpeg\",\"width\":90,\"height\":90,\"caption\":\"Arturo Medina\"},\"logo\":{\"@id\":\"https:\/\/nitu.mx\/#\/schema\/person\/image\/\"},\"description\":\"Director NITU.mx, Egresado de la Escuela de Periodismo Carlos Septi\u00e9n Garc\u00eda. Periodista y analista especializado en turismo desde hace 35 a\u00f1os, radicado en Canc\u00fan Q.Roo. arturo@nitu.mx\",\"sameAs\":[\"https:\/\/nitu.mx\",\"https:\/\/www.facebook.com\/NITUmx\/\",\"medinacancun\",\"https:\/\/twitter.com\/@Arturo_Medina_G\"]},{\"@type\":\"Person\",\"@id\":\"https:\/\/nitu.mx\/#\/schema\/person\/4a28fe9bd65924f7c90623773daf1b0b\",\"name\":\"Redacci\u00f3n\",\"image\":{\"@type\":\"ImageObject\",\"inLanguage\":\"es-MX\",\"@id\":\"https:\/\/nitu.mx\/#\/schema\/person\/image\/\",\"url\":\"https:\/\/secure.gravatar.com\/avatar\/5dd011c8ccfc5cd7e4c81e42252aab38?s=96&d=mm&r=g\",\"contentUrl\":\"https:\/\/secure.gravatar.com\/avatar\/5dd011c8ccfc5cd7e4c81e42252aab38?s=96&d=mm&r=g\",\"caption\":\"Redacci\u00f3n\"},\"url\":\"https:\/\/nitu.mx\/index.php\/author\/redaccion\/\"}]}<\/script>\n<!-- \/ Yoast SEO plugin. -->","yoast_head_json":{"title":"Respalda Best Day postura de hoteleros ante Booking - Nitu - Noticias de la Industria Turistica","description":"Best Day ratifica que las condiciones comerciales que mantiene con el sector hotelero y de viajes permanecer\u00e1n como hasta ahora.","robots":{"index":"index","follow":"follow","max-snippet":"max-snippet:-1","max-image-preview":"max-image-preview:large","max-video-preview":"max-video-preview:-1"},"canonical":"https:\/\/nitu.mx\/index.php\/2019\/07\/08\/respalda-bestday-postura-de-hoteleros-ante-booking\/","twitter_card":"summary_large_image","twitter_title":"Respalda Best Day postura de hoteleros ante Booking - Nitu - Noticias de la Industria Turistica","twitter_description":"Best Day ratifica que las condiciones comerciales que mantiene con el sector hotelero y de viajes permanecer\u00e1n como hasta ahora.","twitter_image":"https:\/\/nitu.mx\/wp-content\/uploads\/2019\/07\/Juli\u00e1n-Balbuena-1.jpg","twitter_creator":"@NITUmx","twitter_site":"@Arturo_Medina_G","twitter_misc":{"Escrito por":"Redacci\u00f3n","Tiempo de lectura":"1 minuto"},"schema":{"@context":"https:\/\/schema.org","@graph":[{"@type":"Article","@id":"https:\/\/nitu.mx\/index.php\/2019\/07\/08\/respalda-bestday-postura-de-hoteleros-ante-booking\/#article","isPartOf":{"@id":"https:\/\/nitu.mx\/index.php\/2019\/07\/08\/respalda-bestday-postura-de-hoteleros-ante-booking\/"},"author":{"name":"Redacci\u00f3n","@id":"https:\/\/nitu.mx\/#\/schema\/person\/4a28fe9bd65924f7c90623773daf1b0b"},"headline":"Respalda Best Day postura de hoteleros ante Booking","datePublished":"2019-07-09T02:18:46+00:00","dateModified":"2019-07-09T05:21:32+00:00","mainEntityOfPage":{"@id":"https:\/\/nitu.mx\/index.php\/2019\/07\/08\/respalda-bestday-postura-de-hoteleros-ante-booking\/"},"wordCount":255,"commentCount":0,"publisher":{"@id":"https:\/\/nitu.mx\/#\/schema\/person\/ae7a53426417292d3dd07b45a33e01bc"},"image":{"@id":"https:\/\/nitu.mx\/index.php\/2019\/07\/08\/respalda-bestday-postura-de-hoteleros-ante-booking\/#primaryimage"},"thumbnailUrl":"https:\/\/nitu.mx\/wp-content\/uploads\/2019\/07\/Juli\u00e1n-Balbuena-1.jpg","keywords":["agencia de viajes en l\u00ednea","Best Day","Canc\u00fan","esquema de comisiones","Industria Tur\u00edstica","Latinoam\u00e9rica","M\u00e9xico","Quintana Roo","Sector Hotelero"],"articleSection":["Agencias de Viajes","M\u00e9xico"],"inLanguage":"es-MX","potentialAction":[{"@type":"CommentAction","name":"Comment","target":["https:\/\/nitu.mx\/index.php\/2019\/07\/08\/respalda-bestday-postura-de-hoteleros-ante-booking\/#respond"]}]},{"@type":"WebPage","@id":"https:\/\/nitu.mx\/index.php\/2019\/07\/08\/respalda-bestday-postura-de-hoteleros-ante-booking\/","url":"https:\/\/nitu.mx\/index.php\/2019\/07\/08\/respalda-bestday-postura-de-hoteleros-ante-booking\/","name":"Respalda Best Day postura de hoteleros ante Booking - Nitu - Noticias de la Industria Turistica","isPartOf":{"@id":"https:\/\/nitu.mx\/#website"},"primaryImageOfPage":{"@id":"https:\/\/nitu.mx\/index.php\/2019\/07\/08\/respalda-bestday-postura-de-hoteleros-ante-booking\/#primaryimage"},"image":{"@id":"https:\/\/nitu.mx\/index.php\/2019\/07\/08\/respalda-bestday-postura-de-hoteleros-ante-booking\/#primaryimage"},"thumbnailUrl":"https:\/\/nitu.mx\/wp-content\/uploads\/2019\/07\/Juli\u00e1n-Balbuena-1.jpg","datePublished":"2019-07-09T02:18:46+00:00","dateModified":"2019-07-09T05:21:32+00:00","description":"Best Day ratifica que las condiciones comerciales que mantiene con el sector hotelero y de viajes permanecer\u00e1n como hasta ahora.","breadcrumb":{"@id":"https:\/\/nitu.mx\/index.php\/2019\/07\/08\/respalda-bestday-postura-de-hoteleros-ante-booking\/#breadcrumb"},"inLanguage":"es-MX","potentialAction":[{"@type":"ReadAction","target":["https:\/\/nitu.mx\/index.php\/2019\/07\/08\/respalda-bestday-postura-de-hoteleros-ante-booking\/"]}]},{"@type":"ImageObject","inLanguage":"es-MX","@id":"https:\/\/nitu.mx\/index.php\/2019\/07\/08\/respalda-bestday-postura-de-hoteleros-ante-booking\/#primaryimage","url":"https:\/\/nitu.mx\/wp-content\/uploads\/2019\/07\/Juli\u00e1n-Balbuena-1.jpg","contentUrl":"https:\/\/nitu.mx\/wp-content\/uploads\/2019\/07\/Juli\u00e1n-Balbuena-1.jpg","width":850,"height":480,"caption":"Best Day Julian Balbuena Pac\u00edfico"},{"@type":"BreadcrumbList","@id":"https:\/\/nitu.mx\/index.php\/2019\/07\/08\/respalda-bestday-postura-de-hoteleros-ante-booking\/#breadcrumb","itemListElement":[{"@type":"ListItem","position":1,"name":"Inicio","item":"https:\/\/nitu.mx\/"},{"@type":"ListItem","position":2,"name":"Respalda Best Day postura de hoteleros ante Booking"}]},{"@type":"WebSite","@id":"https:\/\/nitu.mx\/#website","url":"https:\/\/nitu.mx\/","name":"Nitu - Noticias de la Industria Turistica","description":"Noticias de la Industria Turistica","publisher":{"@id":"https:\/\/nitu.mx\/#\/schema\/person\/ae7a53426417292d3dd07b45a33e01bc"},"alternateName":"Noticias de la Industria Turistica","potentialAction":[{"@type":"SearchAction","target":{"@type":"EntryPoint","urlTemplate":"https:\/\/nitu.mx\/?s={search_term_string}"},"query-input":"required name=search_term_string"}],"inLanguage":"es-MX"},{"@type":["Person","Organization"],"@id":"https:\/\/nitu.mx\/#\/schema\/person\/ae7a53426417292d3dd07b45a33e01bc","name":"Arturo Medina","image":{"@type":"ImageObject","inLanguage":"es-MX","@id":"https:\/\/nitu.mx\/#\/schema\/person\/image\/","url":"https:\/\/nitu.mx\/wp-content\/uploads\/2024\/04\/4A315622-1904-4D5C-B022-878CDC840E04-90x90-1.jpeg","contentUrl":"https:\/\/nitu.mx\/wp-content\/uploads\/2024\/04\/4A315622-1904-4D5C-B022-878CDC840E04-90x90-1.jpeg","width":90,"height":90,"caption":"Arturo Medina"},"logo":{"@id":"https:\/\/nitu.mx\/#\/schema\/person\/image\/"},"description":"Director NITU.mx, Egresado de la Escuela de Periodismo Carlos Septi\u00e9n Garc\u00eda. Periodista y analista especializado en turismo desde hace 35 a\u00f1os, radicado en Canc\u00fan Q.Roo. arturo@nitu.mx","sameAs":["https:\/\/nitu.mx","https:\/\/www.facebook.com\/NITUmx\/","medinacancun","https:\/\/twitter.com\/@Arturo_Medina_G"]},{"@type":"Person","@id":"https:\/\/nitu.mx\/#\/schema\/person\/4a28fe9bd65924f7c90623773daf1b0b","name":"Redacci\u00f3n","image":{"@type":"ImageObject","inLanguage":"es-MX","@id":"https:\/\/nitu.mx\/#\/schema\/person\/image\/","url":"https:\/\/secure.gravatar.com\/avatar\/5dd011c8ccfc5cd7e4c81e42252aab38?s=96&d=mm&r=g","contentUrl":"https:\/\/secure.gravatar.com\/avatar\/5dd011c8ccfc5cd7e4c81e42252aab38?s=96&d=mm&r=g","caption":"Redacci\u00f3n"},"url":"https:\/\/nitu.mx\/index.php\/author\/redaccion\/"}]}},"views":323,"_links":{"self":[{"href":"https:\/\/nitu.mx\/index.php\/wp-json\/wp\/v2\/posts\/33371"}],"collection":[{"href":"https:\/\/nitu.mx\/index.php\/wp-json\/wp\/v2\/posts"}],"about":[{"href":"https:\/\/nitu.mx\/index.php\/wp-json\/wp\/v2\/types\/post"}],"author":[{"embeddable":true,"href":"https:\/\/nitu.mx\/index.php\/wp-json\/wp\/v2\/users\/17"}],"replies":[{"embeddable":true,"href":"https:\/\/nitu.mx\/index.php\/wp-json\/wp\/v2\/comments?post=33371"}],"version-history":[{"count":3,"href":"https:\/\/nitu.mx\/index.php\/wp-json\/wp\/v2\/posts\/33371\/revisions"}],"predecessor-version":[{"id":33389,"href":"https:\/\/nitu.mx\/index.php\/wp-json\/wp\/v2\/posts\/33371\/revisions\/33389"}],"wp:featuredmedia":[{"embeddable":true,"href":"https:\/\/nitu.mx\/index.php\/wp-json\/wp\/v2\/media\/33388"}],"wp:attachment":[{"href":"https:\/\/nitu.mx\/index.php\/wp-json\/wp\/v2\/media?parent=33371"}],"wp:term":[{"taxonomy":"category","embeddable":true,"href":"https:\/\/nitu.mx\/index.php\/wp-json\/wp\/v2\/categories?post=33371"},{"taxonomy":"post_tag","embeddable":true,"href":"https:\/\/nitu.mx\/index.php\/wp-json\/wp\/v2\/tags?post=33371"}],"curies":[{"name":"wp","href":"https:\/\/api.w.org\/{rel}","templated":true}]}}