{"id":33251,"date":"2019-07-03T23:12:46","date_gmt":"2019-07-04T04:12:46","guid":{"rendered":"https:\/\/www.dev.nitu.mx\/?p=33251"},"modified":"2019-07-04T00:25:13","modified_gmt":"2019-07-04T05:25:13","slug":"afeet-cumple-sus-objetivos-y-se-incorpora-al-cnet-y-a-la-omt","status":"publish","type":"post","link":"https:\/\/nitu.mx\/index.php\/2019\/07\/03\/afeet-cumple-sus-objetivos-y-se-incorpora-al-cnet-y-a-la-omt\/","title":{"rendered":"AFEET cumple sus objetivos y\u00a0se incorpora al CNET y a la OMT"},"content":{"rendered":"<p>La Asociaci\u00f3n Femenil de Ejecutivas de Empresas Tur\u00edsticas (AFEET) llev\u00f3 a cabo su s\u00e9ptima Junta Reglamentaria correspondiente al mes en curso, misma en la que se brind\u00f3 a las socias presentes el informe de actividades concretadas el mes pasado.<\/p>\n<p>En el marco de la asamblea, Yarla Covarrubias, presidenta nacional de AFEET, coment\u00f3 que el pasado 20 de junio se logr\u00f3 uno de los principales objetivos del a\u00f1o, ya que se ratific\u00f3 la afiliaci\u00f3n de la AFEET al Consejo Nacional Empresarial Tur\u00edstico (CNET).<\/p>\n<p>De igual forma, destac\u00f3 que en d\u00edas pasados, recibi\u00f3 la confirmaci\u00f3n de adhesi\u00f3n a la Organizaci\u00f3n Mundial del Turismo (OMT), organismo internacional vinculado a las Naciones Unidas, con m\u00e1s de 40 a\u00f1os dedicados a la promoci\u00f3n del turismo.<\/p>\n<p>Ante ello, Covarrubias asegur\u00f3 que la asociaci\u00f3n pasar\u00e1 a ser miembro afiliado a partir de septiembre pr\u00f3ximo, en una ceremonia que tendr\u00e1 lugar en San Petersburgo, Rusia, en la cual estar\u00e1 presente acompa\u00f1ada de algunas de sus agremiadas.<\/p>\n<p>Estos hechos representan grandes metas alcanzadas, y es que en enero de este a\u00f1o se plante\u00f3 como objetivo el dar a la organizaci\u00f3n un mayor alcance internacional.\u00a0<a title=\"AFEET gestiona su ingreso al CNET\" href=\"https:\/\/www.dev.nitu.mx\/index.php\/2019\/03\/19\/afeet-gestiona-su-ingreso-al-cnet\/\" rel=\"bookmark\">(AFEET gestiona su ingreso al CNET<\/a>).<\/p>\n<p>Asimismo, y siguiendo con la orden del d\u00eda, se hizo menci\u00f3n de la pr\u00f3xima incorporaci\u00f3n de ocho nuevas socias al gremio, entre las que se encuentran Marta Sahag\u00fan de Fox.<\/p>\n<p>Antes de dar por terminada la reuni\u00f3n mensual, Carmen Torreblanca hizo extensiva una invitaci\u00f3n a todas las socias y profesionales de la industria a asistir al pr\u00f3ximo Congreso Anual organizado por la AFEET, el cual sirve como capacitaci\u00f3n y actualizaci\u00f3n en diversos temas coyunturales con el fin de poder hacer frente a los desaf\u00edos que enfrenta el sector en la actualidad.<\/p>\n<p>El evento que se llevar\u00e1 a cabo los d\u00edas 15 y 16 de agosto, se ha realizado durante cuatro a\u00f1os consecutivos y a lo largo de este tiempo se ha buscado que sea de mayor relevancia para as\u00ed incrementar los beneficios que representa el asistir a esta clase de acontecimientos.<\/p>\n","protected":false},"excerpt":{"rendered":"<p>La Asociaci\u00f3n Femenil de Ejecutivas de Empresas Tur\u00edsticas (AFEET) llev\u00f3 a cabo su s\u00e9ptima Junta Reglamentaria correspondiente al mes en curso, misma en la que se brind\u00f3 a las socias presentes el informe de actividades concretadas el mes pasado. En el marco de la asamblea, Yarla Covarrubias, presidenta nacional de AFEET, coment\u00f3 que el pasado [&hellip;]<\/p>\n","protected":false},"author":17,"featured_media":25214,"comment_status":"open","ping_status":"open","sticky":false,"template":"","format":"standard","meta":{"footnotes":""},"categories":[12,6],"tags":[16395,834,1680,1960,16396,8528],"yoast_head":"<!-- This site is optimized with the Yoast SEO plugin v22.2 - https:\/\/yoast.com\/wordpress\/plugins\/seo\/ -->\n<title>AFEET cumple sus objetivos y\u00a0se incorpora al CNET y a la OMT - Nitu - Noticias de la Industria Turistica<\/title>\n<meta name=\"description\" content=\"AFEET llev\u00f3 a cabo su s\u00e9ptima Junta Reglamentaria, misma en la que se brind\u00f3 a las socias presentes el informe de actividades concretadas el mes pasado.\" \/>\n<meta name=\"robots\" content=\"index, follow, max-snippet:-1, max-image-preview:large, max-video-preview:-1\" \/>\n<link rel=\"canonical\" href=\"https:\/\/nitu.mx\/index.php\/2019\/07\/03\/afeet-cumple-sus-objetivos-y-se-incorpora-al-cnet-y-a-la-omt\/\" \/>\n<meta name=\"twitter:card\" content=\"summary_large_image\" \/>\n<meta name=\"twitter:title\" content=\"AFEET cumple sus objetivos y\u00a0se incorpora al CNET y a la OMT - Nitu - Noticias de la Industria Turistica\" \/>\n<meta name=\"twitter:description\" content=\"AFEET llev\u00f3 a cabo su s\u00e9ptima Junta Reglamentaria, misma en la que se brind\u00f3 a las socias presentes el informe de actividades concretadas el mes pasado.\" \/>\n<meta name=\"twitter:image\" content=\"https:\/\/nitu.mx\/wp-content\/uploads\/2018\/10\/Yarla-Covarrubias-AFEET.jpg\" \/>\n<meta name=\"twitter:creator\" content=\"@NITUmx\" \/>\n<meta name=\"twitter:site\" content=\"@Arturo_Medina_G\" \/>\n<meta name=\"twitter:label1\" content=\"Escrito por\" \/>\n\t<meta name=\"twitter:data1\" content=\"Redacci\u00f3n\" \/>\n\t<meta name=\"twitter:label2\" content=\"Tiempo de lectura\" \/>\n\t<meta name=\"twitter:data2\" content=\"2 minutos\" \/>\n<script type=\"application\/ld+json\" class=\"yoast-schema-graph\">{\"@context\":\"https:\/\/schema.org\",\"@graph\":[{\"@type\":\"Article\",\"@id\":\"https:\/\/nitu.mx\/index.php\/2019\/07\/03\/afeet-cumple-sus-objetivos-y-se-incorpora-al-cnet-y-a-la-omt\/#article\",\"isPartOf\":{\"@id\":\"https:\/\/nitu.mx\/index.php\/2019\/07\/03\/afeet-cumple-sus-objetivos-y-se-incorpora-al-cnet-y-a-la-omt\/\"},\"author\":{\"name\":\"Redacci\u00f3n\",\"@id\":\"https:\/\/nitu.mx\/#\/schema\/person\/4a28fe9bd65924f7c90623773daf1b0b\"},\"headline\":\"AFEET cumple sus objetivos y\u00a0se incorpora al CNET y a la OMT\",\"datePublished\":\"2019-07-04T04:12:46+00:00\",\"dateModified\":\"2019-07-04T05:25:13+00:00\",\"mainEntityOfPage\":{\"@id\":\"https:\/\/nitu.mx\/index.php\/2019\/07\/03\/afeet-cumple-sus-objetivos-y-se-incorpora-al-cnet-y-a-la-omt\/\"},\"wordCount\":372,\"commentCount\":0,\"publisher\":{\"@id\":\"https:\/\/nitu.mx\/#\/schema\/person\/ae7a53426417292d3dd07b45a33e01bc\"},\"image\":{\"@id\":\"https:\/\/nitu.mx\/index.php\/2019\/07\/03\/afeet-cumple-sus-objetivos-y-se-incorpora-al-cnet-y-a-la-omt\/#primaryimage\"},\"thumbnailUrl\":\"https:\/\/nitu.mx\/wp-content\/uploads\/2018\/10\/Yarla-Covarrubias-AFEET.jpg\",\"keywords\":[\"Asociaci\u00f3n Femenil de Ejecutivas de Empresas Tur\u00edsticas (AFET)\",\"CNET\",\"Consejo Nacional Empresarial Tur\u00edstico\",\"OMT\",\"Presidenta Nacional de AFEET\",\"Yarla Covarrubias\"],\"articleSection\":[\"Marketing\",\"M\u00e9xico\"],\"inLanguage\":\"es-MX\",\"potentialAction\":[{\"@type\":\"CommentAction\",\"name\":\"Comment\",\"target\":[\"https:\/\/nitu.mx\/index.php\/2019\/07\/03\/afeet-cumple-sus-objetivos-y-se-incorpora-al-cnet-y-a-la-omt\/#respond\"]}]},{\"@type\":\"WebPage\",\"@id\":\"https:\/\/nitu.mx\/index.php\/2019\/07\/03\/afeet-cumple-sus-objetivos-y-se-incorpora-al-cnet-y-a-la-omt\/\",\"url\":\"https:\/\/nitu.mx\/index.php\/2019\/07\/03\/afeet-cumple-sus-objetivos-y-se-incorpora-al-cnet-y-a-la-omt\/\",\"name\":\"AFEET cumple sus objetivos y\u00a0se incorpora al CNET y a la OMT - Nitu - Noticias de la Industria Turistica\",\"isPartOf\":{\"@id\":\"https:\/\/nitu.mx\/#website\"},\"primaryImageOfPage\":{\"@id\":\"https:\/\/nitu.mx\/index.php\/2019\/07\/03\/afeet-cumple-sus-objetivos-y-se-incorpora-al-cnet-y-a-la-omt\/#primaryimage\"},\"image\":{\"@id\":\"https:\/\/nitu.mx\/index.php\/2019\/07\/03\/afeet-cumple-sus-objetivos-y-se-incorpora-al-cnet-y-a-la-omt\/#primaryimage\"},\"thumbnailUrl\":\"https:\/\/nitu.mx\/wp-content\/uploads\/2018\/10\/Yarla-Covarrubias-AFEET.jpg\",\"datePublished\":\"2019-07-04T04:12:46+00:00\",\"dateModified\":\"2019-07-04T05:25:13+00:00\",\"description\":\"AFEET llev\u00f3 a cabo su s\u00e9ptima Junta Reglamentaria, misma en la que se brind\u00f3 a las socias presentes el informe de actividades concretadas el mes pasado.\",\"breadcrumb\":{\"@id\":\"https:\/\/nitu.mx\/index.php\/2019\/07\/03\/afeet-cumple-sus-objetivos-y-se-incorpora-al-cnet-y-a-la-omt\/#breadcrumb\"},\"inLanguage\":\"es-MX\",\"potentialAction\":[{\"@type\":\"ReadAction\",\"target\":[\"https:\/\/nitu.mx\/index.php\/2019\/07\/03\/afeet-cumple-sus-objetivos-y-se-incorpora-al-cnet-y-a-la-omt\/\"]}]},{\"@type\":\"ImageObject\",\"inLanguage\":\"es-MX\",\"@id\":\"https:\/\/nitu.mx\/index.php\/2019\/07\/03\/afeet-cumple-sus-objetivos-y-se-incorpora-al-cnet-y-a-la-omt\/#primaryimage\",\"url\":\"https:\/\/nitu.mx\/wp-content\/uploads\/2018\/10\/Yarla-Covarrubias-AFEET.jpg\",\"contentUrl\":\"https:\/\/nitu.mx\/wp-content\/uploads\/2018\/10\/Yarla-Covarrubias-AFEET.jpg\",\"width\":850,\"height\":480,\"caption\":\"Yarla Covarrubias AFEET\"},{\"@type\":\"BreadcrumbList\",\"@id\":\"https:\/\/nitu.mx\/index.php\/2019\/07\/03\/afeet-cumple-sus-objetivos-y-se-incorpora-al-cnet-y-a-la-omt\/#breadcrumb\",\"itemListElement\":[{\"@type\":\"ListItem\",\"position\":1,\"name\":\"Inicio\",\"item\":\"https:\/\/nitu.mx\/\"},{\"@type\":\"ListItem\",\"position\":2,\"name\":\"AFEET cumple sus objetivos y\u00a0se incorpora al CNET y a la OMT\"}]},{\"@type\":\"WebSite\",\"@id\":\"https:\/\/nitu.mx\/#website\",\"url\":\"https:\/\/nitu.mx\/\",\"name\":\"Nitu - Noticias de la Industria Turistica\",\"description\":\"Noticias de la Industria Turistica\",\"publisher\":{\"@id\":\"https:\/\/nitu.mx\/#\/schema\/person\/ae7a53426417292d3dd07b45a33e01bc\"},\"alternateName\":\"Noticias de la Industria Turistica\",\"potentialAction\":[{\"@type\":\"SearchAction\",\"target\":{\"@type\":\"EntryPoint\",\"urlTemplate\":\"https:\/\/nitu.mx\/?s={search_term_string}\"},\"query-input\":\"required name=search_term_string\"}],\"inLanguage\":\"es-MX\"},{\"@type\":[\"Person\",\"Organization\"],\"@id\":\"https:\/\/nitu.mx\/#\/schema\/person\/ae7a53426417292d3dd07b45a33e01bc\",\"name\":\"Arturo Medina\",\"image\":{\"@type\":\"ImageObject\",\"inLanguage\":\"es-MX\",\"@id\":\"https:\/\/nitu.mx\/#\/schema\/person\/image\/\",\"url\":\"https:\/\/nitu.mx\/wp-content\/uploads\/2024\/04\/4A315622-1904-4D5C-B022-878CDC840E04-90x90-1.jpeg\",\"contentUrl\":\"https:\/\/nitu.mx\/wp-content\/uploads\/2024\/04\/4A315622-1904-4D5C-B022-878CDC840E04-90x90-1.jpeg\",\"width\":90,\"height\":90,\"caption\":\"Arturo Medina\"},\"logo\":{\"@id\":\"https:\/\/nitu.mx\/#\/schema\/person\/image\/\"},\"description\":\"Director NITU.mx, Egresado de la Escuela de Periodismo Carlos Septi\u00e9n Garc\u00eda. Periodista y analista especializado en turismo desde hace 35 a\u00f1os, radicado en Canc\u00fan Q.Roo. arturo@nitu.mx\",\"sameAs\":[\"https:\/\/nitu.mx\",\"https:\/\/www.facebook.com\/NITUmx\/\",\"medinacancun\",\"https:\/\/twitter.com\/@Arturo_Medina_G\"]},{\"@type\":\"Person\",\"@id\":\"https:\/\/nitu.mx\/#\/schema\/person\/4a28fe9bd65924f7c90623773daf1b0b\",\"name\":\"Redacci\u00f3n\",\"image\":{\"@type\":\"ImageObject\",\"inLanguage\":\"es-MX\",\"@id\":\"https:\/\/nitu.mx\/#\/schema\/person\/image\/\",\"url\":\"https:\/\/secure.gravatar.com\/avatar\/5dd011c8ccfc5cd7e4c81e42252aab38?s=96&d=mm&r=g\",\"contentUrl\":\"https:\/\/secure.gravatar.com\/avatar\/5dd011c8ccfc5cd7e4c81e42252aab38?s=96&d=mm&r=g\",\"caption\":\"Redacci\u00f3n\"},\"url\":\"https:\/\/nitu.mx\/index.php\/author\/redaccion\/\"}]}<\/script>\n<!-- \/ Yoast SEO plugin. -->","yoast_head_json":{"title":"AFEET cumple sus objetivos y\u00a0se incorpora al CNET y a la OMT - Nitu - Noticias de la Industria Turistica","description":"AFEET llev\u00f3 a cabo su s\u00e9ptima Junta Reglamentaria, misma en la que se brind\u00f3 a las socias presentes el informe de actividades concretadas el mes pasado.","robots":{"index":"index","follow":"follow","max-snippet":"max-snippet:-1","max-image-preview":"max-image-preview:large","max-video-preview":"max-video-preview:-1"},"canonical":"https:\/\/nitu.mx\/index.php\/2019\/07\/03\/afeet-cumple-sus-objetivos-y-se-incorpora-al-cnet-y-a-la-omt\/","twitter_card":"summary_large_image","twitter_title":"AFEET cumple sus objetivos y\u00a0se incorpora al CNET y a la OMT - Nitu - Noticias de la Industria Turistica","twitter_description":"AFEET llev\u00f3 a cabo su s\u00e9ptima Junta Reglamentaria, misma en la que se brind\u00f3 a las socias presentes el informe de actividades concretadas el mes pasado.","twitter_image":"https:\/\/nitu.mx\/wp-content\/uploads\/2018\/10\/Yarla-Covarrubias-AFEET.jpg","twitter_creator":"@NITUmx","twitter_site":"@Arturo_Medina_G","twitter_misc":{"Escrito por":"Redacci\u00f3n","Tiempo de lectura":"2 minutos"},"schema":{"@context":"https:\/\/schema.org","@graph":[{"@type":"Article","@id":"https:\/\/nitu.mx\/index.php\/2019\/07\/03\/afeet-cumple-sus-objetivos-y-se-incorpora-al-cnet-y-a-la-omt\/#article","isPartOf":{"@id":"https:\/\/nitu.mx\/index.php\/2019\/07\/03\/afeet-cumple-sus-objetivos-y-se-incorpora-al-cnet-y-a-la-omt\/"},"author":{"name":"Redacci\u00f3n","@id":"https:\/\/nitu.mx\/#\/schema\/person\/4a28fe9bd65924f7c90623773daf1b0b"},"headline":"AFEET cumple sus objetivos y\u00a0se incorpora al CNET y a la OMT","datePublished":"2019-07-04T04:12:46+00:00","dateModified":"2019-07-04T05:25:13+00:00","mainEntityOfPage":{"@id":"https:\/\/nitu.mx\/index.php\/2019\/07\/03\/afeet-cumple-sus-objetivos-y-se-incorpora-al-cnet-y-a-la-omt\/"},"wordCount":372,"commentCount":0,"publisher":{"@id":"https:\/\/nitu.mx\/#\/schema\/person\/ae7a53426417292d3dd07b45a33e01bc"},"image":{"@id":"https:\/\/nitu.mx\/index.php\/2019\/07\/03\/afeet-cumple-sus-objetivos-y-se-incorpora-al-cnet-y-a-la-omt\/#primaryimage"},"thumbnailUrl":"https:\/\/nitu.mx\/wp-content\/uploads\/2018\/10\/Yarla-Covarrubias-AFEET.jpg","keywords":["Asociaci\u00f3n Femenil de Ejecutivas de Empresas Tur\u00edsticas (AFET)","CNET","Consejo Nacional Empresarial Tur\u00edstico","OMT","Presidenta Nacional de AFEET","Yarla Covarrubias"],"articleSection":["Marketing","M\u00e9xico"],"inLanguage":"es-MX","potentialAction":[{"@type":"CommentAction","name":"Comment","target":["https:\/\/nitu.mx\/index.php\/2019\/07\/03\/afeet-cumple-sus-objetivos-y-se-incorpora-al-cnet-y-a-la-omt\/#respond"]}]},{"@type":"WebPage","@id":"https:\/\/nitu.mx\/index.php\/2019\/07\/03\/afeet-cumple-sus-objetivos-y-se-incorpora-al-cnet-y-a-la-omt\/","url":"https:\/\/nitu.mx\/index.php\/2019\/07\/03\/afeet-cumple-sus-objetivos-y-se-incorpora-al-cnet-y-a-la-omt\/","name":"AFEET cumple sus objetivos y\u00a0se incorpora al CNET y a la OMT - Nitu - Noticias de la Industria Turistica","isPartOf":{"@id":"https:\/\/nitu.mx\/#website"},"primaryImageOfPage":{"@id":"https:\/\/nitu.mx\/index.php\/2019\/07\/03\/afeet-cumple-sus-objetivos-y-se-incorpora-al-cnet-y-a-la-omt\/#primaryimage"},"image":{"@id":"https:\/\/nitu.mx\/index.php\/2019\/07\/03\/afeet-cumple-sus-objetivos-y-se-incorpora-al-cnet-y-a-la-omt\/#primaryimage"},"thumbnailUrl":"https:\/\/nitu.mx\/wp-content\/uploads\/2018\/10\/Yarla-Covarrubias-AFEET.jpg","datePublished":"2019-07-04T04:12:46+00:00","dateModified":"2019-07-04T05:25:13+00:00","description":"AFEET llev\u00f3 a cabo su s\u00e9ptima Junta Reglamentaria, misma en la que se brind\u00f3 a las socias presentes el informe de actividades concretadas el mes pasado.","breadcrumb":{"@id":"https:\/\/nitu.mx\/index.php\/2019\/07\/03\/afeet-cumple-sus-objetivos-y-se-incorpora-al-cnet-y-a-la-omt\/#breadcrumb"},"inLanguage":"es-MX","potentialAction":[{"@type":"ReadAction","target":["https:\/\/nitu.mx\/index.php\/2019\/07\/03\/afeet-cumple-sus-objetivos-y-se-incorpora-al-cnet-y-a-la-omt\/"]}]},{"@type":"ImageObject","inLanguage":"es-MX","@id":"https:\/\/nitu.mx\/index.php\/2019\/07\/03\/afeet-cumple-sus-objetivos-y-se-incorpora-al-cnet-y-a-la-omt\/#primaryimage","url":"https:\/\/nitu.mx\/wp-content\/uploads\/2018\/10\/Yarla-Covarrubias-AFEET.jpg","contentUrl":"https:\/\/nitu.mx\/wp-content\/uploads\/2018\/10\/Yarla-Covarrubias-AFEET.jpg","width":850,"height":480,"caption":"Yarla Covarrubias AFEET"},{"@type":"BreadcrumbList","@id":"https:\/\/nitu.mx\/index.php\/2019\/07\/03\/afeet-cumple-sus-objetivos-y-se-incorpora-al-cnet-y-a-la-omt\/#breadcrumb","itemListElement":[{"@type":"ListItem","position":1,"name":"Inicio","item":"https:\/\/nitu.mx\/"},{"@type":"ListItem","position":2,"name":"AFEET cumple sus objetivos y\u00a0se incorpora al CNET y a la OMT"}]},{"@type":"WebSite","@id":"https:\/\/nitu.mx\/#website","url":"https:\/\/nitu.mx\/","name":"Nitu - Noticias de la Industria Turistica","description":"Noticias de la Industria Turistica","publisher":{"@id":"https:\/\/nitu.mx\/#\/schema\/person\/ae7a53426417292d3dd07b45a33e01bc"},"alternateName":"Noticias de la Industria Turistica","potentialAction":[{"@type":"SearchAction","target":{"@type":"EntryPoint","urlTemplate":"https:\/\/nitu.mx\/?s={search_term_string}"},"query-input":"required name=search_term_string"}],"inLanguage":"es-MX"},{"@type":["Person","Organization"],"@id":"https:\/\/nitu.mx\/#\/schema\/person\/ae7a53426417292d3dd07b45a33e01bc","name":"Arturo Medina","image":{"@type":"ImageObject","inLanguage":"es-MX","@id":"https:\/\/nitu.mx\/#\/schema\/person\/image\/","url":"https:\/\/nitu.mx\/wp-content\/uploads\/2024\/04\/4A315622-1904-4D5C-B022-878CDC840E04-90x90-1.jpeg","contentUrl":"https:\/\/nitu.mx\/wp-content\/uploads\/2024\/04\/4A315622-1904-4D5C-B022-878CDC840E04-90x90-1.jpeg","width":90,"height":90,"caption":"Arturo Medina"},"logo":{"@id":"https:\/\/nitu.mx\/#\/schema\/person\/image\/"},"description":"Director NITU.mx, Egresado de la Escuela de Periodismo Carlos Septi\u00e9n Garc\u00eda. Periodista y analista especializado en turismo desde hace 35 a\u00f1os, radicado en Canc\u00fan Q.Roo. arturo@nitu.mx","sameAs":["https:\/\/nitu.mx","https:\/\/www.facebook.com\/NITUmx\/","medinacancun","https:\/\/twitter.com\/@Arturo_Medina_G"]},{"@type":"Person","@id":"https:\/\/nitu.mx\/#\/schema\/person\/4a28fe9bd65924f7c90623773daf1b0b","name":"Redacci\u00f3n","image":{"@type":"ImageObject","inLanguage":"es-MX","@id":"https:\/\/nitu.mx\/#\/schema\/person\/image\/","url":"https:\/\/secure.gravatar.com\/avatar\/5dd011c8ccfc5cd7e4c81e42252aab38?s=96&d=mm&r=g","contentUrl":"https:\/\/secure.gravatar.com\/avatar\/5dd011c8ccfc5cd7e4c81e42252aab38?s=96&d=mm&r=g","caption":"Redacci\u00f3n"},"url":"https:\/\/nitu.mx\/index.php\/author\/redaccion\/"}]}},"views":348,"_links":{"self":[{"href":"https:\/\/nitu.mx\/index.php\/wp-json\/wp\/v2\/posts\/33251"}],"collection":[{"href":"https:\/\/nitu.mx\/index.php\/wp-json\/wp\/v2\/posts"}],"about":[{"href":"https:\/\/nitu.mx\/index.php\/wp-json\/wp\/v2\/types\/post"}],"author":[{"embeddable":true,"href":"https:\/\/nitu.mx\/index.php\/wp-json\/wp\/v2\/users\/17"}],"replies":[{"embeddable":true,"href":"https:\/\/nitu.mx\/index.php\/wp-json\/wp\/v2\/comments?post=33251"}],"version-history":[{"count":3,"href":"https:\/\/nitu.mx\/index.php\/wp-json\/wp\/v2\/posts\/33251\/revisions"}],"predecessor-version":[{"id":33274,"href":"https:\/\/nitu.mx\/index.php\/wp-json\/wp\/v2\/posts\/33251\/revisions\/33274"}],"wp:featuredmedia":[{"embeddable":true,"href":"https:\/\/nitu.mx\/index.php\/wp-json\/wp\/v2\/media\/25214"}],"wp:attachment":[{"href":"https:\/\/nitu.mx\/index.php\/wp-json\/wp\/v2\/media?parent=33251"}],"wp:term":[{"taxonomy":"category","embeddable":true,"href":"https:\/\/nitu.mx\/index.php\/wp-json\/wp\/v2\/categories?post=33251"},{"taxonomy":"post_tag","embeddable":true,"href":"https:\/\/nitu.mx\/index.php\/wp-json\/wp\/v2\/tags?post=33251"}],"curies":[{"name":"wp","href":"https:\/\/api.w.org\/{rel}","templated":true}]}}