{"id":33143,"date":"2019-07-01T00:27:10","date_gmt":"2019-07-01T05:27:10","guid":{"rendered":"https:\/\/www.dev.nitu.mx\/?p=33143"},"modified":"2019-07-01T00:28:37","modified_gmt":"2019-07-01T05:28:37","slug":"verano-sera-buena-temporada-de-turismo-espanol-en-caribe-mexicano-consul-honorario-de-espana","status":"publish","type":"post","link":"https:\/\/nitu.mx\/index.php\/2019\/07\/01\/verano-sera-buena-temporada-de-turismo-espanol-en-caribe-mexicano-consul-honorario-de-espana\/","title":{"rendered":"Verano ser\u00e1 buena temporada de turismo espa\u00f1ol en Caribe Mexicano: C\u00f3nsul honorario de Espa\u00f1a"},"content":{"rendered":"<p>El turismo espa\u00f1ol vendr\u00e1 al Caribe Mexicano, aunque a costa de sacrificar tarifas de hospedaje que se han reducido entre un 15 y 20 por ciento para esta temporada. Francisco Javier Mara\u00f1\u00f3n Ca\u00f1adas, c\u00f3nsul honorario de Espa\u00f1a en Canc\u00fan, con jurisdicci\u00f3n en el estado de Quintana Roo afirm\u00f3 que julio y en general la temporada vacacional de verano, tendr\u00e1 afluencia de turismo espa\u00f1ol ya que varias aerol\u00edneas incrementar\u00e1n sus rutas a partir de este mes.<\/p>\n<p>En entrevista exclusiva con <strong><em>NITU.mx<\/em><\/strong>, se\u00f1al\u00f3 que para el mes de julio la compa\u00f1\u00eda Air Europa incrementa un vuelo diario m\u00e1s desde Madrid con aviones de 380 plazas, de igual forma la compa\u00f1\u00eda Evelop tiene vuelos directos a Canc\u00fan en un Airbus 330 y el 350 con capacidad para 400 plazas, \u201c\u2026 en julio se van a tener cinco vuelos a la semana cada compa\u00f1\u00eda. Por du parte Wamos inicia actividades con cuatro frecuencias a la semana\u201d, anunci\u00f3.<\/p>\n<p>\u201cEvelop con su subsidiaria Orvest suma dos vuelos a la semana con Lisboa, lo cual es una buena noticia, se hablaba de que parec\u00eda que hab\u00eda descendido un poco el turismo espa\u00f1ol, con esta cantidad de vuelos lo que tiende es a subir\u201d, dijo.<\/p>\n<p>Aunque reconoci\u00f3 que para llegar a esto, se debieron de bajar las tarifas; \u201cno sabr\u00eda decir una cifra exacta, pero podemos hablar de un 15 y un 20%, es la primera vez que sucede en a\u00f1os, ya que se hab\u00eda conseguido incrementar las tarifas cada a\u00f1o, igual que han subido las ocupaciones. Pero este a\u00f1o se ha hablado de un descenso en las ocupaciones, para m\u00ed por eso la informaci\u00f3n de incremento de rutas, me da una gran satisfacci\u00f3n\u201d, resalt\u00f3.<\/p>\n<p>Apunt\u00f3 que trata tambi\u00e9n de la temporada alta vacacional para los espa\u00f1oles, pues al ser verano hay mucho turismo familiar por las vacaciones escolares, al igual que en M\u00e9xico, por lo cual las familias enteras aprovechan para venir al Caribe Mexicano, sobre todo porque hay hoteles especializados en familias.<\/p>\n<p>En general se considera que gastan, y la estancia es de m\u00ednimo una semana, por la larga distancia que recorren para llegar a Canc\u00fan que es uno de sus destinos favoritos, seguido de la Riviera Maya.<\/p>\n","protected":false},"excerpt":{"rendered":"<p>El turismo espa\u00f1ol vendr\u00e1 al Caribe Mexicano, aunque a costa de sacrificar tarifas de hospedaje que se han reducido entre un 15 y 20 por ciento para esta temporada. Francisco Javier Mara\u00f1\u00f3n Ca\u00f1adas, c\u00f3nsul honorario de Espa\u00f1a en Canc\u00fan, con jurisdicci\u00f3n en el estado de Quintana Roo afirm\u00f3 que julio y en general la temporada [&hellip;]<\/p>\n","protected":false},"author":3,"featured_media":23781,"comment_status":"open","ping_status":"open","sticky":false,"template":"","format":"standard","meta":{"footnotes":""},"categories":[29,5],"tags":[444,3483,43,83,16338,16337,126,260,5168,16336,4676,16335,16339],"yoast_head":"<!-- This site is optimized with the Yoast SEO plugin v22.2 - https:\/\/yoast.com\/wordpress\/plugins\/seo\/ -->\n<title>Verano ser\u00e1 buena temporada de turismo espa\u00f1ol en Caribe Mexicano: C\u00f3nsul honorario de Espa\u00f1a - Nitu - Noticias de la Industria Turistica<\/title>\n<meta name=\"robots\" content=\"index, follow, max-snippet:-1, max-image-preview:large, max-video-preview:-1\" \/>\n<link rel=\"canonical\" href=\"https:\/\/nitu.mx\/index.php\/2019\/07\/01\/verano-sera-buena-temporada-de-turismo-espanol-en-caribe-mexicano-consul-honorario-de-espana\/\" \/>\n<meta name=\"twitter:card\" content=\"summary_large_image\" \/>\n<meta name=\"twitter:title\" content=\"Verano ser\u00e1 buena temporada de turismo espa\u00f1ol en Caribe Mexicano: C\u00f3nsul honorario de Espa\u00f1a - Nitu - Noticias de la Industria Turistica\" \/>\n<meta name=\"twitter:description\" content=\"El turismo espa\u00f1ol vendr\u00e1 al Caribe Mexicano, aunque a costa de sacrificar tarifas de hospedaje que se han reducido entre un 15 y 20 por ciento para esta temporada. Francisco Javier Mara\u00f1\u00f3n Ca\u00f1adas, c\u00f3nsul honorario de Espa\u00f1a en Canc\u00fan, con jurisdicci\u00f3n en el estado de Quintana Roo afirm\u00f3 que julio y en general la temporada [&hellip;]\" \/>\n<meta name=\"twitter:image\" content=\"https:\/\/nitu.mx\/wp-content\/uploads\/2018\/08\/Cancun-Tulum.jpg\" \/>\n<meta name=\"twitter:creator\" content=\"@NITUmx\" \/>\n<meta name=\"twitter:site\" content=\"@Arturo_Medina_G\" \/>\n<meta name=\"twitter:label1\" content=\"Escrito por\" \/>\n\t<meta name=\"twitter:data1\" content=\"Alejandra Moncisbays\" \/>\n\t<meta name=\"twitter:label2\" content=\"Tiempo de lectura\" \/>\n\t<meta name=\"twitter:data2\" content=\"2 minutos\" \/>\n<script type=\"application\/ld+json\" class=\"yoast-schema-graph\">{\"@context\":\"https:\/\/schema.org\",\"@graph\":[{\"@type\":\"Article\",\"@id\":\"https:\/\/nitu.mx\/index.php\/2019\/07\/01\/verano-sera-buena-temporada-de-turismo-espanol-en-caribe-mexicano-consul-honorario-de-espana\/#article\",\"isPartOf\":{\"@id\":\"https:\/\/nitu.mx\/index.php\/2019\/07\/01\/verano-sera-buena-temporada-de-turismo-espanol-en-caribe-mexicano-consul-honorario-de-espana\/\"},\"author\":{\"name\":\"Alejandra Moncisbays\",\"@id\":\"https:\/\/nitu.mx\/#\/schema\/person\/2ecd887b19dfd3382d1f14fc5acf24a8\"},\"headline\":\"Verano ser\u00e1 buena temporada de turismo espa\u00f1ol en Caribe Mexicano: C\u00f3nsul honorario de Espa\u00f1a\",\"datePublished\":\"2019-07-01T05:27:10+00:00\",\"dateModified\":\"2019-07-01T05:28:37+00:00\",\"mainEntityOfPage\":{\"@id\":\"https:\/\/nitu.mx\/index.php\/2019\/07\/01\/verano-sera-buena-temporada-de-turismo-espanol-en-caribe-mexicano-consul-honorario-de-espana\/\"},\"wordCount\":402,\"commentCount\":0,\"publisher\":{\"@id\":\"https:\/\/nitu.mx\/#\/schema\/person\/ae7a53426417292d3dd07b45a33e01bc\"},\"image\":{\"@id\":\"https:\/\/nitu.mx\/index.php\/2019\/07\/01\/verano-sera-buena-temporada-de-turismo-espanol-en-caribe-mexicano-consul-honorario-de-espana\/#primaryimage\"},\"thumbnailUrl\":\"https:\/\/nitu.mx\/wp-content\/uploads\/2018\/08\/Cancun-Tulum.jpg\",\"keywords\":[\"Airbus\",\"aviones\",\"Canc\u00fan\",\"Caribe mexicano\",\"c\u00f3nsul honorario de Espa\u00f1a en Canc\u00fan\",\"Francisco Javier Mara\u00f1\u00f3n Ca\u00f1adas\",\"Madrid\",\"Quintana Roo\",\"rutas\",\"tarifas de hospedaje\",\"temporada vacacional de verano\",\"turismo espa\u00f1ol\",\"Wamos\"],\"articleSection\":[\"Aerol\u00edneas\",\"Destinos\"],\"inLanguage\":\"es-MX\",\"potentialAction\":[{\"@type\":\"CommentAction\",\"name\":\"Comment\",\"target\":[\"https:\/\/nitu.mx\/index.php\/2019\/07\/01\/verano-sera-buena-temporada-de-turismo-espanol-en-caribe-mexicano-consul-honorario-de-espana\/#respond\"]}]},{\"@type\":\"WebPage\",\"@id\":\"https:\/\/nitu.mx\/index.php\/2019\/07\/01\/verano-sera-buena-temporada-de-turismo-espanol-en-caribe-mexicano-consul-honorario-de-espana\/\",\"url\":\"https:\/\/nitu.mx\/index.php\/2019\/07\/01\/verano-sera-buena-temporada-de-turismo-espanol-en-caribe-mexicano-consul-honorario-de-espana\/\",\"name\":\"Verano ser\u00e1 buena temporada de turismo espa\u00f1ol en Caribe Mexicano: C\u00f3nsul honorario de Espa\u00f1a - Nitu - Noticias de la Industria Turistica\",\"isPartOf\":{\"@id\":\"https:\/\/nitu.mx\/#website\"},\"primaryImageOfPage\":{\"@id\":\"https:\/\/nitu.mx\/index.php\/2019\/07\/01\/verano-sera-buena-temporada-de-turismo-espanol-en-caribe-mexicano-consul-honorario-de-espana\/#primaryimage\"},\"image\":{\"@id\":\"https:\/\/nitu.mx\/index.php\/2019\/07\/01\/verano-sera-buena-temporada-de-turismo-espanol-en-caribe-mexicano-consul-honorario-de-espana\/#primaryimage\"},\"thumbnailUrl\":\"https:\/\/nitu.mx\/wp-content\/uploads\/2018\/08\/Cancun-Tulum.jpg\",\"datePublished\":\"2019-07-01T05:27:10+00:00\",\"dateModified\":\"2019-07-01T05:28:37+00:00\",\"breadcrumb\":{\"@id\":\"https:\/\/nitu.mx\/index.php\/2019\/07\/01\/verano-sera-buena-temporada-de-turismo-espanol-en-caribe-mexicano-consul-honorario-de-espana\/#breadcrumb\"},\"inLanguage\":\"es-MX\",\"potentialAction\":[{\"@type\":\"ReadAction\",\"target\":[\"https:\/\/nitu.mx\/index.php\/2019\/07\/01\/verano-sera-buena-temporada-de-turismo-espanol-en-caribe-mexicano-consul-honorario-de-espana\/\"]}]},{\"@type\":\"ImageObject\",\"inLanguage\":\"es-MX\",\"@id\":\"https:\/\/nitu.mx\/index.php\/2019\/07\/01\/verano-sera-buena-temporada-de-turismo-espanol-en-caribe-mexicano-consul-honorario-de-espana\/#primaryimage\",\"url\":\"https:\/\/nitu.mx\/wp-content\/uploads\/2018\/08\/Cancun-Tulum.jpg\",\"contentUrl\":\"https:\/\/nitu.mx\/wp-content\/uploads\/2018\/08\/Cancun-Tulum.jpg\",\"width\":850,\"height\":480,\"caption\":\"Cancun Tulum CPTM Quintana Roo\"},{\"@type\":\"BreadcrumbList\",\"@id\":\"https:\/\/nitu.mx\/index.php\/2019\/07\/01\/verano-sera-buena-temporada-de-turismo-espanol-en-caribe-mexicano-consul-honorario-de-espana\/#breadcrumb\",\"itemListElement\":[{\"@type\":\"ListItem\",\"position\":1,\"name\":\"Inicio\",\"item\":\"https:\/\/nitu.mx\/\"},{\"@type\":\"ListItem\",\"position\":2,\"name\":\"Verano ser\u00e1 buena temporada de turismo espa\u00f1ol en Caribe Mexicano: C\u00f3nsul honorario de Espa\u00f1a\"}]},{\"@type\":\"WebSite\",\"@id\":\"https:\/\/nitu.mx\/#website\",\"url\":\"https:\/\/nitu.mx\/\",\"name\":\"Nitu - Noticias de la Industria Turistica\",\"description\":\"Noticias de la Industria Turistica\",\"publisher\":{\"@id\":\"https:\/\/nitu.mx\/#\/schema\/person\/ae7a53426417292d3dd07b45a33e01bc\"},\"alternateName\":\"Noticias de la Industria Turistica\",\"potentialAction\":[{\"@type\":\"SearchAction\",\"target\":{\"@type\":\"EntryPoint\",\"urlTemplate\":\"https:\/\/nitu.mx\/?s={search_term_string}\"},\"query-input\":\"required name=search_term_string\"}],\"inLanguage\":\"es-MX\"},{\"@type\":[\"Person\",\"Organization\"],\"@id\":\"https:\/\/nitu.mx\/#\/schema\/person\/ae7a53426417292d3dd07b45a33e01bc\",\"name\":\"Arturo Medina\",\"image\":{\"@type\":\"ImageObject\",\"inLanguage\":\"es-MX\",\"@id\":\"https:\/\/nitu.mx\/#\/schema\/person\/image\/\",\"url\":\"https:\/\/nitu.mx\/wp-content\/uploads\/2024\/04\/4A315622-1904-4D5C-B022-878CDC840E04-90x90-1.jpeg\",\"contentUrl\":\"https:\/\/nitu.mx\/wp-content\/uploads\/2024\/04\/4A315622-1904-4D5C-B022-878CDC840E04-90x90-1.jpeg\",\"width\":90,\"height\":90,\"caption\":\"Arturo Medina\"},\"logo\":{\"@id\":\"https:\/\/nitu.mx\/#\/schema\/person\/image\/\"},\"description\":\"Director NITU.mx, Egresado de la Escuela de Periodismo Carlos Septi\u00e9n Garc\u00eda. Periodista y analista especializado en turismo desde hace 35 a\u00f1os, radicado en Canc\u00fan Q.Roo. arturo@nitu.mx\",\"sameAs\":[\"https:\/\/nitu.mx\",\"https:\/\/www.facebook.com\/NITUmx\/\",\"medinacancun\",\"https:\/\/twitter.com\/@Arturo_Medina_G\"]},{\"@type\":\"Person\",\"@id\":\"https:\/\/nitu.mx\/#\/schema\/person\/2ecd887b19dfd3382d1f14fc5acf24a8\",\"name\":\"Alejandra Moncisbays\",\"image\":{\"@type\":\"ImageObject\",\"inLanguage\":\"es-MX\",\"@id\":\"https:\/\/nitu.mx\/#\/schema\/person\/image\/\",\"url\":\"https:\/\/secure.gravatar.com\/avatar\/e74f7af0be172b7804dacfd0bfbef787?s=96&d=mm&r=g\",\"contentUrl\":\"https:\/\/secure.gravatar.com\/avatar\/e74f7af0be172b7804dacfd0bfbef787?s=96&d=mm&r=g\",\"caption\":\"Alejandra Moncisbays\"},\"description\":\"Curs\u00e9 la carrera de Periodismo y Comunicaci\u00f3n en la Facultad de Estudios Profesionales Acatl\u00e1n. Vivo en Canc\u00fan desde hace 24 a\u00f1os. Fui reportera de La Tarde de Canc\u00fan, y Novedades de Quintana Roo, colabor\u00e9 en TVCUN, edit\u00e9 Cancun\u00edssimo y colabor\u00e9 en las revistas Latitud21, entre otras, con principal enfoque en los sectores empresarial y tur\u00edstico. Desde hace varios a\u00f1os soy Agente de Seguros con c\u00e9dula de la Comisi\u00f3n Nacional de Seguros y Fianzas. Actualmente, me desarrollo en los \u00e1mbitos del periodismo y el sector asegurador.\",\"sameAs\":[\"https:\/\/nitu.mx\"],\"url\":\"https:\/\/nitu.mx\/index.php\/author\/alejandra\/\"}]}<\/script>\n<!-- \/ Yoast SEO plugin. -->","yoast_head_json":{"title":"Verano ser\u00e1 buena temporada de turismo espa\u00f1ol en Caribe Mexicano: C\u00f3nsul honorario de Espa\u00f1a - Nitu - Noticias de la Industria Turistica","robots":{"index":"index","follow":"follow","max-snippet":"max-snippet:-1","max-image-preview":"max-image-preview:large","max-video-preview":"max-video-preview:-1"},"canonical":"https:\/\/nitu.mx\/index.php\/2019\/07\/01\/verano-sera-buena-temporada-de-turismo-espanol-en-caribe-mexicano-consul-honorario-de-espana\/","twitter_card":"summary_large_image","twitter_title":"Verano ser\u00e1 buena temporada de turismo espa\u00f1ol en Caribe Mexicano: C\u00f3nsul honorario de Espa\u00f1a - Nitu - Noticias de la Industria Turistica","twitter_description":"El turismo espa\u00f1ol vendr\u00e1 al Caribe Mexicano, aunque a costa de sacrificar tarifas de hospedaje que se han reducido entre un 15 y 20 por ciento para esta temporada. Francisco Javier Mara\u00f1\u00f3n Ca\u00f1adas, c\u00f3nsul honorario de Espa\u00f1a en Canc\u00fan, con jurisdicci\u00f3n en el estado de Quintana Roo afirm\u00f3 que julio y en general la temporada [&hellip;]","twitter_image":"https:\/\/nitu.mx\/wp-content\/uploads\/2018\/08\/Cancun-Tulum.jpg","twitter_creator":"@NITUmx","twitter_site":"@Arturo_Medina_G","twitter_misc":{"Escrito por":"Alejandra Moncisbays","Tiempo de lectura":"2 minutos"},"schema":{"@context":"https:\/\/schema.org","@graph":[{"@type":"Article","@id":"https:\/\/nitu.mx\/index.php\/2019\/07\/01\/verano-sera-buena-temporada-de-turismo-espanol-en-caribe-mexicano-consul-honorario-de-espana\/#article","isPartOf":{"@id":"https:\/\/nitu.mx\/index.php\/2019\/07\/01\/verano-sera-buena-temporada-de-turismo-espanol-en-caribe-mexicano-consul-honorario-de-espana\/"},"author":{"name":"Alejandra Moncisbays","@id":"https:\/\/nitu.mx\/#\/schema\/person\/2ecd887b19dfd3382d1f14fc5acf24a8"},"headline":"Verano ser\u00e1 buena temporada de turismo espa\u00f1ol en Caribe Mexicano: C\u00f3nsul honorario de Espa\u00f1a","datePublished":"2019-07-01T05:27:10+00:00","dateModified":"2019-07-01T05:28:37+00:00","mainEntityOfPage":{"@id":"https:\/\/nitu.mx\/index.php\/2019\/07\/01\/verano-sera-buena-temporada-de-turismo-espanol-en-caribe-mexicano-consul-honorario-de-espana\/"},"wordCount":402,"commentCount":0,"publisher":{"@id":"https:\/\/nitu.mx\/#\/schema\/person\/ae7a53426417292d3dd07b45a33e01bc"},"image":{"@id":"https:\/\/nitu.mx\/index.php\/2019\/07\/01\/verano-sera-buena-temporada-de-turismo-espanol-en-caribe-mexicano-consul-honorario-de-espana\/#primaryimage"},"thumbnailUrl":"https:\/\/nitu.mx\/wp-content\/uploads\/2018\/08\/Cancun-Tulum.jpg","keywords":["Airbus","aviones","Canc\u00fan","Caribe mexicano","c\u00f3nsul honorario de Espa\u00f1a en Canc\u00fan","Francisco Javier Mara\u00f1\u00f3n Ca\u00f1adas","Madrid","Quintana Roo","rutas","tarifas de hospedaje","temporada vacacional de verano","turismo espa\u00f1ol","Wamos"],"articleSection":["Aerol\u00edneas","Destinos"],"inLanguage":"es-MX","potentialAction":[{"@type":"CommentAction","name":"Comment","target":["https:\/\/nitu.mx\/index.php\/2019\/07\/01\/verano-sera-buena-temporada-de-turismo-espanol-en-caribe-mexicano-consul-honorario-de-espana\/#respond"]}]},{"@type":"WebPage","@id":"https:\/\/nitu.mx\/index.php\/2019\/07\/01\/verano-sera-buena-temporada-de-turismo-espanol-en-caribe-mexicano-consul-honorario-de-espana\/","url":"https:\/\/nitu.mx\/index.php\/2019\/07\/01\/verano-sera-buena-temporada-de-turismo-espanol-en-caribe-mexicano-consul-honorario-de-espana\/","name":"Verano ser\u00e1 buena temporada de turismo espa\u00f1ol en Caribe Mexicano: C\u00f3nsul honorario de Espa\u00f1a - Nitu - Noticias de la Industria Turistica","isPartOf":{"@id":"https:\/\/nitu.mx\/#website"},"primaryImageOfPage":{"@id":"https:\/\/nitu.mx\/index.php\/2019\/07\/01\/verano-sera-buena-temporada-de-turismo-espanol-en-caribe-mexicano-consul-honorario-de-espana\/#primaryimage"},"image":{"@id":"https:\/\/nitu.mx\/index.php\/2019\/07\/01\/verano-sera-buena-temporada-de-turismo-espanol-en-caribe-mexicano-consul-honorario-de-espana\/#primaryimage"},"thumbnailUrl":"https:\/\/nitu.mx\/wp-content\/uploads\/2018\/08\/Cancun-Tulum.jpg","datePublished":"2019-07-01T05:27:10+00:00","dateModified":"2019-07-01T05:28:37+00:00","breadcrumb":{"@id":"https:\/\/nitu.mx\/index.php\/2019\/07\/01\/verano-sera-buena-temporada-de-turismo-espanol-en-caribe-mexicano-consul-honorario-de-espana\/#breadcrumb"},"inLanguage":"es-MX","potentialAction":[{"@type":"ReadAction","target":["https:\/\/nitu.mx\/index.php\/2019\/07\/01\/verano-sera-buena-temporada-de-turismo-espanol-en-caribe-mexicano-consul-honorario-de-espana\/"]}]},{"@type":"ImageObject","inLanguage":"es-MX","@id":"https:\/\/nitu.mx\/index.php\/2019\/07\/01\/verano-sera-buena-temporada-de-turismo-espanol-en-caribe-mexicano-consul-honorario-de-espana\/#primaryimage","url":"https:\/\/nitu.mx\/wp-content\/uploads\/2018\/08\/Cancun-Tulum.jpg","contentUrl":"https:\/\/nitu.mx\/wp-content\/uploads\/2018\/08\/Cancun-Tulum.jpg","width":850,"height":480,"caption":"Cancun Tulum CPTM Quintana Roo"},{"@type":"BreadcrumbList","@id":"https:\/\/nitu.mx\/index.php\/2019\/07\/01\/verano-sera-buena-temporada-de-turismo-espanol-en-caribe-mexicano-consul-honorario-de-espana\/#breadcrumb","itemListElement":[{"@type":"ListItem","position":1,"name":"Inicio","item":"https:\/\/nitu.mx\/"},{"@type":"ListItem","position":2,"name":"Verano ser\u00e1 buena temporada de turismo espa\u00f1ol en Caribe Mexicano: C\u00f3nsul honorario de Espa\u00f1a"}]},{"@type":"WebSite","@id":"https:\/\/nitu.mx\/#website","url":"https:\/\/nitu.mx\/","name":"Nitu - Noticias de la Industria Turistica","description":"Noticias de la Industria Turistica","publisher":{"@id":"https:\/\/nitu.mx\/#\/schema\/person\/ae7a53426417292d3dd07b45a33e01bc"},"alternateName":"Noticias de la Industria Turistica","potentialAction":[{"@type":"SearchAction","target":{"@type":"EntryPoint","urlTemplate":"https:\/\/nitu.mx\/?s={search_term_string}"},"query-input":"required name=search_term_string"}],"inLanguage":"es-MX"},{"@type":["Person","Organization"],"@id":"https:\/\/nitu.mx\/#\/schema\/person\/ae7a53426417292d3dd07b45a33e01bc","name":"Arturo Medina","image":{"@type":"ImageObject","inLanguage":"es-MX","@id":"https:\/\/nitu.mx\/#\/schema\/person\/image\/","url":"https:\/\/nitu.mx\/wp-content\/uploads\/2024\/04\/4A315622-1904-4D5C-B022-878CDC840E04-90x90-1.jpeg","contentUrl":"https:\/\/nitu.mx\/wp-content\/uploads\/2024\/04\/4A315622-1904-4D5C-B022-878CDC840E04-90x90-1.jpeg","width":90,"height":90,"caption":"Arturo Medina"},"logo":{"@id":"https:\/\/nitu.mx\/#\/schema\/person\/image\/"},"description":"Director NITU.mx, Egresado de la Escuela de Periodismo Carlos Septi\u00e9n Garc\u00eda. Periodista y analista especializado en turismo desde hace 35 a\u00f1os, radicado en Canc\u00fan Q.Roo. arturo@nitu.mx","sameAs":["https:\/\/nitu.mx","https:\/\/www.facebook.com\/NITUmx\/","medinacancun","https:\/\/twitter.com\/@Arturo_Medina_G"]},{"@type":"Person","@id":"https:\/\/nitu.mx\/#\/schema\/person\/2ecd887b19dfd3382d1f14fc5acf24a8","name":"Alejandra Moncisbays","image":{"@type":"ImageObject","inLanguage":"es-MX","@id":"https:\/\/nitu.mx\/#\/schema\/person\/image\/","url":"https:\/\/secure.gravatar.com\/avatar\/e74f7af0be172b7804dacfd0bfbef787?s=96&d=mm&r=g","contentUrl":"https:\/\/secure.gravatar.com\/avatar\/e74f7af0be172b7804dacfd0bfbef787?s=96&d=mm&r=g","caption":"Alejandra Moncisbays"},"description":"Curs\u00e9 la carrera de Periodismo y Comunicaci\u00f3n en la Facultad de Estudios Profesionales Acatl\u00e1n. Vivo en Canc\u00fan desde hace 24 a\u00f1os. Fui reportera de La Tarde de Canc\u00fan, y Novedades de Quintana Roo, colabor\u00e9 en TVCUN, edit\u00e9 Cancun\u00edssimo y colabor\u00e9 en las revistas Latitud21, entre otras, con principal enfoque en los sectores empresarial y tur\u00edstico. Desde hace varios a\u00f1os soy Agente de Seguros con c\u00e9dula de la Comisi\u00f3n Nacional de Seguros y Fianzas. Actualmente, me desarrollo en los \u00e1mbitos del periodismo y el sector asegurador.","sameAs":["https:\/\/nitu.mx"],"url":"https:\/\/nitu.mx\/index.php\/author\/alejandra\/"}]}},"views":325,"_links":{"self":[{"href":"https:\/\/nitu.mx\/index.php\/wp-json\/wp\/v2\/posts\/33143"}],"collection":[{"href":"https:\/\/nitu.mx\/index.php\/wp-json\/wp\/v2\/posts"}],"about":[{"href":"https:\/\/nitu.mx\/index.php\/wp-json\/wp\/v2\/types\/post"}],"author":[{"embeddable":true,"href":"https:\/\/nitu.mx\/index.php\/wp-json\/wp\/v2\/users\/3"}],"replies":[{"embeddable":true,"href":"https:\/\/nitu.mx\/index.php\/wp-json\/wp\/v2\/comments?post=33143"}],"version-history":[{"count":3,"href":"https:\/\/nitu.mx\/index.php\/wp-json\/wp\/v2\/posts\/33143\/revisions"}],"predecessor-version":[{"id":33157,"href":"https:\/\/nitu.mx\/index.php\/wp-json\/wp\/v2\/posts\/33143\/revisions\/33157"}],"wp:featuredmedia":[{"embeddable":true,"href":"https:\/\/nitu.mx\/index.php\/wp-json\/wp\/v2\/media\/23781"}],"wp:attachment":[{"href":"https:\/\/nitu.mx\/index.php\/wp-json\/wp\/v2\/media?parent=33143"}],"wp:term":[{"taxonomy":"category","embeddable":true,"href":"https:\/\/nitu.mx\/index.php\/wp-json\/wp\/v2\/categories?post=33143"},{"taxonomy":"post_tag","embeddable":true,"href":"https:\/\/nitu.mx\/index.php\/wp-json\/wp\/v2\/tags?post=33143"}],"curies":[{"name":"wp","href":"https:\/\/api.w.org\/{rel}","templated":true}]}}