{"id":33095,"date":"2019-06-27T23:35:04","date_gmt":"2019-06-28T04:35:04","guid":{"rendered":"https:\/\/www.dev.nitu.mx\/?p=33095"},"modified":"2019-06-27T23:53:59","modified_gmt":"2019-06-28T04:53:59","slug":"recale-de-sargazo-se-anadira-como-problema-regional-en-la-convencion-de-cartagena","status":"publish","type":"post","link":"https:\/\/nitu.mx\/index.php\/2019\/06\/27\/recale-de-sargazo-se-anadira-como-problema-regional-en-la-convencion-de-cartagena\/","title":{"rendered":"Recale de sargazo se a\u00f1adir\u00e1 como problema regional en la Convenci\u00f3n de Cartagena"},"content":{"rendered":"<p>Inici\u00f3 ayer El Encuentro de Alto Nivel para la Atenci\u00f3n del Sargazo en el Gran Caribe, cumbre en la que se busca la suma de voluntades para enfrentar este fen\u00f3meno natural, as\u00ed como entender m\u00e1s su movilidad.<\/p>\n<p>El gobierno federal tuvo un representante de la Marina, Enrique Flores Morado; tambi\u00e9n particip\u00f3 el senador Eduardo Murat Hinojosa, presidente de la Comisi\u00f3n de Medio ambiente y cambio clim\u00e1tico, June Christine Marie Soomer, secretaria general de la Asociaci\u00f3n de Estados del Caribe, as\u00ed como representantes del Banco Interamericano de Desarrollo.<\/p>\n<p>Son 19 naciones las que son afectadas por esta problem\u00e1tica, sin embargo, al evento se confirm\u00f3 la presencia de autoridades de 12 pa\u00edses: Honduras, Nicaragua, Rep. Dominicana, Jamaica, Trinidad y Tobago, Hait\u00ed, Cuba, Panam\u00e1, Isla Guadalupe (territorio franc\u00e9s), Belice, Guyana y Guatemala, pero tambi\u00e9n representantes de diferentes organizaciones y universidades de otros pa\u00edses m\u00e1s, incluyendo a Estados Unidos, adem\u00e1s de diferentes instancias financieras.<\/p>\n<p>\u201cLas especies invasoras como el sargazo no conocen fronteras y hemos visto un gran impacto econ\u00f3mico, social y cultural, pero no nos hemos sentado para permitir que se establezcan pol\u00edticas en los pa\u00edses, hemos trabajado con cient\u00edficos, con cualquiera que nos ayude a resolver este problema\u201d, resalt\u00f3 June Christine Marie Soomer.<\/p>\n<p>El sargazo, dijo, afecta no s\u00f3lo las costas o a los propietarios de centros de hospedaje, sino a todas las personas que se ganan la vida del mar, incluidos los pescadores y las mujeres que toman esos pescados y lo venden, para beneficio de las familias, es decir, se trata de la humanidad. (<a title=\"Hoy inicia en Canc\u00fan el Encuentro de Alto Nivel para la Atenci\u00f3n del Sargazo\" href=\"https:\/\/www.dev.nitu.mx\/index.php\/2019\/06\/27\/hoy-inicia-en-cancun-el-encuentro-de-alto-nivel-para-la-atencion-del-sargazo\/\" rel=\"bookmark\">Hoy inicia en Canc\u00fan el Encuentro de Alto Nivel para la Atenci\u00f3n del Sargazo<\/a>).<\/p>\n<p>Asimismo se anunci\u00f3 que La Convenci\u00f3n de Cartagena, firmada por los pa\u00edses del Caribe para combatir especies invasoras y derrames petroleros, ser\u00e1 enmendada para incluir al sargazo como problema regional, proceso que todav\u00eda no tiene plazo, pero que posiblemente quede en la asamblea de octubre.<\/p>\n<p>Entrevistada durante el Encuentro de Alto Nivel para la Atenci\u00f3n del Sargazo en el Gran Caribe, la dignatario de Santa Luc\u00eda opin\u00f3 que los gobiernos s\u00ed han trabajado para combatir esta nueva amenaza, pero no siempre se cuentan con los recursos requeridos para una atenci\u00f3n efectiva.<\/p>\n<p>Indic\u00f3 que al ser un reto nuevo, se carece de un marco legal para colaboraci\u00f3n regional y, de hecho, ni siquiera se tiene un diagn\u00f3stico de los da\u00f1os que genera en la pesca, medio ambiente y turismo, lo que espera sea resuelto en esta reuni\u00f3n.<\/p>\n<p>En otro tema, coment\u00f3 que los principales desaf\u00edos para el Caribe, en materia tur\u00edstica son la falta de turismo interno, entre estas naciones y baja conectividad a\u00e9rea.<\/p>\n<p>Por ejemplo, ella debi\u00f3 salir de su hogar a las 2 de la madrugada para llegar a las 4 de la tarde, tiempo en el que incluso pudo haber llegado a Europa. (Agencia SIM y Noticaribe).<\/p>\n","protected":false},"excerpt":{"rendered":"<p>Inici\u00f3 ayer El Encuentro de Alto Nivel para la Atenci\u00f3n del Sargazo en el Gran Caribe, cumbre en la que se busca la suma de voluntades para enfrentar este fen\u00f3meno natural, as\u00ed como entender m\u00e1s su movilidad. El gobierno federal tuvo un representante de la Marina, Enrique Flores Morado; tambi\u00e9n particip\u00f3 el senador Eduardo Murat [&hellip;]<\/p>\n","protected":false},"author":17,"featured_media":33113,"comment_status":"open","ping_status":"open","sticky":false,"template":"","format":"standard","meta":{"footnotes":""},"categories":[5,6],"tags":[7144,16303,16300,16299,16302,16301,1103,16304,4958,16305],"yoast_head":"<!-- This site is optimized with the Yoast SEO plugin v22.2 - https:\/\/yoast.com\/wordpress\/plugins\/seo\/ -->\n<title>Recale de sargazo se a\u00f1adir\u00e1 como problema regional en la Convenci\u00f3n de Cartagena - Nitu - Noticias de la Industria Turistica<\/title>\n<meta name=\"description\" content=\"Inici\u00f3 El Encuentro de Alto Nivel para la Atenci\u00f3n del Sargazo en el Gran Caribe, cumbre en la que se buscan soluciones a este fen\u00f3meno.\" \/>\n<meta name=\"robots\" content=\"index, follow, max-snippet:-1, max-image-preview:large, max-video-preview:-1\" \/>\n<link rel=\"canonical\" href=\"https:\/\/nitu.mx\/index.php\/2019\/06\/27\/recale-de-sargazo-se-anadira-como-problema-regional-en-la-convencion-de-cartagena\/\" \/>\n<meta name=\"twitter:card\" content=\"summary_large_image\" \/>\n<meta name=\"twitter:title\" content=\"Recale de sargazo se a\u00f1adir\u00e1 como problema regional en la Convenci\u00f3n de Cartagena - Nitu - Noticias de la Industria Turistica\" \/>\n<meta name=\"twitter:description\" content=\"Inici\u00f3 El Encuentro de Alto Nivel para la Atenci\u00f3n del Sargazo en el Gran Caribe, cumbre en la que se buscan soluciones a este fen\u00f3meno.\" \/>\n<meta name=\"twitter:image\" content=\"https:\/\/nitu.mx\/wp-content\/uploads\/2019\/06\/Encuentro-de-sargazo.jpg\" \/>\n<meta name=\"twitter:creator\" content=\"@NITUmx\" \/>\n<meta name=\"twitter:site\" content=\"@Arturo_Medina_G\" \/>\n<meta name=\"twitter:label1\" content=\"Escrito por\" \/>\n\t<meta name=\"twitter:data1\" content=\"Redacci\u00f3n\" \/>\n\t<meta name=\"twitter:label2\" content=\"Tiempo de lectura\" \/>\n\t<meta name=\"twitter:data2\" content=\"2 minutos\" \/>\n<script type=\"application\/ld+json\" class=\"yoast-schema-graph\">{\"@context\":\"https:\/\/schema.org\",\"@graph\":[{\"@type\":\"Article\",\"@id\":\"https:\/\/nitu.mx\/index.php\/2019\/06\/27\/recale-de-sargazo-se-anadira-como-problema-regional-en-la-convencion-de-cartagena\/#article\",\"isPartOf\":{\"@id\":\"https:\/\/nitu.mx\/index.php\/2019\/06\/27\/recale-de-sargazo-se-anadira-como-problema-regional-en-la-convencion-de-cartagena\/\"},\"author\":{\"name\":\"Redacci\u00f3n\",\"@id\":\"https:\/\/nitu.mx\/#\/schema\/person\/4a28fe9bd65924f7c90623773daf1b0b\"},\"headline\":\"Recale de sargazo se a\u00f1adir\u00e1 como problema regional en la Convenci\u00f3n de Cartagena\",\"datePublished\":\"2019-06-28T04:35:04+00:00\",\"dateModified\":\"2019-06-28T04:53:59+00:00\",\"mainEntityOfPage\":{\"@id\":\"https:\/\/nitu.mx\/index.php\/2019\/06\/27\/recale-de-sargazo-se-anadira-como-problema-regional-en-la-convencion-de-cartagena\/\"},\"wordCount\":512,\"commentCount\":0,\"publisher\":{\"@id\":\"https:\/\/nitu.mx\/#\/schema\/person\/ae7a53426417292d3dd07b45a33e01bc\"},\"image\":{\"@id\":\"https:\/\/nitu.mx\/index.php\/2019\/06\/27\/recale-de-sargazo-se-anadira-como-problema-regional-en-la-convencion-de-cartagena\/#primaryimage\"},\"thumbnailUrl\":\"https:\/\/nitu.mx\/wp-content\/uploads\/2019\/06\/Encuentro-de-sargazo.jpg\",\"keywords\":[\"Banco Interamericano de Desarrollo\",\"Comisi\u00f3n de Medio ambiente y cambio clim\u00e1tico\",\"cumbre\",\"El Encuentro de Alto Nivel para la Atenci\u00f3n del Sargazo en el Gran Caribe\",\"Enrique Flores Morado; el senador Eduardo Murat Hinojosa\",\"fen\u00f3meno natural\",\"gobierno federal\",\"June Christine Marie Soomer\",\"Marina\",\"secretaria general de la Asociaci\u00f3n de Estados del Caribe\"],\"articleSection\":[\"Destinos\",\"M\u00e9xico\"],\"inLanguage\":\"es-MX\",\"potentialAction\":[{\"@type\":\"CommentAction\",\"name\":\"Comment\",\"target\":[\"https:\/\/nitu.mx\/index.php\/2019\/06\/27\/recale-de-sargazo-se-anadira-como-problema-regional-en-la-convencion-de-cartagena\/#respond\"]}]},{\"@type\":\"WebPage\",\"@id\":\"https:\/\/nitu.mx\/index.php\/2019\/06\/27\/recale-de-sargazo-se-anadira-como-problema-regional-en-la-convencion-de-cartagena\/\",\"url\":\"https:\/\/nitu.mx\/index.php\/2019\/06\/27\/recale-de-sargazo-se-anadira-como-problema-regional-en-la-convencion-de-cartagena\/\",\"name\":\"Recale de sargazo se a\u00f1adir\u00e1 como problema regional en la Convenci\u00f3n de Cartagena - Nitu - Noticias de la Industria Turistica\",\"isPartOf\":{\"@id\":\"https:\/\/nitu.mx\/#website\"},\"primaryImageOfPage\":{\"@id\":\"https:\/\/nitu.mx\/index.php\/2019\/06\/27\/recale-de-sargazo-se-anadira-como-problema-regional-en-la-convencion-de-cartagena\/#primaryimage\"},\"image\":{\"@id\":\"https:\/\/nitu.mx\/index.php\/2019\/06\/27\/recale-de-sargazo-se-anadira-como-problema-regional-en-la-convencion-de-cartagena\/#primaryimage\"},\"thumbnailUrl\":\"https:\/\/nitu.mx\/wp-content\/uploads\/2019\/06\/Encuentro-de-sargazo.jpg\",\"datePublished\":\"2019-06-28T04:35:04+00:00\",\"dateModified\":\"2019-06-28T04:53:59+00:00\",\"description\":\"Inici\u00f3 El Encuentro de Alto Nivel para la Atenci\u00f3n del Sargazo en el Gran Caribe, cumbre en la que se buscan soluciones a este fen\u00f3meno.\",\"breadcrumb\":{\"@id\":\"https:\/\/nitu.mx\/index.php\/2019\/06\/27\/recale-de-sargazo-se-anadira-como-problema-regional-en-la-convencion-de-cartagena\/#breadcrumb\"},\"inLanguage\":\"es-MX\",\"potentialAction\":[{\"@type\":\"ReadAction\",\"target\":[\"https:\/\/nitu.mx\/index.php\/2019\/06\/27\/recale-de-sargazo-se-anadira-como-problema-regional-en-la-convencion-de-cartagena\/\"]}]},{\"@type\":\"ImageObject\",\"inLanguage\":\"es-MX\",\"@id\":\"https:\/\/nitu.mx\/index.php\/2019\/06\/27\/recale-de-sargazo-se-anadira-como-problema-regional-en-la-convencion-de-cartagena\/#primaryimage\",\"url\":\"https:\/\/nitu.mx\/wp-content\/uploads\/2019\/06\/Encuentro-de-sargazo.jpg\",\"contentUrl\":\"https:\/\/nitu.mx\/wp-content\/uploads\/2019\/06\/Encuentro-de-sargazo.jpg\",\"width\":850,\"height\":480,\"caption\":\"Encuentro de sargazo\"},{\"@type\":\"BreadcrumbList\",\"@id\":\"https:\/\/nitu.mx\/index.php\/2019\/06\/27\/recale-de-sargazo-se-anadira-como-problema-regional-en-la-convencion-de-cartagena\/#breadcrumb\",\"itemListElement\":[{\"@type\":\"ListItem\",\"position\":1,\"name\":\"Inicio\",\"item\":\"https:\/\/nitu.mx\/\"},{\"@type\":\"ListItem\",\"position\":2,\"name\":\"Recale de sargazo se a\u00f1adir\u00e1 como problema regional en la Convenci\u00f3n de Cartagena\"}]},{\"@type\":\"WebSite\",\"@id\":\"https:\/\/nitu.mx\/#website\",\"url\":\"https:\/\/nitu.mx\/\",\"name\":\"Nitu - Noticias de la Industria Turistica\",\"description\":\"Noticias de la Industria Turistica\",\"publisher\":{\"@id\":\"https:\/\/nitu.mx\/#\/schema\/person\/ae7a53426417292d3dd07b45a33e01bc\"},\"alternateName\":\"Noticias de la Industria Turistica\",\"potentialAction\":[{\"@type\":\"SearchAction\",\"target\":{\"@type\":\"EntryPoint\",\"urlTemplate\":\"https:\/\/nitu.mx\/?s={search_term_string}\"},\"query-input\":\"required name=search_term_string\"}],\"inLanguage\":\"es-MX\"},{\"@type\":[\"Person\",\"Organization\"],\"@id\":\"https:\/\/nitu.mx\/#\/schema\/person\/ae7a53426417292d3dd07b45a33e01bc\",\"name\":\"Arturo Medina\",\"image\":{\"@type\":\"ImageObject\",\"inLanguage\":\"es-MX\",\"@id\":\"https:\/\/nitu.mx\/#\/schema\/person\/image\/\",\"url\":\"https:\/\/nitu.mx\/wp-content\/uploads\/2024\/04\/4A315622-1904-4D5C-B022-878CDC840E04-90x90-1.jpeg\",\"contentUrl\":\"https:\/\/nitu.mx\/wp-content\/uploads\/2024\/04\/4A315622-1904-4D5C-B022-878CDC840E04-90x90-1.jpeg\",\"width\":90,\"height\":90,\"caption\":\"Arturo Medina\"},\"logo\":{\"@id\":\"https:\/\/nitu.mx\/#\/schema\/person\/image\/\"},\"description\":\"Director NITU.mx, Egresado de la Escuela de Periodismo Carlos Septi\u00e9n Garc\u00eda. Periodista y analista especializado en turismo desde hace 35 a\u00f1os, radicado en Canc\u00fan Q.Roo. arturo@nitu.mx\",\"sameAs\":[\"https:\/\/nitu.mx\",\"https:\/\/www.facebook.com\/NITUmx\/\",\"medinacancun\",\"https:\/\/twitter.com\/@Arturo_Medina_G\"]},{\"@type\":\"Person\",\"@id\":\"https:\/\/nitu.mx\/#\/schema\/person\/4a28fe9bd65924f7c90623773daf1b0b\",\"name\":\"Redacci\u00f3n\",\"image\":{\"@type\":\"ImageObject\",\"inLanguage\":\"es-MX\",\"@id\":\"https:\/\/nitu.mx\/#\/schema\/person\/image\/\",\"url\":\"https:\/\/secure.gravatar.com\/avatar\/5dd011c8ccfc5cd7e4c81e42252aab38?s=96&d=mm&r=g\",\"contentUrl\":\"https:\/\/secure.gravatar.com\/avatar\/5dd011c8ccfc5cd7e4c81e42252aab38?s=96&d=mm&r=g\",\"caption\":\"Redacci\u00f3n\"},\"url\":\"https:\/\/nitu.mx\/index.php\/author\/redaccion\/\"}]}<\/script>\n<!-- \/ Yoast SEO plugin. -->","yoast_head_json":{"title":"Recale de sargazo se a\u00f1adir\u00e1 como problema regional en la Convenci\u00f3n de Cartagena - Nitu - Noticias de la Industria Turistica","description":"Inici\u00f3 El Encuentro de Alto Nivel para la Atenci\u00f3n del Sargazo en el Gran Caribe, cumbre en la que se buscan soluciones a este fen\u00f3meno.","robots":{"index":"index","follow":"follow","max-snippet":"max-snippet:-1","max-image-preview":"max-image-preview:large","max-video-preview":"max-video-preview:-1"},"canonical":"https:\/\/nitu.mx\/index.php\/2019\/06\/27\/recale-de-sargazo-se-anadira-como-problema-regional-en-la-convencion-de-cartagena\/","twitter_card":"summary_large_image","twitter_title":"Recale de sargazo se a\u00f1adir\u00e1 como problema regional en la Convenci\u00f3n de Cartagena - Nitu - Noticias de la Industria Turistica","twitter_description":"Inici\u00f3 El Encuentro de Alto Nivel para la Atenci\u00f3n del Sargazo en el Gran Caribe, cumbre en la que se buscan soluciones a este fen\u00f3meno.","twitter_image":"https:\/\/nitu.mx\/wp-content\/uploads\/2019\/06\/Encuentro-de-sargazo.jpg","twitter_creator":"@NITUmx","twitter_site":"@Arturo_Medina_G","twitter_misc":{"Escrito por":"Redacci\u00f3n","Tiempo de lectura":"2 minutos"},"schema":{"@context":"https:\/\/schema.org","@graph":[{"@type":"Article","@id":"https:\/\/nitu.mx\/index.php\/2019\/06\/27\/recale-de-sargazo-se-anadira-como-problema-regional-en-la-convencion-de-cartagena\/#article","isPartOf":{"@id":"https:\/\/nitu.mx\/index.php\/2019\/06\/27\/recale-de-sargazo-se-anadira-como-problema-regional-en-la-convencion-de-cartagena\/"},"author":{"name":"Redacci\u00f3n","@id":"https:\/\/nitu.mx\/#\/schema\/person\/4a28fe9bd65924f7c90623773daf1b0b"},"headline":"Recale de sargazo se a\u00f1adir\u00e1 como problema regional en la Convenci\u00f3n de Cartagena","datePublished":"2019-06-28T04:35:04+00:00","dateModified":"2019-06-28T04:53:59+00:00","mainEntityOfPage":{"@id":"https:\/\/nitu.mx\/index.php\/2019\/06\/27\/recale-de-sargazo-se-anadira-como-problema-regional-en-la-convencion-de-cartagena\/"},"wordCount":512,"commentCount":0,"publisher":{"@id":"https:\/\/nitu.mx\/#\/schema\/person\/ae7a53426417292d3dd07b45a33e01bc"},"image":{"@id":"https:\/\/nitu.mx\/index.php\/2019\/06\/27\/recale-de-sargazo-se-anadira-como-problema-regional-en-la-convencion-de-cartagena\/#primaryimage"},"thumbnailUrl":"https:\/\/nitu.mx\/wp-content\/uploads\/2019\/06\/Encuentro-de-sargazo.jpg","keywords":["Banco Interamericano de Desarrollo","Comisi\u00f3n de Medio ambiente y cambio clim\u00e1tico","cumbre","El Encuentro de Alto Nivel para la Atenci\u00f3n del Sargazo en el Gran Caribe","Enrique Flores Morado; el senador Eduardo Murat Hinojosa","fen\u00f3meno natural","gobierno federal","June Christine Marie Soomer","Marina","secretaria general de la Asociaci\u00f3n de Estados del Caribe"],"articleSection":["Destinos","M\u00e9xico"],"inLanguage":"es-MX","potentialAction":[{"@type":"CommentAction","name":"Comment","target":["https:\/\/nitu.mx\/index.php\/2019\/06\/27\/recale-de-sargazo-se-anadira-como-problema-regional-en-la-convencion-de-cartagena\/#respond"]}]},{"@type":"WebPage","@id":"https:\/\/nitu.mx\/index.php\/2019\/06\/27\/recale-de-sargazo-se-anadira-como-problema-regional-en-la-convencion-de-cartagena\/","url":"https:\/\/nitu.mx\/index.php\/2019\/06\/27\/recale-de-sargazo-se-anadira-como-problema-regional-en-la-convencion-de-cartagena\/","name":"Recale de sargazo se a\u00f1adir\u00e1 como problema regional en la Convenci\u00f3n de Cartagena - Nitu - Noticias de la Industria Turistica","isPartOf":{"@id":"https:\/\/nitu.mx\/#website"},"primaryImageOfPage":{"@id":"https:\/\/nitu.mx\/index.php\/2019\/06\/27\/recale-de-sargazo-se-anadira-como-problema-regional-en-la-convencion-de-cartagena\/#primaryimage"},"image":{"@id":"https:\/\/nitu.mx\/index.php\/2019\/06\/27\/recale-de-sargazo-se-anadira-como-problema-regional-en-la-convencion-de-cartagena\/#primaryimage"},"thumbnailUrl":"https:\/\/nitu.mx\/wp-content\/uploads\/2019\/06\/Encuentro-de-sargazo.jpg","datePublished":"2019-06-28T04:35:04+00:00","dateModified":"2019-06-28T04:53:59+00:00","description":"Inici\u00f3 El Encuentro de Alto Nivel para la Atenci\u00f3n del Sargazo en el Gran Caribe, cumbre en la que se buscan soluciones a este fen\u00f3meno.","breadcrumb":{"@id":"https:\/\/nitu.mx\/index.php\/2019\/06\/27\/recale-de-sargazo-se-anadira-como-problema-regional-en-la-convencion-de-cartagena\/#breadcrumb"},"inLanguage":"es-MX","potentialAction":[{"@type":"ReadAction","target":["https:\/\/nitu.mx\/index.php\/2019\/06\/27\/recale-de-sargazo-se-anadira-como-problema-regional-en-la-convencion-de-cartagena\/"]}]},{"@type":"ImageObject","inLanguage":"es-MX","@id":"https:\/\/nitu.mx\/index.php\/2019\/06\/27\/recale-de-sargazo-se-anadira-como-problema-regional-en-la-convencion-de-cartagena\/#primaryimage","url":"https:\/\/nitu.mx\/wp-content\/uploads\/2019\/06\/Encuentro-de-sargazo.jpg","contentUrl":"https:\/\/nitu.mx\/wp-content\/uploads\/2019\/06\/Encuentro-de-sargazo.jpg","width":850,"height":480,"caption":"Encuentro de sargazo"},{"@type":"BreadcrumbList","@id":"https:\/\/nitu.mx\/index.php\/2019\/06\/27\/recale-de-sargazo-se-anadira-como-problema-regional-en-la-convencion-de-cartagena\/#breadcrumb","itemListElement":[{"@type":"ListItem","position":1,"name":"Inicio","item":"https:\/\/nitu.mx\/"},{"@type":"ListItem","position":2,"name":"Recale de sargazo se a\u00f1adir\u00e1 como problema regional en la Convenci\u00f3n de Cartagena"}]},{"@type":"WebSite","@id":"https:\/\/nitu.mx\/#website","url":"https:\/\/nitu.mx\/","name":"Nitu - Noticias de la Industria Turistica","description":"Noticias de la Industria Turistica","publisher":{"@id":"https:\/\/nitu.mx\/#\/schema\/person\/ae7a53426417292d3dd07b45a33e01bc"},"alternateName":"Noticias de la Industria Turistica","potentialAction":[{"@type":"SearchAction","target":{"@type":"EntryPoint","urlTemplate":"https:\/\/nitu.mx\/?s={search_term_string}"},"query-input":"required name=search_term_string"}],"inLanguage":"es-MX"},{"@type":["Person","Organization"],"@id":"https:\/\/nitu.mx\/#\/schema\/person\/ae7a53426417292d3dd07b45a33e01bc","name":"Arturo Medina","image":{"@type":"ImageObject","inLanguage":"es-MX","@id":"https:\/\/nitu.mx\/#\/schema\/person\/image\/","url":"https:\/\/nitu.mx\/wp-content\/uploads\/2024\/04\/4A315622-1904-4D5C-B022-878CDC840E04-90x90-1.jpeg","contentUrl":"https:\/\/nitu.mx\/wp-content\/uploads\/2024\/04\/4A315622-1904-4D5C-B022-878CDC840E04-90x90-1.jpeg","width":90,"height":90,"caption":"Arturo Medina"},"logo":{"@id":"https:\/\/nitu.mx\/#\/schema\/person\/image\/"},"description":"Director NITU.mx, Egresado de la Escuela de Periodismo Carlos Septi\u00e9n Garc\u00eda. Periodista y analista especializado en turismo desde hace 35 a\u00f1os, radicado en Canc\u00fan Q.Roo. arturo@nitu.mx","sameAs":["https:\/\/nitu.mx","https:\/\/www.facebook.com\/NITUmx\/","medinacancun","https:\/\/twitter.com\/@Arturo_Medina_G"]},{"@type":"Person","@id":"https:\/\/nitu.mx\/#\/schema\/person\/4a28fe9bd65924f7c90623773daf1b0b","name":"Redacci\u00f3n","image":{"@type":"ImageObject","inLanguage":"es-MX","@id":"https:\/\/nitu.mx\/#\/schema\/person\/image\/","url":"https:\/\/secure.gravatar.com\/avatar\/5dd011c8ccfc5cd7e4c81e42252aab38?s=96&d=mm&r=g","contentUrl":"https:\/\/secure.gravatar.com\/avatar\/5dd011c8ccfc5cd7e4c81e42252aab38?s=96&d=mm&r=g","caption":"Redacci\u00f3n"},"url":"https:\/\/nitu.mx\/index.php\/author\/redaccion\/"}]}},"views":326,"_links":{"self":[{"href":"https:\/\/nitu.mx\/index.php\/wp-json\/wp\/v2\/posts\/33095"}],"collection":[{"href":"https:\/\/nitu.mx\/index.php\/wp-json\/wp\/v2\/posts"}],"about":[{"href":"https:\/\/nitu.mx\/index.php\/wp-json\/wp\/v2\/types\/post"}],"author":[{"embeddable":true,"href":"https:\/\/nitu.mx\/index.php\/wp-json\/wp\/v2\/users\/17"}],"replies":[{"embeddable":true,"href":"https:\/\/nitu.mx\/index.php\/wp-json\/wp\/v2\/comments?post=33095"}],"version-history":[{"count":2,"href":"https:\/\/nitu.mx\/index.php\/wp-json\/wp\/v2\/posts\/33095\/revisions"}],"predecessor-version":[{"id":33114,"href":"https:\/\/nitu.mx\/index.php\/wp-json\/wp\/v2\/posts\/33095\/revisions\/33114"}],"wp:featuredmedia":[{"embeddable":true,"href":"https:\/\/nitu.mx\/index.php\/wp-json\/wp\/v2\/media\/33113"}],"wp:attachment":[{"href":"https:\/\/nitu.mx\/index.php\/wp-json\/wp\/v2\/media?parent=33095"}],"wp:term":[{"taxonomy":"category","embeddable":true,"href":"https:\/\/nitu.mx\/index.php\/wp-json\/wp\/v2\/categories?post=33095"},{"taxonomy":"post_tag","embeddable":true,"href":"https:\/\/nitu.mx\/index.php\/wp-json\/wp\/v2\/tags?post=33095"}],"curies":[{"name":"wp","href":"https:\/\/api.w.org\/{rel}","templated":true}]}}