{"id":33072,"date":"2019-06-26T23:52:38","date_gmt":"2019-06-27T04:52:38","guid":{"rendered":"https:\/\/www.dev.nitu.mx\/?p=33072"},"modified":"2019-06-27T00:16:08","modified_gmt":"2019-06-27T05:16:08","slug":"airbnb-va-por-los-viajeros-de-lujo-con-airbnb-luxe","status":"publish","type":"post","link":"https:\/\/nitu.mx\/index.php\/2019\/06\/26\/airbnb-va-por-los-viajeros-de-lujo-con-airbnb-luxe\/","title":{"rendered":"Airbnb va por los viajeros de lujo con Airbnb Luxe"},"content":{"rendered":"<p>El modelo de Airbnb llega a los viajes de lujo, s\u00ed el viajero m\u00e1s deseado tambi\u00e9n tendr\u00e1 una opci\u00f3n en la plataforma de rentas vacacionales mundial, que asegura cuenta con: lugares incre\u00edbles para alojarse, f\u00e1ciles de reservar y con acceso a dise\u00f1adores de viajes que aportan un profundo conocimiento del destino, planificaci\u00f3n integral del viaje, servicios de conserjer\u00eda y asistencia VIP las 24 horas, los 7 d\u00edas de la semana.<\/p>\n<p>Los hoteleros de las cadenas de lujo, afirmaban que las plataformas vacacionales no eran \u201cuna competencia\u201d, pues se dirig\u00edan \u201ca otro segmento de mercado\u201d por lo que aseguraban no les preocupaban. Pero ahora ya surgi\u00f3 Airbnb Luxe que ofrecer\u00e1 m\u00e1s de 300 casas en M\u00e9xico, convirtiendo el mercado en uno de los m\u00e1s importantes a nivel mundial.<\/p>\n<p>La empresa record\u00f3 que naci\u00f3 en 2008 cuando sus fundadores, Brian y Joe, pusieron tres colchones inflables en la sala de estar de su apartamento en San Francisco. \u201cDe los colchones inflables pasamos a las habitaciones, a los alojamientos enteros, a Airbnb Plus e incluso a los hoteles boutique. Hoy, hemos decidido llevar el mismo modelo innovador a los viajes de lujo, con Airbnb Luxe: un nuevo nivel de alojamiento de alta gama que pone a\u00fan m\u00e1s al alcance de todos, los viajes personalizados y hechos a medida\u201d, revelan.<\/p>\n<p>Airbnb Luxe ofrece acceso a propiedades \u00fanicas y espectaculares, as\u00ed como a dise\u00f1adores de viajes dedicados a organizar experiencias y dar servicio personalizado para hacer que cada estad\u00eda sea verdaderamente m\u00e1gica.<br \/>\nDe las 300 casas en M\u00e9xico, se encuentra Casa Koko en Punta Mita, una de las m\u00e1s espectaculares y exclusivas del portafolio Luxe.<\/p>\n<p>Airbnb Luxe se basa en la profunda experiencia en viajes de lujo que Airbnb obtuvo al adquirir Luxury Retreats en 2017. Este nuevo nivel de alojamiento se lanza con m\u00e1s de 2000 alojamientos cuidadosamente seleccionados en todo el mundo: cada uno de ellos ha pasado por una estricta evaluaci\u00f3n en la que se aplicaron m\u00e1s de 300 criterios a fin de garantizar que cumplieran con las normas de dise\u00f1o y funcionalidad. Esto incluye exigentes normas de dise\u00f1o que se aplican a una variedad de elementos que van desde materiales y acabados de primera calidad, caracter\u00edsticas \u00fanicas y excepcionales, hasta espacios adecuados para grupos. El dise\u00f1o debe ser altamente funcional, los electrodom\u00e9sticos estar aptos para ser usados por un chef y cada habitaci\u00f3n debe tener un ba\u00f1o disponible.<\/p>\n<p>Con cada reserva en Airbnb Luxe se accede a un \u201cdise\u00f1ador de viajes\u201d especializado y muy capacitado que procurar\u00e1 que la estad\u00eda se adapte a las necesidades exclusivas del viajero en cada momento. Luego de reservar una propiedad, el dise\u00f1ador de viajes puede ayudar a garantizar un check-in sin obst\u00e1culos, la coordinaci\u00f3n de experiencias y actividades locales hechas a medida y la organizaci\u00f3n de una amplia variedad de servicios, que van desde guarder\u00edas hasta chefs privados y masajistas a domicilio, o para los entusiastas del ejercicio, sesiones personalizadas de entrenamiento en su propio gimnasio.<\/p>\n","protected":false},"excerpt":{"rendered":"<p>El modelo de Airbnb llega a los viajes de lujo, s\u00ed el viajero m\u00e1s deseado tambi\u00e9n tendr\u00e1 una opci\u00f3n en la plataforma de rentas vacacionales mundial, que asegura cuenta con: lugares incre\u00edbles para alojarse, f\u00e1ciles de reservar y con acceso a dise\u00f1adores de viajes que aportan un profundo conocimiento del destino, planificaci\u00f3n integral del viaje, [&hellip;]<\/p>\n","protected":false},"author":3,"featured_media":24392,"comment_status":"open","ping_status":"open","sticky":false,"template":"","format":"standard","meta":{"footnotes":""},"categories":[2,374],"tags":[16291,16290,1997,68,13625],"yoast_head":"<!-- This site is optimized with the Yoast SEO plugin v22.2 - https:\/\/yoast.com\/wordpress\/plugins\/seo\/ -->\n<title>Airbnb va por los viajeros de lujo con Airbnb Luxe - Nitu - Noticias de la Industria Turistica<\/title>\n<meta name=\"robots\" content=\"index, follow, max-snippet:-1, max-image-preview:large, max-video-preview:-1\" \/>\n<link rel=\"canonical\" href=\"https:\/\/nitu.mx\/index.php\/2019\/06\/26\/airbnb-va-por-los-viajeros-de-lujo-con-airbnb-luxe\/\" \/>\n<meta name=\"twitter:card\" content=\"summary_large_image\" \/>\n<meta name=\"twitter:title\" content=\"Airbnb va por los viajeros de lujo con Airbnb Luxe - Nitu - Noticias de la Industria Turistica\" \/>\n<meta name=\"twitter:description\" content=\"El modelo de Airbnb llega a los viajes de lujo, s\u00ed el viajero m\u00e1s deseado tambi\u00e9n tendr\u00e1 una opci\u00f3n en la plataforma de rentas vacacionales mundial, que asegura cuenta con: lugares incre\u00edbles para alojarse, f\u00e1ciles de reservar y con acceso a dise\u00f1adores de viajes que aportan un profundo conocimiento del destino, planificaci\u00f3n integral del viaje, [&hellip;]\" \/>\n<meta name=\"twitter:image\" content=\"https:\/\/nitu.mx\/wp-content\/uploads\/2018\/09\/AIRBNB-EN-CANC\u00daN.jpg\" \/>\n<meta name=\"twitter:creator\" content=\"@NITUmx\" \/>\n<meta name=\"twitter:site\" content=\"@Arturo_Medina_G\" \/>\n<meta name=\"twitter:label1\" content=\"Escrito por\" \/>\n\t<meta name=\"twitter:data1\" content=\"Alejandra Moncisbays\" \/>\n\t<meta name=\"twitter:label2\" content=\"Tiempo de lectura\" \/>\n\t<meta name=\"twitter:data2\" content=\"3 minutos\" \/>\n<script type=\"application\/ld+json\" class=\"yoast-schema-graph\">{\"@context\":\"https:\/\/schema.org\",\"@graph\":[{\"@type\":\"Article\",\"@id\":\"https:\/\/nitu.mx\/index.php\/2019\/06\/26\/airbnb-va-por-los-viajeros-de-lujo-con-airbnb-luxe\/#article\",\"isPartOf\":{\"@id\":\"https:\/\/nitu.mx\/index.php\/2019\/06\/26\/airbnb-va-por-los-viajeros-de-lujo-con-airbnb-luxe\/\"},\"author\":{\"name\":\"Alejandra Moncisbays\",\"@id\":\"https:\/\/nitu.mx\/#\/schema\/person\/2ecd887b19dfd3382d1f14fc5acf24a8\"},\"headline\":\"Airbnb va por los viajeros de lujo con Airbnb Luxe\",\"datePublished\":\"2019-06-27T04:52:38+00:00\",\"dateModified\":\"2019-06-27T05:16:08+00:00\",\"mainEntityOfPage\":{\"@id\":\"https:\/\/nitu.mx\/index.php\/2019\/06\/26\/airbnb-va-por-los-viajeros-de-lujo-con-airbnb-luxe\/\"},\"wordCount\":530,\"commentCount\":0,\"publisher\":{\"@id\":\"https:\/\/nitu.mx\/#\/schema\/person\/ae7a53426417292d3dd07b45a33e01bc\"},\"image\":{\"@id\":\"https:\/\/nitu.mx\/index.php\/2019\/06\/26\/airbnb-va-por-los-viajeros-de-lujo-con-airbnb-luxe\/#primaryimage\"},\"thumbnailUrl\":\"https:\/\/nitu.mx\/wp-content\/uploads\/2018\/09\/AIRBNB-EN-CANC\u00daN.jpg\",\"keywords\":[\"Airbnb Luxe casas\",\"cadenas de lujo\",\"hoteleros\",\"M\u00e9xico\",\"plataformas vacacionales\"],\"articleSection\":[\"Hoteles\",\"Internacional\"],\"inLanguage\":\"es-MX\",\"potentialAction\":[{\"@type\":\"CommentAction\",\"name\":\"Comment\",\"target\":[\"https:\/\/nitu.mx\/index.php\/2019\/06\/26\/airbnb-va-por-los-viajeros-de-lujo-con-airbnb-luxe\/#respond\"]}]},{\"@type\":\"WebPage\",\"@id\":\"https:\/\/nitu.mx\/index.php\/2019\/06\/26\/airbnb-va-por-los-viajeros-de-lujo-con-airbnb-luxe\/\",\"url\":\"https:\/\/nitu.mx\/index.php\/2019\/06\/26\/airbnb-va-por-los-viajeros-de-lujo-con-airbnb-luxe\/\",\"name\":\"Airbnb va por los viajeros de lujo con Airbnb Luxe - Nitu - Noticias de la Industria Turistica\",\"isPartOf\":{\"@id\":\"https:\/\/nitu.mx\/#website\"},\"primaryImageOfPage\":{\"@id\":\"https:\/\/nitu.mx\/index.php\/2019\/06\/26\/airbnb-va-por-los-viajeros-de-lujo-con-airbnb-luxe\/#primaryimage\"},\"image\":{\"@id\":\"https:\/\/nitu.mx\/index.php\/2019\/06\/26\/airbnb-va-por-los-viajeros-de-lujo-con-airbnb-luxe\/#primaryimage\"},\"thumbnailUrl\":\"https:\/\/nitu.mx\/wp-content\/uploads\/2018\/09\/AIRBNB-EN-CANC\u00daN.jpg\",\"datePublished\":\"2019-06-27T04:52:38+00:00\",\"dateModified\":\"2019-06-27T05:16:08+00:00\",\"breadcrumb\":{\"@id\":\"https:\/\/nitu.mx\/index.php\/2019\/06\/26\/airbnb-va-por-los-viajeros-de-lujo-con-airbnb-luxe\/#breadcrumb\"},\"inLanguage\":\"es-MX\",\"potentialAction\":[{\"@type\":\"ReadAction\",\"target\":[\"https:\/\/nitu.mx\/index.php\/2019\/06\/26\/airbnb-va-por-los-viajeros-de-lujo-con-airbnb-luxe\/\"]}]},{\"@type\":\"ImageObject\",\"inLanguage\":\"es-MX\",\"@id\":\"https:\/\/nitu.mx\/index.php\/2019\/06\/26\/airbnb-va-por-los-viajeros-de-lujo-con-airbnb-luxe\/#primaryimage\",\"url\":\"https:\/\/nitu.mx\/wp-content\/uploads\/2018\/09\/AIRBNB-EN-CANC\u00daN.jpg\",\"contentUrl\":\"https:\/\/nitu.mx\/wp-content\/uploads\/2018\/09\/AIRBNB-EN-CANC\u00daN.jpg\",\"width\":850,\"height\":480,\"caption\":\"airbnb HotelTonight profeco rentas vacacionales\"},{\"@type\":\"BreadcrumbList\",\"@id\":\"https:\/\/nitu.mx\/index.php\/2019\/06\/26\/airbnb-va-por-los-viajeros-de-lujo-con-airbnb-luxe\/#breadcrumb\",\"itemListElement\":[{\"@type\":\"ListItem\",\"position\":1,\"name\":\"Inicio\",\"item\":\"https:\/\/nitu.mx\/\"},{\"@type\":\"ListItem\",\"position\":2,\"name\":\"Airbnb va por los viajeros de lujo con Airbnb Luxe\"}]},{\"@type\":\"WebSite\",\"@id\":\"https:\/\/nitu.mx\/#website\",\"url\":\"https:\/\/nitu.mx\/\",\"name\":\"Nitu - Noticias de la Industria Turistica\",\"description\":\"Noticias de la Industria Turistica\",\"publisher\":{\"@id\":\"https:\/\/nitu.mx\/#\/schema\/person\/ae7a53426417292d3dd07b45a33e01bc\"},\"alternateName\":\"Noticias de la Industria Turistica\",\"potentialAction\":[{\"@type\":\"SearchAction\",\"target\":{\"@type\":\"EntryPoint\",\"urlTemplate\":\"https:\/\/nitu.mx\/?s={search_term_string}\"},\"query-input\":\"required name=search_term_string\"}],\"inLanguage\":\"es-MX\"},{\"@type\":[\"Person\",\"Organization\"],\"@id\":\"https:\/\/nitu.mx\/#\/schema\/person\/ae7a53426417292d3dd07b45a33e01bc\",\"name\":\"Arturo Medina\",\"image\":{\"@type\":\"ImageObject\",\"inLanguage\":\"es-MX\",\"@id\":\"https:\/\/nitu.mx\/#\/schema\/person\/image\/\",\"url\":\"https:\/\/nitu.mx\/wp-content\/uploads\/2024\/04\/4A315622-1904-4D5C-B022-878CDC840E04-90x90-1.jpeg\",\"contentUrl\":\"https:\/\/nitu.mx\/wp-content\/uploads\/2024\/04\/4A315622-1904-4D5C-B022-878CDC840E04-90x90-1.jpeg\",\"width\":90,\"height\":90,\"caption\":\"Arturo Medina\"},\"logo\":{\"@id\":\"https:\/\/nitu.mx\/#\/schema\/person\/image\/\"},\"description\":\"Director NITU.mx, Egresado de la Escuela de Periodismo Carlos Septi\u00e9n Garc\u00eda. Periodista y analista especializado en turismo desde hace 35 a\u00f1os, radicado en Canc\u00fan Q.Roo. arturo@nitu.mx\",\"sameAs\":[\"https:\/\/nitu.mx\",\"https:\/\/www.facebook.com\/NITUmx\/\",\"medinacancun\",\"https:\/\/twitter.com\/@Arturo_Medina_G\"]},{\"@type\":\"Person\",\"@id\":\"https:\/\/nitu.mx\/#\/schema\/person\/2ecd887b19dfd3382d1f14fc5acf24a8\",\"name\":\"Alejandra Moncisbays\",\"image\":{\"@type\":\"ImageObject\",\"inLanguage\":\"es-MX\",\"@id\":\"https:\/\/nitu.mx\/#\/schema\/person\/image\/\",\"url\":\"https:\/\/secure.gravatar.com\/avatar\/e74f7af0be172b7804dacfd0bfbef787?s=96&d=mm&r=g\",\"contentUrl\":\"https:\/\/secure.gravatar.com\/avatar\/e74f7af0be172b7804dacfd0bfbef787?s=96&d=mm&r=g\",\"caption\":\"Alejandra Moncisbays\"},\"description\":\"Curs\u00e9 la carrera de Periodismo y Comunicaci\u00f3n en la Facultad de Estudios Profesionales Acatl\u00e1n. Vivo en Canc\u00fan desde hace 24 a\u00f1os. Fui reportera de La Tarde de Canc\u00fan, y Novedades de Quintana Roo, colabor\u00e9 en TVCUN, edit\u00e9 Cancun\u00edssimo y colabor\u00e9 en las revistas Latitud21, entre otras, con principal enfoque en los sectores empresarial y tur\u00edstico. Desde hace varios a\u00f1os soy Agente de Seguros con c\u00e9dula de la Comisi\u00f3n Nacional de Seguros y Fianzas. Actualmente, me desarrollo en los \u00e1mbitos del periodismo y el sector asegurador.\",\"sameAs\":[\"https:\/\/nitu.mx\"],\"url\":\"https:\/\/nitu.mx\/index.php\/author\/alejandra\/\"}]}<\/script>\n<!-- \/ Yoast SEO plugin. -->","yoast_head_json":{"title":"Airbnb va por los viajeros de lujo con Airbnb Luxe - Nitu - Noticias de la Industria Turistica","robots":{"index":"index","follow":"follow","max-snippet":"max-snippet:-1","max-image-preview":"max-image-preview:large","max-video-preview":"max-video-preview:-1"},"canonical":"https:\/\/nitu.mx\/index.php\/2019\/06\/26\/airbnb-va-por-los-viajeros-de-lujo-con-airbnb-luxe\/","twitter_card":"summary_large_image","twitter_title":"Airbnb va por los viajeros de lujo con Airbnb Luxe - Nitu - Noticias de la Industria Turistica","twitter_description":"El modelo de Airbnb llega a los viajes de lujo, s\u00ed el viajero m\u00e1s deseado tambi\u00e9n tendr\u00e1 una opci\u00f3n en la plataforma de rentas vacacionales mundial, que asegura cuenta con: lugares incre\u00edbles para alojarse, f\u00e1ciles de reservar y con acceso a dise\u00f1adores de viajes que aportan un profundo conocimiento del destino, planificaci\u00f3n integral del viaje, [&hellip;]","twitter_image":"https:\/\/nitu.mx\/wp-content\/uploads\/2018\/09\/AIRBNB-EN-CANC\u00daN.jpg","twitter_creator":"@NITUmx","twitter_site":"@Arturo_Medina_G","twitter_misc":{"Escrito por":"Alejandra Moncisbays","Tiempo de lectura":"3 minutos"},"schema":{"@context":"https:\/\/schema.org","@graph":[{"@type":"Article","@id":"https:\/\/nitu.mx\/index.php\/2019\/06\/26\/airbnb-va-por-los-viajeros-de-lujo-con-airbnb-luxe\/#article","isPartOf":{"@id":"https:\/\/nitu.mx\/index.php\/2019\/06\/26\/airbnb-va-por-los-viajeros-de-lujo-con-airbnb-luxe\/"},"author":{"name":"Alejandra Moncisbays","@id":"https:\/\/nitu.mx\/#\/schema\/person\/2ecd887b19dfd3382d1f14fc5acf24a8"},"headline":"Airbnb va por los viajeros de lujo con Airbnb Luxe","datePublished":"2019-06-27T04:52:38+00:00","dateModified":"2019-06-27T05:16:08+00:00","mainEntityOfPage":{"@id":"https:\/\/nitu.mx\/index.php\/2019\/06\/26\/airbnb-va-por-los-viajeros-de-lujo-con-airbnb-luxe\/"},"wordCount":530,"commentCount":0,"publisher":{"@id":"https:\/\/nitu.mx\/#\/schema\/person\/ae7a53426417292d3dd07b45a33e01bc"},"image":{"@id":"https:\/\/nitu.mx\/index.php\/2019\/06\/26\/airbnb-va-por-los-viajeros-de-lujo-con-airbnb-luxe\/#primaryimage"},"thumbnailUrl":"https:\/\/nitu.mx\/wp-content\/uploads\/2018\/09\/AIRBNB-EN-CANC\u00daN.jpg","keywords":["Airbnb Luxe casas","cadenas de lujo","hoteleros","M\u00e9xico","plataformas vacacionales"],"articleSection":["Hoteles","Internacional"],"inLanguage":"es-MX","potentialAction":[{"@type":"CommentAction","name":"Comment","target":["https:\/\/nitu.mx\/index.php\/2019\/06\/26\/airbnb-va-por-los-viajeros-de-lujo-con-airbnb-luxe\/#respond"]}]},{"@type":"WebPage","@id":"https:\/\/nitu.mx\/index.php\/2019\/06\/26\/airbnb-va-por-los-viajeros-de-lujo-con-airbnb-luxe\/","url":"https:\/\/nitu.mx\/index.php\/2019\/06\/26\/airbnb-va-por-los-viajeros-de-lujo-con-airbnb-luxe\/","name":"Airbnb va por los viajeros de lujo con Airbnb Luxe - Nitu - Noticias de la Industria Turistica","isPartOf":{"@id":"https:\/\/nitu.mx\/#website"},"primaryImageOfPage":{"@id":"https:\/\/nitu.mx\/index.php\/2019\/06\/26\/airbnb-va-por-los-viajeros-de-lujo-con-airbnb-luxe\/#primaryimage"},"image":{"@id":"https:\/\/nitu.mx\/index.php\/2019\/06\/26\/airbnb-va-por-los-viajeros-de-lujo-con-airbnb-luxe\/#primaryimage"},"thumbnailUrl":"https:\/\/nitu.mx\/wp-content\/uploads\/2018\/09\/AIRBNB-EN-CANC\u00daN.jpg","datePublished":"2019-06-27T04:52:38+00:00","dateModified":"2019-06-27T05:16:08+00:00","breadcrumb":{"@id":"https:\/\/nitu.mx\/index.php\/2019\/06\/26\/airbnb-va-por-los-viajeros-de-lujo-con-airbnb-luxe\/#breadcrumb"},"inLanguage":"es-MX","potentialAction":[{"@type":"ReadAction","target":["https:\/\/nitu.mx\/index.php\/2019\/06\/26\/airbnb-va-por-los-viajeros-de-lujo-con-airbnb-luxe\/"]}]},{"@type":"ImageObject","inLanguage":"es-MX","@id":"https:\/\/nitu.mx\/index.php\/2019\/06\/26\/airbnb-va-por-los-viajeros-de-lujo-con-airbnb-luxe\/#primaryimage","url":"https:\/\/nitu.mx\/wp-content\/uploads\/2018\/09\/AIRBNB-EN-CANC\u00daN.jpg","contentUrl":"https:\/\/nitu.mx\/wp-content\/uploads\/2018\/09\/AIRBNB-EN-CANC\u00daN.jpg","width":850,"height":480,"caption":"airbnb HotelTonight profeco rentas vacacionales"},{"@type":"BreadcrumbList","@id":"https:\/\/nitu.mx\/index.php\/2019\/06\/26\/airbnb-va-por-los-viajeros-de-lujo-con-airbnb-luxe\/#breadcrumb","itemListElement":[{"@type":"ListItem","position":1,"name":"Inicio","item":"https:\/\/nitu.mx\/"},{"@type":"ListItem","position":2,"name":"Airbnb va por los viajeros de lujo con Airbnb Luxe"}]},{"@type":"WebSite","@id":"https:\/\/nitu.mx\/#website","url":"https:\/\/nitu.mx\/","name":"Nitu - Noticias de la Industria Turistica","description":"Noticias de la Industria Turistica","publisher":{"@id":"https:\/\/nitu.mx\/#\/schema\/person\/ae7a53426417292d3dd07b45a33e01bc"},"alternateName":"Noticias de la Industria Turistica","potentialAction":[{"@type":"SearchAction","target":{"@type":"EntryPoint","urlTemplate":"https:\/\/nitu.mx\/?s={search_term_string}"},"query-input":"required name=search_term_string"}],"inLanguage":"es-MX"},{"@type":["Person","Organization"],"@id":"https:\/\/nitu.mx\/#\/schema\/person\/ae7a53426417292d3dd07b45a33e01bc","name":"Arturo Medina","image":{"@type":"ImageObject","inLanguage":"es-MX","@id":"https:\/\/nitu.mx\/#\/schema\/person\/image\/","url":"https:\/\/nitu.mx\/wp-content\/uploads\/2024\/04\/4A315622-1904-4D5C-B022-878CDC840E04-90x90-1.jpeg","contentUrl":"https:\/\/nitu.mx\/wp-content\/uploads\/2024\/04\/4A315622-1904-4D5C-B022-878CDC840E04-90x90-1.jpeg","width":90,"height":90,"caption":"Arturo Medina"},"logo":{"@id":"https:\/\/nitu.mx\/#\/schema\/person\/image\/"},"description":"Director NITU.mx, Egresado de la Escuela de Periodismo Carlos Septi\u00e9n Garc\u00eda. Periodista y analista especializado en turismo desde hace 35 a\u00f1os, radicado en Canc\u00fan Q.Roo. arturo@nitu.mx","sameAs":["https:\/\/nitu.mx","https:\/\/www.facebook.com\/NITUmx\/","medinacancun","https:\/\/twitter.com\/@Arturo_Medina_G"]},{"@type":"Person","@id":"https:\/\/nitu.mx\/#\/schema\/person\/2ecd887b19dfd3382d1f14fc5acf24a8","name":"Alejandra Moncisbays","image":{"@type":"ImageObject","inLanguage":"es-MX","@id":"https:\/\/nitu.mx\/#\/schema\/person\/image\/","url":"https:\/\/secure.gravatar.com\/avatar\/e74f7af0be172b7804dacfd0bfbef787?s=96&d=mm&r=g","contentUrl":"https:\/\/secure.gravatar.com\/avatar\/e74f7af0be172b7804dacfd0bfbef787?s=96&d=mm&r=g","caption":"Alejandra Moncisbays"},"description":"Curs\u00e9 la carrera de Periodismo y Comunicaci\u00f3n en la Facultad de Estudios Profesionales Acatl\u00e1n. Vivo en Canc\u00fan desde hace 24 a\u00f1os. Fui reportera de La Tarde de Canc\u00fan, y Novedades de Quintana Roo, colabor\u00e9 en TVCUN, edit\u00e9 Cancun\u00edssimo y colabor\u00e9 en las revistas Latitud21, entre otras, con principal enfoque en los sectores empresarial y tur\u00edstico. Desde hace varios a\u00f1os soy Agente de Seguros con c\u00e9dula de la Comisi\u00f3n Nacional de Seguros y Fianzas. Actualmente, me desarrollo en los \u00e1mbitos del periodismo y el sector asegurador.","sameAs":["https:\/\/nitu.mx"],"url":"https:\/\/nitu.mx\/index.php\/author\/alejandra\/"}]}},"views":309,"_links":{"self":[{"href":"https:\/\/nitu.mx\/index.php\/wp-json\/wp\/v2\/posts\/33072"}],"collection":[{"href":"https:\/\/nitu.mx\/index.php\/wp-json\/wp\/v2\/posts"}],"about":[{"href":"https:\/\/nitu.mx\/index.php\/wp-json\/wp\/v2\/types\/post"}],"author":[{"embeddable":true,"href":"https:\/\/nitu.mx\/index.php\/wp-json\/wp\/v2\/users\/3"}],"replies":[{"embeddable":true,"href":"https:\/\/nitu.mx\/index.php\/wp-json\/wp\/v2\/comments?post=33072"}],"version-history":[{"count":2,"href":"https:\/\/nitu.mx\/index.php\/wp-json\/wp\/v2\/posts\/33072\/revisions"}],"predecessor-version":[{"id":33087,"href":"https:\/\/nitu.mx\/index.php\/wp-json\/wp\/v2\/posts\/33072\/revisions\/33087"}],"wp:featuredmedia":[{"embeddable":true,"href":"https:\/\/nitu.mx\/index.php\/wp-json\/wp\/v2\/media\/24392"}],"wp:attachment":[{"href":"https:\/\/nitu.mx\/index.php\/wp-json\/wp\/v2\/media?parent=33072"}],"wp:term":[{"taxonomy":"category","embeddable":true,"href":"https:\/\/nitu.mx\/index.php\/wp-json\/wp\/v2\/categories?post=33072"},{"taxonomy":"post_tag","embeddable":true,"href":"https:\/\/nitu.mx\/index.php\/wp-json\/wp\/v2\/tags?post=33072"}],"curies":[{"name":"wp","href":"https:\/\/api.w.org\/{rel}","templated":true}]}}