{"id":32944,"date":"2019-06-23T22:54:59","date_gmt":"2019-06-24T03:54:59","guid":{"rendered":"https:\/\/www.dev.nitu.mx\/?p=32944"},"modified":"2019-06-24T00:42:55","modified_gmt":"2019-06-24T05:42:55","slug":"volaris-conecta-a-vallarta-con-phoenix-arizona","status":"publish","type":"post","link":"https:\/\/nitu.mx\/index.php\/2019\/06\/23\/volaris-conecta-a-vallarta-con-phoenix-arizona\/","title":{"rendered":"Volaris conecta a Vallarta con Phoenix Arizona"},"content":{"rendered":"<p style=\"font-weight: 400;\">La aerol\u00ednea al mando de Enrique Beltranena,\u00a0fortalece su estrategia de expansi\u00f3n internacional, y su compromiso por unir familias y estimular lazos comerciales entre M\u00e9xico y Estados Unidos con la apertura de su nueva\u00a0ruta Puerto Vallarta &#8211; Phoenix, Arizona, la cual arranc\u00f3 operaciones con las tarifas m\u00e1s bajas del mercado.<\/p>\n<p style=\"font-weight: 400;\">Durante la ceremonia de inauguraci\u00f3n de la ruta en el Aeropuerto Licenciado Gustavo D\u00edaz Ordaz, de Puerto Vallarta, Beltranena, destac\u00f3 que los boletos est\u00e1n a la venta\u00a0a partir de\u00a0$ 89 USD\u00a0en vuelo sencillo con impuestos incluidos. &#8220;Gracias a la compra anticipada y al innovador programa &#8220;Tarifa Limpia&#8221;, los clientes solo pagan por los servicios que necesitan&#8221;, dijo el directivo.<\/p>\n<p style=\"font-weight: 400;\">Asimismo refiri\u00f3, que el intercambio comercial entre Estados Unidos y M\u00e9xico est\u00e1 valuado en 150 mil millones de d\u00f3lares. &#8220;M\u00e9xico es el mayor socio comercial de Arizona, tan solo en 2017, el comercio bilateral entre Arizona y M\u00e9xico fue de 15 mil 400 millones de d\u00f3lares:\u00a0alrededor de 7 mil 500 millones en exportaciones y 7 mil 900 millones en importaciones, de acuerdo con la Comisi\u00f3n Arizona-M\u00e9xico&#8221;. Record\u00f3 que Phoenix, la capital de Arizona, es la ciudad m\u00e1s poblada del estado y la sexta m\u00e1s grande de Estados Unidos. (<a title=\"Volaris ofrece vuelos a 1 d\u00f3lar a migrantes que regresen de M\u00e9xico a Centroam\u00e9rica\" href=\"https:\/\/www.dev.nitu.mx\/index.php\/2019\/06\/20\/volaris-ofrece-vuelos-a-1-dolar-a-migrantes-que-regresen-de-mexico-a-centroamerica\/\" rel=\"bookmark\">Volaris ofrece vuelos a 1 d\u00f3lar a migrantes que regresen de M\u00e9xico a Centroam\u00e9rica<\/a>).<\/p>\n<p style=\"font-weight: 400;\">Por su parte Carolyn Prowse directora comercial de la aerol\u00ednea, dijo que &#8220;En\u00a0Volaris, nos centramos en la necesidad de proporcionar opciones de vuelos directos a nuestros Clientes con las mejores tarifas y en rutas que, debido a su importancia estrat\u00e9gica desde un punto de vista econ\u00f3mico y social, las hacen extremadamente atractivas&#8221;.<\/p>\n<p style=\"font-weight: 400;\">M\u00e9xico y Arizona tienen una gran relaci\u00f3n tur\u00edstica, pues anualmente, cerca de 3.8 millones de personas de M\u00e9xico eligen a Arizona como su destino tur\u00edstico, representando el segmento m\u00e1s grande de turismo extranjero de Arizona. El turismo de M\u00e9xico representa la mayor\u00eda de todos los gastos en Arizona de los visitantes internacionales al estado. El turismo es igual de importante para Puerto Vallarta, con casi el 50% de la fuerza laboral empleada en industrias relacionadas con el turismo, como hoteles, restaurantes y transporte.<\/p>\n<p style=\"font-weight: 400;\">Adicionalmente, 41% de la poblaci\u00f3n de Phoenix es hispana. Esto hace que Phoenix sea especialmente importante para\u00a0Volaris\u00a0en el cumplimiento de su misi\u00f3n de unir a amigos y familiares en ambos lados de la frontera e incrementar el intercambio econ\u00f3mico entre M\u00e9xico y los EE. UU.<\/p>\n","protected":false},"excerpt":{"rendered":"<p>La aerol\u00ednea al mando de Enrique Beltranena,\u00a0fortalece su estrategia de expansi\u00f3n internacional, y su compromiso por unir familias y estimular lazos comerciales entre M\u00e9xico y Estados Unidos con la apertura de su nueva\u00a0ruta Puerto Vallarta &#8211; Phoenix, Arizona, la cual arranc\u00f3 operaciones con las tarifas m\u00e1s bajas del mercado. Durante la ceremonia de inauguraci\u00f3n de [&hellip;]<\/p>\n","protected":false},"author":17,"featured_media":7069,"comment_status":"open","ping_status":"open","sticky":false,"template":"","format":"standard","meta":{"footnotes":""},"categories":[29,6],"tags":[16199,435,9110,471,131],"yoast_head":"<!-- This site is optimized with the Yoast SEO plugin v22.2 - https:\/\/yoast.com\/wordpress\/plugins\/seo\/ -->\n<title>Volaris conecta a Vallarta con Phoenix Arizona - Nitu - Noticias de la Industria Turistica<\/title>\n<meta name=\"description\" content=\"Volaris fortalece su estrategia de expansi\u00f3n internacional, y su compromiso por unir familias y estimular lazos comerciales entre M\u00e9xico y Estados Unidos.\" \/>\n<meta name=\"robots\" content=\"index, follow, max-snippet:-1, max-image-preview:large, max-video-preview:-1\" \/>\n<link rel=\"canonical\" href=\"https:\/\/nitu.mx\/index.php\/2019\/06\/23\/volaris-conecta-a-vallarta-con-phoenix-arizona\/\" \/>\n<meta name=\"twitter:card\" content=\"summary_large_image\" \/>\n<meta name=\"twitter:title\" content=\"Volaris conecta a Vallarta con Phoenix Arizona - Nitu - Noticias de la Industria Turistica\" \/>\n<meta name=\"twitter:description\" content=\"Volaris fortalece su estrategia de expansi\u00f3n internacional, y su compromiso por unir familias y estimular lazos comerciales entre M\u00e9xico y Estados Unidos.\" \/>\n<meta name=\"twitter:image\" content=\"https:\/\/nitu.mx\/wp-content\/uploads\/2017\/02\/Volaris-Chicago.jpg\" \/>\n<meta name=\"twitter:creator\" content=\"@NITUmx\" \/>\n<meta name=\"twitter:site\" content=\"@Arturo_Medina_G\" \/>\n<meta name=\"twitter:label1\" content=\"Escrito por\" \/>\n\t<meta name=\"twitter:data1\" content=\"Redacci\u00f3n\" \/>\n\t<meta name=\"twitter:label2\" content=\"Tiempo de lectura\" \/>\n\t<meta name=\"twitter:data2\" content=\"2 minutos\" \/>\n<script type=\"application\/ld+json\" class=\"yoast-schema-graph\">{\"@context\":\"https:\/\/schema.org\",\"@graph\":[{\"@type\":\"Article\",\"@id\":\"https:\/\/nitu.mx\/index.php\/2019\/06\/23\/volaris-conecta-a-vallarta-con-phoenix-arizona\/#article\",\"isPartOf\":{\"@id\":\"https:\/\/nitu.mx\/index.php\/2019\/06\/23\/volaris-conecta-a-vallarta-con-phoenix-arizona\/\"},\"author\":{\"name\":\"Redacci\u00f3n\",\"@id\":\"https:\/\/nitu.mx\/#\/schema\/person\/4a28fe9bd65924f7c90623773daf1b0b\"},\"headline\":\"Volaris conecta a Vallarta con Phoenix Arizona\",\"datePublished\":\"2019-06-24T03:54:59+00:00\",\"dateModified\":\"2019-06-24T05:42:55+00:00\",\"mainEntityOfPage\":{\"@id\":\"https:\/\/nitu.mx\/index.php\/2019\/06\/23\/volaris-conecta-a-vallarta-con-phoenix-arizona\/\"},\"wordCount\":426,\"commentCount\":0,\"publisher\":{\"@id\":\"https:\/\/nitu.mx\/#\/schema\/person\/ae7a53426417292d3dd07b45a33e01bc\"},\"image\":{\"@id\":\"https:\/\/nitu.mx\/index.php\/2019\/06\/23\/volaris-conecta-a-vallarta-con-phoenix-arizona\/#primaryimage\"},\"thumbnailUrl\":\"https:\/\/nitu.mx\/wp-content\/uploads\/2017\/02\/Volaris-Chicago.jpg\",\"keywords\":[\"Carolyn Prowse\",\"Enrique Beltranena\",\"Phoenix\",\"Puerto Vallarta\",\"Volaris\"],\"articleSection\":[\"Aerol\u00edneas\",\"M\u00e9xico\"],\"inLanguage\":\"es-MX\",\"potentialAction\":[{\"@type\":\"CommentAction\",\"name\":\"Comment\",\"target\":[\"https:\/\/nitu.mx\/index.php\/2019\/06\/23\/volaris-conecta-a-vallarta-con-phoenix-arizona\/#respond\"]}]},{\"@type\":\"WebPage\",\"@id\":\"https:\/\/nitu.mx\/index.php\/2019\/06\/23\/volaris-conecta-a-vallarta-con-phoenix-arizona\/\",\"url\":\"https:\/\/nitu.mx\/index.php\/2019\/06\/23\/volaris-conecta-a-vallarta-con-phoenix-arizona\/\",\"name\":\"Volaris conecta a Vallarta con Phoenix Arizona - Nitu - Noticias de la Industria Turistica\",\"isPartOf\":{\"@id\":\"https:\/\/nitu.mx\/#website\"},\"primaryImageOfPage\":{\"@id\":\"https:\/\/nitu.mx\/index.php\/2019\/06\/23\/volaris-conecta-a-vallarta-con-phoenix-arizona\/#primaryimage\"},\"image\":{\"@id\":\"https:\/\/nitu.mx\/index.php\/2019\/06\/23\/volaris-conecta-a-vallarta-con-phoenix-arizona\/#primaryimage\"},\"thumbnailUrl\":\"https:\/\/nitu.mx\/wp-content\/uploads\/2017\/02\/Volaris-Chicago.jpg\",\"datePublished\":\"2019-06-24T03:54:59+00:00\",\"dateModified\":\"2019-06-24T05:42:55+00:00\",\"description\":\"Volaris fortalece su estrategia de expansi\u00f3n internacional, y su compromiso por unir familias y estimular lazos comerciales entre M\u00e9xico y Estados Unidos.\",\"breadcrumb\":{\"@id\":\"https:\/\/nitu.mx\/index.php\/2019\/06\/23\/volaris-conecta-a-vallarta-con-phoenix-arizona\/#breadcrumb\"},\"inLanguage\":\"es-MX\",\"potentialAction\":[{\"@type\":\"ReadAction\",\"target\":[\"https:\/\/nitu.mx\/index.php\/2019\/06\/23\/volaris-conecta-a-vallarta-con-phoenix-arizona\/\"]}]},{\"@type\":\"ImageObject\",\"inLanguage\":\"es-MX\",\"@id\":\"https:\/\/nitu.mx\/index.php\/2019\/06\/23\/volaris-conecta-a-vallarta-con-phoenix-arizona\/#primaryimage\",\"url\":\"https:\/\/nitu.mx\/wp-content\/uploads\/2017\/02\/Volaris-Chicago.jpg\",\"contentUrl\":\"https:\/\/nitu.mx\/wp-content\/uploads\/2017\/02\/Volaris-Chicago.jpg\",\"width\":850,\"height\":480,\"caption\":\"Volaris\"},{\"@type\":\"BreadcrumbList\",\"@id\":\"https:\/\/nitu.mx\/index.php\/2019\/06\/23\/volaris-conecta-a-vallarta-con-phoenix-arizona\/#breadcrumb\",\"itemListElement\":[{\"@type\":\"ListItem\",\"position\":1,\"name\":\"Inicio\",\"item\":\"https:\/\/nitu.mx\/\"},{\"@type\":\"ListItem\",\"position\":2,\"name\":\"Volaris conecta a Vallarta con Phoenix Arizona\"}]},{\"@type\":\"WebSite\",\"@id\":\"https:\/\/nitu.mx\/#website\",\"url\":\"https:\/\/nitu.mx\/\",\"name\":\"Nitu - Noticias de la Industria Turistica\",\"description\":\"Noticias de la Industria Turistica\",\"publisher\":{\"@id\":\"https:\/\/nitu.mx\/#\/schema\/person\/ae7a53426417292d3dd07b45a33e01bc\"},\"alternateName\":\"Noticias de la Industria Turistica\",\"potentialAction\":[{\"@type\":\"SearchAction\",\"target\":{\"@type\":\"EntryPoint\",\"urlTemplate\":\"https:\/\/nitu.mx\/?s={search_term_string}\"},\"query-input\":\"required name=search_term_string\"}],\"inLanguage\":\"es-MX\"},{\"@type\":[\"Person\",\"Organization\"],\"@id\":\"https:\/\/nitu.mx\/#\/schema\/person\/ae7a53426417292d3dd07b45a33e01bc\",\"name\":\"Arturo Medina\",\"image\":{\"@type\":\"ImageObject\",\"inLanguage\":\"es-MX\",\"@id\":\"https:\/\/nitu.mx\/#\/schema\/person\/image\/\",\"url\":\"https:\/\/nitu.mx\/wp-content\/uploads\/2024\/04\/4A315622-1904-4D5C-B022-878CDC840E04-90x90-1.jpeg\",\"contentUrl\":\"https:\/\/nitu.mx\/wp-content\/uploads\/2024\/04\/4A315622-1904-4D5C-B022-878CDC840E04-90x90-1.jpeg\",\"width\":90,\"height\":90,\"caption\":\"Arturo Medina\"},\"logo\":{\"@id\":\"https:\/\/nitu.mx\/#\/schema\/person\/image\/\"},\"description\":\"Director NITU.mx, Egresado de la Escuela de Periodismo Carlos Septi\u00e9n Garc\u00eda. Periodista y analista especializado en turismo desde hace 35 a\u00f1os, radicado en Canc\u00fan Q.Roo. arturo@nitu.mx\",\"sameAs\":[\"https:\/\/nitu.mx\",\"https:\/\/www.facebook.com\/NITUmx\/\",\"medinacancun\",\"https:\/\/twitter.com\/@Arturo_Medina_G\"]},{\"@type\":\"Person\",\"@id\":\"https:\/\/nitu.mx\/#\/schema\/person\/4a28fe9bd65924f7c90623773daf1b0b\",\"name\":\"Redacci\u00f3n\",\"image\":{\"@type\":\"ImageObject\",\"inLanguage\":\"es-MX\",\"@id\":\"https:\/\/nitu.mx\/#\/schema\/person\/image\/\",\"url\":\"https:\/\/secure.gravatar.com\/avatar\/5dd011c8ccfc5cd7e4c81e42252aab38?s=96&d=mm&r=g\",\"contentUrl\":\"https:\/\/secure.gravatar.com\/avatar\/5dd011c8ccfc5cd7e4c81e42252aab38?s=96&d=mm&r=g\",\"caption\":\"Redacci\u00f3n\"},\"url\":\"https:\/\/nitu.mx\/index.php\/author\/redaccion\/\"}]}<\/script>\n<!-- \/ Yoast SEO plugin. -->","yoast_head_json":{"title":"Volaris conecta a Vallarta con Phoenix Arizona - Nitu - Noticias de la Industria Turistica","description":"Volaris fortalece su estrategia de expansi\u00f3n internacional, y su compromiso por unir familias y estimular lazos comerciales entre M\u00e9xico y Estados Unidos.","robots":{"index":"index","follow":"follow","max-snippet":"max-snippet:-1","max-image-preview":"max-image-preview:large","max-video-preview":"max-video-preview:-1"},"canonical":"https:\/\/nitu.mx\/index.php\/2019\/06\/23\/volaris-conecta-a-vallarta-con-phoenix-arizona\/","twitter_card":"summary_large_image","twitter_title":"Volaris conecta a Vallarta con Phoenix Arizona - Nitu - Noticias de la Industria Turistica","twitter_description":"Volaris fortalece su estrategia de expansi\u00f3n internacional, y su compromiso por unir familias y estimular lazos comerciales entre M\u00e9xico y Estados Unidos.","twitter_image":"https:\/\/nitu.mx\/wp-content\/uploads\/2017\/02\/Volaris-Chicago.jpg","twitter_creator":"@NITUmx","twitter_site":"@Arturo_Medina_G","twitter_misc":{"Escrito por":"Redacci\u00f3n","Tiempo de lectura":"2 minutos"},"schema":{"@context":"https:\/\/schema.org","@graph":[{"@type":"Article","@id":"https:\/\/nitu.mx\/index.php\/2019\/06\/23\/volaris-conecta-a-vallarta-con-phoenix-arizona\/#article","isPartOf":{"@id":"https:\/\/nitu.mx\/index.php\/2019\/06\/23\/volaris-conecta-a-vallarta-con-phoenix-arizona\/"},"author":{"name":"Redacci\u00f3n","@id":"https:\/\/nitu.mx\/#\/schema\/person\/4a28fe9bd65924f7c90623773daf1b0b"},"headline":"Volaris conecta a Vallarta con Phoenix Arizona","datePublished":"2019-06-24T03:54:59+00:00","dateModified":"2019-06-24T05:42:55+00:00","mainEntityOfPage":{"@id":"https:\/\/nitu.mx\/index.php\/2019\/06\/23\/volaris-conecta-a-vallarta-con-phoenix-arizona\/"},"wordCount":426,"commentCount":0,"publisher":{"@id":"https:\/\/nitu.mx\/#\/schema\/person\/ae7a53426417292d3dd07b45a33e01bc"},"image":{"@id":"https:\/\/nitu.mx\/index.php\/2019\/06\/23\/volaris-conecta-a-vallarta-con-phoenix-arizona\/#primaryimage"},"thumbnailUrl":"https:\/\/nitu.mx\/wp-content\/uploads\/2017\/02\/Volaris-Chicago.jpg","keywords":["Carolyn Prowse","Enrique Beltranena","Phoenix","Puerto Vallarta","Volaris"],"articleSection":["Aerol\u00edneas","M\u00e9xico"],"inLanguage":"es-MX","potentialAction":[{"@type":"CommentAction","name":"Comment","target":["https:\/\/nitu.mx\/index.php\/2019\/06\/23\/volaris-conecta-a-vallarta-con-phoenix-arizona\/#respond"]}]},{"@type":"WebPage","@id":"https:\/\/nitu.mx\/index.php\/2019\/06\/23\/volaris-conecta-a-vallarta-con-phoenix-arizona\/","url":"https:\/\/nitu.mx\/index.php\/2019\/06\/23\/volaris-conecta-a-vallarta-con-phoenix-arizona\/","name":"Volaris conecta a Vallarta con Phoenix Arizona - Nitu - Noticias de la Industria Turistica","isPartOf":{"@id":"https:\/\/nitu.mx\/#website"},"primaryImageOfPage":{"@id":"https:\/\/nitu.mx\/index.php\/2019\/06\/23\/volaris-conecta-a-vallarta-con-phoenix-arizona\/#primaryimage"},"image":{"@id":"https:\/\/nitu.mx\/index.php\/2019\/06\/23\/volaris-conecta-a-vallarta-con-phoenix-arizona\/#primaryimage"},"thumbnailUrl":"https:\/\/nitu.mx\/wp-content\/uploads\/2017\/02\/Volaris-Chicago.jpg","datePublished":"2019-06-24T03:54:59+00:00","dateModified":"2019-06-24T05:42:55+00:00","description":"Volaris fortalece su estrategia de expansi\u00f3n internacional, y su compromiso por unir familias y estimular lazos comerciales entre M\u00e9xico y Estados Unidos.","breadcrumb":{"@id":"https:\/\/nitu.mx\/index.php\/2019\/06\/23\/volaris-conecta-a-vallarta-con-phoenix-arizona\/#breadcrumb"},"inLanguage":"es-MX","potentialAction":[{"@type":"ReadAction","target":["https:\/\/nitu.mx\/index.php\/2019\/06\/23\/volaris-conecta-a-vallarta-con-phoenix-arizona\/"]}]},{"@type":"ImageObject","inLanguage":"es-MX","@id":"https:\/\/nitu.mx\/index.php\/2019\/06\/23\/volaris-conecta-a-vallarta-con-phoenix-arizona\/#primaryimage","url":"https:\/\/nitu.mx\/wp-content\/uploads\/2017\/02\/Volaris-Chicago.jpg","contentUrl":"https:\/\/nitu.mx\/wp-content\/uploads\/2017\/02\/Volaris-Chicago.jpg","width":850,"height":480,"caption":"Volaris"},{"@type":"BreadcrumbList","@id":"https:\/\/nitu.mx\/index.php\/2019\/06\/23\/volaris-conecta-a-vallarta-con-phoenix-arizona\/#breadcrumb","itemListElement":[{"@type":"ListItem","position":1,"name":"Inicio","item":"https:\/\/nitu.mx\/"},{"@type":"ListItem","position":2,"name":"Volaris conecta a Vallarta con Phoenix Arizona"}]},{"@type":"WebSite","@id":"https:\/\/nitu.mx\/#website","url":"https:\/\/nitu.mx\/","name":"Nitu - Noticias de la Industria Turistica","description":"Noticias de la Industria Turistica","publisher":{"@id":"https:\/\/nitu.mx\/#\/schema\/person\/ae7a53426417292d3dd07b45a33e01bc"},"alternateName":"Noticias de la Industria Turistica","potentialAction":[{"@type":"SearchAction","target":{"@type":"EntryPoint","urlTemplate":"https:\/\/nitu.mx\/?s={search_term_string}"},"query-input":"required name=search_term_string"}],"inLanguage":"es-MX"},{"@type":["Person","Organization"],"@id":"https:\/\/nitu.mx\/#\/schema\/person\/ae7a53426417292d3dd07b45a33e01bc","name":"Arturo Medina","image":{"@type":"ImageObject","inLanguage":"es-MX","@id":"https:\/\/nitu.mx\/#\/schema\/person\/image\/","url":"https:\/\/nitu.mx\/wp-content\/uploads\/2024\/04\/4A315622-1904-4D5C-B022-878CDC840E04-90x90-1.jpeg","contentUrl":"https:\/\/nitu.mx\/wp-content\/uploads\/2024\/04\/4A315622-1904-4D5C-B022-878CDC840E04-90x90-1.jpeg","width":90,"height":90,"caption":"Arturo Medina"},"logo":{"@id":"https:\/\/nitu.mx\/#\/schema\/person\/image\/"},"description":"Director NITU.mx, Egresado de la Escuela de Periodismo Carlos Septi\u00e9n Garc\u00eda. Periodista y analista especializado en turismo desde hace 35 a\u00f1os, radicado en Canc\u00fan Q.Roo. arturo@nitu.mx","sameAs":["https:\/\/nitu.mx","https:\/\/www.facebook.com\/NITUmx\/","medinacancun","https:\/\/twitter.com\/@Arturo_Medina_G"]},{"@type":"Person","@id":"https:\/\/nitu.mx\/#\/schema\/person\/4a28fe9bd65924f7c90623773daf1b0b","name":"Redacci\u00f3n","image":{"@type":"ImageObject","inLanguage":"es-MX","@id":"https:\/\/nitu.mx\/#\/schema\/person\/image\/","url":"https:\/\/secure.gravatar.com\/avatar\/5dd011c8ccfc5cd7e4c81e42252aab38?s=96&d=mm&r=g","contentUrl":"https:\/\/secure.gravatar.com\/avatar\/5dd011c8ccfc5cd7e4c81e42252aab38?s=96&d=mm&r=g","caption":"Redacci\u00f3n"},"url":"https:\/\/nitu.mx\/index.php\/author\/redaccion\/"}]}},"views":319,"_links":{"self":[{"href":"https:\/\/nitu.mx\/index.php\/wp-json\/wp\/v2\/posts\/32944"}],"collection":[{"href":"https:\/\/nitu.mx\/index.php\/wp-json\/wp\/v2\/posts"}],"about":[{"href":"https:\/\/nitu.mx\/index.php\/wp-json\/wp\/v2\/types\/post"}],"author":[{"embeddable":true,"href":"https:\/\/nitu.mx\/index.php\/wp-json\/wp\/v2\/users\/17"}],"replies":[{"embeddable":true,"href":"https:\/\/nitu.mx\/index.php\/wp-json\/wp\/v2\/comments?post=32944"}],"version-history":[{"count":3,"href":"https:\/\/nitu.mx\/index.php\/wp-json\/wp\/v2\/posts\/32944\/revisions"}],"predecessor-version":[{"id":32951,"href":"https:\/\/nitu.mx\/index.php\/wp-json\/wp\/v2\/posts\/32944\/revisions\/32951"}],"wp:featuredmedia":[{"embeddable":true,"href":"https:\/\/nitu.mx\/index.php\/wp-json\/wp\/v2\/media\/7069"}],"wp:attachment":[{"href":"https:\/\/nitu.mx\/index.php\/wp-json\/wp\/v2\/media?parent=32944"}],"wp:term":[{"taxonomy":"category","embeddable":true,"href":"https:\/\/nitu.mx\/index.php\/wp-json\/wp\/v2\/categories?post=32944"},{"taxonomy":"post_tag","embeddable":true,"href":"https:\/\/nitu.mx\/index.php\/wp-json\/wp\/v2\/tags?post=32944"}],"curies":[{"name":"wp","href":"https:\/\/api.w.org\/{rel}","templated":true}]}}